{"id":56123,"date":"2021-05-07T13:16:51","date_gmt":"2021-05-07T13:16:51","guid":{"rendered":"https:\/\/www.ull.es\/portal\/noticias\/?p=56123"},"modified":"2021-05-07T13:32:26","modified_gmt":"2021-05-07T13:32:26","slug":"exposicion-ambitos-influyen-matematicas","status":"publish","type":"post","link":"https:\/\/www.ull.es\/portal\/noticias\/2021\/exposicion-ambitos-influyen-matematicas\/","title":{"rendered":"La ULL organiza una exposici\u00f3n que descubre los \u00e1mbitos de la vida en los que influyen las matem\u00e1ticas"},"content":{"rendered":"<p class=\"p3\"><a href=\"https:\/\/www.ull.es\/portal\/noticias\/wp-content\/uploads\/sites\/13\/2021\/05\/matematicas-g.jpg\" target=\"_blank\" rel=\"noopener\" target=\"_blank\" rel=\"noopener\"><img decoding=\"async\" loading=\"lazy\" class=\"alignleft wp-image-56125 size-medium\" src=\"https:\/\/www.ull.es\/portal\/noticias\/wp-content\/uploads\/sites\/13\/2021\/05\/matematicas-g-209x300.jpg\" alt=\"Exposici\u00f3n matem\u00e1ticas para mejorar la vida\" width=\"209\" height=\"300\" srcset=\"https:\/\/www.ull.es\/portal\/noticias\/wp-content\/uploads\/sites\/13\/2021\/05\/matematicas-g-209x300.jpg 209w, https:\/\/www.ull.es\/portal\/noticias\/wp-content\/uploads\/sites\/13\/2021\/05\/matematicas-g-375x539.jpg 375w, https:\/\/www.ull.es\/portal\/noticias\/wp-content\/uploads\/sites\/13\/2021\/05\/matematicas-g.jpg 694w\" sizes=\"(max-width: 209px) 100vw, 209px\" \/><\/a>La Universidad de La Laguna es una de las entidades colaboradoras con la celebraci\u00f3n de la iniciativa \u201cMarzo, mes de las Matem\u00e1ticas\u201d, promovida por la RED DIMa, con la colaboraci\u00f3n de la Fundaci\u00f3n Espa\u00f1ola para la Ciencia y la Tecnolog\u00eda (FECyT). Dentro de su programa de actividades por todo el pa\u00eds se ha incluido la exposici\u00f3n \u201cMatem\u00e1ticas para un mundo mejor\u201d, que ser\u00e1 inaugurada el pr\u00f3ximo lunes, 10 de mayo a las 11:30 horas en el antiguo Convento de Santo Domingo en San Crist\u00f3bal de La Laguna, y permanecer\u00e1 abierta hasta el viernes 15 del mismo mes. En la inauguraci\u00f3n estar\u00e1 presente, entre otras autoridades, la rectora de la instituci\u00f3n acad\u00e9mica, Rosa Aguilar.<span class=\"Apple-converted-space\">\u00a0<\/span><\/p>\n<p class=\"p3\">El objetivo de esta exposici\u00f3n es resaltar la presencia de las matem\u00e1ticas en la sociedad, pues se trata de una disciplina indispensable para comprender todo lo que rodea a las personas, no solo el mundo f\u00edsico, sino tambi\u00e9n el econ\u00f3mico, social, sanitario, de las comunicaciones, art\u00edstico o de la informaci\u00f3n, entre otros. Eso sin mencionar que se trata de una herramienta imprescindible para transformar y mejorar la realidad y, en definitiva, lograr ese mundo mejor al que apela el t\u00edtulo de la muestra. <span class=\"Apple-converted-space\">\u00a0<\/span><\/p>\n<p class=\"p3\">La exposici\u00f3n consta de ocho grandes n\u00facleos tem\u00e1ticos: N\u00fameros naturales: de contar a encriptar informaci\u00f3n; Viajando sobre curvas y superficies; Fractales, la geometr\u00eda del Caos; Estad\u00edstica y mucho m\u00e1s: Matem\u00e1ticas frente a la Covid19; Redes y grafos: las comunicaciones y la log\u00edstica; Matem\u00e1ticas de las ciudades; Matem\u00e1ticas y juegos; y Arte y matem\u00e1ticas.<\/p>\n<p class=\"p3\">Cada uno de esos n\u00facleos estar\u00e1 representado por tres paneles distribuidos en forma de prisma triangular para que el p\u00fablico gire alrededor. Adem\u00e1s, tambi\u00e9n habr\u00e1 aplicaciones inform\u00e1ticas interactivas, realizadas con GeoGebra, a las que se podr\u00e1 acceder desde los paneles a trav\u00e9s de c\u00f3digos QR; e incluso muestras de papiroflexia del grupo Tinerflecta, as\u00ed como otros materiales divulgativos.<\/p>\n","protected":false},"excerpt":{"rendered":"<p>La Universidad de La Laguna es una de las entidades colaboradoras con la celebraci\u00f3n de la iniciativa \u201cMarzo, mes de&#8230;<\/p>\n","protected":false},"author":21,"featured_media":56124,"comment_status":"closed","ping_status":"closed","sticky":false,"template":"","format":"image","meta":{"inline_featured_image":false,"footnotes":""},"categories":[344,345,2765],"tags":[1201,6884,1861],"acf":[],"yoast_head":"<!-- This site is optimized with the Yoast SEO plugin v21.3 - https:\/\/yoast.com\/wordpress\/plugins\/seo\/ -->\n<title>Una exposici\u00f3n descubre los \u00e1mbitos en los que influyen las matem\u00e1ticas<\/title>\n<meta name=\"description\" content=\"Del 10 al 15 de mayo en el antiguo Convento de Santo Domingo, la muestra forma parte del programa de Marzo, Mes de las Matem\u00e1ticas.\" \/>\n<meta name=\"robots\" content=\"index, follow, max-snippet:-1, max-image-preview:large, max-video-preview:-1\" \/>\n<link rel=\"canonical\" href=\"https:\/\/www.ull.es\/portal\/noticias\/2021\/exposicion-ambitos-influyen-matematicas\/\" \/>\n<meta property=\"og:locale\" content=\"es_ES\" \/>\n<meta property=\"og:type\" content=\"article\" \/>\n<meta property=\"og:title\" content=\"Una exposici\u00f3n descubre los \u00e1mbitos en los que influyen las matem\u00e1ticas\" \/>\n<meta property=\"og:description\" content=\"Del 10 al 15 de mayo en el antiguo Convento de Santo Domingo, la muestra forma parte del programa de Marzo, Mes de las Matem\u00e1ticas.\" \/>\n<meta property=\"og:url\" content=\"https:\/\/www.ull.es\/portal\/noticias\/2021\/exposicion-ambitos-influyen-matematicas\/\" \/>\n<meta property=\"og:site_name\" content=\"ULL - Noticias\" \/>\n<meta property=\"article:publisher\" content=\"https:\/\/www.facebook.com\/universidaddelalaguna\/\" \/>\n<meta property=\"article:published_time\" content=\"2021-05-07T13:16:51+00:00\" \/>\n<meta property=\"article:modified_time\" content=\"2021-05-07T13:32:26+00:00\" \/>\n<meta property=\"og:image\" content=\"https:\/\/www.ull.es\/portal\/noticias\/wp-content\/uploads\/sites\/13\/2021\/05\/matematicas-p.jpg\" \/>\n\t<meta property=\"og:image:width\" content=\"664\" \/>\n\t<meta property=\"og:image:height\" content=\"442\" \/>\n\t<meta property=\"og:image:type\" content=\"image\/jpeg\" \/>\n<meta name=\"author\" content=\"prensa2\" \/>\n<meta name=\"twitter:card\" content=\"summary_large_image\" \/>\n<meta name=\"twitter:creator\" content=\"@CanalULL\" \/>\n<meta name=\"twitter:site\" content=\"@CanalULL\" \/>\n<meta name=\"twitter:label1\" content=\"Escrito por\" \/>\n\t<meta name=\"twitter:data1\" content=\"prensa2\" \/>\n\t<meta name=\"twitter:label2\" content=\"Tiempo de lectura\" \/>\n\t<meta name=\"twitter:data2\" content=\"2 minutos\" \/>\n<script type=\"application\/ld+json\" class=\"yoast-schema-graph\">{\"@context\":\"https:\/\/schema.org\",\"@graph\":[{\"@type\":\"WebPage\",\"@id\":\"https:\/\/www.ull.es\/portal\/noticias\/2021\/exposicion-ambitos-influyen-matematicas\/\",\"url\":\"https:\/\/www.ull.es\/portal\/noticias\/2021\/exposicion-ambitos-influyen-matematicas\/\",\"name\":\"Una exposici\u00f3n descubre los \u00e1mbitos en los que influyen las matem\u00e1ticas\",\"isPartOf\":{\"@id\":\"https:\/\/www.ull.es\/portal\/noticias\/#website\"},\"datePublished\":\"2021-05-07T13:16:51+00:00\",\"dateModified\":\"2021-05-07T13:32:26+00:00\",\"author\":{\"@id\":\"https:\/\/www.ull.es\/portal\/noticias\/#\/schema\/person\/c3b2aa857797592927a03740d6664376\"},\"description\":\"Del 10 al 15 de mayo en el antiguo Convento de Santo Domingo, la muestra forma parte del programa de Marzo, Mes de las Matem\u00e1ticas.\",\"breadcrumb\":{\"@id\":\"https:\/\/www.ull.es\/portal\/noticias\/2021\/exposicion-ambitos-influyen-matematicas\/#breadcrumb\"},\"inLanguage\":\"es\",\"potentialAction\":[{\"@type\":\"ReadAction\",\"target\":[\"https:\/\/www.ull.es\/portal\/noticias\/2021\/exposicion-ambitos-influyen-matematicas\/\"]}]},{\"@type\":\"BreadcrumbList\",\"@id\":\"https:\/\/www.ull.es\/portal\/noticias\/2021\/exposicion-ambitos-influyen-matematicas\/#breadcrumb\",\"itemListElement\":[{\"@type\":\"ListItem\",\"position\":1,\"name\":\"Portada\",\"item\":\"https:\/\/www.ull.es\/portal\/noticias\/\"},{\"@type\":\"ListItem\",\"position\":2,\"name\":\"La ULL organiza una exposici\u00f3n que descubre los \u00e1mbitos de la vida en los que influyen las matem\u00e1ticas\"}]},{\"@type\":\"WebSite\",\"@id\":\"https:\/\/www.ull.es\/portal\/noticias\/#website\",\"url\":\"https:\/\/www.ull.es\/portal\/noticias\/\",\"name\":\"ULL - Noticias\",\"description\":\"\",\"potentialAction\":[{\"@type\":\"SearchAction\",\"target\":{\"@type\":\"EntryPoint\",\"urlTemplate\":\"https:\/\/www.ull.es\/portal\/noticias\/?s={search_term_string}\"},\"query-input\":\"required name=search_term_string\"}],\"inLanguage\":\"es\"},{\"@type\":\"Person\",\"@id\":\"https:\/\/www.ull.es\/portal\/noticias\/#\/schema\/person\/c3b2aa857797592927a03740d6664376\",\"name\":\"prensa2\",\"image\":{\"@type\":\"ImageObject\",\"inLanguage\":\"es\",\"@id\":\"https:\/\/www.ull.es\/portal\/noticias\/#\/schema\/person\/image\/\",\"url\":\"https:\/\/secure.gravatar.com\/avatar\/b58f310a5de5feb33d1e026d2493f23c?s=96&d=mm&r=g\",\"contentUrl\":\"https:\/\/secure.gravatar.com\/avatar\/b58f310a5de5feb33d1e026d2493f23c?s=96&d=mm&r=g\",\"caption\":\"prensa2\"},\"url\":\"https:\/\/www.ull.es\/portal\/noticias\/author\/prensa2\/\"}]}<\/script>\n<!-- \/ Yoast SEO plugin. -->","yoast_head_json":{"title":"Una exposici\u00f3n descubre los \u00e1mbitos en los que influyen las matem\u00e1ticas","description":"Del 10 al 15 de mayo en el antiguo Convento de Santo Domingo, la muestra forma parte del programa de Marzo, Mes de las Matem\u00e1ticas.","robots":{"index":"index","follow":"follow","max-snippet":"max-snippet:-1","max-image-preview":"max-image-preview:large","max-video-preview":"max-video-preview:-1"},"canonical":"https:\/\/www.ull.es\/portal\/noticias\/2021\/exposicion-ambitos-influyen-matematicas\/","og_locale":"es_ES","og_type":"article","og_title":"Una exposici\u00f3n descubre los \u00e1mbitos en los que influyen las matem\u00e1ticas","og_description":"Del 10 al 15 de mayo en el antiguo Convento de Santo Domingo, la muestra forma parte del programa de Marzo, Mes de las Matem\u00e1ticas.","og_url":"https:\/\/www.ull.es\/portal\/noticias\/2021\/exposicion-ambitos-influyen-matematicas\/","og_site_name":"ULL - Noticias","article_publisher":"https:\/\/www.facebook.com\/universidaddelalaguna\/","article_published_time":"2021-05-07T13:16:51+00:00","article_modified_time":"2021-05-07T13:32:26+00:00","og_image":[{"width":664,"height":442,"url":"https:\/\/www.ull.es\/portal\/noticias\/wp-content\/uploads\/sites\/13\/2021\/05\/matematicas-p.jpg","type":"image\/jpeg"}],"author":"prensa2","twitter_card":"summary_large_image","twitter_creator":"@CanalULL","twitter_site":"@CanalULL","twitter_misc":{"Escrito por":"prensa2","Tiempo de lectura":"2 minutos"},"schema":{"@context":"https:\/\/schema.org","@graph":[{"@type":"WebPage","@id":"https:\/\/www.ull.es\/portal\/noticias\/2021\/exposicion-ambitos-influyen-matematicas\/","url":"https:\/\/www.ull.es\/portal\/noticias\/2021\/exposicion-ambitos-influyen-matematicas\/","name":"Una exposici\u00f3n descubre los \u00e1mbitos en los que influyen las matem\u00e1ticas","isPartOf":{"@id":"https:\/\/www.ull.es\/portal\/noticias\/#website"},"datePublished":"2021-05-07T13:16:51+00:00","dateModified":"2021-05-07T13:32:26+00:00","author":{"@id":"https:\/\/www.ull.es\/portal\/noticias\/#\/schema\/person\/c3b2aa857797592927a03740d6664376"},"description":"Del 10 al 15 de mayo en el antiguo Convento de Santo Domingo, la muestra forma parte del programa de Marzo, Mes de las Matem\u00e1ticas.","breadcrumb":{"@id":"https:\/\/www.ull.es\/portal\/noticias\/2021\/exposicion-ambitos-influyen-matematicas\/#breadcrumb"},"inLanguage":"es","potentialAction":[{"@type":"ReadAction","target":["https:\/\/www.ull.es\/portal\/noticias\/2021\/exposicion-ambitos-influyen-matematicas\/"]}]},{"@type":"BreadcrumbList","@id":"https:\/\/www.ull.es\/portal\/noticias\/2021\/exposicion-ambitos-influyen-matematicas\/#breadcrumb","itemListElement":[{"@type":"ListItem","position":1,"name":"Portada","item":"https:\/\/www.ull.es\/portal\/noticias\/"},{"@type":"ListItem","position":2,"name":"La ULL organiza una exposici\u00f3n que descubre los \u00e1mbitos de la vida en los que influyen las matem\u00e1ticas"}]},{"@type":"WebSite","@id":"https:\/\/www.ull.es\/portal\/noticias\/#website","url":"https:\/\/www.ull.es\/portal\/noticias\/","name":"ULL - Noticias","description":"","potentialAction":[{"@type":"SearchAction","target":{"@type":"EntryPoint","urlTemplate":"https:\/\/www.ull.es\/portal\/noticias\/?s={search_term_string}"},"query-input":"required name=search_term_string"}],"inLanguage":"es"},{"@type":"Person","@id":"https:\/\/www.ull.es\/portal\/noticias\/#\/schema\/person\/c3b2aa857797592927a03740d6664376","name":"prensa2","image":{"@type":"ImageObject","inLanguage":"es","@id":"https:\/\/www.ull.es\/portal\/noticias\/#\/schema\/person\/image\/","url":"https:\/\/secure.gravatar.com\/avatar\/b58f310a5de5feb33d1e026d2493f23c?s=96&d=mm&r=g","contentUrl":"https:\/\/secure.gravatar.com\/avatar\/b58f310a5de5feb33d1e026d2493f23c?s=96&d=mm&r=g","caption":"prensa2"},"url":"https:\/\/www.ull.es\/portal\/noticias\/author\/prensa2\/"}]}},"primary_category":{"id":345,"name":"Destacado","slug":"destacado","link":"https:\/\/www.ull.es\/portal\/noticias\/category\/destacado\/"},"featured_image_thumbnail_url":"https:\/\/www.ull.es\/portal\/noticias\/wp-content\/uploads\/sites\/13\/2021\/05\/matematicas-p-300x200.jpg","_links":{"self":[{"href":"https:\/\/www.ull.es\/portal\/noticias\/wp-json\/wp\/v2\/posts\/56123"}],"collection":[{"href":"https:\/\/www.ull.es\/portal\/noticias\/wp-json\/wp\/v2\/posts"}],"about":[{"href":"https:\/\/www.ull.es\/portal\/noticias\/wp-json\/wp\/v2\/types\/post"}],"author":[{"embeddable":true,"href":"https:\/\/www.ull.es\/portal\/noticias\/wp-json\/wp\/v2\/users\/21"}],"replies":[{"embeddable":true,"href":"https:\/\/www.ull.es\/portal\/noticias\/wp-json\/wp\/v2\/comments?post=56123"}],"version-history":[{"count":1,"href":"https:\/\/www.ull.es\/portal\/noticias\/wp-json\/wp\/v2\/posts\/56123\/revisions"}],"predecessor-version":[{"id":56126,"href":"https:\/\/www.ull.es\/portal\/noticias\/wp-json\/wp\/v2\/posts\/56123\/revisions\/56126"}],"wp:featuredmedia":[{"embeddable":true,"href":"https:\/\/www.ull.es\/portal\/noticias\/wp-json\/wp\/v2\/media\/56124"}],"wp:attachment":[{"href":"https:\/\/www.ull.es\/portal\/noticias\/wp-json\/wp\/v2\/media?parent=56123"}],"wp:term":[{"taxonomy":"category","embeddable":true,"href":"https:\/\/www.ull.es\/portal\/noticias\/wp-json\/wp\/v2\/categories?post=56123"},{"taxonomy":"post_tag","embeddable":true,"href":"https:\/\/www.ull.es\/portal\/noticias\/wp-json\/wp\/v2\/tags?post=56123"}],"curies":[{"name":"wp","href":"https:\/\/api.w.org\/{rel}","templated":true}]}}