{"id":56136,"date":"2021-05-10T09:37:49","date_gmt":"2021-05-10T09:37:49","guid":{"rendered":"https:\/\/www.ull.es\/portal\/noticias\/?p=56136"},"modified":"2021-05-10T09:38:09","modified_gmt":"2021-05-10T09:38:09","slug":"la-universidad-de-la-laguna-colabora-en-el-modelo-de-acogida-de-welcoming-tenerife","status":"publish","type":"post","link":"https:\/\/www.ull.es\/portal\/noticias\/2021\/la-universidad-de-la-laguna-colabora-en-el-modelo-de-acogida-de-welcoming-tenerife\/","title":{"rendered":"La Universidad de La Laguna colabora en el modelo de acogida de Welcoming Tenerife"},"content":{"rendered":"<p>Tenerife se prepara para ser referente en Espa\u00f1a del programa Welcoming International, con m\u00e1s de una d\u00e9cada de trayectoria en diversos pa\u00edses para el desarrollo de los procesos de acogida e inclusi\u00f3n de personas migrantes y refugiadas. Bajo el nombre de Welcoming Tenerife, este modelo es adaptado a la isla a trav\u00e9s de la participaci\u00f3n de personas residentes en Tenerife que han vivido procesos migratorios, as\u00ed como de la ciudadan\u00eda, colectivos LGTBIQ+ y representantes de organizaciones p\u00fablicas y del sector econ\u00f3mico-empresarial.\u00a0Todas ellas han aportado sus visiones sobre el valor de la diversidad cultural y los retos\u00a0 para facilitar los procesos inclusivos a trav\u00e9s de una serie de encuentros organizados por Juntas En la misma direcci\u00f3n, la estrategia para la promoci\u00f3n de la convivencia intercultural en Tenerife, impulsada por el Cabildo Insular con el apoyo de la Universidad de La Laguna y del Observatorio de la Inmigraci\u00f3n de Tenerife (OBITen).<\/p>\n<p>En concreto, se han celebrado un total de cinco sesiones que se iniciaron a principios de 2020, junto al promotor de Welcoming International, David Lubell, para escuchar a personas que han vivido un proceso migratorio, y personas que, sin vivirlo, han querido aportar a la convivencia en Tenerife. Posteriormente, se llevaron a cabo cuatro mesas de trabajo. En concreto, con representantes de la C\u00e1mara de Comercio de Santa Cruz de Tenerife y Ashotel, as\u00ed como de trabajadores por cuenta ajena; otra con empresas de trabajo temporal, en la que tambi\u00e9n participa el proyecto Barrios por el Empleo: Juntos m\u00e1s Fuertes y FIFEDE; una tercera con la Asociaci\u00f3n de lesbianas, gays, bisexuales, trans e intersexuales de Canarias, Algarab\u00eda; y la m\u00e1s reciente, con personal t\u00e9cnico de los ayuntamientos de Arico, Buenavista del Norte, Granadilla de Abona y Santa \u00darsula.<\/p>\n<p>Con las aportaciones realizadas en estos encuentros se pondr\u00e1 en marcha Welcoming Tenerife, con el objetivo de mejorar la acogida e inclusi\u00f3n de las personas migrantes que llegan a la isla, al tiempo que se profundiza en la importancia de disfrutar de una adecuada convivencia intercultural. \u201cTras la aprobaci\u00f3n un\u00e1nime del pleno del Cabildo de Tenerife del Marco estrat\u00e9gico de convivencia intercultural \u2018Tenerife vive Diversidad\u2019, es necesario seguir dando pasos para avanzar de la teor\u00eda a la pr\u00e1ctica en los procesos de cohesi\u00f3n social, que no se entienden si no incluyen la perspectiva de la diversidad cultural en un contexto de globalizaci\u00f3n como el que estamos viviendo. Crear sinergias con programas tan reconocidos como Welcoming International e implantar en la isla nuestro propio Welcoming Tenerife, supone situarnos como una referencia en materia de acogida e inclusi\u00f3n\u201d, ha explicado la consejera de Empleo, Desarrollo Socioecon\u00f3mico y Acci\u00f3n Exterior del Cabildo de Tenerife, Carmen Baso.<\/p>\n<p>Coincide la rectora de la Universidad de La Laguna, Rosa Mar\u00eda Aguilar, que ha saludado la puesta en marcha de esta iniciativa: \u201cEs un orgullo que un programa de prestigio internacional como es Welcoming International se haya fijado en el trabajo que Juntas En la misma direcci\u00f3n viene desarrollando en la Isla desde hace m\u00e1s de una d\u00e9cada, con la participaci\u00f3n de nuestra Universidad, para vincular la innovaci\u00f3n en la transferencia del conocimiento a los valores de sostenibilidad, justicia social e igualdad\u201d.<\/p>\n<p>Para Vicente Zapata, director de Juntas En la misma direcci\u00f3n, \u201ccontar con la visi\u00f3n t\u00e9cnica y profesional es esencial para continuar el recorrido iniciado con otros grupos de inter\u00e9s, de modo que podamos ir identificando qu\u00e9 barreras se interponen en los procesos de acogida y las oportunidades que ofrece la instalaci\u00f3n de nuevos vecinos y vecinas en la Isla. La visi\u00f3n plural que han compartido, producto de su experiencia en distintos municipios de Tenerife, enriquece el esquema que llevamos un a\u00f1o componiendo de acuerdo con Welcoming International\u201d.<\/p>\n<p>&nbsp;<\/p>\n<p>&nbsp;<\/p>\n","protected":false},"excerpt":{"rendered":"<p>Tenerife se prepara para ser referente en Espa\u00f1a del programa Welcoming International, con m\u00e1s de una d\u00e9cada de trayectoria en&#8230;<\/p>\n","protected":false},"author":23,"featured_media":56137,"comment_status":"closed","ping_status":"closed","sticky":false,"template":"","format":"standard","meta":{"inline_featured_image":false,"footnotes":""},"categories":[345,348,2765],"tags":[7410,5341,7265,6251,2604,6250],"acf":[],"yoast_head":"<!-- This site is optimized with the Yoast SEO plugin v21.3 - https:\/\/yoast.com\/wordpress\/plugins\/seo\/ -->\n<title>La Universidad de La Laguna colabora en el modelo de acogida de Welcoming Tenerife - ULL - Noticias<\/title>\n<meta name=\"robots\" content=\"index, follow, max-snippet:-1, max-image-preview:large, max-video-preview:-1\" \/>\n<link rel=\"canonical\" href=\"https:\/\/www.ull.es\/portal\/noticias\/2021\/la-universidad-de-la-laguna-colabora-en-el-modelo-de-acogida-de-welcoming-tenerife\/\" \/>\n<meta property=\"og:locale\" content=\"es_ES\" \/>\n<meta property=\"og:type\" content=\"article\" \/>\n<meta property=\"og:title\" content=\"La Universidad de La Laguna colabora en el modelo de acogida de Welcoming Tenerife - ULL - Noticias\" \/>\n<meta property=\"og:description\" content=\"Tenerife se prepara para ser referente en Espa\u00f1a del programa Welcoming International, con m\u00e1s de una d\u00e9cada de trayectoria en...\" \/>\n<meta property=\"og:url\" content=\"https:\/\/www.ull.es\/portal\/noticias\/2021\/la-universidad-de-la-laguna-colabora-en-el-modelo-de-acogida-de-welcoming-tenerife\/\" \/>\n<meta property=\"og:site_name\" content=\"ULL - Noticias\" \/>\n<meta property=\"article:publisher\" content=\"https:\/\/www.facebook.com\/universidaddelalaguna\/\" \/>\n<meta property=\"article:published_time\" content=\"2021-05-10T09:37:49+00:00\" \/>\n<meta property=\"article:modified_time\" content=\"2021-05-10T09:38:09+00:00\" \/>\n<meta property=\"og:image\" content=\"https:\/\/www.ull.es\/portal\/noticias\/wp-content\/uploads\/sites\/13\/2021\/05\/Welcoming-Tenerife.jpg\" \/>\n\t<meta property=\"og:image:width\" content=\"1600\" \/>\n\t<meta property=\"og:image:height\" content=\"1067\" \/>\n\t<meta property=\"og:image:type\" content=\"image\/jpeg\" \/>\n<meta name=\"author\" content=\"gaprsa\" \/>\n<meta name=\"twitter:card\" content=\"summary_large_image\" \/>\n<meta name=\"twitter:creator\" content=\"@CanalULL\" \/>\n<meta name=\"twitter:site\" content=\"@CanalULL\" \/>\n<meta name=\"twitter:label1\" content=\"Escrito por\" \/>\n\t<meta name=\"twitter:data1\" content=\"gaprsa\" \/>\n\t<meta name=\"twitter:label2\" content=\"Tiempo de lectura\" \/>\n\t<meta name=\"twitter:data2\" content=\"3 minutos\" \/>\n<script type=\"application\/ld+json\" class=\"yoast-schema-graph\">{\"@context\":\"https:\/\/schema.org\",\"@graph\":[{\"@type\":\"WebPage\",\"@id\":\"https:\/\/www.ull.es\/portal\/noticias\/2021\/la-universidad-de-la-laguna-colabora-en-el-modelo-de-acogida-de-welcoming-tenerife\/\",\"url\":\"https:\/\/www.ull.es\/portal\/noticias\/2021\/la-universidad-de-la-laguna-colabora-en-el-modelo-de-acogida-de-welcoming-tenerife\/\",\"name\":\"La Universidad de La Laguna colabora en el modelo de acogida de Welcoming Tenerife - ULL - Noticias\",\"isPartOf\":{\"@id\":\"https:\/\/www.ull.es\/portal\/noticias\/#website\"},\"datePublished\":\"2021-05-10T09:37:49+00:00\",\"dateModified\":\"2021-05-10T09:38:09+00:00\",\"author\":{\"@id\":\"https:\/\/www.ull.es\/portal\/noticias\/#\/schema\/person\/b2b1a89d43ffa609e591f7df8ef3e817\"},\"breadcrumb\":{\"@id\":\"https:\/\/www.ull.es\/portal\/noticias\/2021\/la-universidad-de-la-laguna-colabora-en-el-modelo-de-acogida-de-welcoming-tenerife\/#breadcrumb\"},\"inLanguage\":\"es\",\"potentialAction\":[{\"@type\":\"ReadAction\",\"target\":[\"https:\/\/www.ull.es\/portal\/noticias\/2021\/la-universidad-de-la-laguna-colabora-en-el-modelo-de-acogida-de-welcoming-tenerife\/\"]}]},{\"@type\":\"BreadcrumbList\",\"@id\":\"https:\/\/www.ull.es\/portal\/noticias\/2021\/la-universidad-de-la-laguna-colabora-en-el-modelo-de-acogida-de-welcoming-tenerife\/#breadcrumb\",\"itemListElement\":[{\"@type\":\"ListItem\",\"position\":1,\"name\":\"Portada\",\"item\":\"https:\/\/www.ull.es\/portal\/noticias\/\"},{\"@type\":\"ListItem\",\"position\":2,\"name\":\"La Universidad de La Laguna colabora en el modelo de acogida de Welcoming Tenerife\"}]},{\"@type\":\"WebSite\",\"@id\":\"https:\/\/www.ull.es\/portal\/noticias\/#website\",\"url\":\"https:\/\/www.ull.es\/portal\/noticias\/\",\"name\":\"ULL - Noticias\",\"description\":\"\",\"potentialAction\":[{\"@type\":\"SearchAction\",\"target\":{\"@type\":\"EntryPoint\",\"urlTemplate\":\"https:\/\/www.ull.es\/portal\/noticias\/?s={search_term_string}\"},\"query-input\":\"required name=search_term_string\"}],\"inLanguage\":\"es\"},{\"@type\":\"Person\",\"@id\":\"https:\/\/www.ull.es\/portal\/noticias\/#\/schema\/person\/b2b1a89d43ffa609e591f7df8ef3e817\",\"name\":\"gaprsa\",\"image\":{\"@type\":\"ImageObject\",\"inLanguage\":\"es\",\"@id\":\"https:\/\/www.ull.es\/portal\/noticias\/#\/schema\/person\/image\/\",\"url\":\"https:\/\/secure.gravatar.com\/avatar\/443820550921091458b4823867723b3d?s=96&d=mm&r=g\",\"contentUrl\":\"https:\/\/secure.gravatar.com\/avatar\/443820550921091458b4823867723b3d?s=96&d=mm&r=g\",\"caption\":\"gaprsa\"},\"url\":\"https:\/\/www.ull.es\/portal\/noticias\/author\/gaprsa\/\"}]}<\/script>\n<!-- \/ Yoast SEO plugin. -->","yoast_head_json":{"title":"La Universidad de La Laguna colabora en el modelo de acogida de Welcoming Tenerife - ULL - Noticias","robots":{"index":"index","follow":"follow","max-snippet":"max-snippet:-1","max-image-preview":"max-image-preview:large","max-video-preview":"max-video-preview:-1"},"canonical":"https:\/\/www.ull.es\/portal\/noticias\/2021\/la-universidad-de-la-laguna-colabora-en-el-modelo-de-acogida-de-welcoming-tenerife\/","og_locale":"es_ES","og_type":"article","og_title":"La Universidad de La Laguna colabora en el modelo de acogida de Welcoming Tenerife - ULL - Noticias","og_description":"Tenerife se prepara para ser referente en Espa\u00f1a del programa Welcoming International, con m\u00e1s de una d\u00e9cada de trayectoria en...","og_url":"https:\/\/www.ull.es\/portal\/noticias\/2021\/la-universidad-de-la-laguna-colabora-en-el-modelo-de-acogida-de-welcoming-tenerife\/","og_site_name":"ULL - Noticias","article_publisher":"https:\/\/www.facebook.com\/universidaddelalaguna\/","article_published_time":"2021-05-10T09:37:49+00:00","article_modified_time":"2021-05-10T09:38:09+00:00","og_image":[{"width":1600,"height":1067,"url":"https:\/\/www.ull.es\/portal\/noticias\/wp-content\/uploads\/sites\/13\/2021\/05\/Welcoming-Tenerife.jpg","type":"image\/jpeg"}],"author":"gaprsa","twitter_card":"summary_large_image","twitter_creator":"@CanalULL","twitter_site":"@CanalULL","twitter_misc":{"Escrito por":"gaprsa","Tiempo de lectura":"3 minutos"},"schema":{"@context":"https:\/\/schema.org","@graph":[{"@type":"WebPage","@id":"https:\/\/www.ull.es\/portal\/noticias\/2021\/la-universidad-de-la-laguna-colabora-en-el-modelo-de-acogida-de-welcoming-tenerife\/","url":"https:\/\/www.ull.es\/portal\/noticias\/2021\/la-universidad-de-la-laguna-colabora-en-el-modelo-de-acogida-de-welcoming-tenerife\/","name":"La Universidad de La Laguna colabora en el modelo de acogida de Welcoming Tenerife - ULL - Noticias","isPartOf":{"@id":"https:\/\/www.ull.es\/portal\/noticias\/#website"},"datePublished":"2021-05-10T09:37:49+00:00","dateModified":"2021-05-10T09:38:09+00:00","author":{"@id":"https:\/\/www.ull.es\/portal\/noticias\/#\/schema\/person\/b2b1a89d43ffa609e591f7df8ef3e817"},"breadcrumb":{"@id":"https:\/\/www.ull.es\/portal\/noticias\/2021\/la-universidad-de-la-laguna-colabora-en-el-modelo-de-acogida-de-welcoming-tenerife\/#breadcrumb"},"inLanguage":"es","potentialAction":[{"@type":"ReadAction","target":["https:\/\/www.ull.es\/portal\/noticias\/2021\/la-universidad-de-la-laguna-colabora-en-el-modelo-de-acogida-de-welcoming-tenerife\/"]}]},{"@type":"BreadcrumbList","@id":"https:\/\/www.ull.es\/portal\/noticias\/2021\/la-universidad-de-la-laguna-colabora-en-el-modelo-de-acogida-de-welcoming-tenerife\/#breadcrumb","itemListElement":[{"@type":"ListItem","position":1,"name":"Portada","item":"https:\/\/www.ull.es\/portal\/noticias\/"},{"@type":"ListItem","position":2,"name":"La Universidad de La Laguna colabora en el modelo de acogida de Welcoming Tenerife"}]},{"@type":"WebSite","@id":"https:\/\/www.ull.es\/portal\/noticias\/#website","url":"https:\/\/www.ull.es\/portal\/noticias\/","name":"ULL - Noticias","description":"","potentialAction":[{"@type":"SearchAction","target":{"@type":"EntryPoint","urlTemplate":"https:\/\/www.ull.es\/portal\/noticias\/?s={search_term_string}"},"query-input":"required name=search_term_string"}],"inLanguage":"es"},{"@type":"Person","@id":"https:\/\/www.ull.es\/portal\/noticias\/#\/schema\/person\/b2b1a89d43ffa609e591f7df8ef3e817","name":"gaprsa","image":{"@type":"ImageObject","inLanguage":"es","@id":"https:\/\/www.ull.es\/portal\/noticias\/#\/schema\/person\/image\/","url":"https:\/\/secure.gravatar.com\/avatar\/443820550921091458b4823867723b3d?s=96&d=mm&r=g","contentUrl":"https:\/\/secure.gravatar.com\/avatar\/443820550921091458b4823867723b3d?s=96&d=mm&r=g","caption":"gaprsa"},"url":"https:\/\/www.ull.es\/portal\/noticias\/author\/gaprsa\/"}]}},"primary_category":{"id":345,"name":"Destacado","slug":"destacado","link":"https:\/\/www.ull.es\/portal\/noticias\/category\/destacado\/"},"featured_image_thumbnail_url":"https:\/\/www.ull.es\/portal\/noticias\/wp-content\/uploads\/sites\/13\/2021\/05\/Welcoming-Tenerife-300x200.jpg","_links":{"self":[{"href":"https:\/\/www.ull.es\/portal\/noticias\/wp-json\/wp\/v2\/posts\/56136"}],"collection":[{"href":"https:\/\/www.ull.es\/portal\/noticias\/wp-json\/wp\/v2\/posts"}],"about":[{"href":"https:\/\/www.ull.es\/portal\/noticias\/wp-json\/wp\/v2\/types\/post"}],"author":[{"embeddable":true,"href":"https:\/\/www.ull.es\/portal\/noticias\/wp-json\/wp\/v2\/users\/23"}],"replies":[{"embeddable":true,"href":"https:\/\/www.ull.es\/portal\/noticias\/wp-json\/wp\/v2\/comments?post=56136"}],"version-history":[{"count":1,"href":"https:\/\/www.ull.es\/portal\/noticias\/wp-json\/wp\/v2\/posts\/56136\/revisions"}],"predecessor-version":[{"id":56138,"href":"https:\/\/www.ull.es\/portal\/noticias\/wp-json\/wp\/v2\/posts\/56136\/revisions\/56138"}],"wp:featuredmedia":[{"embeddable":true,"href":"https:\/\/www.ull.es\/portal\/noticias\/wp-json\/wp\/v2\/media\/56137"}],"wp:attachment":[{"href":"https:\/\/www.ull.es\/portal\/noticias\/wp-json\/wp\/v2\/media?parent=56136"}],"wp:term":[{"taxonomy":"category","embeddable":true,"href":"https:\/\/www.ull.es\/portal\/noticias\/wp-json\/wp\/v2\/categories?post=56136"},{"taxonomy":"post_tag","embeddable":true,"href":"https:\/\/www.ull.es\/portal\/noticias\/wp-json\/wp\/v2\/tags?post=56136"}],"curies":[{"name":"wp","href":"https:\/\/api.w.org\/{rel}","templated":true}]}}