{"id":56141,"date":"2021-05-10T10:35:48","date_gmt":"2021-05-10T10:35:48","guid":{"rendered":"https:\/\/www.ull.es\/portal\/noticias\/?p=56141"},"modified":"2021-05-10T10:36:42","modified_gmt":"2021-05-10T10:36:42","slug":"la-musica-vuelve-a-ocupar-el-paraninfo-con-dos-nuevas-sesiones-del-ciclo-de-jovenes-interpretes","status":"publish","type":"post","link":"https:\/\/www.ull.es\/portal\/noticias\/2021\/la-musica-vuelve-a-ocupar-el-paraninfo-con-dos-nuevas-sesiones-del-ciclo-de-jovenes-interpretes\/","title":{"rendered":"La m\u00fasica vuelve a ocupar el Paraninfo con dos nuevas sesiones del Ciclo de J\u00f3venes Int\u00e9rpretes"},"content":{"rendered":"<p>Como viene siendo habitual, el Paraninfo de la Universidad de La Laguna acoger\u00e1 esta semana dos nuevas sesiones del ciclo musical de Primavera J\u00f3venes Int\u00e9rpretes, acci\u00f3n que pretende dar continuidad a la colaboraci\u00f3n entre la instituci\u00f3n acad\u00e9mica y el Conservatorio de M\u00fasica de Santa Cruz de Tenerife. Ma\u00f1ana, martes 11 y el mi\u00e9rcoles 12 se dar\u00e1n cita en el teatro el Cuarteto Bridge, de cuerda, y la Big Band del Conservatorio Superior de M\u00fasica de Canarias, respectivamente. La asistencia a los conciertos, que en ambos casos dar\u00e1n comienzo a las 19:30, es gratuita, pero con la intenci\u00f3n de controlar el aforo del recinto para asegurar las medidas de prevenci\u00f3n de la Covid-19, es necesario retirar invitaciones a trav\u00e9s de este <a href=\"https:\/\/www.tomaticket.es\/recintos\/paraninfo-ull\" target=\"_blank\" rel=\"noopener\">enlace<\/a>.<\/p>\n<p>La cita musical de ma\u00f1ana estar\u00e1 protagonizada por el Cuarteto Bridge, integrado por Dario Marongiu y Francisco Jes\u00fas Espinel Guti\u00e9rrez, violines I y II; Rosa Padilla Mart\u00edn, viola; y Mario Alessandro Astone al violonchelo. El cuarteto de cuerda interpretar\u00e1 una interesante selecci\u00f3n de piezas cl\u00e1sicas entre las que se encuentran Andante del cuarteto para cuerdas op. 121 de Gabriel Faur\u00e9, Tres Idilios del compositor y violinista brit\u00e1nico Frank Bridge y Crisantemi del compositor de \u00f3pera italiano Giacomo Puccini, entre otras. Destaca tambi\u00e9n la obra con la que cerrar\u00e1n el concierto, Caminos Argentinos, una pieza contempor\u00e1nea, compuesta en 2011 por Jeff Manookian, un reputado pianista, compositor y director de orquesta estadounidense a\u00fan en activo.<\/p>\n<p>El mi\u00e9rcoles subir\u00e1 al escenario del Paraninfo la Big Band del Conservatorio Superior de M\u00fasica de Canarias dirigida, desde 2008, por Kike Perdomo. Perdomo ha cursado estudios de saxo, flauta, armon\u00eda, arreglos, composici\u00f3n e improvisaci\u00f3n de muy diversas fuentes: desde el Conservatorio Superior de M\u00fasica de Tenerife hasta la Escuela de Jazz y M\u00fasica Moderna de Luis Vecchio. Ha estudiado tambi\u00e9n con profesores particulares como Greg Lyons, Dave Schnitter, Greg Badolato, Eric Marienthal, Bill Evans, Chris Cheek, Will Vinson o Dick Oatts. Su carrera profesional es muy variada y ha realizado giras con artistas de rock como Luz Casal (1989), Joaqu\u00edn Sabina (1994 al 1997) o Miguel R\u00edos (1997). Destaca tambi\u00e9n su participaci\u00f3n en diversos festivales de distinta \u00edndole en toda Espa\u00f1a, como los festivales de jazz \u201cEntre Olivos\u201d de Ja\u00e9n, el Festival Internacional de Jazz de Lugo, o los festivales de Jazz de Barcelona, de Madrid o de M\u00e1laga, entre otros.<\/p>\n<p>Con estos recitales, los alumnos del conservatorio tienen la posibilidad de mostrar sus capacidades interpretativas en un ambiente y espacio profesional, con p\u00fablico, de manera que vayan adquiriendo la madurez para asumir retos de m\u00e1s envergadura en el futuro. Adem\u00e1s, estos eventos suponen un paso m\u00e1s en la apuesta de la Universidad de La Laguna por desarrollar una cultura segura en consonancia con la situaci\u00f3n sanitaria actual. Es por ello que el Paraninfo cuenta con un plan de prevenci\u00f3n de la Covid-19 en el que se destacan las siguientes medidas: uso obligatorio de mascarilla en todo momento; guardar la distancia de seguridad con personas que no pertenezcan a su n\u00facleo de convivencia; utilizar hidroalcoh\u00f3lico; permanecer en la butaca hasta que empiece el evento; y respetar el aforo de los ba\u00f1os y la se\u00f1alizaci\u00f3n de entradas y salidas, as\u00ed como las indicaciones del personal de sala y de seguridad.<\/p>\n<p>&nbsp;<\/p>\n","protected":false},"excerpt":{"rendered":"<p>Como viene siendo habitual, el Paraninfo de la Universidad de La Laguna acoger\u00e1 esta semana dos nuevas sesiones del ciclo&#8230;<\/p>\n","protected":false},"author":23,"featured_media":56143,"comment_status":"closed","ping_status":"closed","sticky":false,"template":"","format":"standard","meta":{"inline_featured_image":false,"footnotes":""},"categories":[344,345,2765],"tags":[7412,7221,7034,7411,2047],"acf":[],"yoast_head":"<!-- This site is optimized with the Yoast SEO plugin v21.3 - https:\/\/yoast.com\/wordpress\/plugins\/seo\/ -->\n<title>La m\u00fasica vuelve a ocupar el Paraninfo con dos nuevas sesiones del Ciclo de J\u00f3venes Int\u00e9rpretes - ULL - Noticias<\/title>\n<meta name=\"robots\" content=\"index, follow, max-snippet:-1, max-image-preview:large, max-video-preview:-1\" \/>\n<link rel=\"canonical\" href=\"https:\/\/www.ull.es\/portal\/noticias\/2021\/la-musica-vuelve-a-ocupar-el-paraninfo-con-dos-nuevas-sesiones-del-ciclo-de-jovenes-interpretes\/\" \/>\n<meta property=\"og:locale\" content=\"es_ES\" \/>\n<meta property=\"og:type\" content=\"article\" \/>\n<meta property=\"og:title\" content=\"La m\u00fasica vuelve a ocupar el Paraninfo con dos nuevas sesiones del Ciclo de J\u00f3venes Int\u00e9rpretes - ULL - Noticias\" \/>\n<meta property=\"og:description\" content=\"Como viene siendo habitual, el Paraninfo de la Universidad de La Laguna acoger\u00e1 esta semana dos nuevas sesiones del ciclo...\" \/>\n<meta property=\"og:url\" content=\"https:\/\/www.ull.es\/portal\/noticias\/2021\/la-musica-vuelve-a-ocupar-el-paraninfo-con-dos-nuevas-sesiones-del-ciclo-de-jovenes-interpretes\/\" \/>\n<meta property=\"og:site_name\" content=\"ULL - Noticias\" \/>\n<meta property=\"article:publisher\" content=\"https:\/\/www.facebook.com\/universidaddelalaguna\/\" \/>\n<meta property=\"article:published_time\" content=\"2021-05-10T10:35:48+00:00\" \/>\n<meta property=\"article:modified_time\" content=\"2021-05-10T10:36:42+00:00\" \/>\n<meta property=\"og:image\" content=\"https:\/\/www.ull.es\/portal\/noticias\/wp-content\/uploads\/sites\/13\/2021\/05\/CARTEL11MAYO_AGENDA-nuevo.jpg\" \/>\n\t<meta property=\"og:image:width\" content=\"700\" \/>\n\t<meta property=\"og:image:height\" content=\"350\" \/>\n\t<meta property=\"og:image:type\" content=\"image\/jpeg\" \/>\n<meta name=\"author\" content=\"gaprsa\" \/>\n<meta name=\"twitter:card\" content=\"summary_large_image\" \/>\n<meta name=\"twitter:creator\" content=\"@CanalULL\" \/>\n<meta name=\"twitter:site\" content=\"@CanalULL\" \/>\n<meta name=\"twitter:label1\" content=\"Escrito por\" \/>\n\t<meta name=\"twitter:data1\" content=\"gaprsa\" \/>\n\t<meta name=\"twitter:label2\" content=\"Tiempo de lectura\" \/>\n\t<meta name=\"twitter:data2\" content=\"3 minutos\" \/>\n<script type=\"application\/ld+json\" class=\"yoast-schema-graph\">{\"@context\":\"https:\/\/schema.org\",\"@graph\":[{\"@type\":\"WebPage\",\"@id\":\"https:\/\/www.ull.es\/portal\/noticias\/2021\/la-musica-vuelve-a-ocupar-el-paraninfo-con-dos-nuevas-sesiones-del-ciclo-de-jovenes-interpretes\/\",\"url\":\"https:\/\/www.ull.es\/portal\/noticias\/2021\/la-musica-vuelve-a-ocupar-el-paraninfo-con-dos-nuevas-sesiones-del-ciclo-de-jovenes-interpretes\/\",\"name\":\"La m\u00fasica vuelve a ocupar el Paraninfo con dos nuevas sesiones del Ciclo de J\u00f3venes Int\u00e9rpretes - ULL - Noticias\",\"isPartOf\":{\"@id\":\"https:\/\/www.ull.es\/portal\/noticias\/#website\"},\"datePublished\":\"2021-05-10T10:35:48+00:00\",\"dateModified\":\"2021-05-10T10:36:42+00:00\",\"author\":{\"@id\":\"https:\/\/www.ull.es\/portal\/noticias\/#\/schema\/person\/b2b1a89d43ffa609e591f7df8ef3e817\"},\"breadcrumb\":{\"@id\":\"https:\/\/www.ull.es\/portal\/noticias\/2021\/la-musica-vuelve-a-ocupar-el-paraninfo-con-dos-nuevas-sesiones-del-ciclo-de-jovenes-interpretes\/#breadcrumb\"},\"inLanguage\":\"es\",\"potentialAction\":[{\"@type\":\"ReadAction\",\"target\":[\"https:\/\/www.ull.es\/portal\/noticias\/2021\/la-musica-vuelve-a-ocupar-el-paraninfo-con-dos-nuevas-sesiones-del-ciclo-de-jovenes-interpretes\/\"]}]},{\"@type\":\"BreadcrumbList\",\"@id\":\"https:\/\/www.ull.es\/portal\/noticias\/2021\/la-musica-vuelve-a-ocupar-el-paraninfo-con-dos-nuevas-sesiones-del-ciclo-de-jovenes-interpretes\/#breadcrumb\",\"itemListElement\":[{\"@type\":\"ListItem\",\"position\":1,\"name\":\"Portada\",\"item\":\"https:\/\/www.ull.es\/portal\/noticias\/\"},{\"@type\":\"ListItem\",\"position\":2,\"name\":\"La m\u00fasica vuelve a ocupar el Paraninfo con dos nuevas sesiones del Ciclo de J\u00f3venes Int\u00e9rpretes\"}]},{\"@type\":\"WebSite\",\"@id\":\"https:\/\/www.ull.es\/portal\/noticias\/#website\",\"url\":\"https:\/\/www.ull.es\/portal\/noticias\/\",\"name\":\"ULL - Noticias\",\"description\":\"\",\"potentialAction\":[{\"@type\":\"SearchAction\",\"target\":{\"@type\":\"EntryPoint\",\"urlTemplate\":\"https:\/\/www.ull.es\/portal\/noticias\/?s={search_term_string}\"},\"query-input\":\"required name=search_term_string\"}],\"inLanguage\":\"es\"},{\"@type\":\"Person\",\"@id\":\"https:\/\/www.ull.es\/portal\/noticias\/#\/schema\/person\/b2b1a89d43ffa609e591f7df8ef3e817\",\"name\":\"gaprsa\",\"image\":{\"@type\":\"ImageObject\",\"inLanguage\":\"es\",\"@id\":\"https:\/\/www.ull.es\/portal\/noticias\/#\/schema\/person\/image\/\",\"url\":\"https:\/\/secure.gravatar.com\/avatar\/443820550921091458b4823867723b3d?s=96&d=mm&r=g\",\"contentUrl\":\"https:\/\/secure.gravatar.com\/avatar\/443820550921091458b4823867723b3d?s=96&d=mm&r=g\",\"caption\":\"gaprsa\"},\"url\":\"https:\/\/www.ull.es\/portal\/noticias\/author\/gaprsa\/\"}]}<\/script>\n<!-- \/ Yoast SEO plugin. -->","yoast_head_json":{"title":"La m\u00fasica vuelve a ocupar el Paraninfo con dos nuevas sesiones del Ciclo de J\u00f3venes Int\u00e9rpretes - ULL - Noticias","robots":{"index":"index","follow":"follow","max-snippet":"max-snippet:-1","max-image-preview":"max-image-preview:large","max-video-preview":"max-video-preview:-1"},"canonical":"https:\/\/www.ull.es\/portal\/noticias\/2021\/la-musica-vuelve-a-ocupar-el-paraninfo-con-dos-nuevas-sesiones-del-ciclo-de-jovenes-interpretes\/","og_locale":"es_ES","og_type":"article","og_title":"La m\u00fasica vuelve a ocupar el Paraninfo con dos nuevas sesiones del Ciclo de J\u00f3venes Int\u00e9rpretes - ULL - Noticias","og_description":"Como viene siendo habitual, el Paraninfo de la Universidad de La Laguna acoger\u00e1 esta semana dos nuevas sesiones del ciclo...","og_url":"https:\/\/www.ull.es\/portal\/noticias\/2021\/la-musica-vuelve-a-ocupar-el-paraninfo-con-dos-nuevas-sesiones-del-ciclo-de-jovenes-interpretes\/","og_site_name":"ULL - Noticias","article_publisher":"https:\/\/www.facebook.com\/universidaddelalaguna\/","article_published_time":"2021-05-10T10:35:48+00:00","article_modified_time":"2021-05-10T10:36:42+00:00","og_image":[{"width":700,"height":350,"url":"https:\/\/www.ull.es\/portal\/noticias\/wp-content\/uploads\/sites\/13\/2021\/05\/CARTEL11MAYO_AGENDA-nuevo.jpg","type":"image\/jpeg"}],"author":"gaprsa","twitter_card":"summary_large_image","twitter_creator":"@CanalULL","twitter_site":"@CanalULL","twitter_misc":{"Escrito por":"gaprsa","Tiempo de lectura":"3 minutos"},"schema":{"@context":"https:\/\/schema.org","@graph":[{"@type":"WebPage","@id":"https:\/\/www.ull.es\/portal\/noticias\/2021\/la-musica-vuelve-a-ocupar-el-paraninfo-con-dos-nuevas-sesiones-del-ciclo-de-jovenes-interpretes\/","url":"https:\/\/www.ull.es\/portal\/noticias\/2021\/la-musica-vuelve-a-ocupar-el-paraninfo-con-dos-nuevas-sesiones-del-ciclo-de-jovenes-interpretes\/","name":"La m\u00fasica vuelve a ocupar el Paraninfo con dos nuevas sesiones del Ciclo de J\u00f3venes Int\u00e9rpretes - ULL - Noticias","isPartOf":{"@id":"https:\/\/www.ull.es\/portal\/noticias\/#website"},"datePublished":"2021-05-10T10:35:48+00:00","dateModified":"2021-05-10T10:36:42+00:00","author":{"@id":"https:\/\/www.ull.es\/portal\/noticias\/#\/schema\/person\/b2b1a89d43ffa609e591f7df8ef3e817"},"breadcrumb":{"@id":"https:\/\/www.ull.es\/portal\/noticias\/2021\/la-musica-vuelve-a-ocupar-el-paraninfo-con-dos-nuevas-sesiones-del-ciclo-de-jovenes-interpretes\/#breadcrumb"},"inLanguage":"es","potentialAction":[{"@type":"ReadAction","target":["https:\/\/www.ull.es\/portal\/noticias\/2021\/la-musica-vuelve-a-ocupar-el-paraninfo-con-dos-nuevas-sesiones-del-ciclo-de-jovenes-interpretes\/"]}]},{"@type":"BreadcrumbList","@id":"https:\/\/www.ull.es\/portal\/noticias\/2021\/la-musica-vuelve-a-ocupar-el-paraninfo-con-dos-nuevas-sesiones-del-ciclo-de-jovenes-interpretes\/#breadcrumb","itemListElement":[{"@type":"ListItem","position":1,"name":"Portada","item":"https:\/\/www.ull.es\/portal\/noticias\/"},{"@type":"ListItem","position":2,"name":"La m\u00fasica vuelve a ocupar el Paraninfo con dos nuevas sesiones del Ciclo de J\u00f3venes Int\u00e9rpretes"}]},{"@type":"WebSite","@id":"https:\/\/www.ull.es\/portal\/noticias\/#website","url":"https:\/\/www.ull.es\/portal\/noticias\/","name":"ULL - Noticias","description":"","potentialAction":[{"@type":"SearchAction","target":{"@type":"EntryPoint","urlTemplate":"https:\/\/www.ull.es\/portal\/noticias\/?s={search_term_string}"},"query-input":"required name=search_term_string"}],"inLanguage":"es"},{"@type":"Person","@id":"https:\/\/www.ull.es\/portal\/noticias\/#\/schema\/person\/b2b1a89d43ffa609e591f7df8ef3e817","name":"gaprsa","image":{"@type":"ImageObject","inLanguage":"es","@id":"https:\/\/www.ull.es\/portal\/noticias\/#\/schema\/person\/image\/","url":"https:\/\/secure.gravatar.com\/avatar\/443820550921091458b4823867723b3d?s=96&d=mm&r=g","contentUrl":"https:\/\/secure.gravatar.com\/avatar\/443820550921091458b4823867723b3d?s=96&d=mm&r=g","caption":"gaprsa"},"url":"https:\/\/www.ull.es\/portal\/noticias\/author\/gaprsa\/"}]}},"primary_category":{"id":345,"name":"Destacado","slug":"destacado","link":"https:\/\/www.ull.es\/portal\/noticias\/category\/destacado\/"},"featured_image_thumbnail_url":"https:\/\/www.ull.es\/portal\/noticias\/wp-content\/uploads\/sites\/13\/2021\/05\/CARTEL11MAYO_AGENDA-nuevo-300x150.jpg","_links":{"self":[{"href":"https:\/\/www.ull.es\/portal\/noticias\/wp-json\/wp\/v2\/posts\/56141"}],"collection":[{"href":"https:\/\/www.ull.es\/portal\/noticias\/wp-json\/wp\/v2\/posts"}],"about":[{"href":"https:\/\/www.ull.es\/portal\/noticias\/wp-json\/wp\/v2\/types\/post"}],"author":[{"embeddable":true,"href":"https:\/\/www.ull.es\/portal\/noticias\/wp-json\/wp\/v2\/users\/23"}],"replies":[{"embeddable":true,"href":"https:\/\/www.ull.es\/portal\/noticias\/wp-json\/wp\/v2\/comments?post=56141"}],"version-history":[{"count":1,"href":"https:\/\/www.ull.es\/portal\/noticias\/wp-json\/wp\/v2\/posts\/56141\/revisions"}],"predecessor-version":[{"id":56142,"href":"https:\/\/www.ull.es\/portal\/noticias\/wp-json\/wp\/v2\/posts\/56141\/revisions\/56142"}],"wp:featuredmedia":[{"embeddable":true,"href":"https:\/\/www.ull.es\/portal\/noticias\/wp-json\/wp\/v2\/media\/56143"}],"wp:attachment":[{"href":"https:\/\/www.ull.es\/portal\/noticias\/wp-json\/wp\/v2\/media?parent=56141"}],"wp:term":[{"taxonomy":"category","embeddable":true,"href":"https:\/\/www.ull.es\/portal\/noticias\/wp-json\/wp\/v2\/categories?post=56141"},{"taxonomy":"post_tag","embeddable":true,"href":"https:\/\/www.ull.es\/portal\/noticias\/wp-json\/wp\/v2\/tags?post=56141"}],"curies":[{"name":"wp","href":"https:\/\/api.w.org\/{rel}","templated":true}]}}