{"id":56165,"date":"2021-05-10T13:37:45","date_gmt":"2021-05-10T13:37:45","guid":{"rendered":"https:\/\/www.ull.es\/portal\/noticias\/?p=56165"},"modified":"2021-05-10T13:40:57","modified_gmt":"2021-05-10T13:40:57","slug":"edith-padron-la-transversalidad-de-las-matematicas-es-clave-en-la-formacion-del-alumnado","status":"publish","type":"post","link":"https:\/\/www.ull.es\/portal\/noticias\/2021\/edith-padron-la-transversalidad-de-las-matematicas-es-clave-en-la-formacion-del-alumnado\/","title":{"rendered":"Edith Padr\u00f3n: \u201cLa transversalidad de las matem\u00e1ticas es clave en la formaci\u00f3n del alumnado\u201d"},"content":{"rendered":"<p>El antiguo Convento de Santo Domingo de La Laguna acoge desde hoy 10 de mayo la exposici\u00f3n \u201cMatem\u00e1ticas para un mundo mejor\u201d, que pretende mostrar los diferentes \u00e1mbitos de la ciencia, la tecnolog\u00eda o el arte en los que las matem\u00e1ticas hacen sus aportaciones. La directora del Aula Cultural Matem\u00e1tica Divulgativa de la Universidad de La Laguna, Edith Padr\u00f3n, destac\u00f3 las cuestiones clave del proyecto: transversalidad y colaboraci\u00f3n. Padr\u00f3n asegur\u00f3 que la transversalidad de las matem\u00e1ticas es uno de los elementos de mayor importancia a la hora de definir la implicaci\u00f3n de la materia en los curr\u00edculos escolares y se\u00f1al\u00f3 la responsabilidad del profesorado para brindar al alumnado una formaci\u00f3n actualizada.<\/p>\n<p style=\"text-align: center\"><a href=\"http:\/\/Un saludo Mar\u00eda Garc\u00eda P\u00e9rez Moneo Apoyo Gabinete de Comunicaci\u00f3n de la Universidad de la Laguna Fundaci\u00f3n General de la Universidad de La Laguna Tlf. 922 31 95 30 ull.es Zona de los archivos adjuntos\" target=\"_blank\" rel=\"noopener\"><strong>Galer\u00eda gr\u00e1fica<\/strong><\/a><\/p>\n<p>La tambi\u00e9n profesora del Departamento de Matem\u00e1ticas, Estad\u00edstica e Investigaci\u00f3n Operativa apunt\u00f3 que la apuesta por la colaboraci\u00f3n, la otra caracter\u00edstica clave de la iniciativa, har\u00e1 progresar a la sociedad m\u00e1s r\u00e1pidamente y de manera m\u00e1s eficiente, prueba de ello ha sido la veloz generaci\u00f3n de vacunas contra la Covid-19: \u201cLas matem\u00e1ticas, y creo que la ciencia en general, han planteado este reto a nuestra sociedad; esperemos que la sociedad sepa responder\u201d, coment\u00f3 la profesora.\u00a0La exposici\u00f3n, comisariada por el profesor Antonio P\u00e9rez y que se puede visitar en el mencionado espacio hasta el viernes 15 de mayo, se enmarca dentro de las actividades desarrolladas en el \u00e1mbito nacional y promovidas por la RED DIMa, con la colaboraci\u00f3n de la Fundaci\u00f3n Espa\u00f1ola para la Ciencia y la Tecnolog\u00eda (FECyT) para celebrar la iniciativa \u201cMarzo, mes de las Matem\u00e1ticas\u201d. La acci\u00f3n se tuvo que posponer debido a la incidencia de la pandemia en las islas, y se celebra esta semana coincidiendo con las celebraciones del d\u00eda escolar de las matem\u00e1ticas y el d\u00eda de las mujeres matem\u00e1ticas.<\/p>\n<p><img decoding=\"async\" loading=\"lazy\" class=\"alignleft size-medium wp-image-56169\" src=\"https:\/\/www.ull.es\/portal\/noticias\/wp-content\/uploads\/sites\/13\/2021\/05\/Expo-Matematic-mundo-mejor-16-300x200.jpg\" alt=\"\" width=\"300\" height=\"200\" srcset=\"https:\/\/www.ull.es\/portal\/noticias\/wp-content\/uploads\/sites\/13\/2021\/05\/Expo-Matematic-mundo-mejor-16-300x200.jpg 300w, https:\/\/www.ull.es\/portal\/noticias\/wp-content\/uploads\/sites\/13\/2021\/05\/Expo-Matematic-mundo-mejor-16-768x512.jpg 768w, https:\/\/www.ull.es\/portal\/noticias\/wp-content\/uploads\/sites\/13\/2021\/05\/Expo-Matematic-mundo-mejor-16-375x250.jpg 375w, https:\/\/www.ull.es\/portal\/noticias\/wp-content\/uploads\/sites\/13\/2021\/05\/Expo-Matematic-mundo-mejor-16-750x500.jpg 750w, https:\/\/www.ull.es\/portal\/noticias\/wp-content\/uploads\/sites\/13\/2021\/05\/Expo-Matematic-mundo-mejor-16.jpg 1024w\" sizes=\"(max-width: 300px) 100vw, 300px\" \/>El prop\u00f3sito de la muestra es dar a conocer la presencia de las matem\u00e1ticas en la sociedad, tanto en \u00e1mbitos cient\u00edficos como en econ\u00f3micos, sociales, sanitarios, art\u00edsticos o de la comunicaci\u00f3n. Es por ello que la muestra consta de ocho grandes n\u00facleos tem\u00e1ticos representados en paneles: Matem\u00e1ticas frente a la Covid19; Fractales, la geometr\u00eda del Caos; Matem\u00e1ticas de las ciudades; N\u00fameros naturales: de contar a encriptar informaci\u00f3n; Arte y matem\u00e1ticas; Redes y grafos: las comunicaciones y la log\u00edstica; Matem\u00e1ticas y juegos; y Viajando sobre curvas y superficies. Adem\u00e1s, la exposici\u00f3n cuenta con aplicaciones inform\u00e1ticas interactivas a las que se podr\u00e1 acceder a trav\u00e9s de c\u00f3digos QR, muestras de papiroflexia, y otros materiales divulgativos.<\/p>\n<p>La jornada de inauguraci\u00f3n cont\u00f3 tambi\u00e9n con la presencia y participaci\u00f3n de la rectora de la instituci\u00f3n acad\u00e9mica, Rosa Aguilar, que habl\u00f3 sobre la importancia social y cultural de esta ciencia y la utilidad de la exposici\u00f3n de cara, no solo a la comunidad universitaria, sino tambi\u00e9n a la ciudadan\u00eda en general, incluso a personas alejadas de este campo cient\u00edfico: \u201cEsta exposici\u00f3n les permitir\u00e1 comprender que no se trata de ese conocimiento casi arcano y lejano, sino que, por el contrario, est\u00e1 presente en los \u00e1mbitos m\u00e1s insospechados e incluso cotidianos\u201d, asegur\u00f3 la rectora.<\/p>\n<p>En el acto tambi\u00e9n estuvieron presentes distintas autoridades acad\u00e9micas y pol\u00edticas, como los vicerrectores de Cultura y Participaci\u00f3n Social y de Investigaci\u00f3n y Transferencia, Juan Albino M\u00e9ndez y Ernesto Pereda, respectivamente; el concejal de Educaci\u00f3n, Juventud, Desarrollo Local y OMIC Jos\u00e9 Juan Gavil\u00e1n y la concejala de Cultura y Participaci\u00f3n Ciudadana Yaiza L\u00f3pez, ambos del Ayuntamiento de San Crist\u00f3bal de La Laguna. L\u00f3pez agradeci\u00f3 a la Universidad de La Laguna su labor al frente de la difusi\u00f3n del conocimiento a la sociedad y su aspiraci\u00f3n por llegar a todos los rincones de la sociedad. \u201cGracias por utilizar la cultura al servicio de la ciencia y por trabajar con las matem\u00e1ticas para crear un mundo mejor\u201d, afirm\u00f3. Edith Padr\u00f3n destac\u00f3 la colaboraci\u00f3n del grupo Tinerflecta, que realiz\u00f3 todas las obras de papiroflexia de la exposici\u00f3n, y de la ilustradora Carla Garrido.<\/p>\n","protected":false},"excerpt":{"rendered":"<p>El antiguo Convento de Santo Domingo de La Laguna acoge desde hoy 10 de mayo la exposici\u00f3n \u201cMatem\u00e1ticas para un&#8230;<\/p>\n","protected":false},"author":23,"featured_media":56168,"comment_status":"closed","ping_status":"closed","sticky":false,"template":"","format":"standard","meta":{"inline_featured_image":false,"footnotes":""},"categories":[344,345,3924,2765],"tags":[7415,7420,7417,7419,7416,7418],"acf":[],"yoast_head":"<!-- This site is optimized with the Yoast SEO plugin v21.3 - https:\/\/yoast.com\/wordpress\/plugins\/seo\/ -->\n<title>Edith Padr\u00f3n: \u201cLa transversalidad de las matem\u00e1ticas es clave en la formaci\u00f3n del alumnado\u201d - ULL - Noticias<\/title>\n<meta name=\"robots\" content=\"index, follow, max-snippet:-1, max-image-preview:large, max-video-preview:-1\" \/>\n<link rel=\"canonical\" href=\"https:\/\/www.ull.es\/portal\/noticias\/2021\/edith-padron-la-transversalidad-de-las-matematicas-es-clave-en-la-formacion-del-alumnado\/\" \/>\n<meta property=\"og:locale\" content=\"es_ES\" \/>\n<meta property=\"og:type\" content=\"article\" \/>\n<meta property=\"og:title\" content=\"Edith Padr\u00f3n: \u201cLa transversalidad de las matem\u00e1ticas es clave en la formaci\u00f3n del alumnado\u201d - ULL - Noticias\" \/>\n<meta property=\"og:description\" content=\"El antiguo Convento de Santo Domingo de La Laguna acoge desde hoy 10 de mayo la exposici\u00f3n \u201cMatem\u00e1ticas para un...\" \/>\n<meta property=\"og:url\" content=\"https:\/\/www.ull.es\/portal\/noticias\/2021\/edith-padron-la-transversalidad-de-las-matematicas-es-clave-en-la-formacion-del-alumnado\/\" \/>\n<meta property=\"og:site_name\" content=\"ULL - Noticias\" \/>\n<meta property=\"article:publisher\" content=\"https:\/\/www.facebook.com\/universidaddelalaguna\/\" \/>\n<meta property=\"article:published_time\" content=\"2021-05-10T13:37:45+00:00\" \/>\n<meta property=\"article:modified_time\" content=\"2021-05-10T13:40:57+00:00\" \/>\n<meta property=\"og:image\" content=\"https:\/\/www.ull.es\/portal\/noticias\/wp-content\/uploads\/sites\/13\/2021\/05\/Expo-Matematic-mundo-mejor-13.jpg\" \/>\n\t<meta property=\"og:image:width\" content=\"1024\" \/>\n\t<meta property=\"og:image:height\" content=\"683\" \/>\n\t<meta property=\"og:image:type\" content=\"image\/jpeg\" \/>\n<meta name=\"author\" content=\"gaprsa\" \/>\n<meta name=\"twitter:card\" content=\"summary_large_image\" \/>\n<meta name=\"twitter:creator\" content=\"@CanalULL\" \/>\n<meta name=\"twitter:site\" content=\"@CanalULL\" \/>\n<meta name=\"twitter:label1\" content=\"Escrito por\" \/>\n\t<meta name=\"twitter:data1\" content=\"gaprsa\" \/>\n\t<meta name=\"twitter:label2\" content=\"Tiempo de lectura\" \/>\n\t<meta name=\"twitter:data2\" content=\"3 minutos\" \/>\n<script type=\"application\/ld+json\" class=\"yoast-schema-graph\">{\"@context\":\"https:\/\/schema.org\",\"@graph\":[{\"@type\":\"WebPage\",\"@id\":\"https:\/\/www.ull.es\/portal\/noticias\/2021\/edith-padron-la-transversalidad-de-las-matematicas-es-clave-en-la-formacion-del-alumnado\/\",\"url\":\"https:\/\/www.ull.es\/portal\/noticias\/2021\/edith-padron-la-transversalidad-de-las-matematicas-es-clave-en-la-formacion-del-alumnado\/\",\"name\":\"Edith Padr\u00f3n: \u201cLa transversalidad de las matem\u00e1ticas es clave en la formaci\u00f3n del alumnado\u201d - ULL - Noticias\",\"isPartOf\":{\"@id\":\"https:\/\/www.ull.es\/portal\/noticias\/#website\"},\"datePublished\":\"2021-05-10T13:37:45+00:00\",\"dateModified\":\"2021-05-10T13:40:57+00:00\",\"author\":{\"@id\":\"https:\/\/www.ull.es\/portal\/noticias\/#\/schema\/person\/b2b1a89d43ffa609e591f7df8ef3e817\"},\"breadcrumb\":{\"@id\":\"https:\/\/www.ull.es\/portal\/noticias\/2021\/edith-padron-la-transversalidad-de-las-matematicas-es-clave-en-la-formacion-del-alumnado\/#breadcrumb\"},\"inLanguage\":\"es\",\"potentialAction\":[{\"@type\":\"ReadAction\",\"target\":[\"https:\/\/www.ull.es\/portal\/noticias\/2021\/edith-padron-la-transversalidad-de-las-matematicas-es-clave-en-la-formacion-del-alumnado\/\"]}]},{\"@type\":\"BreadcrumbList\",\"@id\":\"https:\/\/www.ull.es\/portal\/noticias\/2021\/edith-padron-la-transversalidad-de-las-matematicas-es-clave-en-la-formacion-del-alumnado\/#breadcrumb\",\"itemListElement\":[{\"@type\":\"ListItem\",\"position\":1,\"name\":\"Portada\",\"item\":\"https:\/\/www.ull.es\/portal\/noticias\/\"},{\"@type\":\"ListItem\",\"position\":2,\"name\":\"Edith Padr\u00f3n: \u201cLa transversalidad de las matem\u00e1ticas es clave en la formaci\u00f3n del alumnado\u201d\"}]},{\"@type\":\"WebSite\",\"@id\":\"https:\/\/www.ull.es\/portal\/noticias\/#website\",\"url\":\"https:\/\/www.ull.es\/portal\/noticias\/\",\"name\":\"ULL - Noticias\",\"description\":\"\",\"potentialAction\":[{\"@type\":\"SearchAction\",\"target\":{\"@type\":\"EntryPoint\",\"urlTemplate\":\"https:\/\/www.ull.es\/portal\/noticias\/?s={search_term_string}\"},\"query-input\":\"required name=search_term_string\"}],\"inLanguage\":\"es\"},{\"@type\":\"Person\",\"@id\":\"https:\/\/www.ull.es\/portal\/noticias\/#\/schema\/person\/b2b1a89d43ffa609e591f7df8ef3e817\",\"name\":\"gaprsa\",\"image\":{\"@type\":\"ImageObject\",\"inLanguage\":\"es\",\"@id\":\"https:\/\/www.ull.es\/portal\/noticias\/#\/schema\/person\/image\/\",\"url\":\"https:\/\/secure.gravatar.com\/avatar\/443820550921091458b4823867723b3d?s=96&d=mm&r=g\",\"contentUrl\":\"https:\/\/secure.gravatar.com\/avatar\/443820550921091458b4823867723b3d?s=96&d=mm&r=g\",\"caption\":\"gaprsa\"},\"url\":\"https:\/\/www.ull.es\/portal\/noticias\/author\/gaprsa\/\"}]}<\/script>\n<!-- \/ Yoast SEO plugin. -->","yoast_head_json":{"title":"Edith Padr\u00f3n: \u201cLa transversalidad de las matem\u00e1ticas es clave en la formaci\u00f3n del alumnado\u201d - ULL - Noticias","robots":{"index":"index","follow":"follow","max-snippet":"max-snippet:-1","max-image-preview":"max-image-preview:large","max-video-preview":"max-video-preview:-1"},"canonical":"https:\/\/www.ull.es\/portal\/noticias\/2021\/edith-padron-la-transversalidad-de-las-matematicas-es-clave-en-la-formacion-del-alumnado\/","og_locale":"es_ES","og_type":"article","og_title":"Edith Padr\u00f3n: \u201cLa transversalidad de las matem\u00e1ticas es clave en la formaci\u00f3n del alumnado\u201d - ULL - Noticias","og_description":"El antiguo Convento de Santo Domingo de La Laguna acoge desde hoy 10 de mayo la exposici\u00f3n \u201cMatem\u00e1ticas para un...","og_url":"https:\/\/www.ull.es\/portal\/noticias\/2021\/edith-padron-la-transversalidad-de-las-matematicas-es-clave-en-la-formacion-del-alumnado\/","og_site_name":"ULL - Noticias","article_publisher":"https:\/\/www.facebook.com\/universidaddelalaguna\/","article_published_time":"2021-05-10T13:37:45+00:00","article_modified_time":"2021-05-10T13:40:57+00:00","og_image":[{"width":1024,"height":683,"url":"https:\/\/www.ull.es\/portal\/noticias\/wp-content\/uploads\/sites\/13\/2021\/05\/Expo-Matematic-mundo-mejor-13.jpg","type":"image\/jpeg"}],"author":"gaprsa","twitter_card":"summary_large_image","twitter_creator":"@CanalULL","twitter_site":"@CanalULL","twitter_misc":{"Escrito por":"gaprsa","Tiempo de lectura":"3 minutos"},"schema":{"@context":"https:\/\/schema.org","@graph":[{"@type":"WebPage","@id":"https:\/\/www.ull.es\/portal\/noticias\/2021\/edith-padron-la-transversalidad-de-las-matematicas-es-clave-en-la-formacion-del-alumnado\/","url":"https:\/\/www.ull.es\/portal\/noticias\/2021\/edith-padron-la-transversalidad-de-las-matematicas-es-clave-en-la-formacion-del-alumnado\/","name":"Edith Padr\u00f3n: \u201cLa transversalidad de las matem\u00e1ticas es clave en la formaci\u00f3n del alumnado\u201d - ULL - Noticias","isPartOf":{"@id":"https:\/\/www.ull.es\/portal\/noticias\/#website"},"datePublished":"2021-05-10T13:37:45+00:00","dateModified":"2021-05-10T13:40:57+00:00","author":{"@id":"https:\/\/www.ull.es\/portal\/noticias\/#\/schema\/person\/b2b1a89d43ffa609e591f7df8ef3e817"},"breadcrumb":{"@id":"https:\/\/www.ull.es\/portal\/noticias\/2021\/edith-padron-la-transversalidad-de-las-matematicas-es-clave-en-la-formacion-del-alumnado\/#breadcrumb"},"inLanguage":"es","potentialAction":[{"@type":"ReadAction","target":["https:\/\/www.ull.es\/portal\/noticias\/2021\/edith-padron-la-transversalidad-de-las-matematicas-es-clave-en-la-formacion-del-alumnado\/"]}]},{"@type":"BreadcrumbList","@id":"https:\/\/www.ull.es\/portal\/noticias\/2021\/edith-padron-la-transversalidad-de-las-matematicas-es-clave-en-la-formacion-del-alumnado\/#breadcrumb","itemListElement":[{"@type":"ListItem","position":1,"name":"Portada","item":"https:\/\/www.ull.es\/portal\/noticias\/"},{"@type":"ListItem","position":2,"name":"Edith Padr\u00f3n: \u201cLa transversalidad de las matem\u00e1ticas es clave en la formaci\u00f3n del alumnado\u201d"}]},{"@type":"WebSite","@id":"https:\/\/www.ull.es\/portal\/noticias\/#website","url":"https:\/\/www.ull.es\/portal\/noticias\/","name":"ULL - Noticias","description":"","potentialAction":[{"@type":"SearchAction","target":{"@type":"EntryPoint","urlTemplate":"https:\/\/www.ull.es\/portal\/noticias\/?s={search_term_string}"},"query-input":"required name=search_term_string"}],"inLanguage":"es"},{"@type":"Person","@id":"https:\/\/www.ull.es\/portal\/noticias\/#\/schema\/person\/b2b1a89d43ffa609e591f7df8ef3e817","name":"gaprsa","image":{"@type":"ImageObject","inLanguage":"es","@id":"https:\/\/www.ull.es\/portal\/noticias\/#\/schema\/person\/image\/","url":"https:\/\/secure.gravatar.com\/avatar\/443820550921091458b4823867723b3d?s=96&d=mm&r=g","contentUrl":"https:\/\/secure.gravatar.com\/avatar\/443820550921091458b4823867723b3d?s=96&d=mm&r=g","caption":"gaprsa"},"url":"https:\/\/www.ull.es\/portal\/noticias\/author\/gaprsa\/"}]}},"primary_category":{"id":344,"name":"Cultura","slug":"cultura","link":"https:\/\/www.ull.es\/portal\/noticias\/category\/cultura\/"},"featured_image_thumbnail_url":"https:\/\/www.ull.es\/portal\/noticias\/wp-content\/uploads\/sites\/13\/2021\/05\/Expo-Matematic-mundo-mejor-13-300x200.jpg","_links":{"self":[{"href":"https:\/\/www.ull.es\/portal\/noticias\/wp-json\/wp\/v2\/posts\/56165"}],"collection":[{"href":"https:\/\/www.ull.es\/portal\/noticias\/wp-json\/wp\/v2\/posts"}],"about":[{"href":"https:\/\/www.ull.es\/portal\/noticias\/wp-json\/wp\/v2\/types\/post"}],"author":[{"embeddable":true,"href":"https:\/\/www.ull.es\/portal\/noticias\/wp-json\/wp\/v2\/users\/23"}],"replies":[{"embeddable":true,"href":"https:\/\/www.ull.es\/portal\/noticias\/wp-json\/wp\/v2\/comments?post=56165"}],"version-history":[{"count":3,"href":"https:\/\/www.ull.es\/portal\/noticias\/wp-json\/wp\/v2\/posts\/56165\/revisions"}],"predecessor-version":[{"id":56171,"href":"https:\/\/www.ull.es\/portal\/noticias\/wp-json\/wp\/v2\/posts\/56165\/revisions\/56171"}],"wp:featuredmedia":[{"embeddable":true,"href":"https:\/\/www.ull.es\/portal\/noticias\/wp-json\/wp\/v2\/media\/56168"}],"wp:attachment":[{"href":"https:\/\/www.ull.es\/portal\/noticias\/wp-json\/wp\/v2\/media?parent=56165"}],"wp:term":[{"taxonomy":"category","embeddable":true,"href":"https:\/\/www.ull.es\/portal\/noticias\/wp-json\/wp\/v2\/categories?post=56165"},{"taxonomy":"post_tag","embeddable":true,"href":"https:\/\/www.ull.es\/portal\/noticias\/wp-json\/wp\/v2\/tags?post=56165"}],"curies":[{"name":"wp","href":"https:\/\/api.w.org\/{rel}","templated":true}]}}