{"id":56183,"date":"2021-05-11T12:31:56","date_gmt":"2021-05-11T12:31:56","guid":{"rendered":"https:\/\/www.ull.es\/portal\/noticias\/?p=56183"},"modified":"2021-05-11T12:31:56","modified_gmt":"2021-05-11T12:31:56","slug":"la-ull-sede-del-trigesimo-primer-congreso-de-la-sociedad-hispano-portuguesa-para-el-estudio-del-renacimiento-ingles","status":"publish","type":"post","link":"https:\/\/www.ull.es\/portal\/noticias\/2021\/la-ull-sede-del-trigesimo-primer-congreso-de-la-sociedad-hispano-portuguesa-para-el-estudio-del-renacimiento-ingles\/","title":{"rendered":"La ULL, sede del trig\u00e9simo primer congreso de la Sociedad Hispano-Portuguesa para el Estudio del Renacimiento Ingl\u00e9s"},"content":{"rendered":"<p>La Sociedad Hispano-Portuguesa para el Estudio del Renacimiento Ingl\u00e9s (SEDERI en sus siglas inglesas) ha seleccionado la Universidad de La Laguna como instituci\u00f3n encargada de organizar su <a href=\"https:\/\/eventos.ull.es\/59466\/detail\/31st-sederi-international-conference.-hells-and-heavens-of-early-modern-england.html\" target=\"_blank\" rel=\"noopener\">trig\u00e9simo primer congreso internacional<\/a>, que se desarrollar\u00e1 de manera online entre los pr\u00f3ximos d\u00edas 12 y 14 de mayo. El comit\u00e9 organizador est\u00e1 presidido por el profesor del Departamento de Filolog\u00eda Inglesa y Alemana de la instituci\u00f3n tinerfe\u00f1a Jos\u00e9 Tom\u00e1s Monterrey Rodr\u00edguez.<\/p>\n<p>Este encuentro constituye uno de los m\u00e1s importantes foros acad\u00e9micos internacionales especializados en el renacimiento ingl\u00e9s en toda su amplitud, pues no se circunscribe solamente a la literatura, cultura y lengua, sino que tambi\u00e9n abarca otros aspectos de historia y sociedad, ciencia y conocimiento, geograf\u00eda y cartograf\u00eda, expansi\u00f3n colonial y relaciones interculturales, g\u00e9nero, filosof\u00eda, religi\u00f3n, econom\u00eda, diplomacia (especialmente con la Pen\u00ednsula Ib\u00e9rica), educaci\u00f3n, edici\u00f3n de textos, por mencionar algunos.\u00a0El significado de Tenerife, que tambi\u00e9n forma parte del imaginario de la \u00e9poca, ha inspirado tanto el cartel, dise\u00f1ado por la artista Patricia Delgado, como el tema central del congreso: \u201cInfiernos y Cielos del Renacimiento Ingl\u00e9s\u201d. Cabe recordar que en el periodo objeto de estudio de este congreso, el comercio de vino tinerfe\u00f1o estaba en su apogeo y que la figura del Teide ya hab\u00eda alcanzado cierta celebridad universal con algunas referencias por parte de poetas de la \u00e9poca.<\/p>\n<p>El congreso se divide en veinte paneles tem\u00e1ticos que se desarrollar\u00e1n a lo largo de los tres d\u00edas de duraci\u00f3n del evento, lo cual obliga a que varios de ellos se celebren de manera simult\u00e1nea. En cada uno de ellos se presentar\u00e1n comunicaciones relacionadas con cada uno de los temas propuestos, que abarcan cuestiones como embajadores y gobernadores, el teatro de la Restauraci\u00f3n, hero\u00ednas dram\u00e1ticas de principios del siglo XVII, baladas y madrigales, la espiritualidad de las mujeres o monogr\u00e1ficos sobre obras de Shakespeare como Hamlet, Ricardo III y Macbeth, por citar algunos.\u00a0Tambi\u00e9n habr\u00e1 tres conferencias plenarias comunes para todos los congresistas, a cargo de Tanya Pollard, de la Universidad de la Ciudad de Nueva York; Margaret J. M. Ezell, de la Universidad A&amp;M de Texas; y Nandini Das, de la Universidad de Oxford.<\/p>\n","protected":false},"excerpt":{"rendered":"<p>La Sociedad Hispano-Portuguesa para el Estudio del Renacimiento Ingl\u00e9s (SEDERI en sus siglas inglesas) ha seleccionado la Universidad de La&#8230;<\/p>\n","protected":false},"author":23,"featured_media":56184,"comment_status":"closed","ping_status":"closed","sticky":false,"template":"","format":"standard","meta":{"inline_featured_image":false,"footnotes":""},"categories":[3785,345,3994,3411,350,2765],"tags":[7431,7430],"acf":[],"yoast_head":"<!-- This site is optimized with the Yoast SEO plugin v21.3 - https:\/\/yoast.com\/wordpress\/plugins\/seo\/ -->\n<title>La ULL, sede del trig\u00e9simo primer congreso de la Sociedad Hispano-Portuguesa para el Estudio del Renacimiento Ingl\u00e9s - ULL - Noticias<\/title>\n<meta name=\"robots\" content=\"index, follow, max-snippet:-1, max-image-preview:large, max-video-preview:-1\" \/>\n<link rel=\"canonical\" href=\"https:\/\/www.ull.es\/portal\/noticias\/2021\/la-ull-sede-del-trigesimo-primer-congreso-de-la-sociedad-hispano-portuguesa-para-el-estudio-del-renacimiento-ingles\/\" \/>\n<meta property=\"og:locale\" content=\"es_ES\" \/>\n<meta property=\"og:type\" content=\"article\" \/>\n<meta property=\"og:title\" content=\"La ULL, sede del trig\u00e9simo primer congreso de la Sociedad Hispano-Portuguesa para el Estudio del Renacimiento Ingl\u00e9s - ULL - Noticias\" \/>\n<meta property=\"og:description\" content=\"La Sociedad Hispano-Portuguesa para el Estudio del Renacimiento Ingl\u00e9s (SEDERI en sus siglas inglesas) ha seleccionado la Universidad de La...\" \/>\n<meta property=\"og:url\" content=\"https:\/\/www.ull.es\/portal\/noticias\/2021\/la-ull-sede-del-trigesimo-primer-congreso-de-la-sociedad-hispano-portuguesa-para-el-estudio-del-renacimiento-ingles\/\" \/>\n<meta property=\"og:site_name\" content=\"ULL - Noticias\" \/>\n<meta property=\"article:publisher\" content=\"https:\/\/www.facebook.com\/universidaddelalaguna\/\" \/>\n<meta property=\"article:published_time\" content=\"2021-05-11T12:31:56+00:00\" \/>\n<meta property=\"og:image\" content=\"https:\/\/www.ull.es\/portal\/noticias\/wp-content\/uploads\/sites\/13\/2021\/05\/cartel-SEDERI.jpg\" \/>\n\t<meta property=\"og:image:width\" content=\"700\" \/>\n\t<meta property=\"og:image:height\" content=\"350\" \/>\n\t<meta property=\"og:image:type\" content=\"image\/jpeg\" \/>\n<meta name=\"author\" content=\"gaprsa\" \/>\n<meta name=\"twitter:card\" content=\"summary_large_image\" \/>\n<meta name=\"twitter:creator\" content=\"@CanalULL\" \/>\n<meta name=\"twitter:site\" content=\"@CanalULL\" \/>\n<meta name=\"twitter:label1\" content=\"Escrito por\" \/>\n\t<meta name=\"twitter:data1\" content=\"gaprsa\" \/>\n\t<meta name=\"twitter:label2\" content=\"Tiempo de lectura\" \/>\n\t<meta name=\"twitter:data2\" content=\"2 minutos\" \/>\n<script type=\"application\/ld+json\" class=\"yoast-schema-graph\">{\"@context\":\"https:\/\/schema.org\",\"@graph\":[{\"@type\":\"WebPage\",\"@id\":\"https:\/\/www.ull.es\/portal\/noticias\/2021\/la-ull-sede-del-trigesimo-primer-congreso-de-la-sociedad-hispano-portuguesa-para-el-estudio-del-renacimiento-ingles\/\",\"url\":\"https:\/\/www.ull.es\/portal\/noticias\/2021\/la-ull-sede-del-trigesimo-primer-congreso-de-la-sociedad-hispano-portuguesa-para-el-estudio-del-renacimiento-ingles\/\",\"name\":\"La ULL, sede del trig\u00e9simo primer congreso de la Sociedad Hispano-Portuguesa para el Estudio del Renacimiento Ingl\u00e9s - ULL - Noticias\",\"isPartOf\":{\"@id\":\"https:\/\/www.ull.es\/portal\/noticias\/#website\"},\"datePublished\":\"2021-05-11T12:31:56+00:00\",\"dateModified\":\"2021-05-11T12:31:56+00:00\",\"author\":{\"@id\":\"https:\/\/www.ull.es\/portal\/noticias\/#\/schema\/person\/b2b1a89d43ffa609e591f7df8ef3e817\"},\"breadcrumb\":{\"@id\":\"https:\/\/www.ull.es\/portal\/noticias\/2021\/la-ull-sede-del-trigesimo-primer-congreso-de-la-sociedad-hispano-portuguesa-para-el-estudio-del-renacimiento-ingles\/#breadcrumb\"},\"inLanguage\":\"es\",\"potentialAction\":[{\"@type\":\"ReadAction\",\"target\":[\"https:\/\/www.ull.es\/portal\/noticias\/2021\/la-ull-sede-del-trigesimo-primer-congreso-de-la-sociedad-hispano-portuguesa-para-el-estudio-del-renacimiento-ingles\/\"]}]},{\"@type\":\"BreadcrumbList\",\"@id\":\"https:\/\/www.ull.es\/portal\/noticias\/2021\/la-ull-sede-del-trigesimo-primer-congreso-de-la-sociedad-hispano-portuguesa-para-el-estudio-del-renacimiento-ingles\/#breadcrumb\",\"itemListElement\":[{\"@type\":\"ListItem\",\"position\":1,\"name\":\"Portada\",\"item\":\"https:\/\/www.ull.es\/portal\/noticias\/\"},{\"@type\":\"ListItem\",\"position\":2,\"name\":\"La ULL, sede del trig\u00e9simo primer congreso de la Sociedad Hispano-Portuguesa para el Estudio del Renacimiento Ingl\u00e9s\"}]},{\"@type\":\"WebSite\",\"@id\":\"https:\/\/www.ull.es\/portal\/noticias\/#website\",\"url\":\"https:\/\/www.ull.es\/portal\/noticias\/\",\"name\":\"ULL - Noticias\",\"description\":\"\",\"potentialAction\":[{\"@type\":\"SearchAction\",\"target\":{\"@type\":\"EntryPoint\",\"urlTemplate\":\"https:\/\/www.ull.es\/portal\/noticias\/?s={search_term_string}\"},\"query-input\":\"required name=search_term_string\"}],\"inLanguage\":\"es\"},{\"@type\":\"Person\",\"@id\":\"https:\/\/www.ull.es\/portal\/noticias\/#\/schema\/person\/b2b1a89d43ffa609e591f7df8ef3e817\",\"name\":\"gaprsa\",\"image\":{\"@type\":\"ImageObject\",\"inLanguage\":\"es\",\"@id\":\"https:\/\/www.ull.es\/portal\/noticias\/#\/schema\/person\/image\/\",\"url\":\"https:\/\/secure.gravatar.com\/avatar\/443820550921091458b4823867723b3d?s=96&d=mm&r=g\",\"contentUrl\":\"https:\/\/secure.gravatar.com\/avatar\/443820550921091458b4823867723b3d?s=96&d=mm&r=g\",\"caption\":\"gaprsa\"},\"url\":\"https:\/\/www.ull.es\/portal\/noticias\/author\/gaprsa\/\"}]}<\/script>\n<!-- \/ Yoast SEO plugin. -->","yoast_head_json":{"title":"La ULL, sede del trig\u00e9simo primer congreso de la Sociedad Hispano-Portuguesa para el Estudio del Renacimiento Ingl\u00e9s - ULL - Noticias","robots":{"index":"index","follow":"follow","max-snippet":"max-snippet:-1","max-image-preview":"max-image-preview:large","max-video-preview":"max-video-preview:-1"},"canonical":"https:\/\/www.ull.es\/portal\/noticias\/2021\/la-ull-sede-del-trigesimo-primer-congreso-de-la-sociedad-hispano-portuguesa-para-el-estudio-del-renacimiento-ingles\/","og_locale":"es_ES","og_type":"article","og_title":"La ULL, sede del trig\u00e9simo primer congreso de la Sociedad Hispano-Portuguesa para el Estudio del Renacimiento Ingl\u00e9s - ULL - Noticias","og_description":"La Sociedad Hispano-Portuguesa para el Estudio del Renacimiento Ingl\u00e9s (SEDERI en sus siglas inglesas) ha seleccionado la Universidad de La...","og_url":"https:\/\/www.ull.es\/portal\/noticias\/2021\/la-ull-sede-del-trigesimo-primer-congreso-de-la-sociedad-hispano-portuguesa-para-el-estudio-del-renacimiento-ingles\/","og_site_name":"ULL - Noticias","article_publisher":"https:\/\/www.facebook.com\/universidaddelalaguna\/","article_published_time":"2021-05-11T12:31:56+00:00","og_image":[{"width":700,"height":350,"url":"https:\/\/www.ull.es\/portal\/noticias\/wp-content\/uploads\/sites\/13\/2021\/05\/cartel-SEDERI.jpg","type":"image\/jpeg"}],"author":"gaprsa","twitter_card":"summary_large_image","twitter_creator":"@CanalULL","twitter_site":"@CanalULL","twitter_misc":{"Escrito por":"gaprsa","Tiempo de lectura":"2 minutos"},"schema":{"@context":"https:\/\/schema.org","@graph":[{"@type":"WebPage","@id":"https:\/\/www.ull.es\/portal\/noticias\/2021\/la-ull-sede-del-trigesimo-primer-congreso-de-la-sociedad-hispano-portuguesa-para-el-estudio-del-renacimiento-ingles\/","url":"https:\/\/www.ull.es\/portal\/noticias\/2021\/la-ull-sede-del-trigesimo-primer-congreso-de-la-sociedad-hispano-portuguesa-para-el-estudio-del-renacimiento-ingles\/","name":"La ULL, sede del trig\u00e9simo primer congreso de la Sociedad Hispano-Portuguesa para el Estudio del Renacimiento Ingl\u00e9s - ULL - Noticias","isPartOf":{"@id":"https:\/\/www.ull.es\/portal\/noticias\/#website"},"datePublished":"2021-05-11T12:31:56+00:00","dateModified":"2021-05-11T12:31:56+00:00","author":{"@id":"https:\/\/www.ull.es\/portal\/noticias\/#\/schema\/person\/b2b1a89d43ffa609e591f7df8ef3e817"},"breadcrumb":{"@id":"https:\/\/www.ull.es\/portal\/noticias\/2021\/la-ull-sede-del-trigesimo-primer-congreso-de-la-sociedad-hispano-portuguesa-para-el-estudio-del-renacimiento-ingles\/#breadcrumb"},"inLanguage":"es","potentialAction":[{"@type":"ReadAction","target":["https:\/\/www.ull.es\/portal\/noticias\/2021\/la-ull-sede-del-trigesimo-primer-congreso-de-la-sociedad-hispano-portuguesa-para-el-estudio-del-renacimiento-ingles\/"]}]},{"@type":"BreadcrumbList","@id":"https:\/\/www.ull.es\/portal\/noticias\/2021\/la-ull-sede-del-trigesimo-primer-congreso-de-la-sociedad-hispano-portuguesa-para-el-estudio-del-renacimiento-ingles\/#breadcrumb","itemListElement":[{"@type":"ListItem","position":1,"name":"Portada","item":"https:\/\/www.ull.es\/portal\/noticias\/"},{"@type":"ListItem","position":2,"name":"La ULL, sede del trig\u00e9simo primer congreso de la Sociedad Hispano-Portuguesa para el Estudio del Renacimiento Ingl\u00e9s"}]},{"@type":"WebSite","@id":"https:\/\/www.ull.es\/portal\/noticias\/#website","url":"https:\/\/www.ull.es\/portal\/noticias\/","name":"ULL - Noticias","description":"","potentialAction":[{"@type":"SearchAction","target":{"@type":"EntryPoint","urlTemplate":"https:\/\/www.ull.es\/portal\/noticias\/?s={search_term_string}"},"query-input":"required name=search_term_string"}],"inLanguage":"es"},{"@type":"Person","@id":"https:\/\/www.ull.es\/portal\/noticias\/#\/schema\/person\/b2b1a89d43ffa609e591f7df8ef3e817","name":"gaprsa","image":{"@type":"ImageObject","inLanguage":"es","@id":"https:\/\/www.ull.es\/portal\/noticias\/#\/schema\/person\/image\/","url":"https:\/\/secure.gravatar.com\/avatar\/443820550921091458b4823867723b3d?s=96&d=mm&r=g","contentUrl":"https:\/\/secure.gravatar.com\/avatar\/443820550921091458b4823867723b3d?s=96&d=mm&r=g","caption":"gaprsa"},"url":"https:\/\/www.ull.es\/portal\/noticias\/author\/gaprsa\/"}]}},"primary_category":{"id":345,"name":"Destacado","slug":"destacado","link":"https:\/\/www.ull.es\/portal\/noticias\/category\/destacado\/"},"featured_image_thumbnail_url":"https:\/\/www.ull.es\/portal\/noticias\/wp-content\/uploads\/sites\/13\/2021\/05\/cartel-SEDERI-300x150.jpg","_links":{"self":[{"href":"https:\/\/www.ull.es\/portal\/noticias\/wp-json\/wp\/v2\/posts\/56183"}],"collection":[{"href":"https:\/\/www.ull.es\/portal\/noticias\/wp-json\/wp\/v2\/posts"}],"about":[{"href":"https:\/\/www.ull.es\/portal\/noticias\/wp-json\/wp\/v2\/types\/post"}],"author":[{"embeddable":true,"href":"https:\/\/www.ull.es\/portal\/noticias\/wp-json\/wp\/v2\/users\/23"}],"replies":[{"embeddable":true,"href":"https:\/\/www.ull.es\/portal\/noticias\/wp-json\/wp\/v2\/comments?post=56183"}],"version-history":[{"count":2,"href":"https:\/\/www.ull.es\/portal\/noticias\/wp-json\/wp\/v2\/posts\/56183\/revisions"}],"predecessor-version":[{"id":56186,"href":"https:\/\/www.ull.es\/portal\/noticias\/wp-json\/wp\/v2\/posts\/56183\/revisions\/56186"}],"wp:featuredmedia":[{"embeddable":true,"href":"https:\/\/www.ull.es\/portal\/noticias\/wp-json\/wp\/v2\/media\/56184"}],"wp:attachment":[{"href":"https:\/\/www.ull.es\/portal\/noticias\/wp-json\/wp\/v2\/media?parent=56183"}],"wp:term":[{"taxonomy":"category","embeddable":true,"href":"https:\/\/www.ull.es\/portal\/noticias\/wp-json\/wp\/v2\/categories?post=56183"},{"taxonomy":"post_tag","embeddable":true,"href":"https:\/\/www.ull.es\/portal\/noticias\/wp-json\/wp\/v2\/tags?post=56183"}],"curies":[{"name":"wp","href":"https:\/\/api.w.org\/{rel}","templated":true}]}}