{"id":56404,"date":"2021-05-21T09:21:34","date_gmt":"2021-05-21T09:21:34","guid":{"rendered":"https:\/\/www.ull.es\/portal\/noticias\/?p=56404"},"modified":"2021-05-21T09:25:50","modified_gmt":"2021-05-21T09:25:50","slug":"la-universidad-de-la-laguna-comprometida-con-la-orquesta-de-camara-de-canarias","status":"publish","type":"post","link":"https:\/\/www.ull.es\/portal\/noticias\/2021\/la-universidad-de-la-laguna-comprometida-con-la-orquesta-de-camara-de-canarias\/","title":{"rendered":"La Universidad de La Laguna, comprometida con la Orquesta de C\u00e1mara de Canarias"},"content":{"rendered":"<p>La rectora de la Universidad de La Laguna, Rosa Aguilar, y el director de la Orquesta de C\u00e1mara de Canarias, Patricio Guti\u00e9rrez, han firmado hoy 21 de mayo un convenio de colaboraci\u00f3n para que ambas entidades emprendan acciones conjuntas, entre ellas la celebraci\u00f3n de talleres o el propio uso del Paraninfo del centro docente por parte de la formaci\u00f3n musical.\u00a0Esta orquesta, que dio en su d\u00eda origen a la actual Orquesta Sinf\u00f3nica de Tenerife, desapareci\u00f3 en favor de la segunda en 1970. El actual director ha tenido la idea de reavivarla, con el objeto de mantener una programaci\u00f3n estable al a\u00f1o y recuperar as\u00ed el repertorio de los siglos XVIII, XIX y XX, al tiempo que crear obras nuevas.<\/p>\n<p>Con la evoluci\u00f3n de la escritura musical, la aparici\u00f3n de los instrumentos de viento, el acceso de la burgues\u00eda al consumo cultural y la construcci\u00f3n de grandes teatros, las orquestas de c\u00e1mara comenzaron a menguar en pro de formaciones musicales m\u00e1s amplias. En este caso, la reactivaci\u00f3n viene de la mano de la propia universidad, ya que Patricio Guti\u00e9rrez se ha apoyado en el profesor de musicolog\u00eda de la Universidad de La Laguna Pompeyo P\u00e9rez D\u00edaz para darle vida a este nuevo proyecto, en calidad de secretario de la asociaci\u00f3n que se ha creado a tal efecto, y que ya ha celebrado algunos conciertos.<\/p>\n<p>El prop\u00f3sito es celebrar en el propio centro acad\u00e9mico algunos talleres sobre repertorio camer\u00edstico, con la posibilidad de llegar a conformar m\u00e1s a largo plazo un t\u00edtulo de posgrado. La rectora del centro acad\u00e9mico, Rosa Aguilar, se mostr\u00f3 muy interesada en el proyecto, que le pareci\u00f3 muy oportuno para hacer llegar a los j\u00f3venes el gusto por la m\u00fasica, de tal forma que los universitarios visualicen en la orquesta un futuro profesional.<\/p>\n<p>El convenio servir\u00e1 igualmente para dinamizar la programaci\u00f3n cultural de la Universidad de La Laguna, agreg\u00f3 el vicerrector de Cultura y Participaci\u00f3n Social, Juan Albino M\u00e9ndez. El estudio e investigaciones conjuntas, la formaci\u00f3n y el perfeccionamiento de docentes e investigadores son otros prop\u00f3sitos contenidos en el documento firmado hoy en el Rectorado.\u00a0El acuerdo tendr\u00e1 una vigencia de cuatro a\u00f1os, con la posibilidad de acordar una pr\u00f3rroga por el mismo periodo. Como es habitual en este tipo de r\u00fabricas, una comisi\u00f3n de seguimiento velar\u00e1 por el adecuado cumplimiento del convenio, cuyo protocolo de actuaci\u00f3n no conlleva ning\u00fan gasto aparejado.<\/p>\n","protected":false},"excerpt":{"rendered":"<p>La rectora de la Universidad de La Laguna, Rosa Aguilar, y el director de la Orquesta de C\u00e1mara de Canarias,&#8230;<\/p>\n","protected":false},"author":23,"featured_media":56407,"comment_status":"closed","ping_status":"closed","sticky":false,"template":"","format":"standard","meta":{"inline_featured_image":false,"footnotes":""},"categories":[344,345,2765],"tags":[7356,5789,7476,7477,7478],"acf":[],"yoast_head":"<!-- This site is optimized with the Yoast SEO plugin v21.3 - https:\/\/yoast.com\/wordpress\/plugins\/seo\/ -->\n<title>La Universidad de La Laguna, comprometida con la Orquesta de C\u00e1mara de Canarias - ULL - Noticias<\/title>\n<meta name=\"robots\" content=\"index, follow, max-snippet:-1, max-image-preview:large, max-video-preview:-1\" \/>\n<link rel=\"canonical\" href=\"https:\/\/www.ull.es\/portal\/noticias\/2021\/la-universidad-de-la-laguna-comprometida-con-la-orquesta-de-camara-de-canarias\/\" \/>\n<meta property=\"og:locale\" content=\"es_ES\" \/>\n<meta property=\"og:type\" content=\"article\" \/>\n<meta property=\"og:title\" content=\"La Universidad de La Laguna, comprometida con la Orquesta de C\u00e1mara de Canarias - ULL - Noticias\" \/>\n<meta property=\"og:description\" content=\"La rectora de la Universidad de La Laguna, Rosa Aguilar, y el director de la Orquesta de C\u00e1mara de Canarias,...\" \/>\n<meta property=\"og:url\" content=\"https:\/\/www.ull.es\/portal\/noticias\/2021\/la-universidad-de-la-laguna-comprometida-con-la-orquesta-de-camara-de-canarias\/\" \/>\n<meta property=\"og:site_name\" content=\"ULL - Noticias\" \/>\n<meta property=\"article:publisher\" content=\"https:\/\/www.facebook.com\/universidaddelalaguna\/\" \/>\n<meta property=\"article:published_time\" content=\"2021-05-21T09:21:34+00:00\" \/>\n<meta property=\"article:modified_time\" content=\"2021-05-21T09:25:50+00:00\" \/>\n<meta property=\"og:image\" content=\"https:\/\/www.ull.es\/portal\/noticias\/wp-content\/uploads\/sites\/13\/2021\/05\/convenio-orquesta-camara-canarias_patricio-rguez_rosa-aguilar_juan-albino-mendez_pompeyo-perez.jpg\" \/>\n\t<meta property=\"og:image:width\" content=\"1200\" \/>\n\t<meta property=\"og:image:height\" content=\"800\" \/>\n\t<meta property=\"og:image:type\" content=\"image\/jpeg\" \/>\n<meta name=\"author\" content=\"gaprsa\" \/>\n<meta name=\"twitter:card\" content=\"summary_large_image\" \/>\n<meta name=\"twitter:creator\" content=\"@CanalULL\" \/>\n<meta name=\"twitter:site\" content=\"@CanalULL\" \/>\n<meta name=\"twitter:label1\" content=\"Escrito por\" \/>\n\t<meta name=\"twitter:data1\" content=\"gaprsa\" \/>\n\t<meta name=\"twitter:label2\" content=\"Tiempo de lectura\" \/>\n\t<meta name=\"twitter:data2\" content=\"2 minutos\" \/>\n<script type=\"application\/ld+json\" class=\"yoast-schema-graph\">{\"@context\":\"https:\/\/schema.org\",\"@graph\":[{\"@type\":\"WebPage\",\"@id\":\"https:\/\/www.ull.es\/portal\/noticias\/2021\/la-universidad-de-la-laguna-comprometida-con-la-orquesta-de-camara-de-canarias\/\",\"url\":\"https:\/\/www.ull.es\/portal\/noticias\/2021\/la-universidad-de-la-laguna-comprometida-con-la-orquesta-de-camara-de-canarias\/\",\"name\":\"La Universidad de La Laguna, comprometida con la Orquesta de C\u00e1mara de Canarias - ULL - Noticias\",\"isPartOf\":{\"@id\":\"https:\/\/www.ull.es\/portal\/noticias\/#website\"},\"datePublished\":\"2021-05-21T09:21:34+00:00\",\"dateModified\":\"2021-05-21T09:25:50+00:00\",\"author\":{\"@id\":\"https:\/\/www.ull.es\/portal\/noticias\/#\/schema\/person\/b2b1a89d43ffa609e591f7df8ef3e817\"},\"breadcrumb\":{\"@id\":\"https:\/\/www.ull.es\/portal\/noticias\/2021\/la-universidad-de-la-laguna-comprometida-con-la-orquesta-de-camara-de-canarias\/#breadcrumb\"},\"inLanguage\":\"es\",\"potentialAction\":[{\"@type\":\"ReadAction\",\"target\":[\"https:\/\/www.ull.es\/portal\/noticias\/2021\/la-universidad-de-la-laguna-comprometida-con-la-orquesta-de-camara-de-canarias\/\"]}]},{\"@type\":\"BreadcrumbList\",\"@id\":\"https:\/\/www.ull.es\/portal\/noticias\/2021\/la-universidad-de-la-laguna-comprometida-con-la-orquesta-de-camara-de-canarias\/#breadcrumb\",\"itemListElement\":[{\"@type\":\"ListItem\",\"position\":1,\"name\":\"Portada\",\"item\":\"https:\/\/www.ull.es\/portal\/noticias\/\"},{\"@type\":\"ListItem\",\"position\":2,\"name\":\"La Universidad de La Laguna, comprometida con la Orquesta de C\u00e1mara de Canarias\"}]},{\"@type\":\"WebSite\",\"@id\":\"https:\/\/www.ull.es\/portal\/noticias\/#website\",\"url\":\"https:\/\/www.ull.es\/portal\/noticias\/\",\"name\":\"ULL - Noticias\",\"description\":\"\",\"potentialAction\":[{\"@type\":\"SearchAction\",\"target\":{\"@type\":\"EntryPoint\",\"urlTemplate\":\"https:\/\/www.ull.es\/portal\/noticias\/?s={search_term_string}\"},\"query-input\":\"required name=search_term_string\"}],\"inLanguage\":\"es\"},{\"@type\":\"Person\",\"@id\":\"https:\/\/www.ull.es\/portal\/noticias\/#\/schema\/person\/b2b1a89d43ffa609e591f7df8ef3e817\",\"name\":\"gaprsa\",\"image\":{\"@type\":\"ImageObject\",\"inLanguage\":\"es\",\"@id\":\"https:\/\/www.ull.es\/portal\/noticias\/#\/schema\/person\/image\/\",\"url\":\"https:\/\/secure.gravatar.com\/avatar\/443820550921091458b4823867723b3d?s=96&d=mm&r=g\",\"contentUrl\":\"https:\/\/secure.gravatar.com\/avatar\/443820550921091458b4823867723b3d?s=96&d=mm&r=g\",\"caption\":\"gaprsa\"},\"url\":\"https:\/\/www.ull.es\/portal\/noticias\/author\/gaprsa\/\"}]}<\/script>\n<!-- \/ Yoast SEO plugin. -->","yoast_head_json":{"title":"La Universidad de La Laguna, comprometida con la Orquesta de C\u00e1mara de Canarias - ULL - Noticias","robots":{"index":"index","follow":"follow","max-snippet":"max-snippet:-1","max-image-preview":"max-image-preview:large","max-video-preview":"max-video-preview:-1"},"canonical":"https:\/\/www.ull.es\/portal\/noticias\/2021\/la-universidad-de-la-laguna-comprometida-con-la-orquesta-de-camara-de-canarias\/","og_locale":"es_ES","og_type":"article","og_title":"La Universidad de La Laguna, comprometida con la Orquesta de C\u00e1mara de Canarias - ULL - Noticias","og_description":"La rectora de la Universidad de La Laguna, Rosa Aguilar, y el director de la Orquesta de C\u00e1mara de Canarias,...","og_url":"https:\/\/www.ull.es\/portal\/noticias\/2021\/la-universidad-de-la-laguna-comprometida-con-la-orquesta-de-camara-de-canarias\/","og_site_name":"ULL - Noticias","article_publisher":"https:\/\/www.facebook.com\/universidaddelalaguna\/","article_published_time":"2021-05-21T09:21:34+00:00","article_modified_time":"2021-05-21T09:25:50+00:00","og_image":[{"width":1200,"height":800,"url":"https:\/\/www.ull.es\/portal\/noticias\/wp-content\/uploads\/sites\/13\/2021\/05\/convenio-orquesta-camara-canarias_patricio-rguez_rosa-aguilar_juan-albino-mendez_pompeyo-perez.jpg","type":"image\/jpeg"}],"author":"gaprsa","twitter_card":"summary_large_image","twitter_creator":"@CanalULL","twitter_site":"@CanalULL","twitter_misc":{"Escrito por":"gaprsa","Tiempo de lectura":"2 minutos"},"schema":{"@context":"https:\/\/schema.org","@graph":[{"@type":"WebPage","@id":"https:\/\/www.ull.es\/portal\/noticias\/2021\/la-universidad-de-la-laguna-comprometida-con-la-orquesta-de-camara-de-canarias\/","url":"https:\/\/www.ull.es\/portal\/noticias\/2021\/la-universidad-de-la-laguna-comprometida-con-la-orquesta-de-camara-de-canarias\/","name":"La Universidad de La Laguna, comprometida con la Orquesta de C\u00e1mara de Canarias - ULL - Noticias","isPartOf":{"@id":"https:\/\/www.ull.es\/portal\/noticias\/#website"},"datePublished":"2021-05-21T09:21:34+00:00","dateModified":"2021-05-21T09:25:50+00:00","author":{"@id":"https:\/\/www.ull.es\/portal\/noticias\/#\/schema\/person\/b2b1a89d43ffa609e591f7df8ef3e817"},"breadcrumb":{"@id":"https:\/\/www.ull.es\/portal\/noticias\/2021\/la-universidad-de-la-laguna-comprometida-con-la-orquesta-de-camara-de-canarias\/#breadcrumb"},"inLanguage":"es","potentialAction":[{"@type":"ReadAction","target":["https:\/\/www.ull.es\/portal\/noticias\/2021\/la-universidad-de-la-laguna-comprometida-con-la-orquesta-de-camara-de-canarias\/"]}]},{"@type":"BreadcrumbList","@id":"https:\/\/www.ull.es\/portal\/noticias\/2021\/la-universidad-de-la-laguna-comprometida-con-la-orquesta-de-camara-de-canarias\/#breadcrumb","itemListElement":[{"@type":"ListItem","position":1,"name":"Portada","item":"https:\/\/www.ull.es\/portal\/noticias\/"},{"@type":"ListItem","position":2,"name":"La Universidad de La Laguna, comprometida con la Orquesta de C\u00e1mara de Canarias"}]},{"@type":"WebSite","@id":"https:\/\/www.ull.es\/portal\/noticias\/#website","url":"https:\/\/www.ull.es\/portal\/noticias\/","name":"ULL - Noticias","description":"","potentialAction":[{"@type":"SearchAction","target":{"@type":"EntryPoint","urlTemplate":"https:\/\/www.ull.es\/portal\/noticias\/?s={search_term_string}"},"query-input":"required name=search_term_string"}],"inLanguage":"es"},{"@type":"Person","@id":"https:\/\/www.ull.es\/portal\/noticias\/#\/schema\/person\/b2b1a89d43ffa609e591f7df8ef3e817","name":"gaprsa","image":{"@type":"ImageObject","inLanguage":"es","@id":"https:\/\/www.ull.es\/portal\/noticias\/#\/schema\/person\/image\/","url":"https:\/\/secure.gravatar.com\/avatar\/443820550921091458b4823867723b3d?s=96&d=mm&r=g","contentUrl":"https:\/\/secure.gravatar.com\/avatar\/443820550921091458b4823867723b3d?s=96&d=mm&r=g","caption":"gaprsa"},"url":"https:\/\/www.ull.es\/portal\/noticias\/author\/gaprsa\/"}]}},"primary_category":{"id":344,"name":"Cultura","slug":"cultura","link":"https:\/\/www.ull.es\/portal\/noticias\/category\/cultura\/"},"featured_image_thumbnail_url":"https:\/\/www.ull.es\/portal\/noticias\/wp-content\/uploads\/sites\/13\/2021\/05\/convenio-orquesta-camara-canarias_patricio-rguez_rosa-aguilar_juan-albino-mendez_pompeyo-perez-300x200.jpg","_links":{"self":[{"href":"https:\/\/www.ull.es\/portal\/noticias\/wp-json\/wp\/v2\/posts\/56404"}],"collection":[{"href":"https:\/\/www.ull.es\/portal\/noticias\/wp-json\/wp\/v2\/posts"}],"about":[{"href":"https:\/\/www.ull.es\/portal\/noticias\/wp-json\/wp\/v2\/types\/post"}],"author":[{"embeddable":true,"href":"https:\/\/www.ull.es\/portal\/noticias\/wp-json\/wp\/v2\/users\/23"}],"replies":[{"embeddable":true,"href":"https:\/\/www.ull.es\/portal\/noticias\/wp-json\/wp\/v2\/comments?post=56404"}],"version-history":[{"count":3,"href":"https:\/\/www.ull.es\/portal\/noticias\/wp-json\/wp\/v2\/posts\/56404\/revisions"}],"predecessor-version":[{"id":56409,"href":"https:\/\/www.ull.es\/portal\/noticias\/wp-json\/wp\/v2\/posts\/56404\/revisions\/56409"}],"wp:featuredmedia":[{"embeddable":true,"href":"https:\/\/www.ull.es\/portal\/noticias\/wp-json\/wp\/v2\/media\/56407"}],"wp:attachment":[{"href":"https:\/\/www.ull.es\/portal\/noticias\/wp-json\/wp\/v2\/media?parent=56404"}],"wp:term":[{"taxonomy":"category","embeddable":true,"href":"https:\/\/www.ull.es\/portal\/noticias\/wp-json\/wp\/v2\/categories?post=56404"},{"taxonomy":"post_tag","embeddable":true,"href":"https:\/\/www.ull.es\/portal\/noticias\/wp-json\/wp\/v2\/tags?post=56404"}],"curies":[{"name":"wp","href":"https:\/\/api.w.org\/{rel}","templated":true}]}}