{"id":56485,"date":"2021-05-25T09:47:07","date_gmt":"2021-05-25T09:47:07","guid":{"rendered":"https:\/\/www.ull.es\/portal\/noticias\/?p=56485"},"modified":"2021-05-25T09:50:11","modified_gmt":"2021-05-25T09:50:11","slug":"prosigue-el-ciclo-de-primavera-jovenes-interpretes-en-el-paraninfo-de-la-ull-con-cooper-trio","status":"publish","type":"post","link":"https:\/\/www.ull.es\/portal\/noticias\/2021\/prosigue-el-ciclo-de-primavera-jovenes-interpretes-en-el-paraninfo-de-la-ull-con-cooper-trio\/","title":{"rendered":"Prosigue el ciclo de Primavera J\u00f3venes Int\u00e9rpretes en el Paraninfo de la ULL con Cooper Tr\u00edo"},"content":{"rendered":"<p>El Paraninfo de la Universidad de La Laguna vuelve a dar cabida al ciclo de Primavera J\u00f3venes Int\u00e9rpretes, para mostrar al p\u00fablico el talento de los futuros m\u00fasicos profesionales de estas islas. Ma\u00f1ana mi\u00e9rcoles 26 de mayo es el turno de Cooper Tr\u00edo, formado por Paula Hern\u00e1ndez (piano), Ciro Hern\u00e1ndez (violonchelo) y Marie Cooper (viol\u00edn). Se trata de un grupo creado dentro del Aula de M\u00fasica de C\u00e1mara del Conservatorio Superior de M\u00fasica de Canarias, que presentar\u00e1 un programa con el que nos transportan \u201cde un lugar a otro en ese flujo arm\u00f3nico de la m\u00fasica desde hace siglos\u201d. La entrada es por invitaci\u00f3n, en el siguiente <a href=\"http:\/\/www.tomaticket.es\/paraninfoull\" target=\"_blank\" rel=\"noopener\">enlace<\/a>.<\/p>\n<p>El prop\u00f3sito de esta formaci\u00f3n es realizar un amplio recorrido musical: \u201cDesde la personalidad arrolladora-creativa de Beethoven, que quiso transformar con sus interpretaciones y composiciones el mundo musical que le rodeaba, a las ideas impresionistas y on\u00edricas de las sonoridades de Ravel o de Montsalvatge que inspiraron a sus generaciones hacia nuevos caminos. Y c\u00f3mo no Piazzolla, celebramos adem\u00e1s el centenario de su nacimiento\u201d.<\/p>\n<p>El repertorio previsto contempla as\u00ed obras de Beethoven (Op.70 n\u00ba1), Ravel (Sonatine), X. Montsalvatge Tr\u00edo (Ballada para Dulcinea, Di\u00e1logo con Monpou y Ritornello) y\u00a0 de Astor Piazzolla (Invierno Porte\u00f1o).<\/p>\n<p>Ciro Hern\u00e1ndez, violonchelista tinerfe\u00f1o, ha recibido clases y consejos magistrales de Asier Polo, Michel Strauss, Elizabeth Beaussier, Elene Cappa, Iagoba Fanlo, Emil Rovner, Naomi Barron o Tatiana Kuncherenkov. Ha sido alumno de Juraj Janosik, Johanna Kegel, Elena Lima e Miguel Jaubert en el Conservatorio, y comparte escena con excelentes m\u00fasicos canarios en formaciones como Tilellit D\u00fao, Socos D\u00fao, Mares\u00eda Tr\u00edo y A. A Quartet.<\/p>\n<p>&nbsp;<\/p>\n","protected":false},"excerpt":{"rendered":"<p>El Paraninfo de la Universidad de La Laguna vuelve a dar cabida al ciclo de Primavera J\u00f3venes Int\u00e9rpretes, para mostrar&#8230;<\/p>\n","protected":false},"author":23,"featured_media":56487,"comment_status":"closed","ping_status":"closed","sticky":false,"template":"","format":"standard","meta":{"inline_featured_image":false,"footnotes":""},"categories":[344,345,2765],"tags":[7491,2047,7358],"acf":[],"yoast_head":"<!-- This site is optimized with the Yoast SEO plugin v21.3 - https:\/\/yoast.com\/wordpress\/plugins\/seo\/ -->\n<title>Prosigue el ciclo de Primavera J\u00f3venes Int\u00e9rpretes en el Paraninfo de la ULL con Cooper Tr\u00edo - ULL - Noticias<\/title>\n<meta name=\"robots\" content=\"index, follow, max-snippet:-1, max-image-preview:large, max-video-preview:-1\" \/>\n<link rel=\"canonical\" href=\"https:\/\/www.ull.es\/portal\/noticias\/2021\/prosigue-el-ciclo-de-primavera-jovenes-interpretes-en-el-paraninfo-de-la-ull-con-cooper-trio\/\" \/>\n<meta property=\"og:locale\" content=\"es_ES\" \/>\n<meta property=\"og:type\" content=\"article\" \/>\n<meta property=\"og:title\" content=\"Prosigue el ciclo de Primavera J\u00f3venes Int\u00e9rpretes en el Paraninfo de la ULL con Cooper Tr\u00edo - ULL - Noticias\" \/>\n<meta property=\"og:description\" content=\"El Paraninfo de la Universidad de La Laguna vuelve a dar cabida al ciclo de Primavera J\u00f3venes Int\u00e9rpretes, para mostrar...\" \/>\n<meta property=\"og:url\" content=\"https:\/\/www.ull.es\/portal\/noticias\/2021\/prosigue-el-ciclo-de-primavera-jovenes-interpretes-en-el-paraninfo-de-la-ull-con-cooper-trio\/\" \/>\n<meta property=\"og:site_name\" content=\"ULL - Noticias\" \/>\n<meta property=\"article:publisher\" content=\"https:\/\/www.facebook.com\/universidaddelalaguna\/\" \/>\n<meta property=\"article:published_time\" content=\"2021-05-25T09:47:07+00:00\" \/>\n<meta property=\"article:modified_time\" content=\"2021-05-25T09:50:11+00:00\" \/>\n<meta property=\"og:image\" content=\"https:\/\/www.ull.es\/portal\/noticias\/wp-content\/uploads\/sites\/13\/2021\/05\/CARTEL26MAYO_AGENDA.jpg\" \/>\n\t<meta property=\"og:image:width\" content=\"700\" \/>\n\t<meta property=\"og:image:height\" content=\"350\" \/>\n\t<meta property=\"og:image:type\" content=\"image\/jpeg\" \/>\n<meta name=\"author\" content=\"gaprsa\" \/>\n<meta name=\"twitter:card\" content=\"summary_large_image\" \/>\n<meta name=\"twitter:creator\" content=\"@CanalULL\" \/>\n<meta name=\"twitter:site\" content=\"@CanalULL\" \/>\n<meta name=\"twitter:label1\" content=\"Escrito por\" \/>\n\t<meta name=\"twitter:data1\" content=\"gaprsa\" \/>\n\t<meta name=\"twitter:label2\" content=\"Tiempo de lectura\" \/>\n\t<meta name=\"twitter:data2\" content=\"2 minutos\" \/>\n<script type=\"application\/ld+json\" class=\"yoast-schema-graph\">{\"@context\":\"https:\/\/schema.org\",\"@graph\":[{\"@type\":\"WebPage\",\"@id\":\"https:\/\/www.ull.es\/portal\/noticias\/2021\/prosigue-el-ciclo-de-primavera-jovenes-interpretes-en-el-paraninfo-de-la-ull-con-cooper-trio\/\",\"url\":\"https:\/\/www.ull.es\/portal\/noticias\/2021\/prosigue-el-ciclo-de-primavera-jovenes-interpretes-en-el-paraninfo-de-la-ull-con-cooper-trio\/\",\"name\":\"Prosigue el ciclo de Primavera J\u00f3venes Int\u00e9rpretes en el Paraninfo de la ULL con Cooper Tr\u00edo - ULL - Noticias\",\"isPartOf\":{\"@id\":\"https:\/\/www.ull.es\/portal\/noticias\/#website\"},\"datePublished\":\"2021-05-25T09:47:07+00:00\",\"dateModified\":\"2021-05-25T09:50:11+00:00\",\"author\":{\"@id\":\"https:\/\/www.ull.es\/portal\/noticias\/#\/schema\/person\/b2b1a89d43ffa609e591f7df8ef3e817\"},\"breadcrumb\":{\"@id\":\"https:\/\/www.ull.es\/portal\/noticias\/2021\/prosigue-el-ciclo-de-primavera-jovenes-interpretes-en-el-paraninfo-de-la-ull-con-cooper-trio\/#breadcrumb\"},\"inLanguage\":\"es\",\"potentialAction\":[{\"@type\":\"ReadAction\",\"target\":[\"https:\/\/www.ull.es\/portal\/noticias\/2021\/prosigue-el-ciclo-de-primavera-jovenes-interpretes-en-el-paraninfo-de-la-ull-con-cooper-trio\/\"]}]},{\"@type\":\"BreadcrumbList\",\"@id\":\"https:\/\/www.ull.es\/portal\/noticias\/2021\/prosigue-el-ciclo-de-primavera-jovenes-interpretes-en-el-paraninfo-de-la-ull-con-cooper-trio\/#breadcrumb\",\"itemListElement\":[{\"@type\":\"ListItem\",\"position\":1,\"name\":\"Portada\",\"item\":\"https:\/\/www.ull.es\/portal\/noticias\/\"},{\"@type\":\"ListItem\",\"position\":2,\"name\":\"Prosigue el ciclo de Primavera J\u00f3venes Int\u00e9rpretes en el Paraninfo de la ULL con Cooper Tr\u00edo\"}]},{\"@type\":\"WebSite\",\"@id\":\"https:\/\/www.ull.es\/portal\/noticias\/#website\",\"url\":\"https:\/\/www.ull.es\/portal\/noticias\/\",\"name\":\"ULL - Noticias\",\"description\":\"\",\"potentialAction\":[{\"@type\":\"SearchAction\",\"target\":{\"@type\":\"EntryPoint\",\"urlTemplate\":\"https:\/\/www.ull.es\/portal\/noticias\/?s={search_term_string}\"},\"query-input\":\"required name=search_term_string\"}],\"inLanguage\":\"es\"},{\"@type\":\"Person\",\"@id\":\"https:\/\/www.ull.es\/portal\/noticias\/#\/schema\/person\/b2b1a89d43ffa609e591f7df8ef3e817\",\"name\":\"gaprsa\",\"image\":{\"@type\":\"ImageObject\",\"inLanguage\":\"es\",\"@id\":\"https:\/\/www.ull.es\/portal\/noticias\/#\/schema\/person\/image\/\",\"url\":\"https:\/\/secure.gravatar.com\/avatar\/443820550921091458b4823867723b3d?s=96&d=mm&r=g\",\"contentUrl\":\"https:\/\/secure.gravatar.com\/avatar\/443820550921091458b4823867723b3d?s=96&d=mm&r=g\",\"caption\":\"gaprsa\"},\"url\":\"https:\/\/www.ull.es\/portal\/noticias\/author\/gaprsa\/\"}]}<\/script>\n<!-- \/ Yoast SEO plugin. -->","yoast_head_json":{"title":"Prosigue el ciclo de Primavera J\u00f3venes Int\u00e9rpretes en el Paraninfo de la ULL con Cooper Tr\u00edo - ULL - Noticias","robots":{"index":"index","follow":"follow","max-snippet":"max-snippet:-1","max-image-preview":"max-image-preview:large","max-video-preview":"max-video-preview:-1"},"canonical":"https:\/\/www.ull.es\/portal\/noticias\/2021\/prosigue-el-ciclo-de-primavera-jovenes-interpretes-en-el-paraninfo-de-la-ull-con-cooper-trio\/","og_locale":"es_ES","og_type":"article","og_title":"Prosigue el ciclo de Primavera J\u00f3venes Int\u00e9rpretes en el Paraninfo de la ULL con Cooper Tr\u00edo - ULL - Noticias","og_description":"El Paraninfo de la Universidad de La Laguna vuelve a dar cabida al ciclo de Primavera J\u00f3venes Int\u00e9rpretes, para mostrar...","og_url":"https:\/\/www.ull.es\/portal\/noticias\/2021\/prosigue-el-ciclo-de-primavera-jovenes-interpretes-en-el-paraninfo-de-la-ull-con-cooper-trio\/","og_site_name":"ULL - Noticias","article_publisher":"https:\/\/www.facebook.com\/universidaddelalaguna\/","article_published_time":"2021-05-25T09:47:07+00:00","article_modified_time":"2021-05-25T09:50:11+00:00","og_image":[{"width":700,"height":350,"url":"https:\/\/www.ull.es\/portal\/noticias\/wp-content\/uploads\/sites\/13\/2021\/05\/CARTEL26MAYO_AGENDA.jpg","type":"image\/jpeg"}],"author":"gaprsa","twitter_card":"summary_large_image","twitter_creator":"@CanalULL","twitter_site":"@CanalULL","twitter_misc":{"Escrito por":"gaprsa","Tiempo de lectura":"2 minutos"},"schema":{"@context":"https:\/\/schema.org","@graph":[{"@type":"WebPage","@id":"https:\/\/www.ull.es\/portal\/noticias\/2021\/prosigue-el-ciclo-de-primavera-jovenes-interpretes-en-el-paraninfo-de-la-ull-con-cooper-trio\/","url":"https:\/\/www.ull.es\/portal\/noticias\/2021\/prosigue-el-ciclo-de-primavera-jovenes-interpretes-en-el-paraninfo-de-la-ull-con-cooper-trio\/","name":"Prosigue el ciclo de Primavera J\u00f3venes Int\u00e9rpretes en el Paraninfo de la ULL con Cooper Tr\u00edo - ULL - Noticias","isPartOf":{"@id":"https:\/\/www.ull.es\/portal\/noticias\/#website"},"datePublished":"2021-05-25T09:47:07+00:00","dateModified":"2021-05-25T09:50:11+00:00","author":{"@id":"https:\/\/www.ull.es\/portal\/noticias\/#\/schema\/person\/b2b1a89d43ffa609e591f7df8ef3e817"},"breadcrumb":{"@id":"https:\/\/www.ull.es\/portal\/noticias\/2021\/prosigue-el-ciclo-de-primavera-jovenes-interpretes-en-el-paraninfo-de-la-ull-con-cooper-trio\/#breadcrumb"},"inLanguage":"es","potentialAction":[{"@type":"ReadAction","target":["https:\/\/www.ull.es\/portal\/noticias\/2021\/prosigue-el-ciclo-de-primavera-jovenes-interpretes-en-el-paraninfo-de-la-ull-con-cooper-trio\/"]}]},{"@type":"BreadcrumbList","@id":"https:\/\/www.ull.es\/portal\/noticias\/2021\/prosigue-el-ciclo-de-primavera-jovenes-interpretes-en-el-paraninfo-de-la-ull-con-cooper-trio\/#breadcrumb","itemListElement":[{"@type":"ListItem","position":1,"name":"Portada","item":"https:\/\/www.ull.es\/portal\/noticias\/"},{"@type":"ListItem","position":2,"name":"Prosigue el ciclo de Primavera J\u00f3venes Int\u00e9rpretes en el Paraninfo de la ULL con Cooper Tr\u00edo"}]},{"@type":"WebSite","@id":"https:\/\/www.ull.es\/portal\/noticias\/#website","url":"https:\/\/www.ull.es\/portal\/noticias\/","name":"ULL - Noticias","description":"","potentialAction":[{"@type":"SearchAction","target":{"@type":"EntryPoint","urlTemplate":"https:\/\/www.ull.es\/portal\/noticias\/?s={search_term_string}"},"query-input":"required name=search_term_string"}],"inLanguage":"es"},{"@type":"Person","@id":"https:\/\/www.ull.es\/portal\/noticias\/#\/schema\/person\/b2b1a89d43ffa609e591f7df8ef3e817","name":"gaprsa","image":{"@type":"ImageObject","inLanguage":"es","@id":"https:\/\/www.ull.es\/portal\/noticias\/#\/schema\/person\/image\/","url":"https:\/\/secure.gravatar.com\/avatar\/443820550921091458b4823867723b3d?s=96&d=mm&r=g","contentUrl":"https:\/\/secure.gravatar.com\/avatar\/443820550921091458b4823867723b3d?s=96&d=mm&r=g","caption":"gaprsa"},"url":"https:\/\/www.ull.es\/portal\/noticias\/author\/gaprsa\/"}]}},"primary_category":{"id":344,"name":"Cultura","slug":"cultura","link":"https:\/\/www.ull.es\/portal\/noticias\/category\/cultura\/"},"featured_image_thumbnail_url":"https:\/\/www.ull.es\/portal\/noticias\/wp-content\/uploads\/sites\/13\/2021\/05\/CARTEL26MAYO_AGENDA-300x150.jpg","_links":{"self":[{"href":"https:\/\/www.ull.es\/portal\/noticias\/wp-json\/wp\/v2\/posts\/56485"}],"collection":[{"href":"https:\/\/www.ull.es\/portal\/noticias\/wp-json\/wp\/v2\/posts"}],"about":[{"href":"https:\/\/www.ull.es\/portal\/noticias\/wp-json\/wp\/v2\/types\/post"}],"author":[{"embeddable":true,"href":"https:\/\/www.ull.es\/portal\/noticias\/wp-json\/wp\/v2\/users\/23"}],"replies":[{"embeddable":true,"href":"https:\/\/www.ull.es\/portal\/noticias\/wp-json\/wp\/v2\/comments?post=56485"}],"version-history":[{"count":2,"href":"https:\/\/www.ull.es\/portal\/noticias\/wp-json\/wp\/v2\/posts\/56485\/revisions"}],"predecessor-version":[{"id":56488,"href":"https:\/\/www.ull.es\/portal\/noticias\/wp-json\/wp\/v2\/posts\/56485\/revisions\/56488"}],"wp:featuredmedia":[{"embeddable":true,"href":"https:\/\/www.ull.es\/portal\/noticias\/wp-json\/wp\/v2\/media\/56487"}],"wp:attachment":[{"href":"https:\/\/www.ull.es\/portal\/noticias\/wp-json\/wp\/v2\/media?parent=56485"}],"wp:term":[{"taxonomy":"category","embeddable":true,"href":"https:\/\/www.ull.es\/portal\/noticias\/wp-json\/wp\/v2\/categories?post=56485"},{"taxonomy":"post_tag","embeddable":true,"href":"https:\/\/www.ull.es\/portal\/noticias\/wp-json\/wp\/v2\/tags?post=56485"}],"curies":[{"name":"wp","href":"https:\/\/api.w.org\/{rel}","templated":true}]}}