{"id":56526,"date":"2021-05-26T10:40:10","date_gmt":"2021-05-26T10:40:10","guid":{"rendered":"https:\/\/www.ull.es\/portal\/noticias\/?p=56526"},"modified":"2022-11-30T10:56:18","modified_gmt":"2022-11-30T10:56:18","slug":"consejo-social-manifiesto-igualdad","status":"publish","type":"post","link":"https:\/\/www.ull.es\/portal\/noticias\/2021\/consejo-social-manifiesto-igualdad\/","title":{"rendered":"El Consejo Social de la ULL promueve un manifiesto que exige acelerar la igualdad efectiva entre g\u00e9neros"},"content":{"rendered":"<p class=\"p2\">La sesi\u00f3n de \u2018Encuentros con el futuro\u2019 del Consejo Social de la Universidad de La Laguna se cerr\u00f3 ayer 25 de mayo con la lectura de un manifiesto denominado <a href=\"https:\/\/drive.google.com\/file\/d\/1pkbmqoP2pmk53tllJEyaZ5fsjA1Fnql_\/view?usp=sharing\" target=\"_blank\" rel=\"noopener\" target=\"_blank\" rel=\"noopener\"><span class=\"s1\">\u2018Otro mundo es posible y necesario\u2019<\/span><\/a>, suscrito por la presidenta de este \u00f3rgano, M\u00aa Dolores Pelayo, y por los profesores M\u00aa Jos\u00e9 Guerra, Ruth Martin\u00f3n, Inmaculada Perdomo, Margarita Ramos y Juan Salvador Quintero. Tambi\u00e9n fue firmado por las abogadas Myriam Z. Alb\u00e9niz y Amparo L\u00f3pez. El texto obedece a la \u201c<span class=\"s2\">la necesidad de un cambio de rumbo\u201d que permita a las generaciones m\u00e1s j\u00f3venes aspirar a vidas plenas, con menos desigualdades y mayor avance en derechos sociales.<\/span><\/p>\n<p class=\"p2\">Precisamente Myriam Z. Alb\u00e9niz, asesora jur\u00eddica y mediadora, se\u00f1al\u00f3 la urgencia de que este manifiesto sea una realidad: \u201cNo podemos resignarnos a esperar un siglo para conseguir la igualdad efectiva\u201d. Amparo L\u00f3pez, por su parte, quien tambi\u00e9n es activista de Amnist\u00eda Internacional, explica que las dos terceras partes de todo el trabajo mundial lo realizan las mujeres, quienes solo reciben el 1% del PIB. \u201cEs el momento de empoderarnos; me llama mucho la atenci\u00f3n de que ning\u00fan hombre se haya acercado a mi despacho para conocer e indagar sobre posibles medidas de conciliaci\u00f3n familiar, una cuesti\u00f3n que s\u00ed es muy recurrente entre las mujeres\u201d, a\u00f1ade. Afortunadamente, precisa, \u201ctenemos la educaci\u00f3n, que es el arma m\u00e1s poderosa, de tal modo que cuando todas las ni\u00f1as puedan leer y escribir el mundo cambiar\u00e1\u201d.<\/p>\n<p class=\"p2\">Otra de las redactoras de este texto, la profesora Inmaculada Perdomo, apunta que la mujer se enfrenta a muchos desaf\u00edos, acuciados ahora por la llegada de la inteligencia artificial, el avance de las TIC y la nueva regulaci\u00f3n que de ello se desprenda. \u201cEstaremos muy atentas para que lo algoritmos no generen sesgos de g\u00e9nero\u201d, porque en su opini\u00f3n resulta muy relevante hacer un monitoreo para que las tecnolog\u00edas de la informaci\u00f3n y las comunicaciones no redunden en nuevas desigualdades.<\/p>\n<p class=\"p2\"><img decoding=\"async\" loading=\"lazy\" class=\"alignleft size-medium wp-image-56532\" src=\"https:\/\/www.ull.es\/portal\/noticias\/wp-content\/uploads\/sites\/13\/2021\/05\/Manifiesto-04-300x197.jpg\" alt=\"\" width=\"300\" height=\"197\" srcset=\"https:\/\/www.ull.es\/portal\/noticias\/wp-content\/uploads\/sites\/13\/2021\/05\/Manifiesto-04-300x197.jpg 300w, https:\/\/www.ull.es\/portal\/noticias\/wp-content\/uploads\/sites\/13\/2021\/05\/Manifiesto-04-768x504.jpg 768w, https:\/\/www.ull.es\/portal\/noticias\/wp-content\/uploads\/sites\/13\/2021\/05\/Manifiesto-04-375x246.jpg 375w, https:\/\/www.ull.es\/portal\/noticias\/wp-content\/uploads\/sites\/13\/2021\/05\/Manifiesto-04-750x492.jpg 750w, https:\/\/www.ull.es\/portal\/noticias\/wp-content\/uploads\/sites\/13\/2021\/05\/Manifiesto-04.jpg 1024w\" sizes=\"(max-width: 300px) 100vw, 300px\" \/>\u201cEntramos en una sociedad global en la que el conocimiento se esparce r\u00e1pidamente, de manera que, a la par que se difunden los nuevos descubrimientos cient\u00edficos, se est\u00e1n universalizando en todo el planeta las reivindicaciones feministas del mundo democr\u00e1tico, incluso en pa\u00edses no democr\u00e1ticos. Ese fen\u00f3meno de globalizaci\u00f3n de las demandas igualitarias de las mujeres, de reivindicaci\u00f3n de la plenitud de derechos para la persona humana mujer, pretenden minimizarlo o reprimirlo ciertos sectores a los que no les interesa la igualdad o la competencia, eludiendo las responsabilidades de esos comportamientos. (\u2026). Las mujeres queremos conducir esas transformaciones, dominar esas invenciones y sentar con los hombres las bases de otro modo de vida en el mundo\u201d, se\u00f1ala el manifiesto.<\/p>\n<p class=\"p2\">El Foro Econ\u00f3mico Mundial de Davos predijo en 2017 que hace falta un siglo para alcanzar la igualdad real entre hombre y mujer.<span class=\"Apple-converted-space\">\u00a0 <\/span>\u201c\u00bfEstamos resignadas a aceptar esa lenta progresi\u00f3n?\u201d, se preguntan los proponentes de este documento. La respuesta es contundente: \u201cDecimos no, porque podemos y debemos, al amparo de las transformaciones que en las relaciones humanas y en el orden econ\u00f3mico y cient\u00edfico se vienen produciendo, luchar por un mundo en el que las mujeres, todas las mujeres, puedan tomar libremente sus decisiones, que impere el respeto entre los sexos, y que se adopten contra la violencia sobre las mujeres, como delitos de lesa humanidad, todas las medidas que admita el Estado de Derecho\u201d.<span class=\"Apple-converted-space\">\u00a0<\/span><\/p>\n<p class=\"p2\">Para este colectivo, lo alcanzado hasta el momento no es ni mucho menos suficiente. \u201cEs necesario defender los principios de una nueva gobernanza como fundamento y base para sostener el mundo en un nuevo ideal y esa debe ser la meta de todos y todas. Es ahora la ocasi\u00f3n. Nos corresponde reafirmar el derecho como fuente de toda legitimidad, un derecho a la igualdad para todos los seres humanos\u201d.<\/p>\n<p class=\"p2\">Los redactores plantean una nueva legalidad para la restauraci\u00f3n e implantaci\u00f3n de un nuevo orden legal mundial, que \u201cpor suponer un ataque a la naturaleza y a los animales que la pueblan incluya la declaraci\u00f3n de que la naturaleza y los seres vivientes constituyen bienes jur\u00eddicos a proteger en s\u00ed mismos, exigimos su protecci\u00f3n a los gobiernos mediante la articulaci\u00f3n de medidas y adopci\u00f3n de leyes protectoras adecuadas. Esta reivindicaci\u00f3n es expresi\u00f3n de la cosmovisi\u00f3n feminista del mundo y las relaciones entre todos los seres vivos\u201d.<span class=\"Apple-converted-space\">\u00a0<\/span><\/p>\n<p class=\"p2\">Ante el desarrollo de las nuevas tecnolog\u00edas y su novedosa regulaci\u00f3n legal y ante la necesidad de salvaguardar las conquistas sociales, (\u2026), \u201cpropondremos cuantas modificaciones sean precisas<img decoding=\"async\" loading=\"lazy\" class=\"alignright size-medium wp-image-56531\" src=\"https:\/\/www.ull.es\/portal\/noticias\/wp-content\/uploads\/sites\/13\/2021\/05\/Manifiesto-Igualdad-Efectiva-02-300x200.jpg\" alt=\"\" width=\"300\" height=\"200\" srcset=\"https:\/\/www.ull.es\/portal\/noticias\/wp-content\/uploads\/sites\/13\/2021\/05\/Manifiesto-Igualdad-Efectiva-02-300x200.jpg 300w, https:\/\/www.ull.es\/portal\/noticias\/wp-content\/uploads\/sites\/13\/2021\/05\/Manifiesto-Igualdad-Efectiva-02-768x512.jpg 768w, https:\/\/www.ull.es\/portal\/noticias\/wp-content\/uploads\/sites\/13\/2021\/05\/Manifiesto-Igualdad-Efectiva-02-375x250.jpg 375w, https:\/\/www.ull.es\/portal\/noticias\/wp-content\/uploads\/sites\/13\/2021\/05\/Manifiesto-Igualdad-Efectiva-02-750x500.jpg 750w, https:\/\/www.ull.es\/portal\/noticias\/wp-content\/uploads\/sites\/13\/2021\/05\/Manifiesto-Igualdad-Efectiva-02.jpg 1024w\" sizes=\"(max-width: 300px) 100vw, 300px\" \/> para que las nuevas leyes derivadas de los avances tecnol\u00f3gicos no generen nuevas discriminaciones o amparen el sexismo digital, el c\u00edber acoso, el troleo, la c\u00edber violencia, etc. \u201cAnte la multiplicaci\u00f3n de los fen\u00f3menos migratorios en todo el mundo, apoyaremos el derecho a no ser pobre, que todos los seres humanos cuenten con los derechos a una subsistencia digna\u201d.<\/p>\n<p class=\"p2\">El manifiesto hace un llamamiento a los movimientos sociales, ecologistas, instituciones p\u00fablicas y privadas para que se sumen a \u00e9l, al tiempo que aspira a la \u201caprobaci\u00f3n de los textos legales que pongan en marcha la nueva legalidad internacional de la Corte Penal Internacional y un C\u00f3digo Penal Internacional que sirva de respaldo a las pol\u00edticas y sanciones que establezcan las disposiciones legales para la restauraci\u00f3n o implantaci\u00f3n del orden natural y la consecuci\u00f3n de otro mundo posible y necesario\u201d, concluye.<\/p>\n","protected":false},"excerpt":{"rendered":"<p>La sesi\u00f3n de \u2018Encuentros con el futuro\u2019 del Consejo Social de la Universidad de La Laguna se cerr\u00f3 ayer 25&#8230;<\/p>\n","protected":false},"author":21,"featured_media":56527,"comment_status":"closed","ping_status":"closed","sticky":false,"template":"","format":"standard","meta":{"inline_featured_image":false,"footnotes":""},"categories":[9420,345,348,2765],"tags":[905,7032,1470,1799,1876,3672],"acf":[],"yoast_head":"<!-- This site is optimized with the Yoast SEO plugin v21.3 - https:\/\/yoast.com\/wordpress\/plugins\/seo\/ -->\n<title>El Consejo Social de la ULL promueve un manifiesto que exige acelerar la igualdad efectiva entre g\u00e9neros - ULL - Noticias<\/title>\n<meta name=\"description\" content=\"La \u00faltima sesi\u00f3n de \u2018Encuentros con el futuro\u2019 del Consejo Social cerr\u00f3 con la lectura del manifiesto \u2018Otro mundo es posible y necesario\u2019.\" \/>\n<meta name=\"robots\" content=\"index, follow, max-snippet:-1, max-image-preview:large, max-video-preview:-1\" \/>\n<link rel=\"canonical\" href=\"https:\/\/www.ull.es\/portal\/noticias\/2021\/consejo-social-manifiesto-igualdad\/\" \/>\n<meta property=\"og:locale\" content=\"es_ES\" \/>\n<meta property=\"og:type\" content=\"article\" \/>\n<meta property=\"og:title\" content=\"El Consejo Social de la ULL promueve un manifiesto que exige acelerar la igualdad efectiva entre g\u00e9neros - ULL - Noticias\" \/>\n<meta property=\"og:description\" content=\"La \u00faltima sesi\u00f3n de \u2018Encuentros con el futuro\u2019 del Consejo Social cerr\u00f3 con la lectura del manifiesto \u2018Otro mundo es posible y necesario\u2019.\" \/>\n<meta property=\"og:url\" content=\"https:\/\/www.ull.es\/portal\/noticias\/2021\/consejo-social-manifiesto-igualdad\/\" \/>\n<meta property=\"og:site_name\" content=\"ULL - Noticias\" \/>\n<meta property=\"article:publisher\" content=\"https:\/\/www.facebook.com\/universidaddelalaguna\/\" \/>\n<meta property=\"article:published_time\" content=\"2021-05-26T10:40:10+00:00\" \/>\n<meta property=\"article:modified_time\" content=\"2022-11-30T10:56:18+00:00\" \/>\n<meta property=\"og:image\" content=\"https:\/\/www.ull.es\/portal\/noticias\/wp-content\/uploads\/sites\/13\/2021\/05\/Manifiesto-Igualdad-Efectiva-01.jpg\" \/>\n\t<meta property=\"og:image:width\" content=\"1024\" \/>\n\t<meta property=\"og:image:height\" content=\"683\" \/>\n\t<meta property=\"og:image:type\" content=\"image\/jpeg\" \/>\n<meta name=\"author\" content=\"prensa2\" \/>\n<meta name=\"twitter:card\" content=\"summary_large_image\" \/>\n<meta name=\"twitter:creator\" content=\"@CanalULL\" \/>\n<meta name=\"twitter:site\" content=\"@CanalULL\" \/>\n<meta name=\"twitter:label1\" content=\"Escrito por\" \/>\n\t<meta name=\"twitter:data1\" content=\"prensa2\" \/>\n\t<meta name=\"twitter:label2\" content=\"Tiempo de lectura\" \/>\n\t<meta name=\"twitter:data2\" content=\"5 minutos\" \/>\n<script type=\"application\/ld+json\" class=\"yoast-schema-graph\">{\"@context\":\"https:\/\/schema.org\",\"@graph\":[{\"@type\":\"WebPage\",\"@id\":\"https:\/\/www.ull.es\/portal\/noticias\/2021\/consejo-social-manifiesto-igualdad\/\",\"url\":\"https:\/\/www.ull.es\/portal\/noticias\/2021\/consejo-social-manifiesto-igualdad\/\",\"name\":\"El Consejo Social de la ULL promueve un manifiesto que exige acelerar la igualdad efectiva entre g\u00e9neros - ULL - Noticias\",\"isPartOf\":{\"@id\":\"https:\/\/www.ull.es\/portal\/noticias\/#website\"},\"datePublished\":\"2021-05-26T10:40:10+00:00\",\"dateModified\":\"2022-11-30T10:56:18+00:00\",\"author\":{\"@id\":\"https:\/\/www.ull.es\/portal\/noticias\/#\/schema\/person\/c3b2aa857797592927a03740d6664376\"},\"description\":\"La \u00faltima sesi\u00f3n de \u2018Encuentros con el futuro\u2019 del Consejo Social cerr\u00f3 con la lectura del manifiesto \u2018Otro mundo es posible y necesario\u2019.\",\"breadcrumb\":{\"@id\":\"https:\/\/www.ull.es\/portal\/noticias\/2021\/consejo-social-manifiesto-igualdad\/#breadcrumb\"},\"inLanguage\":\"es\",\"potentialAction\":[{\"@type\":\"ReadAction\",\"target\":[\"https:\/\/www.ull.es\/portal\/noticias\/2021\/consejo-social-manifiesto-igualdad\/\"]}]},{\"@type\":\"BreadcrumbList\",\"@id\":\"https:\/\/www.ull.es\/portal\/noticias\/2021\/consejo-social-manifiesto-igualdad\/#breadcrumb\",\"itemListElement\":[{\"@type\":\"ListItem\",\"position\":1,\"name\":\"Portada\",\"item\":\"https:\/\/www.ull.es\/portal\/noticias\/\"},{\"@type\":\"ListItem\",\"position\":2,\"name\":\"El Consejo Social de la ULL promueve un manifiesto que exige acelerar la igualdad efectiva entre g\u00e9neros\"}]},{\"@type\":\"WebSite\",\"@id\":\"https:\/\/www.ull.es\/portal\/noticias\/#website\",\"url\":\"https:\/\/www.ull.es\/portal\/noticias\/\",\"name\":\"ULL - Noticias\",\"description\":\"\",\"potentialAction\":[{\"@type\":\"SearchAction\",\"target\":{\"@type\":\"EntryPoint\",\"urlTemplate\":\"https:\/\/www.ull.es\/portal\/noticias\/?s={search_term_string}\"},\"query-input\":\"required name=search_term_string\"}],\"inLanguage\":\"es\"},{\"@type\":\"Person\",\"@id\":\"https:\/\/www.ull.es\/portal\/noticias\/#\/schema\/person\/c3b2aa857797592927a03740d6664376\",\"name\":\"prensa2\",\"image\":{\"@type\":\"ImageObject\",\"inLanguage\":\"es\",\"@id\":\"https:\/\/www.ull.es\/portal\/noticias\/#\/schema\/person\/image\/\",\"url\":\"https:\/\/secure.gravatar.com\/avatar\/b58f310a5de5feb33d1e026d2493f23c?s=96&d=mm&r=g\",\"contentUrl\":\"https:\/\/secure.gravatar.com\/avatar\/b58f310a5de5feb33d1e026d2493f23c?s=96&d=mm&r=g\",\"caption\":\"prensa2\"},\"url\":\"https:\/\/www.ull.es\/portal\/noticias\/author\/prensa2\/\"}]}<\/script>\n<!-- \/ Yoast SEO plugin. -->","yoast_head_json":{"title":"El Consejo Social de la ULL promueve un manifiesto que exige acelerar la igualdad efectiva entre g\u00e9neros - ULL - Noticias","description":"La \u00faltima sesi\u00f3n de \u2018Encuentros con el futuro\u2019 del Consejo Social cerr\u00f3 con la lectura del manifiesto \u2018Otro mundo es posible y necesario\u2019.","robots":{"index":"index","follow":"follow","max-snippet":"max-snippet:-1","max-image-preview":"max-image-preview:large","max-video-preview":"max-video-preview:-1"},"canonical":"https:\/\/www.ull.es\/portal\/noticias\/2021\/consejo-social-manifiesto-igualdad\/","og_locale":"es_ES","og_type":"article","og_title":"El Consejo Social de la ULL promueve un manifiesto que exige acelerar la igualdad efectiva entre g\u00e9neros - ULL - Noticias","og_description":"La \u00faltima sesi\u00f3n de \u2018Encuentros con el futuro\u2019 del Consejo Social cerr\u00f3 con la lectura del manifiesto \u2018Otro mundo es posible y necesario\u2019.","og_url":"https:\/\/www.ull.es\/portal\/noticias\/2021\/consejo-social-manifiesto-igualdad\/","og_site_name":"ULL - Noticias","article_publisher":"https:\/\/www.facebook.com\/universidaddelalaguna\/","article_published_time":"2021-05-26T10:40:10+00:00","article_modified_time":"2022-11-30T10:56:18+00:00","og_image":[{"width":1024,"height":683,"url":"https:\/\/www.ull.es\/portal\/noticias\/wp-content\/uploads\/sites\/13\/2021\/05\/Manifiesto-Igualdad-Efectiva-01.jpg","type":"image\/jpeg"}],"author":"prensa2","twitter_card":"summary_large_image","twitter_creator":"@CanalULL","twitter_site":"@CanalULL","twitter_misc":{"Escrito por":"prensa2","Tiempo de lectura":"5 minutos"},"schema":{"@context":"https:\/\/schema.org","@graph":[{"@type":"WebPage","@id":"https:\/\/www.ull.es\/portal\/noticias\/2021\/consejo-social-manifiesto-igualdad\/","url":"https:\/\/www.ull.es\/portal\/noticias\/2021\/consejo-social-manifiesto-igualdad\/","name":"El Consejo Social de la ULL promueve un manifiesto que exige acelerar la igualdad efectiva entre g\u00e9neros - ULL - Noticias","isPartOf":{"@id":"https:\/\/www.ull.es\/portal\/noticias\/#website"},"datePublished":"2021-05-26T10:40:10+00:00","dateModified":"2022-11-30T10:56:18+00:00","author":{"@id":"https:\/\/www.ull.es\/portal\/noticias\/#\/schema\/person\/c3b2aa857797592927a03740d6664376"},"description":"La \u00faltima sesi\u00f3n de \u2018Encuentros con el futuro\u2019 del Consejo Social cerr\u00f3 con la lectura del manifiesto \u2018Otro mundo es posible y necesario\u2019.","breadcrumb":{"@id":"https:\/\/www.ull.es\/portal\/noticias\/2021\/consejo-social-manifiesto-igualdad\/#breadcrumb"},"inLanguage":"es","potentialAction":[{"@type":"ReadAction","target":["https:\/\/www.ull.es\/portal\/noticias\/2021\/consejo-social-manifiesto-igualdad\/"]}]},{"@type":"BreadcrumbList","@id":"https:\/\/www.ull.es\/portal\/noticias\/2021\/consejo-social-manifiesto-igualdad\/#breadcrumb","itemListElement":[{"@type":"ListItem","position":1,"name":"Portada","item":"https:\/\/www.ull.es\/portal\/noticias\/"},{"@type":"ListItem","position":2,"name":"El Consejo Social de la ULL promueve un manifiesto que exige acelerar la igualdad efectiva entre g\u00e9neros"}]},{"@type":"WebSite","@id":"https:\/\/www.ull.es\/portal\/noticias\/#website","url":"https:\/\/www.ull.es\/portal\/noticias\/","name":"ULL - Noticias","description":"","potentialAction":[{"@type":"SearchAction","target":{"@type":"EntryPoint","urlTemplate":"https:\/\/www.ull.es\/portal\/noticias\/?s={search_term_string}"},"query-input":"required name=search_term_string"}],"inLanguage":"es"},{"@type":"Person","@id":"https:\/\/www.ull.es\/portal\/noticias\/#\/schema\/person\/c3b2aa857797592927a03740d6664376","name":"prensa2","image":{"@type":"ImageObject","inLanguage":"es","@id":"https:\/\/www.ull.es\/portal\/noticias\/#\/schema\/person\/image\/","url":"https:\/\/secure.gravatar.com\/avatar\/b58f310a5de5feb33d1e026d2493f23c?s=96&d=mm&r=g","contentUrl":"https:\/\/secure.gravatar.com\/avatar\/b58f310a5de5feb33d1e026d2493f23c?s=96&d=mm&r=g","caption":"prensa2"},"url":"https:\/\/www.ull.es\/portal\/noticias\/author\/prensa2\/"}]}},"primary_category":{"id":345,"name":"Destacado","slug":"destacado","link":"https:\/\/www.ull.es\/portal\/noticias\/category\/destacado\/"},"featured_image_thumbnail_url":"https:\/\/www.ull.es\/portal\/noticias\/wp-content\/uploads\/sites\/13\/2021\/05\/Manifiesto-Igualdad-Efectiva-01-300x200.jpg","_links":{"self":[{"href":"https:\/\/www.ull.es\/portal\/noticias\/wp-json\/wp\/v2\/posts\/56526"}],"collection":[{"href":"https:\/\/www.ull.es\/portal\/noticias\/wp-json\/wp\/v2\/posts"}],"about":[{"href":"https:\/\/www.ull.es\/portal\/noticias\/wp-json\/wp\/v2\/types\/post"}],"author":[{"embeddable":true,"href":"https:\/\/www.ull.es\/portal\/noticias\/wp-json\/wp\/v2\/users\/21"}],"replies":[{"embeddable":true,"href":"https:\/\/www.ull.es\/portal\/noticias\/wp-json\/wp\/v2\/comments?post=56526"}],"version-history":[{"count":3,"href":"https:\/\/www.ull.es\/portal\/noticias\/wp-json\/wp\/v2\/posts\/56526\/revisions"}],"predecessor-version":[{"id":56534,"href":"https:\/\/www.ull.es\/portal\/noticias\/wp-json\/wp\/v2\/posts\/56526\/revisions\/56534"}],"wp:featuredmedia":[{"embeddable":true,"href":"https:\/\/www.ull.es\/portal\/noticias\/wp-json\/wp\/v2\/media\/56527"}],"wp:attachment":[{"href":"https:\/\/www.ull.es\/portal\/noticias\/wp-json\/wp\/v2\/media?parent=56526"}],"wp:term":[{"taxonomy":"category","embeddable":true,"href":"https:\/\/www.ull.es\/portal\/noticias\/wp-json\/wp\/v2\/categories?post=56526"},{"taxonomy":"post_tag","embeddable":true,"href":"https:\/\/www.ull.es\/portal\/noticias\/wp-json\/wp\/v2\/tags?post=56526"}],"curies":[{"name":"wp","href":"https:\/\/api.w.org\/{rel}","templated":true}]}}