{"id":56547,"date":"2021-05-27T09:35:48","date_gmt":"2021-05-27T09:35:48","guid":{"rendered":"https:\/\/www.ull.es\/portal\/noticias\/?p=56547"},"modified":"2022-11-30T10:55:28","modified_gmt":"2022-11-30T10:55:28","slug":"consejo-social-aprueba-correccion-precios-alojamientos","status":"publish","type":"post","link":"https:\/\/www.ull.es\/portal\/noticias\/2021\/consejo-social-aprueba-correccion-precios-alojamientos\/","title":{"rendered":"El Consejo Social aprueba la correcci\u00f3n de los precios p\u00fablicos de los alojamientos de la ULL"},"content":{"rendered":"<p class=\"p2\">El Consejo Social de la Universidad de La Laguna aprob\u00f3 en su sesi\u00f3n del pasado 14 de mayo la propuesta de precios p\u00fablicos para los colegios mayores y residencia de la instituci\u00f3n. Sin embargo, tras su paso por el \u00f3rgano colegiado se detect\u00f3 un error en las cuant\u00edas presentadas y, por tanto, aprobadas, que correspond\u00edan a las de un curso anterior en lugar de las del a\u00f1o acad\u00e9mico 2021-22. Por ello, el Consejo ha tenido que volver a reunirse hoy, jueves 27 de mayo, para aprobar la propuesta de precios correcta y as\u00ed poderlas remitir en tiempo y forma a la Consejer\u00eda de Educaci\u00f3n y Universidades del Gobierno de Canarias.<\/p>\n<p class=\"p2\">De este modo, el precio base mensual de los tres colegios mayores, que incluyen servicio de comedor, ser\u00e1 de 662,70\u20ac y sobre \u00e9l se aplicar\u00e1n hasta cuatro descuentos seg\u00fan sea el nivel de renta familiar de cada solicitante: 238,17\u20ac para el primer tramo, que es el m\u00e1s bonificado; 369,05% en el segundo tramo; 476,36\u20ac en el tercero y, finalmente, un 0% para el tramo correspondiente a alumnado con mayor renta.<\/p>\n<p class=\"p2\">En el caso de la Residencia Universitaria Parque de las Islas, que no incluye comedor y, por tanto, su coste es inferior, el precio base ser\u00eda de 265,55\u20ac al mes y, en este caso, solamente habr\u00eda reducciones en dos tramos, que suponen una cuota de 119,08\u20ac para el tramo m\u00e1s bonificado y de 184,54\u20ac para el siguiente, quedando los siguientes sin descuento y, por tanto, con la cuota base \u00edntegra.<\/p>\n<p class=\"p2\">En esta reuni\u00f3n del Consejo Social tambi\u00e9n se aprob\u00f3 la oferta de becas de colaboraci\u00f3n para alumnado en los diferentes departamentos de la Universidad de La Laguna, de tal modo que el pr\u00f3ximo curso habr\u00e1 un total de 56 becas. De ellas, 32 cubren el criterio 1 de la convocatoria, que determina una ayuda por cada departamento solicitante; 21 ayudas para el criterio 2, que concede una beca a cada departamento al que est\u00e9 adscrita m\u00e1s de un \u00e1rea de conocimiento y haya solicitado cinco o m\u00e1s becas; y 3 ayudas para el criterio 3, que dota de una beca a cada departamento al que est\u00e9 adscrita m\u00e1s de un \u00e1rea de conocimiento y haya solicitado cuatro o m\u00e1s becas.<\/p>\n<p class=\"p2\">En el apartado de ruegos y preguntas, la presidenta del \u00f3rgano, Mar\u00eda Dolores Pelayo, expuso a los consejeros su intenci\u00f3n de seguir trabajando para mejorar el contacto con la sociedad, por lo que tiene previsto solicitar una reuni\u00f3n con la C\u00e1mara de Comercio y, adem\u00e1s, pensar en medidas que puedan impulsar el mecenazgo de entidades externas hacia la instituci\u00f3n acad\u00e9mica. Tambi\u00e9n expuso que en la pr\u00f3xima sesi\u00f3n pretende avanzar un plan de trabajo para el curso que viene, por lo que invit\u00f3 al resto de consejeros y consejeras a enviar sus propuestas.<\/p>\n","protected":false},"excerpt":{"rendered":"<p>El Consejo Social de la Universidad de La Laguna aprob\u00f3 en su sesi\u00f3n del pasado 14 de mayo la propuesta&#8230;<\/p>\n","protected":false},"author":21,"featured_media":56548,"comment_status":"closed","ping_status":"closed","sticky":false,"template":"","format":"standard","meta":{"inline_featured_image":false,"footnotes":""},"categories":[9420,345,347,2765],"tags":[457,7496,859,905,6953,6628],"acf":[],"yoast_head":"<!-- This site is optimized with the Yoast SEO plugin v21.3 - https:\/\/yoast.com\/wordpress\/plugins\/seo\/ -->\n<title>El Consejo Social aprueba la correcci\u00f3n de los precios de los alojamientos<\/title>\n<meta name=\"description\" content=\"El \u00f3rgano refrenda los precios de los colegios mayores y residencia de la ULL tras detectarse un error en la cuant\u00eda inicialmente aprobada.\" \/>\n<meta name=\"robots\" content=\"index, follow, max-snippet:-1, max-image-preview:large, max-video-preview:-1\" \/>\n<link rel=\"canonical\" href=\"https:\/\/www.ull.es\/portal\/noticias\/2021\/consejo-social-aprueba-correccion-precios-alojamientos\/\" \/>\n<meta property=\"og:locale\" content=\"es_ES\" \/>\n<meta property=\"og:type\" content=\"article\" \/>\n<meta property=\"og:title\" content=\"El Consejo Social aprueba la correcci\u00f3n de los precios de los alojamientos\" \/>\n<meta property=\"og:description\" content=\"El \u00f3rgano refrenda los precios de los colegios mayores y residencia de la ULL tras detectarse un error en la cuant\u00eda inicialmente aprobada.\" \/>\n<meta property=\"og:url\" content=\"https:\/\/www.ull.es\/portal\/noticias\/2021\/consejo-social-aprueba-correccion-precios-alojamientos\/\" \/>\n<meta property=\"og:site_name\" content=\"ULL - Noticias\" \/>\n<meta property=\"article:publisher\" content=\"https:\/\/www.facebook.com\/universidaddelalaguna\/\" \/>\n<meta property=\"article:published_time\" content=\"2021-05-27T09:35:48+00:00\" \/>\n<meta property=\"article:modified_time\" content=\"2022-11-30T10:55:28+00:00\" \/>\n<meta property=\"og:image\" content=\"https:\/\/www.ull.es\/portal\/noticias\/wp-content\/uploads\/sites\/13\/2021\/05\/Consejo-Social-27-5-03-ret.jpg\" \/>\n\t<meta property=\"og:image:width\" content=\"1024\" \/>\n\t<meta property=\"og:image:height\" content=\"683\" \/>\n\t<meta property=\"og:image:type\" content=\"image\/jpeg\" \/>\n<meta name=\"author\" content=\"prensa2\" \/>\n<meta name=\"twitter:card\" content=\"summary_large_image\" \/>\n<meta name=\"twitter:creator\" content=\"@CanalULL\" \/>\n<meta name=\"twitter:site\" content=\"@CanalULL\" \/>\n<meta name=\"twitter:label1\" content=\"Escrito por\" \/>\n\t<meta name=\"twitter:data1\" content=\"prensa2\" \/>\n\t<meta name=\"twitter:label2\" content=\"Tiempo de lectura\" \/>\n\t<meta name=\"twitter:data2\" content=\"3 minutos\" \/>\n<script type=\"application\/ld+json\" class=\"yoast-schema-graph\">{\"@context\":\"https:\/\/schema.org\",\"@graph\":[{\"@type\":\"WebPage\",\"@id\":\"https:\/\/www.ull.es\/portal\/noticias\/2021\/consejo-social-aprueba-correccion-precios-alojamientos\/\",\"url\":\"https:\/\/www.ull.es\/portal\/noticias\/2021\/consejo-social-aprueba-correccion-precios-alojamientos\/\",\"name\":\"El Consejo Social aprueba la correcci\u00f3n de los precios de los alojamientos\",\"isPartOf\":{\"@id\":\"https:\/\/www.ull.es\/portal\/noticias\/#website\"},\"datePublished\":\"2021-05-27T09:35:48+00:00\",\"dateModified\":\"2022-11-30T10:55:28+00:00\",\"author\":{\"@id\":\"https:\/\/www.ull.es\/portal\/noticias\/#\/schema\/person\/c3b2aa857797592927a03740d6664376\"},\"description\":\"El \u00f3rgano refrenda los precios de los colegios mayores y residencia de la ULL tras detectarse un error en la cuant\u00eda inicialmente aprobada.\",\"breadcrumb\":{\"@id\":\"https:\/\/www.ull.es\/portal\/noticias\/2021\/consejo-social-aprueba-correccion-precios-alojamientos\/#breadcrumb\"},\"inLanguage\":\"es\",\"potentialAction\":[{\"@type\":\"ReadAction\",\"target\":[\"https:\/\/www.ull.es\/portal\/noticias\/2021\/consejo-social-aprueba-correccion-precios-alojamientos\/\"]}]},{\"@type\":\"BreadcrumbList\",\"@id\":\"https:\/\/www.ull.es\/portal\/noticias\/2021\/consejo-social-aprueba-correccion-precios-alojamientos\/#breadcrumb\",\"itemListElement\":[{\"@type\":\"ListItem\",\"position\":1,\"name\":\"Portada\",\"item\":\"https:\/\/www.ull.es\/portal\/noticias\/\"},{\"@type\":\"ListItem\",\"position\":2,\"name\":\"El Consejo Social aprueba la correcci\u00f3n de los precios p\u00fablicos de los alojamientos de la ULL\"}]},{\"@type\":\"WebSite\",\"@id\":\"https:\/\/www.ull.es\/portal\/noticias\/#website\",\"url\":\"https:\/\/www.ull.es\/portal\/noticias\/\",\"name\":\"ULL - Noticias\",\"description\":\"\",\"potentialAction\":[{\"@type\":\"SearchAction\",\"target\":{\"@type\":\"EntryPoint\",\"urlTemplate\":\"https:\/\/www.ull.es\/portal\/noticias\/?s={search_term_string}\"},\"query-input\":\"required name=search_term_string\"}],\"inLanguage\":\"es\"},{\"@type\":\"Person\",\"@id\":\"https:\/\/www.ull.es\/portal\/noticias\/#\/schema\/person\/c3b2aa857797592927a03740d6664376\",\"name\":\"prensa2\",\"image\":{\"@type\":\"ImageObject\",\"inLanguage\":\"es\",\"@id\":\"https:\/\/www.ull.es\/portal\/noticias\/#\/schema\/person\/image\/\",\"url\":\"https:\/\/secure.gravatar.com\/avatar\/b58f310a5de5feb33d1e026d2493f23c?s=96&d=mm&r=g\",\"contentUrl\":\"https:\/\/secure.gravatar.com\/avatar\/b58f310a5de5feb33d1e026d2493f23c?s=96&d=mm&r=g\",\"caption\":\"prensa2\"},\"url\":\"https:\/\/www.ull.es\/portal\/noticias\/author\/prensa2\/\"}]}<\/script>\n<!-- \/ Yoast SEO plugin. -->","yoast_head_json":{"title":"El Consejo Social aprueba la correcci\u00f3n de los precios de los alojamientos","description":"El \u00f3rgano refrenda los precios de los colegios mayores y residencia de la ULL tras detectarse un error en la cuant\u00eda inicialmente aprobada.","robots":{"index":"index","follow":"follow","max-snippet":"max-snippet:-1","max-image-preview":"max-image-preview:large","max-video-preview":"max-video-preview:-1"},"canonical":"https:\/\/www.ull.es\/portal\/noticias\/2021\/consejo-social-aprueba-correccion-precios-alojamientos\/","og_locale":"es_ES","og_type":"article","og_title":"El Consejo Social aprueba la correcci\u00f3n de los precios de los alojamientos","og_description":"El \u00f3rgano refrenda los precios de los colegios mayores y residencia de la ULL tras detectarse un error en la cuant\u00eda inicialmente aprobada.","og_url":"https:\/\/www.ull.es\/portal\/noticias\/2021\/consejo-social-aprueba-correccion-precios-alojamientos\/","og_site_name":"ULL - Noticias","article_publisher":"https:\/\/www.facebook.com\/universidaddelalaguna\/","article_published_time":"2021-05-27T09:35:48+00:00","article_modified_time":"2022-11-30T10:55:28+00:00","og_image":[{"width":1024,"height":683,"url":"https:\/\/www.ull.es\/portal\/noticias\/wp-content\/uploads\/sites\/13\/2021\/05\/Consejo-Social-27-5-03-ret.jpg","type":"image\/jpeg"}],"author":"prensa2","twitter_card":"summary_large_image","twitter_creator":"@CanalULL","twitter_site":"@CanalULL","twitter_misc":{"Escrito por":"prensa2","Tiempo de lectura":"3 minutos"},"schema":{"@context":"https:\/\/schema.org","@graph":[{"@type":"WebPage","@id":"https:\/\/www.ull.es\/portal\/noticias\/2021\/consejo-social-aprueba-correccion-precios-alojamientos\/","url":"https:\/\/www.ull.es\/portal\/noticias\/2021\/consejo-social-aprueba-correccion-precios-alojamientos\/","name":"El Consejo Social aprueba la correcci\u00f3n de los precios de los alojamientos","isPartOf":{"@id":"https:\/\/www.ull.es\/portal\/noticias\/#website"},"datePublished":"2021-05-27T09:35:48+00:00","dateModified":"2022-11-30T10:55:28+00:00","author":{"@id":"https:\/\/www.ull.es\/portal\/noticias\/#\/schema\/person\/c3b2aa857797592927a03740d6664376"},"description":"El \u00f3rgano refrenda los precios de los colegios mayores y residencia de la ULL tras detectarse un error en la cuant\u00eda inicialmente aprobada.","breadcrumb":{"@id":"https:\/\/www.ull.es\/portal\/noticias\/2021\/consejo-social-aprueba-correccion-precios-alojamientos\/#breadcrumb"},"inLanguage":"es","potentialAction":[{"@type":"ReadAction","target":["https:\/\/www.ull.es\/portal\/noticias\/2021\/consejo-social-aprueba-correccion-precios-alojamientos\/"]}]},{"@type":"BreadcrumbList","@id":"https:\/\/www.ull.es\/portal\/noticias\/2021\/consejo-social-aprueba-correccion-precios-alojamientos\/#breadcrumb","itemListElement":[{"@type":"ListItem","position":1,"name":"Portada","item":"https:\/\/www.ull.es\/portal\/noticias\/"},{"@type":"ListItem","position":2,"name":"El Consejo Social aprueba la correcci\u00f3n de los precios p\u00fablicos de los alojamientos de la ULL"}]},{"@type":"WebSite","@id":"https:\/\/www.ull.es\/portal\/noticias\/#website","url":"https:\/\/www.ull.es\/portal\/noticias\/","name":"ULL - Noticias","description":"","potentialAction":[{"@type":"SearchAction","target":{"@type":"EntryPoint","urlTemplate":"https:\/\/www.ull.es\/portal\/noticias\/?s={search_term_string}"},"query-input":"required name=search_term_string"}],"inLanguage":"es"},{"@type":"Person","@id":"https:\/\/www.ull.es\/portal\/noticias\/#\/schema\/person\/c3b2aa857797592927a03740d6664376","name":"prensa2","image":{"@type":"ImageObject","inLanguage":"es","@id":"https:\/\/www.ull.es\/portal\/noticias\/#\/schema\/person\/image\/","url":"https:\/\/secure.gravatar.com\/avatar\/b58f310a5de5feb33d1e026d2493f23c?s=96&d=mm&r=g","contentUrl":"https:\/\/secure.gravatar.com\/avatar\/b58f310a5de5feb33d1e026d2493f23c?s=96&d=mm&r=g","caption":"prensa2"},"url":"https:\/\/www.ull.es\/portal\/noticias\/author\/prensa2\/"}]}},"primary_category":{"id":345,"name":"Destacado","slug":"destacado","link":"https:\/\/www.ull.es\/portal\/noticias\/category\/destacado\/"},"featured_image_thumbnail_url":"https:\/\/www.ull.es\/portal\/noticias\/wp-content\/uploads\/sites\/13\/2021\/05\/Consejo-Social-27-5-03-ret-300x200.jpg","_links":{"self":[{"href":"https:\/\/www.ull.es\/portal\/noticias\/wp-json\/wp\/v2\/posts\/56547"}],"collection":[{"href":"https:\/\/www.ull.es\/portal\/noticias\/wp-json\/wp\/v2\/posts"}],"about":[{"href":"https:\/\/www.ull.es\/portal\/noticias\/wp-json\/wp\/v2\/types\/post"}],"author":[{"embeddable":true,"href":"https:\/\/www.ull.es\/portal\/noticias\/wp-json\/wp\/v2\/users\/21"}],"replies":[{"embeddable":true,"href":"https:\/\/www.ull.es\/portal\/noticias\/wp-json\/wp\/v2\/comments?post=56547"}],"version-history":[{"count":1,"href":"https:\/\/www.ull.es\/portal\/noticias\/wp-json\/wp\/v2\/posts\/56547\/revisions"}],"predecessor-version":[{"id":56549,"href":"https:\/\/www.ull.es\/portal\/noticias\/wp-json\/wp\/v2\/posts\/56547\/revisions\/56549"}],"wp:featuredmedia":[{"embeddable":true,"href":"https:\/\/www.ull.es\/portal\/noticias\/wp-json\/wp\/v2\/media\/56548"}],"wp:attachment":[{"href":"https:\/\/www.ull.es\/portal\/noticias\/wp-json\/wp\/v2\/media?parent=56547"}],"wp:term":[{"taxonomy":"category","embeddable":true,"href":"https:\/\/www.ull.es\/portal\/noticias\/wp-json\/wp\/v2\/categories?post=56547"},{"taxonomy":"post_tag","embeddable":true,"href":"https:\/\/www.ull.es\/portal\/noticias\/wp-json\/wp\/v2\/tags?post=56547"}],"curies":[{"name":"wp","href":"https:\/\/api.w.org\/{rel}","templated":true}]}}