{"id":56598,"date":"2021-05-28T11:36:24","date_gmt":"2021-05-28T11:36:24","guid":{"rendered":"https:\/\/www.ull.es\/portal\/noticias\/?p=56598"},"modified":"2021-05-28T11:36:24","modified_gmt":"2021-05-28T11:36:24","slug":"la-ull-colabora-en-la-realizacion-del-primer-inventario-de-tsunamis-sufridos-en-canarias-en-los-ultimos-2-000-anos","status":"publish","type":"post","link":"https:\/\/www.ull.es\/portal\/noticias\/2021\/la-ull-colabora-en-la-realizacion-del-primer-inventario-de-tsunamis-sufridos-en-canarias-en-los-ultimos-2-000-anos\/","title":{"rendered":"La ULL colabora en la realizaci\u00f3n del primer inventario de tsunamis sufridos en Canarias en los \u00faltimos 2.000 a\u00f1os"},"content":{"rendered":"<p>Un estudio liderado por investigadoras del\u00a0Instituto Geol\u00f3gico y Minero de Espa\u00f1a (IGME)\u00a0del Consejo Superior de Investigaciones Cient\u00edficas (CSIC), realizado en colaboraci\u00f3n con investigadoras de la Universidad de La Laguna y el Museo de Ciencias Naturales de Tenerife, ha realizado el primer\u00a0inventario de los tsunamis\u00a0que han afectado a las costas canarias desde \u00e9poca romana. Los datos recopilados en este estudio pueden ayudar a desarrollar y validar modelos num\u00e9ricos que permitan calcular el tiempo que tarda en llegar un tsunami a la costa desde que se produce el terremoto que lo causa y la altura de ola. El art\u00edculo ha sido\u00a0publicado en la <a href=\"https:\/\/www.mdpi.com\/2076-3263\/11\/5\/222\" target=\"_blank\" rel=\"noopener\" target=\"_blank\" rel=\"noopener\">revista\u00a0Geosciences<\/a>.<\/p>\n<p>Muchos de los tsunamis m\u00e1s recientes no han sido percibidos por la poblaci\u00f3n. Los de mayor magnitud, como los de 1755 o 1761, no causaron da\u00f1os graves porque cuando se produjeron la poblaci\u00f3n viv\u00eda principalmente en la zona interior de las islas. Actualmente, la poblaci\u00f3n se concentra en las zonas costeras, donde adem\u00e1s se sit\u00faan los principales n\u00facleos tur\u00edsticos, por lo que el riesgo ha crecido exponencialmente.<\/p>\n<p>\u201cEs fundamental conocer los riesgos a los que estamos expuestos sin crear alarma para poder reducir su impacto. Igual que nos ponemos el cintur\u00f3n en el coche porque existe la probabilidad de que tengamos un accidente, en todas las zonas expuestas a tsunamis la poblaci\u00f3n deber\u00eda saber, por ejemplo, que si el mar se retira de repente podemos estar ante un tsunami y tenemos que dirigirnos hacia una zona elevada\u201d, explica la investigadora\u00a0In\u00e9s Galindo, jefa de la Unidad de Canarias del IGME-CSIC.<\/p>\n<p>Los resultados de este trabajo son fundamentales para avanzar en el estudio de los tsunamis en el Atl\u00e1ntico, ya que permiten actualizar los cat\u00e1logos de tsunamis nacionales e internacionales, y aportan informaci\u00f3n importante a los modelos predictivos para tratar de saber c\u00f3mo se propaga el tsunami desde el epicentro del terremoto y generar alertas. Por otro lado, se trata de informaci\u00f3n b\u00e1sica para el desarrollo del Plan de Emergencias de Protecci\u00f3n Civil de la Comunidad Aut\u00f3noma de Canarias ante Maremotos, ya que el Plan Estatal incluye al archipi\u00e9lago como una de las zonas de mayor peligrosidad, con alturas m\u00e1ximas de ola que podr\u00edan alcanzar los 8 metros.<\/p>\n<p>\u201cEl pasado es la clave del futuro. Para poder reducir el impacto de un riesgo geol\u00f3gico es b\u00e1sico conocer c\u00f3mo ha sido en el pasado.\u00a0Debemos estudiar cada cu\u00e1nto ocurren, cu\u00e1l es su magnitud, c\u00f3mo se originan, etc. Algunos de los tsunamis ya estaban incluidos en los cat\u00e1logos internacionales, otros estaban en estos listados, pero no se hab\u00edan hallado evidencias de que hab\u00edan llegado a Canarias, o simplemente no se conoc\u00edan\u201d, a\u00f1ade Galindo.<\/p>\n<p>La mayor\u00eda de estos tsunamis inventariados han sido causados por terremotos con epicentro localizado al suroeste de la pen\u00ednsula ib\u00e9rica, pero hay otros asociados a deslizamientos o desprendimientos de rocas litorales.\u00a0El peor tsunami analizado en el estudio es el de 1755, provocado por el Terremoto de Lisboa, que da\u00f1\u00f3 gravemente las Salinas del R\u00edo en Lanzarote, que fueron abandonadas a\u00f1os despu\u00e9s. \u201cDurante este evento se vieron afectados edificios e infraestructuras en todo el archipi\u00e9lago y la poblaci\u00f3n se alarm\u00f3 bastante porque se produjo el d\u00eda de todos Los Santos y muchos pensaron que era un castigo divino. De todas formas, dados los estragos que caus\u00f3 el tsunami en Lisboa y el sur peninsular, fue como si en Canarias no hubiera pasado nada\u201d, comenta la investigadora del IGME-CSIC.<\/p>\n<p>Este estudio ha descubierto, adem\u00e1s, un dep\u00f3sito de oleaje de alta energ\u00eda en la isla de La Graciosa que podr\u00eda ser la evidencia geol\u00f3gica de un tsunami ocurrido en \u00e9poca romana.<\/p>\n<p>Nota de prensa y fotograf\u00eda cedida.<\/p>\n","protected":false},"excerpt":{"rendered":"<p>Un estudio liderado por investigadoras del\u00a0Instituto Geol\u00f3gico y Minero de Espa\u00f1a (IGME)\u00a0del Consejo Superior de Investigaciones Cient\u00edficas (CSIC), realizado en&#8230;<\/p>\n","protected":false},"author":67,"featured_media":56600,"comment_status":"closed","ping_status":"closed","sticky":false,"template":"","format":"standard","meta":{"inline_featured_image":false,"footnotes":""},"categories":[345,348,350,2765],"tags":[7507,7506],"acf":[],"yoast_head":"<!-- This site is optimized with the Yoast SEO plugin v21.3 - https:\/\/yoast.com\/wordpress\/plugins\/seo\/ -->\n<title>La ULL colabora en la realizaci\u00f3n del primer inventario de tsunamis sufridos en Canarias en los \u00faltimos 2.000 a\u00f1os<\/title>\n<meta name=\"robots\" content=\"index, follow, max-snippet:-1, max-image-preview:large, max-video-preview:-1\" \/>\n<link rel=\"canonical\" href=\"https:\/\/www.ull.es\/portal\/noticias\/2021\/la-ull-colabora-en-la-realizacion-del-primer-inventario-de-tsunamis-sufridos-en-canarias-en-los-ultimos-2-000-anos\/\" \/>\n<meta property=\"og:locale\" content=\"es_ES\" \/>\n<meta property=\"og:type\" content=\"article\" \/>\n<meta property=\"og:title\" content=\"La ULL colabora en la realizaci\u00f3n del primer inventario de tsunamis sufridos en Canarias en los \u00faltimos 2.000 a\u00f1os\" \/>\n<meta property=\"og:description\" content=\"Un estudio liderado por investigadoras del\u00a0Instituto Geol\u00f3gico y Minero de Espa\u00f1a (IGME)\u00a0del Consejo Superior de Investigaciones Cient\u00edficas (CSIC), realizado en...\" \/>\n<meta property=\"og:url\" content=\"https:\/\/www.ull.es\/portal\/noticias\/2021\/la-ull-colabora-en-la-realizacion-del-primer-inventario-de-tsunamis-sufridos-en-canarias-en-los-ultimos-2-000-anos\/\" \/>\n<meta property=\"og:site_name\" content=\"ULL - Noticias\" \/>\n<meta property=\"article:publisher\" content=\"https:\/\/www.facebook.com\/universidaddelalaguna\/\" \/>\n<meta property=\"article:published_time\" content=\"2021-05-28T11:36:24+00:00\" \/>\n<meta property=\"og:image\" content=\"https:\/\/www.ull.es\/portal\/noticias\/wp-content\/uploads\/sites\/13\/2021\/05\/mirador-del-rio-1.jpg\" \/>\n\t<meta property=\"og:image:width\" content=\"1200\" \/>\n\t<meta property=\"og:image:height\" content=\"800\" \/>\n\t<meta property=\"og:image:type\" content=\"image\/jpeg\" \/>\n<meta name=\"author\" content=\"gcom5\" \/>\n<meta name=\"twitter:card\" content=\"summary_large_image\" \/>\n<meta name=\"twitter:creator\" content=\"@CanalULL\" \/>\n<meta name=\"twitter:site\" content=\"@CanalULL\" \/>\n<meta name=\"twitter:label1\" content=\"Escrito por\" \/>\n\t<meta name=\"twitter:data1\" content=\"gcom5\" \/>\n\t<meta name=\"twitter:label2\" content=\"Tiempo de lectura\" \/>\n\t<meta name=\"twitter:data2\" content=\"3 minutos\" \/>\n<script type=\"application\/ld+json\" class=\"yoast-schema-graph\">{\"@context\":\"https:\/\/schema.org\",\"@graph\":[{\"@type\":\"WebPage\",\"@id\":\"https:\/\/www.ull.es\/portal\/noticias\/2021\/la-ull-colabora-en-la-realizacion-del-primer-inventario-de-tsunamis-sufridos-en-canarias-en-los-ultimos-2-000-anos\/\",\"url\":\"https:\/\/www.ull.es\/portal\/noticias\/2021\/la-ull-colabora-en-la-realizacion-del-primer-inventario-de-tsunamis-sufridos-en-canarias-en-los-ultimos-2-000-anos\/\",\"name\":\"La ULL colabora en la realizaci\u00f3n del primer inventario de tsunamis sufridos en Canarias en los \u00faltimos 2.000 a\u00f1os\",\"isPartOf\":{\"@id\":\"https:\/\/www.ull.es\/portal\/noticias\/#website\"},\"datePublished\":\"2021-05-28T11:36:24+00:00\",\"dateModified\":\"2021-05-28T11:36:24+00:00\",\"author\":{\"@id\":\"https:\/\/www.ull.es\/portal\/noticias\/#\/schema\/person\/8027c6c4687adc2c90dc1532715d34df\"},\"breadcrumb\":{\"@id\":\"https:\/\/www.ull.es\/portal\/noticias\/2021\/la-ull-colabora-en-la-realizacion-del-primer-inventario-de-tsunamis-sufridos-en-canarias-en-los-ultimos-2-000-anos\/#breadcrumb\"},\"inLanguage\":\"es\",\"potentialAction\":[{\"@type\":\"ReadAction\",\"target\":[\"https:\/\/www.ull.es\/portal\/noticias\/2021\/la-ull-colabora-en-la-realizacion-del-primer-inventario-de-tsunamis-sufridos-en-canarias-en-los-ultimos-2-000-anos\/\"]}]},{\"@type\":\"BreadcrumbList\",\"@id\":\"https:\/\/www.ull.es\/portal\/noticias\/2021\/la-ull-colabora-en-la-realizacion-del-primer-inventario-de-tsunamis-sufridos-en-canarias-en-los-ultimos-2-000-anos\/#breadcrumb\",\"itemListElement\":[{\"@type\":\"ListItem\",\"position\":1,\"name\":\"Portada\",\"item\":\"https:\/\/www.ull.es\/portal\/noticias\/\"},{\"@type\":\"ListItem\",\"position\":2,\"name\":\"La ULL colabora en la realizaci\u00f3n del primer inventario de tsunamis sufridos en Canarias en los \u00faltimos 2.000 a\u00f1os\"}]},{\"@type\":\"WebSite\",\"@id\":\"https:\/\/www.ull.es\/portal\/noticias\/#website\",\"url\":\"https:\/\/www.ull.es\/portal\/noticias\/\",\"name\":\"ULL - Noticias\",\"description\":\"\",\"potentialAction\":[{\"@type\":\"SearchAction\",\"target\":{\"@type\":\"EntryPoint\",\"urlTemplate\":\"https:\/\/www.ull.es\/portal\/noticias\/?s={search_term_string}\"},\"query-input\":\"required name=search_term_string\"}],\"inLanguage\":\"es\"},{\"@type\":\"Person\",\"@id\":\"https:\/\/www.ull.es\/portal\/noticias\/#\/schema\/person\/8027c6c4687adc2c90dc1532715d34df\",\"name\":\"gcom5\",\"image\":{\"@type\":\"ImageObject\",\"inLanguage\":\"es\",\"@id\":\"https:\/\/www.ull.es\/portal\/noticias\/#\/schema\/person\/image\/\",\"url\":\"https:\/\/secure.gravatar.com\/avatar\/8b3777f8048001fa57b88338ce5605b9?s=96&d=mm&r=g\",\"contentUrl\":\"https:\/\/secure.gravatar.com\/avatar\/8b3777f8048001fa57b88338ce5605b9?s=96&d=mm&r=g\",\"caption\":\"gcom5\"},\"url\":\"https:\/\/www.ull.es\/portal\/noticias\/author\/gcom5\/\"}]}<\/script>\n<!-- \/ Yoast SEO plugin. -->","yoast_head_json":{"title":"La ULL colabora en la realizaci\u00f3n del primer inventario de tsunamis sufridos en Canarias en los \u00faltimos 2.000 a\u00f1os","robots":{"index":"index","follow":"follow","max-snippet":"max-snippet:-1","max-image-preview":"max-image-preview:large","max-video-preview":"max-video-preview:-1"},"canonical":"https:\/\/www.ull.es\/portal\/noticias\/2021\/la-ull-colabora-en-la-realizacion-del-primer-inventario-de-tsunamis-sufridos-en-canarias-en-los-ultimos-2-000-anos\/","og_locale":"es_ES","og_type":"article","og_title":"La ULL colabora en la realizaci\u00f3n del primer inventario de tsunamis sufridos en Canarias en los \u00faltimos 2.000 a\u00f1os","og_description":"Un estudio liderado por investigadoras del\u00a0Instituto Geol\u00f3gico y Minero de Espa\u00f1a (IGME)\u00a0del Consejo Superior de Investigaciones Cient\u00edficas (CSIC), realizado en...","og_url":"https:\/\/www.ull.es\/portal\/noticias\/2021\/la-ull-colabora-en-la-realizacion-del-primer-inventario-de-tsunamis-sufridos-en-canarias-en-los-ultimos-2-000-anos\/","og_site_name":"ULL - Noticias","article_publisher":"https:\/\/www.facebook.com\/universidaddelalaguna\/","article_published_time":"2021-05-28T11:36:24+00:00","og_image":[{"width":1200,"height":800,"url":"https:\/\/www.ull.es\/portal\/noticias\/wp-content\/uploads\/sites\/13\/2021\/05\/mirador-del-rio-1.jpg","type":"image\/jpeg"}],"author":"gcom5","twitter_card":"summary_large_image","twitter_creator":"@CanalULL","twitter_site":"@CanalULL","twitter_misc":{"Escrito por":"gcom5","Tiempo de lectura":"3 minutos"},"schema":{"@context":"https:\/\/schema.org","@graph":[{"@type":"WebPage","@id":"https:\/\/www.ull.es\/portal\/noticias\/2021\/la-ull-colabora-en-la-realizacion-del-primer-inventario-de-tsunamis-sufridos-en-canarias-en-los-ultimos-2-000-anos\/","url":"https:\/\/www.ull.es\/portal\/noticias\/2021\/la-ull-colabora-en-la-realizacion-del-primer-inventario-de-tsunamis-sufridos-en-canarias-en-los-ultimos-2-000-anos\/","name":"La ULL colabora en la realizaci\u00f3n del primer inventario de tsunamis sufridos en Canarias en los \u00faltimos 2.000 a\u00f1os","isPartOf":{"@id":"https:\/\/www.ull.es\/portal\/noticias\/#website"},"datePublished":"2021-05-28T11:36:24+00:00","dateModified":"2021-05-28T11:36:24+00:00","author":{"@id":"https:\/\/www.ull.es\/portal\/noticias\/#\/schema\/person\/8027c6c4687adc2c90dc1532715d34df"},"breadcrumb":{"@id":"https:\/\/www.ull.es\/portal\/noticias\/2021\/la-ull-colabora-en-la-realizacion-del-primer-inventario-de-tsunamis-sufridos-en-canarias-en-los-ultimos-2-000-anos\/#breadcrumb"},"inLanguage":"es","potentialAction":[{"@type":"ReadAction","target":["https:\/\/www.ull.es\/portal\/noticias\/2021\/la-ull-colabora-en-la-realizacion-del-primer-inventario-de-tsunamis-sufridos-en-canarias-en-los-ultimos-2-000-anos\/"]}]},{"@type":"BreadcrumbList","@id":"https:\/\/www.ull.es\/portal\/noticias\/2021\/la-ull-colabora-en-la-realizacion-del-primer-inventario-de-tsunamis-sufridos-en-canarias-en-los-ultimos-2-000-anos\/#breadcrumb","itemListElement":[{"@type":"ListItem","position":1,"name":"Portada","item":"https:\/\/www.ull.es\/portal\/noticias\/"},{"@type":"ListItem","position":2,"name":"La ULL colabora en la realizaci\u00f3n del primer inventario de tsunamis sufridos en Canarias en los \u00faltimos 2.000 a\u00f1os"}]},{"@type":"WebSite","@id":"https:\/\/www.ull.es\/portal\/noticias\/#website","url":"https:\/\/www.ull.es\/portal\/noticias\/","name":"ULL - Noticias","description":"","potentialAction":[{"@type":"SearchAction","target":{"@type":"EntryPoint","urlTemplate":"https:\/\/www.ull.es\/portal\/noticias\/?s={search_term_string}"},"query-input":"required name=search_term_string"}],"inLanguage":"es"},{"@type":"Person","@id":"https:\/\/www.ull.es\/portal\/noticias\/#\/schema\/person\/8027c6c4687adc2c90dc1532715d34df","name":"gcom5","image":{"@type":"ImageObject","inLanguage":"es","@id":"https:\/\/www.ull.es\/portal\/noticias\/#\/schema\/person\/image\/","url":"https:\/\/secure.gravatar.com\/avatar\/8b3777f8048001fa57b88338ce5605b9?s=96&d=mm&r=g","contentUrl":"https:\/\/secure.gravatar.com\/avatar\/8b3777f8048001fa57b88338ce5605b9?s=96&d=mm&r=g","caption":"gcom5"},"url":"https:\/\/www.ull.es\/portal\/noticias\/author\/gcom5\/"}]}},"primary_category":{"id":350,"name":"Investigaci\u00f3n","slug":"investigacion","link":"https:\/\/www.ull.es\/portal\/noticias\/category\/investigacion\/"},"featured_image_thumbnail_url":"https:\/\/www.ull.es\/portal\/noticias\/wp-content\/uploads\/sites\/13\/2021\/05\/mirador-del-rio-1-300x200.jpg","_links":{"self":[{"href":"https:\/\/www.ull.es\/portal\/noticias\/wp-json\/wp\/v2\/posts\/56598"}],"collection":[{"href":"https:\/\/www.ull.es\/portal\/noticias\/wp-json\/wp\/v2\/posts"}],"about":[{"href":"https:\/\/www.ull.es\/portal\/noticias\/wp-json\/wp\/v2\/types\/post"}],"author":[{"embeddable":true,"href":"https:\/\/www.ull.es\/portal\/noticias\/wp-json\/wp\/v2\/users\/67"}],"replies":[{"embeddable":true,"href":"https:\/\/www.ull.es\/portal\/noticias\/wp-json\/wp\/v2\/comments?post=56598"}],"version-history":[{"count":1,"href":"https:\/\/www.ull.es\/portal\/noticias\/wp-json\/wp\/v2\/posts\/56598\/revisions"}],"predecessor-version":[{"id":56602,"href":"https:\/\/www.ull.es\/portal\/noticias\/wp-json\/wp\/v2\/posts\/56598\/revisions\/56602"}],"wp:featuredmedia":[{"embeddable":true,"href":"https:\/\/www.ull.es\/portal\/noticias\/wp-json\/wp\/v2\/media\/56600"}],"wp:attachment":[{"href":"https:\/\/www.ull.es\/portal\/noticias\/wp-json\/wp\/v2\/media?parent=56598"}],"wp:term":[{"taxonomy":"category","embeddable":true,"href":"https:\/\/www.ull.es\/portal\/noticias\/wp-json\/wp\/v2\/categories?post=56598"},{"taxonomy":"post_tag","embeddable":true,"href":"https:\/\/www.ull.es\/portal\/noticias\/wp-json\/wp\/v2\/tags?post=56598"}],"curies":[{"name":"wp","href":"https:\/\/api.w.org\/{rel}","templated":true}]}}