{"id":56734,"date":"2021-06-02T12:50:07","date_gmt":"2021-06-02T12:50:07","guid":{"rendered":"https:\/\/www.ull.es\/portal\/noticias\/?p=56734"},"modified":"2021-06-02T12:51:59","modified_gmt":"2021-06-02T12:51:59","slug":"la-ull-celebra-sus-jornadas-de-innovacion-y-transferencia-educativa-para-visibilizar-nuevos-modelos-de-ensenanza","status":"publish","type":"post","link":"https:\/\/www.ull.es\/portal\/noticias\/2021\/la-ull-celebra-sus-jornadas-de-innovacion-y-transferencia-educativa-para-visibilizar-nuevos-modelos-de-ensenanza\/","title":{"rendered":"La ULL celebra sus Jornadas de Innovaci\u00f3n y Transferencia Educativa para visibilizar nuevos modelos de ense\u00f1anza"},"content":{"rendered":"<p>El Vicerrectorado de Innovaci\u00f3n Docente y Calidad de la Universidad de La Laguna ha organizado las ya habituales Jornadas de Innovaci\u00f3n y Transferencia Educativa, que tendr\u00e1n lugar los d\u00edas 3 y 4 de junio en un formato mixto, que combina la presencialidad con aforo restringido en el sal\u00f3n de actos de la Facultad de Educaci\u00f3n con la retransmisi\u00f3n en directo el jueves 3 en <a href=\"https:\/\/youtu.be\/r4gD2EfGYcs\" target=\"_blank\" rel=\"noopener\">este enlace<\/a> y el viernes 4 en <a href=\"https:\/\/youtu.be\/pjKNAAKR16k\" target=\"_blank\" rel=\"noopener\">este otro<\/a>. El prop\u00f3sito de esta iniciativa es mostrar nuevos modelos de ense\u00f1anza y aprendizaje, en el que el alumnado sea el elemento protagonista.<\/p>\n<p>Las jornadas servir\u00e1n as\u00ed para conocer el trabajo que llevan a cabo muchos grupos de investigaci\u00f3n del centro acad\u00e9mico comprometidos con la innovaci\u00f3n docente orientada hacia el modelo de ense\u00f1anza centrada en el estudiante de la Universidad de La Laguna, al tiempo que conocer casos de buenas pr\u00e1cticas, detectar las oportunidades pedag\u00f3gicas que presenta el uso de las herramientas y m\u00e9todos digitales y, en definitiva, que realizar un reconocimiento de actividad docente de calidad.<\/p>\n<p>Tras el acto de apertura, que tendr\u00e1 lugar ma\u00f1ana jueves a las 9 horas de manos de la rectora de la instituci\u00f3n acad\u00e9mica, Rosa Aguilar, se celebrar\u00e1 la conferencia inaugural, \u2018Aprendizajes desde la pandemia: reflexiones para la universidad\u2019, a cargo de Julio Cabero Almenara, catedr\u00e1tico de Did\u00e1ctica y Organizaci\u00f3n Escolar de la Universidad de Sevilla.\u00a0Seguidamente se llevar\u00e1 a cabo una mesa redonda donde se expondr\u00e1n casos de buenas pr\u00e1cticas en innovaci\u00f3n educativa, que se extender\u00e1 hasta las 12,30 horas. La sesi\u00f3n se cerrar\u00e1 con la intervenci\u00f3n de Jos\u00e9 Saturnino Mart\u00ednez Garc\u00eda, director de la Agencia Canaria de Calidad Universitaria y Evaluaci\u00f3n Educativa, quien abordar\u00e1 las tendencias de la promoci\u00f3n de la calidad docente en el sistema universitario espa\u00f1ol.<\/p>\n<p>La sesi\u00f3n del viernes se abre igualmente a las 9 horas con una mesa redonda acerca de \u2018Las lecciones aprendidas en tiempos de Covid\u2019, con la participaci\u00f3n de profesorado de las universidades de Salamanca, Murcia y Extremadura. Continuar\u00e1 con otra mesa de buenas pr\u00e1cticas en innovaci\u00f3n para finalmente cerrar con la entrega de premios a los mejores p\u00f3steres presentados a las jornadas. Todo el programa al detalle puede conocerse en este <a href=\"https:\/\/drive.google.com\/file\/d\/1Khn5-t3nIItJnmFQvnZq8X6Y0pym8HfD\/view\" target=\"_blank\" rel=\"noopener\">enlace<\/a>.<\/p>\n","protected":false},"excerpt":{"rendered":"<p>El Vicerrectorado de Innovaci\u00f3n Docente y Calidad de la Universidad de La Laguna ha organizado las ya habituales Jornadas de&#8230;<\/p>\n","protected":false},"author":23,"featured_media":56738,"comment_status":"closed","ping_status":"closed","sticky":false,"template":"","format":"standard","meta":{"inline_featured_image":false,"footnotes":""},"categories":[345,346,348,2765],"tags":[1506,7434],"acf":[],"yoast_head":"<!-- This site is optimized with the Yoast SEO plugin v21.3 - https:\/\/yoast.com\/wordpress\/plugins\/seo\/ -->\n<title>La ULL celebra sus Jornadas de Innovaci\u00f3n y Transferencia Educativa para visibilizar nuevos modelos de ense\u00f1anza - ULL - Noticias<\/title>\n<meta name=\"robots\" content=\"index, follow, max-snippet:-1, max-image-preview:large, max-video-preview:-1\" \/>\n<link rel=\"canonical\" href=\"https:\/\/www.ull.es\/portal\/noticias\/2021\/la-ull-celebra-sus-jornadas-de-innovacion-y-transferencia-educativa-para-visibilizar-nuevos-modelos-de-ensenanza\/\" \/>\n<meta property=\"og:locale\" content=\"es_ES\" \/>\n<meta property=\"og:type\" content=\"article\" \/>\n<meta property=\"og:title\" content=\"La ULL celebra sus Jornadas de Innovaci\u00f3n y Transferencia Educativa para visibilizar nuevos modelos de ense\u00f1anza - ULL - Noticias\" \/>\n<meta property=\"og:description\" content=\"El Vicerrectorado de Innovaci\u00f3n Docente y Calidad de la Universidad de La Laguna ha organizado las ya habituales Jornadas de...\" \/>\n<meta property=\"og:url\" content=\"https:\/\/www.ull.es\/portal\/noticias\/2021\/la-ull-celebra-sus-jornadas-de-innovacion-y-transferencia-educativa-para-visibilizar-nuevos-modelos-de-ensenanza\/\" \/>\n<meta property=\"og:site_name\" content=\"ULL - Noticias\" \/>\n<meta property=\"article:publisher\" content=\"https:\/\/www.facebook.com\/universidaddelalaguna\/\" \/>\n<meta property=\"article:published_time\" content=\"2021-06-02T12:50:07+00:00\" \/>\n<meta property=\"article:modified_time\" content=\"2021-06-02T12:51:59+00:00\" \/>\n<meta property=\"og:image\" content=\"https:\/\/www.ull.es\/portal\/noticias\/wp-content\/uploads\/sites\/13\/2021\/06\/Jornadas-de-Innovacion-y-Transferencia-Educativa_banner.jpg\" \/>\n\t<meta property=\"og:image:width\" content=\"700\" \/>\n\t<meta property=\"og:image:height\" content=\"350\" \/>\n\t<meta property=\"og:image:type\" content=\"image\/jpeg\" \/>\n<meta name=\"author\" content=\"gaprsa\" \/>\n<meta name=\"twitter:card\" content=\"summary_large_image\" \/>\n<meta name=\"twitter:creator\" content=\"@CanalULL\" \/>\n<meta name=\"twitter:site\" content=\"@CanalULL\" \/>\n<meta name=\"twitter:label1\" content=\"Escrito por\" \/>\n\t<meta name=\"twitter:data1\" content=\"gaprsa\" \/>\n\t<meta name=\"twitter:label2\" content=\"Tiempo de lectura\" \/>\n\t<meta name=\"twitter:data2\" content=\"2 minutos\" \/>\n<script type=\"application\/ld+json\" class=\"yoast-schema-graph\">{\"@context\":\"https:\/\/schema.org\",\"@graph\":[{\"@type\":\"WebPage\",\"@id\":\"https:\/\/www.ull.es\/portal\/noticias\/2021\/la-ull-celebra-sus-jornadas-de-innovacion-y-transferencia-educativa-para-visibilizar-nuevos-modelos-de-ensenanza\/\",\"url\":\"https:\/\/www.ull.es\/portal\/noticias\/2021\/la-ull-celebra-sus-jornadas-de-innovacion-y-transferencia-educativa-para-visibilizar-nuevos-modelos-de-ensenanza\/\",\"name\":\"La ULL celebra sus Jornadas de Innovaci\u00f3n y Transferencia Educativa para visibilizar nuevos modelos de ense\u00f1anza - ULL - Noticias\",\"isPartOf\":{\"@id\":\"https:\/\/www.ull.es\/portal\/noticias\/#website\"},\"datePublished\":\"2021-06-02T12:50:07+00:00\",\"dateModified\":\"2021-06-02T12:51:59+00:00\",\"author\":{\"@id\":\"https:\/\/www.ull.es\/portal\/noticias\/#\/schema\/person\/b2b1a89d43ffa609e591f7df8ef3e817\"},\"breadcrumb\":{\"@id\":\"https:\/\/www.ull.es\/portal\/noticias\/2021\/la-ull-celebra-sus-jornadas-de-innovacion-y-transferencia-educativa-para-visibilizar-nuevos-modelos-de-ensenanza\/#breadcrumb\"},\"inLanguage\":\"es\",\"potentialAction\":[{\"@type\":\"ReadAction\",\"target\":[\"https:\/\/www.ull.es\/portal\/noticias\/2021\/la-ull-celebra-sus-jornadas-de-innovacion-y-transferencia-educativa-para-visibilizar-nuevos-modelos-de-ensenanza\/\"]}]},{\"@type\":\"BreadcrumbList\",\"@id\":\"https:\/\/www.ull.es\/portal\/noticias\/2021\/la-ull-celebra-sus-jornadas-de-innovacion-y-transferencia-educativa-para-visibilizar-nuevos-modelos-de-ensenanza\/#breadcrumb\",\"itemListElement\":[{\"@type\":\"ListItem\",\"position\":1,\"name\":\"Portada\",\"item\":\"https:\/\/www.ull.es\/portal\/noticias\/\"},{\"@type\":\"ListItem\",\"position\":2,\"name\":\"La ULL celebra sus Jornadas de Innovaci\u00f3n y Transferencia Educativa para visibilizar nuevos modelos de ense\u00f1anza\"}]},{\"@type\":\"WebSite\",\"@id\":\"https:\/\/www.ull.es\/portal\/noticias\/#website\",\"url\":\"https:\/\/www.ull.es\/portal\/noticias\/\",\"name\":\"ULL - Noticias\",\"description\":\"\",\"potentialAction\":[{\"@type\":\"SearchAction\",\"target\":{\"@type\":\"EntryPoint\",\"urlTemplate\":\"https:\/\/www.ull.es\/portal\/noticias\/?s={search_term_string}\"},\"query-input\":\"required name=search_term_string\"}],\"inLanguage\":\"es\"},{\"@type\":\"Person\",\"@id\":\"https:\/\/www.ull.es\/portal\/noticias\/#\/schema\/person\/b2b1a89d43ffa609e591f7df8ef3e817\",\"name\":\"gaprsa\",\"image\":{\"@type\":\"ImageObject\",\"inLanguage\":\"es\",\"@id\":\"https:\/\/www.ull.es\/portal\/noticias\/#\/schema\/person\/image\/\",\"url\":\"https:\/\/secure.gravatar.com\/avatar\/443820550921091458b4823867723b3d?s=96&d=mm&r=g\",\"contentUrl\":\"https:\/\/secure.gravatar.com\/avatar\/443820550921091458b4823867723b3d?s=96&d=mm&r=g\",\"caption\":\"gaprsa\"},\"url\":\"https:\/\/www.ull.es\/portal\/noticias\/author\/gaprsa\/\"}]}<\/script>\n<!-- \/ Yoast SEO plugin. -->","yoast_head_json":{"title":"La ULL celebra sus Jornadas de Innovaci\u00f3n y Transferencia Educativa para visibilizar nuevos modelos de ense\u00f1anza - ULL - Noticias","robots":{"index":"index","follow":"follow","max-snippet":"max-snippet:-1","max-image-preview":"max-image-preview:large","max-video-preview":"max-video-preview:-1"},"canonical":"https:\/\/www.ull.es\/portal\/noticias\/2021\/la-ull-celebra-sus-jornadas-de-innovacion-y-transferencia-educativa-para-visibilizar-nuevos-modelos-de-ensenanza\/","og_locale":"es_ES","og_type":"article","og_title":"La ULL celebra sus Jornadas de Innovaci\u00f3n y Transferencia Educativa para visibilizar nuevos modelos de ense\u00f1anza - ULL - Noticias","og_description":"El Vicerrectorado de Innovaci\u00f3n Docente y Calidad de la Universidad de La Laguna ha organizado las ya habituales Jornadas de...","og_url":"https:\/\/www.ull.es\/portal\/noticias\/2021\/la-ull-celebra-sus-jornadas-de-innovacion-y-transferencia-educativa-para-visibilizar-nuevos-modelos-de-ensenanza\/","og_site_name":"ULL - Noticias","article_publisher":"https:\/\/www.facebook.com\/universidaddelalaguna\/","article_published_time":"2021-06-02T12:50:07+00:00","article_modified_time":"2021-06-02T12:51:59+00:00","og_image":[{"width":700,"height":350,"url":"https:\/\/www.ull.es\/portal\/noticias\/wp-content\/uploads\/sites\/13\/2021\/06\/Jornadas-de-Innovacion-y-Transferencia-Educativa_banner.jpg","type":"image\/jpeg"}],"author":"gaprsa","twitter_card":"summary_large_image","twitter_creator":"@CanalULL","twitter_site":"@CanalULL","twitter_misc":{"Escrito por":"gaprsa","Tiempo de lectura":"2 minutos"},"schema":{"@context":"https:\/\/schema.org","@graph":[{"@type":"WebPage","@id":"https:\/\/www.ull.es\/portal\/noticias\/2021\/la-ull-celebra-sus-jornadas-de-innovacion-y-transferencia-educativa-para-visibilizar-nuevos-modelos-de-ensenanza\/","url":"https:\/\/www.ull.es\/portal\/noticias\/2021\/la-ull-celebra-sus-jornadas-de-innovacion-y-transferencia-educativa-para-visibilizar-nuevos-modelos-de-ensenanza\/","name":"La ULL celebra sus Jornadas de Innovaci\u00f3n y Transferencia Educativa para visibilizar nuevos modelos de ense\u00f1anza - ULL - Noticias","isPartOf":{"@id":"https:\/\/www.ull.es\/portal\/noticias\/#website"},"datePublished":"2021-06-02T12:50:07+00:00","dateModified":"2021-06-02T12:51:59+00:00","author":{"@id":"https:\/\/www.ull.es\/portal\/noticias\/#\/schema\/person\/b2b1a89d43ffa609e591f7df8ef3e817"},"breadcrumb":{"@id":"https:\/\/www.ull.es\/portal\/noticias\/2021\/la-ull-celebra-sus-jornadas-de-innovacion-y-transferencia-educativa-para-visibilizar-nuevos-modelos-de-ensenanza\/#breadcrumb"},"inLanguage":"es","potentialAction":[{"@type":"ReadAction","target":["https:\/\/www.ull.es\/portal\/noticias\/2021\/la-ull-celebra-sus-jornadas-de-innovacion-y-transferencia-educativa-para-visibilizar-nuevos-modelos-de-ensenanza\/"]}]},{"@type":"BreadcrumbList","@id":"https:\/\/www.ull.es\/portal\/noticias\/2021\/la-ull-celebra-sus-jornadas-de-innovacion-y-transferencia-educativa-para-visibilizar-nuevos-modelos-de-ensenanza\/#breadcrumb","itemListElement":[{"@type":"ListItem","position":1,"name":"Portada","item":"https:\/\/www.ull.es\/portal\/noticias\/"},{"@type":"ListItem","position":2,"name":"La ULL celebra sus Jornadas de Innovaci\u00f3n y Transferencia Educativa para visibilizar nuevos modelos de ense\u00f1anza"}]},{"@type":"WebSite","@id":"https:\/\/www.ull.es\/portal\/noticias\/#website","url":"https:\/\/www.ull.es\/portal\/noticias\/","name":"ULL - Noticias","description":"","potentialAction":[{"@type":"SearchAction","target":{"@type":"EntryPoint","urlTemplate":"https:\/\/www.ull.es\/portal\/noticias\/?s={search_term_string}"},"query-input":"required name=search_term_string"}],"inLanguage":"es"},{"@type":"Person","@id":"https:\/\/www.ull.es\/portal\/noticias\/#\/schema\/person\/b2b1a89d43ffa609e591f7df8ef3e817","name":"gaprsa","image":{"@type":"ImageObject","inLanguage":"es","@id":"https:\/\/www.ull.es\/portal\/noticias\/#\/schema\/person\/image\/","url":"https:\/\/secure.gravatar.com\/avatar\/443820550921091458b4823867723b3d?s=96&d=mm&r=g","contentUrl":"https:\/\/secure.gravatar.com\/avatar\/443820550921091458b4823867723b3d?s=96&d=mm&r=g","caption":"gaprsa"},"url":"https:\/\/www.ull.es\/portal\/noticias\/author\/gaprsa\/"}]}},"primary_category":{"id":345,"name":"Destacado","slug":"destacado","link":"https:\/\/www.ull.es\/portal\/noticias\/category\/destacado\/"},"featured_image_thumbnail_url":"https:\/\/www.ull.es\/portal\/noticias\/wp-content\/uploads\/sites\/13\/2021\/06\/Jornadas-de-Innovacion-y-Transferencia-Educativa_banner-300x150.jpg","_links":{"self":[{"href":"https:\/\/www.ull.es\/portal\/noticias\/wp-json\/wp\/v2\/posts\/56734"}],"collection":[{"href":"https:\/\/www.ull.es\/portal\/noticias\/wp-json\/wp\/v2\/posts"}],"about":[{"href":"https:\/\/www.ull.es\/portal\/noticias\/wp-json\/wp\/v2\/types\/post"}],"author":[{"embeddable":true,"href":"https:\/\/www.ull.es\/portal\/noticias\/wp-json\/wp\/v2\/users\/23"}],"replies":[{"embeddable":true,"href":"https:\/\/www.ull.es\/portal\/noticias\/wp-json\/wp\/v2\/comments?post=56734"}],"version-history":[{"count":6,"href":"https:\/\/www.ull.es\/portal\/noticias\/wp-json\/wp\/v2\/posts\/56734\/revisions"}],"predecessor-version":[{"id":56744,"href":"https:\/\/www.ull.es\/portal\/noticias\/wp-json\/wp\/v2\/posts\/56734\/revisions\/56744"}],"wp:featuredmedia":[{"embeddable":true,"href":"https:\/\/www.ull.es\/portal\/noticias\/wp-json\/wp\/v2\/media\/56738"}],"wp:attachment":[{"href":"https:\/\/www.ull.es\/portal\/noticias\/wp-json\/wp\/v2\/media?parent=56734"}],"wp:term":[{"taxonomy":"category","embeddable":true,"href":"https:\/\/www.ull.es\/portal\/noticias\/wp-json\/wp\/v2\/categories?post=56734"},{"taxonomy":"post_tag","embeddable":true,"href":"https:\/\/www.ull.es\/portal\/noticias\/wp-json\/wp\/v2\/tags?post=56734"}],"curies":[{"name":"wp","href":"https:\/\/api.w.org\/{rel}","templated":true}]}}