{"id":56825,"date":"2021-06-04T11:22:34","date_gmt":"2021-06-04T11:22:34","guid":{"rendered":"https:\/\/www.ull.es\/portal\/noticias\/?p=56825"},"modified":"2021-06-05T19:11:41","modified_gmt":"2021-06-05T19:11:41","slug":"finaliza-la-iv-edicion-de-programa-educativo-proyectamates","status":"publish","type":"post","link":"https:\/\/www.ull.es\/portal\/noticias\/2021\/finaliza-la-iv-edicion-de-programa-educativo-proyectamates\/","title":{"rendered":"Finaliza la IV edici\u00f3n de Programa Educativo ProyectaMates"},"content":{"rendered":"<p><span style=\"font-weight: 400\">La cuarta edici\u00f3n del Programa educativo <\/span><b>\u201c<\/b>ProyectaMates\u201d: Resoluci\u00f3n de problemas de matem\u00e1ticas en Educaci\u00f3n Primaria y Secundaria en la Isla de Tenerife fue clausurada ayer.<span style=\"font-weight: 400\"> El acto, que se desarroll\u00f3 en modalidad online, fue precedido por la bienvenida de Isabel Bello Bello, directora insular de Educaci\u00f3n y Juventud del Cabildo de Tenerife, Juan Diego Betancor Ortiz, director gerente de la Fundaci\u00f3n General de la ULL, y Agar Arrocha Reyes, presidenta de la Sociedad Canaria de Profesores de Matem\u00e1ticas \u201cIsaac Newton\u201d. En esta edici\u00f3n han participado 39 docentes y 345 estudiantes, procedentes de 19 centros escolares de primaria y secundaria de la isla de Tenerife.<\/span><\/p>\n<p><span style=\"font-weight: 400\">El proyecto educativo ProyectaMates es una iniciativa promovida por el Servicio de Educaci\u00f3n y Juventud del Cabildo de Tenerife, la Universidad de La Laguna, su Fundaci\u00f3n General a trav\u00e9s de la Unidad de Cultura Cient\u00edfica y de la Innovaci\u00f3n (Cienci@ULL) y la Sociedad Canaria de Profesores de Matem\u00e1ticas Isaac Newton (SCPM Isaac Newton).<\/span><\/p>\n<p><span style=\"font-weight: 400\">Durante la jornada de clausura se realizaron dos actividades principales en la que pudieron participar el alumnado de los centros participantes en este proyecto. En primer lugar, pudieron disfrutar de la charla divulgativa <\/span><i><span style=\"font-weight: 400\">\u201cHay 10 tipos de personas<\/span><\/i><span style=\"font-weight: 400\">\u201d que fue impartida por Ignacio Garc\u00eda, profesor e investigador del Departamento de Matem\u00e1ticas, Estad\u00edstica e Investigaci\u00f3n Operativa de la ULL, sobre la relaci\u00f3n que existe entre la representaci\u00f3n num\u00e9rica en el sistema decimal y en binario, y posteriormente disfrutaron de un taller pr\u00e1ctico sobre la utilizaci\u00f3n de dos juegos que integran la \u201cMaleta Matem\u00e1tica\u201d de ProyectaMates en la resoluci\u00f3n de problemas y la definici\u00f3n de estrategias, el tangram y NIM, a cargo de Manolo Garc\u00eda D\u00e9niz y Juan Agust\u00edn Noda, miembros de la Sociedad Canaria de Profesores de Matem\u00e1ticas \u201cIsaac Newton.\u00a0<\/span><\/p>\n<p><span style=\"font-weight: 400\">El principal objetivo del Programa es potenciar el uso del razonamiento l\u00f3gico y la resoluci\u00f3n de problemas en el alumnado de la isla de Tenerife, concretamente en los niveles de 3\u00ba hasta 6\u00ba de primaria y 1\u00ba y 2\u00ba de la Educaci\u00f3n Secundaria Obligatoria, a partir de mostrar al personal docente t\u00e9cnicas y estrategias de aprendizaje que permitan fortalecer las capacidades deductivas del alumnado.<\/span><\/p>\n<p><span style=\"font-weight: 400\">Este programa est\u00e1 dise\u00f1ado para la implementaci\u00f3n de acciones formativas dirigidas al profesorado y orientadas aprender a ense\u00f1ar a resolver problemas. A lo largo del proyecto, que se ha realizado de noviembre a junio de 2021, los educadores participantes no solo recibieron formaci\u00f3n, tambi\u00e9n pusieron en pr\u00e1ctica la metodolog\u00eda aprendida en el aula con su alumnado. Este a\u00f1o se ha trabajado un conjunto de estrategias para primaria y secundaria sobre la manipulaci\u00f3n, modelizaci\u00f3n algebraica, la organizaci\u00f3n de la informaci\u00f3n, ensayo-error y b\u00fasqueda de patrones y generalizaci\u00f3n. Para ello, se dise\u00f1\u00f3 un programa formativo online te\u00f3rico-pr\u00e1ctico, muy sencillo de trabajar por el profesorado participante.\u00a0<\/span><\/p>\n<p><span style=\"font-weight: 400\">Este proyecto tiene una fase de investigaci\u00f3n realizada por la Secci\u00f3n de Matem\u00e1ticas de la Universidad de La Laguna, donde se estudia el impacto del uso de estas metodolog\u00edas en el aprendizaje del alumnado en matem\u00e1ticas y su desarrollo competencial en matem\u00e1ticas. Tambi\u00e9n se analiza las actitudes de los estudiantes hacia la materia en los diferentes niveles educativos objeto de este proyecto. Adem\u00e1s, se realizaron una veintena de talleres pr\u00e1cticos y divulgativos para aprender a usar los elementos de la \u201cMaleta Matem\u00e1tica\u201d que se han entregado en todos los centros participantes.\u00a0<\/span><\/p>\n<p><span style=\"font-weight: 400\">Los centros participantes en esta edici\u00f3n han sido: CEIP Las Mercedes, CEIP Santa Cruz de California, CEIP Carmen \u00c1lvarez de la Rosa, CPEIPS La Salle La Laguna, CEIP Te\u00f3filo P\u00e9rez, CEIP Aldea Blanca, CEIP Abona, CEIP Feliciano Hern\u00e1ndez Garc\u00eda, IES Tamaimo, CEIP Parque La Reina, CEIP Santa Teresa de Jes\u00fas, CEIP Dom\u00ednguez Alfonso, CEIP Juan Cruz Ru\u00edz, CEIP Llano de las Naciones, CEO Leoncio Rodr\u00edguez, CEIP Agache, Colegio Decroly, CEIP Miguel Pintor y CEIP La Escalona.<\/span><\/p>\n","protected":false},"excerpt":{"rendered":"<p>La cuarta edici\u00f3n del Programa educativo \u201cProyectaMates\u201d: Resoluci\u00f3n de problemas de matem\u00e1ticas en Educaci\u00f3n Primaria y Secundaria en la Isla&#8230;<\/p>\n","protected":false},"author":65,"featured_media":56852,"comment_status":"closed","ping_status":"closed","sticky":false,"template":"","format":"standard","meta":{"inline_featured_image":false,"footnotes":""},"categories":[3785,345,3924,348,2765],"tags":[665,7544,7545,2344],"acf":[],"yoast_head":"<!-- This site is optimized with the Yoast SEO plugin v21.3 - https:\/\/yoast.com\/wordpress\/plugins\/seo\/ -->\n<title>Finaliza la IV edici\u00f3n de Programa Educativo ProyectaMates - ULL - Noticias<\/title>\n<meta name=\"description\" content=\"La cuarta edici\u00f3n del Programa educativo \u201cProyectaMates\u201d: Resoluci\u00f3n de problemas de matem\u00e1ticas en Educaci\u00f3n Primaria y Secundaria en la Isla de Tenerife fue clausurada ayer. El acto, que se desarroll\u00f3 en modalidad online, fue precedido por la bienvenida de Isabel Bello Bello, directora insular de Educaci\u00f3n y Juventud del Cabildo de Tenerife, Juan Diego Betancor Ortiz, director gerente de la Fundaci\u00f3n General de la ULL, y Agar Arrocha Reyes, presidenta de la Sociedad Canaria de Profesores de Matem\u00e1ticas \u201cIsaac Newton\u201d.\" \/>\n<meta name=\"robots\" content=\"index, follow, max-snippet:-1, max-image-preview:large, max-video-preview:-1\" \/>\n<link rel=\"canonical\" href=\"https:\/\/www.ull.es\/portal\/noticias\/2021\/finaliza-la-iv-edicion-de-programa-educativo-proyectamates\/\" \/>\n<meta property=\"og:locale\" content=\"es_ES\" \/>\n<meta property=\"og:type\" content=\"article\" \/>\n<meta property=\"og:title\" content=\"Finaliza la IV edici\u00f3n de Programa Educativo ProyectaMates - ULL - Noticias\" \/>\n<meta property=\"og:description\" content=\"La cuarta edici\u00f3n del Programa educativo \u201cProyectaMates\u201d: Resoluci\u00f3n de problemas de matem\u00e1ticas en Educaci\u00f3n Primaria y Secundaria en la Isla de Tenerife fue clausurada ayer. El acto, que se desarroll\u00f3 en modalidad online, fue precedido por la bienvenida de Isabel Bello Bello, directora insular de Educaci\u00f3n y Juventud del Cabildo de Tenerife, Juan Diego Betancor Ortiz, director gerente de la Fundaci\u00f3n General de la ULL, y Agar Arrocha Reyes, presidenta de la Sociedad Canaria de Profesores de Matem\u00e1ticas \u201cIsaac Newton\u201d.\" \/>\n<meta property=\"og:url\" content=\"https:\/\/www.ull.es\/portal\/noticias\/2021\/finaliza-la-iv-edicion-de-programa-educativo-proyectamates\/\" \/>\n<meta property=\"og:site_name\" content=\"ULL - Noticias\" \/>\n<meta property=\"article:publisher\" content=\"https:\/\/www.facebook.com\/universidaddelalaguna\/\" \/>\n<meta property=\"article:published_time\" content=\"2021-06-04T11:22:34+00:00\" \/>\n<meta property=\"article:modified_time\" content=\"2021-06-05T19:11:41+00:00\" \/>\n<meta property=\"og:image\" content=\"https:\/\/www.ull.es\/portal\/noticias\/wp-content\/uploads\/sites\/13\/2021\/06\/proyecta_mates.jpg\" \/>\n\t<meta property=\"og:image:width\" content=\"1400\" \/>\n\t<meta property=\"og:image:height\" content=\"703\" \/>\n\t<meta property=\"og:image:type\" content=\"image\/jpeg\" \/>\n<meta name=\"author\" content=\"gcom4\" \/>\n<meta name=\"twitter:card\" content=\"summary_large_image\" \/>\n<meta name=\"twitter:creator\" content=\"@CanalULL\" \/>\n<meta name=\"twitter:site\" content=\"@CanalULL\" \/>\n<meta name=\"twitter:label1\" content=\"Escrito por\" \/>\n\t<meta name=\"twitter:data1\" content=\"gcom4\" \/>\n\t<meta name=\"twitter:label2\" content=\"Tiempo de lectura\" \/>\n\t<meta name=\"twitter:data2\" content=\"3 minutos\" \/>\n<script type=\"application\/ld+json\" class=\"yoast-schema-graph\">{\"@context\":\"https:\/\/schema.org\",\"@graph\":[{\"@type\":\"WebPage\",\"@id\":\"https:\/\/www.ull.es\/portal\/noticias\/2021\/finaliza-la-iv-edicion-de-programa-educativo-proyectamates\/\",\"url\":\"https:\/\/www.ull.es\/portal\/noticias\/2021\/finaliza-la-iv-edicion-de-programa-educativo-proyectamates\/\",\"name\":\"Finaliza la IV edici\u00f3n de Programa Educativo ProyectaMates - ULL - Noticias\",\"isPartOf\":{\"@id\":\"https:\/\/www.ull.es\/portal\/noticias\/#website\"},\"datePublished\":\"2021-06-04T11:22:34+00:00\",\"dateModified\":\"2021-06-05T19:11:41+00:00\",\"author\":{\"@id\":\"https:\/\/www.ull.es\/portal\/noticias\/#\/schema\/person\/9924518fb1ad37d4428e7b5d6f311773\"},\"description\":\"La cuarta edici\u00f3n del Programa educativo \u201cProyectaMates\u201d: Resoluci\u00f3n de problemas de matem\u00e1ticas en Educaci\u00f3n Primaria y Secundaria en la Isla de Tenerife fue clausurada ayer. El acto, que se desarroll\u00f3 en modalidad online, fue precedido por la bienvenida de Isabel Bello Bello, directora insular de Educaci\u00f3n y Juventud del Cabildo de Tenerife, Juan Diego Betancor Ortiz, director gerente de la Fundaci\u00f3n General de la ULL, y Agar Arrocha Reyes, presidenta de la Sociedad Canaria de Profesores de Matem\u00e1ticas \u201cIsaac Newton\u201d.\",\"breadcrumb\":{\"@id\":\"https:\/\/www.ull.es\/portal\/noticias\/2021\/finaliza-la-iv-edicion-de-programa-educativo-proyectamates\/#breadcrumb\"},\"inLanguage\":\"es\",\"potentialAction\":[{\"@type\":\"ReadAction\",\"target\":[\"https:\/\/www.ull.es\/portal\/noticias\/2021\/finaliza-la-iv-edicion-de-programa-educativo-proyectamates\/\"]}]},{\"@type\":\"BreadcrumbList\",\"@id\":\"https:\/\/www.ull.es\/portal\/noticias\/2021\/finaliza-la-iv-edicion-de-programa-educativo-proyectamates\/#breadcrumb\",\"itemListElement\":[{\"@type\":\"ListItem\",\"position\":1,\"name\":\"Portada\",\"item\":\"https:\/\/www.ull.es\/portal\/noticias\/\"},{\"@type\":\"ListItem\",\"position\":2,\"name\":\"Finaliza la IV edici\u00f3n de Programa Educativo ProyectaMates\"}]},{\"@type\":\"WebSite\",\"@id\":\"https:\/\/www.ull.es\/portal\/noticias\/#website\",\"url\":\"https:\/\/www.ull.es\/portal\/noticias\/\",\"name\":\"ULL - Noticias\",\"description\":\"\",\"potentialAction\":[{\"@type\":\"SearchAction\",\"target\":{\"@type\":\"EntryPoint\",\"urlTemplate\":\"https:\/\/www.ull.es\/portal\/noticias\/?s={search_term_string}\"},\"query-input\":\"required name=search_term_string\"}],\"inLanguage\":\"es\"},{\"@type\":\"Person\",\"@id\":\"https:\/\/www.ull.es\/portal\/noticias\/#\/schema\/person\/9924518fb1ad37d4428e7b5d6f311773\",\"name\":\"gcom4\",\"image\":{\"@type\":\"ImageObject\",\"inLanguage\":\"es\",\"@id\":\"https:\/\/www.ull.es\/portal\/noticias\/#\/schema\/person\/image\/\",\"url\":\"https:\/\/secure.gravatar.com\/avatar\/a5d1f5573f10617ccfcc209aaf6aa7fb?s=96&d=mm&r=g\",\"contentUrl\":\"https:\/\/secure.gravatar.com\/avatar\/a5d1f5573f10617ccfcc209aaf6aa7fb?s=96&d=mm&r=g\",\"caption\":\"gcom4\"},\"url\":\"https:\/\/www.ull.es\/portal\/noticias\/author\/gcom4\/\"}]}<\/script>\n<!-- \/ Yoast SEO plugin. -->","yoast_head_json":{"title":"Finaliza la IV edici\u00f3n de Programa Educativo ProyectaMates - ULL - Noticias","description":"La cuarta edici\u00f3n del Programa educativo \u201cProyectaMates\u201d: Resoluci\u00f3n de problemas de matem\u00e1ticas en Educaci\u00f3n Primaria y Secundaria en la Isla de Tenerife fue clausurada ayer. El acto, que se desarroll\u00f3 en modalidad online, fue precedido por la bienvenida de Isabel Bello Bello, directora insular de Educaci\u00f3n y Juventud del Cabildo de Tenerife, Juan Diego Betancor Ortiz, director gerente de la Fundaci\u00f3n General de la ULL, y Agar Arrocha Reyes, presidenta de la Sociedad Canaria de Profesores de Matem\u00e1ticas \u201cIsaac Newton\u201d.","robots":{"index":"index","follow":"follow","max-snippet":"max-snippet:-1","max-image-preview":"max-image-preview:large","max-video-preview":"max-video-preview:-1"},"canonical":"https:\/\/www.ull.es\/portal\/noticias\/2021\/finaliza-la-iv-edicion-de-programa-educativo-proyectamates\/","og_locale":"es_ES","og_type":"article","og_title":"Finaliza la IV edici\u00f3n de Programa Educativo ProyectaMates - ULL - Noticias","og_description":"La cuarta edici\u00f3n del Programa educativo \u201cProyectaMates\u201d: Resoluci\u00f3n de problemas de matem\u00e1ticas en Educaci\u00f3n Primaria y Secundaria en la Isla de Tenerife fue clausurada ayer. El acto, que se desarroll\u00f3 en modalidad online, fue precedido por la bienvenida de Isabel Bello Bello, directora insular de Educaci\u00f3n y Juventud del Cabildo de Tenerife, Juan Diego Betancor Ortiz, director gerente de la Fundaci\u00f3n General de la ULL, y Agar Arrocha Reyes, presidenta de la Sociedad Canaria de Profesores de Matem\u00e1ticas \u201cIsaac Newton\u201d.","og_url":"https:\/\/www.ull.es\/portal\/noticias\/2021\/finaliza-la-iv-edicion-de-programa-educativo-proyectamates\/","og_site_name":"ULL - Noticias","article_publisher":"https:\/\/www.facebook.com\/universidaddelalaguna\/","article_published_time":"2021-06-04T11:22:34+00:00","article_modified_time":"2021-06-05T19:11:41+00:00","og_image":[{"width":1400,"height":703,"url":"https:\/\/www.ull.es\/portal\/noticias\/wp-content\/uploads\/sites\/13\/2021\/06\/proyecta_mates.jpg","type":"image\/jpeg"}],"author":"gcom4","twitter_card":"summary_large_image","twitter_creator":"@CanalULL","twitter_site":"@CanalULL","twitter_misc":{"Escrito por":"gcom4","Tiempo de lectura":"3 minutos"},"schema":{"@context":"https:\/\/schema.org","@graph":[{"@type":"WebPage","@id":"https:\/\/www.ull.es\/portal\/noticias\/2021\/finaliza-la-iv-edicion-de-programa-educativo-proyectamates\/","url":"https:\/\/www.ull.es\/portal\/noticias\/2021\/finaliza-la-iv-edicion-de-programa-educativo-proyectamates\/","name":"Finaliza la IV edici\u00f3n de Programa Educativo ProyectaMates - ULL - Noticias","isPartOf":{"@id":"https:\/\/www.ull.es\/portal\/noticias\/#website"},"datePublished":"2021-06-04T11:22:34+00:00","dateModified":"2021-06-05T19:11:41+00:00","author":{"@id":"https:\/\/www.ull.es\/portal\/noticias\/#\/schema\/person\/9924518fb1ad37d4428e7b5d6f311773"},"description":"La cuarta edici\u00f3n del Programa educativo \u201cProyectaMates\u201d: Resoluci\u00f3n de problemas de matem\u00e1ticas en Educaci\u00f3n Primaria y Secundaria en la Isla de Tenerife fue clausurada ayer. El acto, que se desarroll\u00f3 en modalidad online, fue precedido por la bienvenida de Isabel Bello Bello, directora insular de Educaci\u00f3n y Juventud del Cabildo de Tenerife, Juan Diego Betancor Ortiz, director gerente de la Fundaci\u00f3n General de la ULL, y Agar Arrocha Reyes, presidenta de la Sociedad Canaria de Profesores de Matem\u00e1ticas \u201cIsaac Newton\u201d.","breadcrumb":{"@id":"https:\/\/www.ull.es\/portal\/noticias\/2021\/finaliza-la-iv-edicion-de-programa-educativo-proyectamates\/#breadcrumb"},"inLanguage":"es","potentialAction":[{"@type":"ReadAction","target":["https:\/\/www.ull.es\/portal\/noticias\/2021\/finaliza-la-iv-edicion-de-programa-educativo-proyectamates\/"]}]},{"@type":"BreadcrumbList","@id":"https:\/\/www.ull.es\/portal\/noticias\/2021\/finaliza-la-iv-edicion-de-programa-educativo-proyectamates\/#breadcrumb","itemListElement":[{"@type":"ListItem","position":1,"name":"Portada","item":"https:\/\/www.ull.es\/portal\/noticias\/"},{"@type":"ListItem","position":2,"name":"Finaliza la IV edici\u00f3n de Programa Educativo ProyectaMates"}]},{"@type":"WebSite","@id":"https:\/\/www.ull.es\/portal\/noticias\/#website","url":"https:\/\/www.ull.es\/portal\/noticias\/","name":"ULL - Noticias","description":"","potentialAction":[{"@type":"SearchAction","target":{"@type":"EntryPoint","urlTemplate":"https:\/\/www.ull.es\/portal\/noticias\/?s={search_term_string}"},"query-input":"required name=search_term_string"}],"inLanguage":"es"},{"@type":"Person","@id":"https:\/\/www.ull.es\/portal\/noticias\/#\/schema\/person\/9924518fb1ad37d4428e7b5d6f311773","name":"gcom4","image":{"@type":"ImageObject","inLanguage":"es","@id":"https:\/\/www.ull.es\/portal\/noticias\/#\/schema\/person\/image\/","url":"https:\/\/secure.gravatar.com\/avatar\/a5d1f5573f10617ccfcc209aaf6aa7fb?s=96&d=mm&r=g","contentUrl":"https:\/\/secure.gravatar.com\/avatar\/a5d1f5573f10617ccfcc209aaf6aa7fb?s=96&d=mm&r=g","caption":"gcom4"},"url":"https:\/\/www.ull.es\/portal\/noticias\/author\/gcom4\/"}]}},"primary_category":{"id":3924,"name":"Facultad de Ciencias","slug":"facultad-de-ciencias","link":"https:\/\/www.ull.es\/portal\/noticias\/category\/facultades-y-escuelas\/facultad-de-ciencias\/"},"featured_image_thumbnail_url":"https:\/\/www.ull.es\/portal\/noticias\/wp-content\/uploads\/sites\/13\/2021\/06\/proyecta_mates-300x151.jpg","_links":{"self":[{"href":"https:\/\/www.ull.es\/portal\/noticias\/wp-json\/wp\/v2\/posts\/56825"}],"collection":[{"href":"https:\/\/www.ull.es\/portal\/noticias\/wp-json\/wp\/v2\/posts"}],"about":[{"href":"https:\/\/www.ull.es\/portal\/noticias\/wp-json\/wp\/v2\/types\/post"}],"author":[{"embeddable":true,"href":"https:\/\/www.ull.es\/portal\/noticias\/wp-json\/wp\/v2\/users\/65"}],"replies":[{"embeddable":true,"href":"https:\/\/www.ull.es\/portal\/noticias\/wp-json\/wp\/v2\/comments?post=56825"}],"version-history":[{"count":2,"href":"https:\/\/www.ull.es\/portal\/noticias\/wp-json\/wp\/v2\/posts\/56825\/revisions"}],"predecessor-version":[{"id":56853,"href":"https:\/\/www.ull.es\/portal\/noticias\/wp-json\/wp\/v2\/posts\/56825\/revisions\/56853"}],"wp:featuredmedia":[{"embeddable":true,"href":"https:\/\/www.ull.es\/portal\/noticias\/wp-json\/wp\/v2\/media\/56852"}],"wp:attachment":[{"href":"https:\/\/www.ull.es\/portal\/noticias\/wp-json\/wp\/v2\/media?parent=56825"}],"wp:term":[{"taxonomy":"category","embeddable":true,"href":"https:\/\/www.ull.es\/portal\/noticias\/wp-json\/wp\/v2\/categories?post=56825"},{"taxonomy":"post_tag","embeddable":true,"href":"https:\/\/www.ull.es\/portal\/noticias\/wp-json\/wp\/v2\/tags?post=56825"}],"curies":[{"name":"wp","href":"https:\/\/api.w.org\/{rel}","templated":true}]}}