{"id":56874,"date":"2021-06-07T10:28:16","date_gmt":"2021-06-07T10:28:16","guid":{"rendered":"https:\/\/www.ull.es\/portal\/noticias\/?p=56874"},"modified":"2021-06-07T10:28:16","modified_gmt":"2021-06-07T10:28:16","slug":"la-ull-recibe-por-primera-vez-a-estudiantes-erasmus-mundus-procedentes-de-senegal","status":"publish","type":"post","link":"https:\/\/www.ull.es\/portal\/noticias\/2021\/la-ull-recibe-por-primera-vez-a-estudiantes-erasmus-mundus-procedentes-de-senegal\/","title":{"rendered":"La ULL recibe por primera vez a estudiantes Erasmus Mundus procedentes de Senegal"},"content":{"rendered":"<p>Una de las iniciativas del Vicerrectorado de Proyecci\u00f3n, Internacionalizaci\u00f3n y Cooperaci\u00f3n de la Universidad de La Laguna con el Servicio Espa\u00f1ol para la Internacionalizaci\u00f3n de la Educaci\u00f3n (SEPIE) son los acuerdos de movilidad interinstitucionales extracomunitarios con pa\u00edses asociados. As\u00ed pues, y por primera vez, este a\u00f1o 2021 se ha tramitado una convocatoria para estudiantes entrantes y salientes de Cabo Verde y Senegal. Por este motivo dos estudiantes extracomunitarios senegaleses de la Universidad Gaston Berger de Saint-Louis de Senegal han sido los pioneros en este tipo de movilidades en este cuatrimestre. Una es la alumna de m\u00e1ster Aida Diuof, que se ha incorporado a la Facultad de Humanidades, en el \u00e1rea de Franc\u00e9s y Espa\u00f1ol. El otro es el estudiante de doctorado Pape Maissa Coulibay, que colabora con el\u00a0<a href=\"http:\/\/didinv.webs.ull.es\/\" target=\"_blank\" rel=\"noopener\">Departamento de Did\u00e1ctica e Investigaci\u00f3n Educativa<\/a>,\u00a0en la\u00a0<a href=\"http:\/\/www.facultades.ull.es\/educacion\/portal\/viewcategory.aspx?id=326\" target=\"_blank\" rel=\"noopener\">Facultad de Educaci\u00f3n<\/a>.<\/p>\n<p>La movilidad internacional de estudiantes es una modalidad de cooperaci\u00f3n que forma parte de la agenda de casi todos los programas que, en este \u00e1mbito, ostenta ya el contexto de la educaci\u00f3n superior. No constituye un fin en s\u00ed misma, sino una manera de mejorar la formaci\u00f3n, que debe enmarcarse en un proyecto docente. Por ello, la Universidad de La Laguna apuesta decididamente por la cooperaci\u00f3n africana e iberoamericana.<\/p>\n<p>En estos contextos se pretende insistir en la importancia y prioridad de la creaci\u00f3n y el fortalecimiento de redes interuniversitarias con los pa\u00edses de ambos continentes, con menor oferta de programas de doctorado. Asimismo, el Vicerrectorado de Proyecci\u00f3n, Internacionalizaci\u00f3n y Cooperaci\u00f3n de la Universidad de La Laguna aspira mediante proyectos en ambos continentes a intercambiar tem\u00e1ticas id\u00f3neas para la diversificar y ampliar la formaci\u00f3n doctoral de los egresados y seguir desarrollando redes entre grupos de investigaci\u00f3n.<\/p>\n<p>Este esquema favorece adem\u00e1s el aprovechamiento de las sinergias en el binomio postgrado-investigaci\u00f3n, as\u00ed como tambi\u00e9n con el de formaci\u00f3n continua, asegura la vicerrectora Lidia Cabrera, quien considera de capital relevancia seguir intensificando estos acuerdos interinstitucionales que mejoran las relaciones entre las comunidades universitarias a trav\u00e9s del conocimiento mutuo y compartido, objetivos fomentados por la Agenda 2030.<\/p>\n<p>&nbsp;<\/p>\n","protected":false},"excerpt":{"rendered":"<p>Una de las iniciativas del Vicerrectorado de Proyecci\u00f3n, Internacionalizaci\u00f3n y Cooperaci\u00f3n de la Universidad de La Laguna con el Servicio&#8230;<\/p>\n","protected":false},"author":23,"featured_media":56876,"comment_status":"closed","ping_status":"closed","sticky":false,"template":"","format":"standard","meta":{"inline_featured_image":false,"footnotes":""},"categories":[345,349,2765],"tags":[6309,4273,2370,4272],"acf":[],"yoast_head":"<!-- This site is optimized with the Yoast SEO plugin v21.3 - https:\/\/yoast.com\/wordpress\/plugins\/seo\/ -->\n<title>La ULL recibe por primera vez a estudiantes Erasmus Mundus procedentes de Senegal - ULL - Noticias<\/title>\n<meta name=\"robots\" content=\"index, follow, max-snippet:-1, max-image-preview:large, max-video-preview:-1\" \/>\n<link rel=\"canonical\" href=\"https:\/\/www.ull.es\/portal\/noticias\/2021\/la-ull-recibe-por-primera-vez-a-estudiantes-erasmus-mundus-procedentes-de-senegal\/\" \/>\n<meta property=\"og:locale\" content=\"es_ES\" \/>\n<meta property=\"og:type\" content=\"article\" \/>\n<meta property=\"og:title\" content=\"La ULL recibe por primera vez a estudiantes Erasmus Mundus procedentes de Senegal - ULL - Noticias\" \/>\n<meta property=\"og:description\" content=\"Una de las iniciativas del Vicerrectorado de Proyecci\u00f3n, Internacionalizaci\u00f3n y Cooperaci\u00f3n de la Universidad de La Laguna con el Servicio...\" \/>\n<meta property=\"og:url\" content=\"https:\/\/www.ull.es\/portal\/noticias\/2021\/la-ull-recibe-por-primera-vez-a-estudiantes-erasmus-mundus-procedentes-de-senegal\/\" \/>\n<meta property=\"og:site_name\" content=\"ULL - Noticias\" \/>\n<meta property=\"article:publisher\" content=\"https:\/\/www.facebook.com\/universidaddelalaguna\/\" \/>\n<meta property=\"article:published_time\" content=\"2021-06-07T10:28:16+00:00\" \/>\n<meta property=\"og:image\" content=\"https:\/\/www.ull.es\/portal\/noticias\/wp-content\/uploads\/sites\/13\/2021\/06\/estudsiantes-senegal.jpg\" \/>\n\t<meta property=\"og:image:width\" content=\"1200\" \/>\n\t<meta property=\"og:image:height\" content=\"800\" \/>\n\t<meta property=\"og:image:type\" content=\"image\/jpeg\" \/>\n<meta name=\"author\" content=\"gaprsa\" \/>\n<meta name=\"twitter:card\" content=\"summary_large_image\" \/>\n<meta name=\"twitter:creator\" content=\"@CanalULL\" \/>\n<meta name=\"twitter:site\" content=\"@CanalULL\" \/>\n<meta name=\"twitter:label1\" content=\"Escrito por\" \/>\n\t<meta name=\"twitter:data1\" content=\"gaprsa\" \/>\n\t<meta name=\"twitter:label2\" content=\"Tiempo de lectura\" \/>\n\t<meta name=\"twitter:data2\" content=\"2 minutos\" \/>\n<script type=\"application\/ld+json\" class=\"yoast-schema-graph\">{\"@context\":\"https:\/\/schema.org\",\"@graph\":[{\"@type\":\"WebPage\",\"@id\":\"https:\/\/www.ull.es\/portal\/noticias\/2021\/la-ull-recibe-por-primera-vez-a-estudiantes-erasmus-mundus-procedentes-de-senegal\/\",\"url\":\"https:\/\/www.ull.es\/portal\/noticias\/2021\/la-ull-recibe-por-primera-vez-a-estudiantes-erasmus-mundus-procedentes-de-senegal\/\",\"name\":\"La ULL recibe por primera vez a estudiantes Erasmus Mundus procedentes de Senegal - ULL - Noticias\",\"isPartOf\":{\"@id\":\"https:\/\/www.ull.es\/portal\/noticias\/#website\"},\"datePublished\":\"2021-06-07T10:28:16+00:00\",\"dateModified\":\"2021-06-07T10:28:16+00:00\",\"author\":{\"@id\":\"https:\/\/www.ull.es\/portal\/noticias\/#\/schema\/person\/b2b1a89d43ffa609e591f7df8ef3e817\"},\"breadcrumb\":{\"@id\":\"https:\/\/www.ull.es\/portal\/noticias\/2021\/la-ull-recibe-por-primera-vez-a-estudiantes-erasmus-mundus-procedentes-de-senegal\/#breadcrumb\"},\"inLanguage\":\"es\",\"potentialAction\":[{\"@type\":\"ReadAction\",\"target\":[\"https:\/\/www.ull.es\/portal\/noticias\/2021\/la-ull-recibe-por-primera-vez-a-estudiantes-erasmus-mundus-procedentes-de-senegal\/\"]}]},{\"@type\":\"BreadcrumbList\",\"@id\":\"https:\/\/www.ull.es\/portal\/noticias\/2021\/la-ull-recibe-por-primera-vez-a-estudiantes-erasmus-mundus-procedentes-de-senegal\/#breadcrumb\",\"itemListElement\":[{\"@type\":\"ListItem\",\"position\":1,\"name\":\"Portada\",\"item\":\"https:\/\/www.ull.es\/portal\/noticias\/\"},{\"@type\":\"ListItem\",\"position\":2,\"name\":\"La ULL recibe por primera vez a estudiantes Erasmus Mundus procedentes de Senegal\"}]},{\"@type\":\"WebSite\",\"@id\":\"https:\/\/www.ull.es\/portal\/noticias\/#website\",\"url\":\"https:\/\/www.ull.es\/portal\/noticias\/\",\"name\":\"ULL - Noticias\",\"description\":\"\",\"potentialAction\":[{\"@type\":\"SearchAction\",\"target\":{\"@type\":\"EntryPoint\",\"urlTemplate\":\"https:\/\/www.ull.es\/portal\/noticias\/?s={search_term_string}\"},\"query-input\":\"required name=search_term_string\"}],\"inLanguage\":\"es\"},{\"@type\":\"Person\",\"@id\":\"https:\/\/www.ull.es\/portal\/noticias\/#\/schema\/person\/b2b1a89d43ffa609e591f7df8ef3e817\",\"name\":\"gaprsa\",\"image\":{\"@type\":\"ImageObject\",\"inLanguage\":\"es\",\"@id\":\"https:\/\/www.ull.es\/portal\/noticias\/#\/schema\/person\/image\/\",\"url\":\"https:\/\/secure.gravatar.com\/avatar\/443820550921091458b4823867723b3d?s=96&d=mm&r=g\",\"contentUrl\":\"https:\/\/secure.gravatar.com\/avatar\/443820550921091458b4823867723b3d?s=96&d=mm&r=g\",\"caption\":\"gaprsa\"},\"url\":\"https:\/\/www.ull.es\/portal\/noticias\/author\/gaprsa\/\"}]}<\/script>\n<!-- \/ Yoast SEO plugin. -->","yoast_head_json":{"title":"La ULL recibe por primera vez a estudiantes Erasmus Mundus procedentes de Senegal - ULL - Noticias","robots":{"index":"index","follow":"follow","max-snippet":"max-snippet:-1","max-image-preview":"max-image-preview:large","max-video-preview":"max-video-preview:-1"},"canonical":"https:\/\/www.ull.es\/portal\/noticias\/2021\/la-ull-recibe-por-primera-vez-a-estudiantes-erasmus-mundus-procedentes-de-senegal\/","og_locale":"es_ES","og_type":"article","og_title":"La ULL recibe por primera vez a estudiantes Erasmus Mundus procedentes de Senegal - ULL - Noticias","og_description":"Una de las iniciativas del Vicerrectorado de Proyecci\u00f3n, Internacionalizaci\u00f3n y Cooperaci\u00f3n de la Universidad de La Laguna con el Servicio...","og_url":"https:\/\/www.ull.es\/portal\/noticias\/2021\/la-ull-recibe-por-primera-vez-a-estudiantes-erasmus-mundus-procedentes-de-senegal\/","og_site_name":"ULL - Noticias","article_publisher":"https:\/\/www.facebook.com\/universidaddelalaguna\/","article_published_time":"2021-06-07T10:28:16+00:00","og_image":[{"width":1200,"height":800,"url":"https:\/\/www.ull.es\/portal\/noticias\/wp-content\/uploads\/sites\/13\/2021\/06\/estudsiantes-senegal.jpg","type":"image\/jpeg"}],"author":"gaprsa","twitter_card":"summary_large_image","twitter_creator":"@CanalULL","twitter_site":"@CanalULL","twitter_misc":{"Escrito por":"gaprsa","Tiempo de lectura":"2 minutos"},"schema":{"@context":"https:\/\/schema.org","@graph":[{"@type":"WebPage","@id":"https:\/\/www.ull.es\/portal\/noticias\/2021\/la-ull-recibe-por-primera-vez-a-estudiantes-erasmus-mundus-procedentes-de-senegal\/","url":"https:\/\/www.ull.es\/portal\/noticias\/2021\/la-ull-recibe-por-primera-vez-a-estudiantes-erasmus-mundus-procedentes-de-senegal\/","name":"La ULL recibe por primera vez a estudiantes Erasmus Mundus procedentes de Senegal - ULL - Noticias","isPartOf":{"@id":"https:\/\/www.ull.es\/portal\/noticias\/#website"},"datePublished":"2021-06-07T10:28:16+00:00","dateModified":"2021-06-07T10:28:16+00:00","author":{"@id":"https:\/\/www.ull.es\/portal\/noticias\/#\/schema\/person\/b2b1a89d43ffa609e591f7df8ef3e817"},"breadcrumb":{"@id":"https:\/\/www.ull.es\/portal\/noticias\/2021\/la-ull-recibe-por-primera-vez-a-estudiantes-erasmus-mundus-procedentes-de-senegal\/#breadcrumb"},"inLanguage":"es","potentialAction":[{"@type":"ReadAction","target":["https:\/\/www.ull.es\/portal\/noticias\/2021\/la-ull-recibe-por-primera-vez-a-estudiantes-erasmus-mundus-procedentes-de-senegal\/"]}]},{"@type":"BreadcrumbList","@id":"https:\/\/www.ull.es\/portal\/noticias\/2021\/la-ull-recibe-por-primera-vez-a-estudiantes-erasmus-mundus-procedentes-de-senegal\/#breadcrumb","itemListElement":[{"@type":"ListItem","position":1,"name":"Portada","item":"https:\/\/www.ull.es\/portal\/noticias\/"},{"@type":"ListItem","position":2,"name":"La ULL recibe por primera vez a estudiantes Erasmus Mundus procedentes de Senegal"}]},{"@type":"WebSite","@id":"https:\/\/www.ull.es\/portal\/noticias\/#website","url":"https:\/\/www.ull.es\/portal\/noticias\/","name":"ULL - Noticias","description":"","potentialAction":[{"@type":"SearchAction","target":{"@type":"EntryPoint","urlTemplate":"https:\/\/www.ull.es\/portal\/noticias\/?s={search_term_string}"},"query-input":"required name=search_term_string"}],"inLanguage":"es"},{"@type":"Person","@id":"https:\/\/www.ull.es\/portal\/noticias\/#\/schema\/person\/b2b1a89d43ffa609e591f7df8ef3e817","name":"gaprsa","image":{"@type":"ImageObject","inLanguage":"es","@id":"https:\/\/www.ull.es\/portal\/noticias\/#\/schema\/person\/image\/","url":"https:\/\/secure.gravatar.com\/avatar\/443820550921091458b4823867723b3d?s=96&d=mm&r=g","contentUrl":"https:\/\/secure.gravatar.com\/avatar\/443820550921091458b4823867723b3d?s=96&d=mm&r=g","caption":"gaprsa"},"url":"https:\/\/www.ull.es\/portal\/noticias\/author\/gaprsa\/"}]}},"primary_category":{"id":345,"name":"Destacado","slug":"destacado","link":"https:\/\/www.ull.es\/portal\/noticias\/category\/destacado\/"},"featured_image_thumbnail_url":"https:\/\/www.ull.es\/portal\/noticias\/wp-content\/uploads\/sites\/13\/2021\/06\/estudsiantes-senegal-300x200.jpg","_links":{"self":[{"href":"https:\/\/www.ull.es\/portal\/noticias\/wp-json\/wp\/v2\/posts\/56874"}],"collection":[{"href":"https:\/\/www.ull.es\/portal\/noticias\/wp-json\/wp\/v2\/posts"}],"about":[{"href":"https:\/\/www.ull.es\/portal\/noticias\/wp-json\/wp\/v2\/types\/post"}],"author":[{"embeddable":true,"href":"https:\/\/www.ull.es\/portal\/noticias\/wp-json\/wp\/v2\/users\/23"}],"replies":[{"embeddable":true,"href":"https:\/\/www.ull.es\/portal\/noticias\/wp-json\/wp\/v2\/comments?post=56874"}],"version-history":[{"count":1,"href":"https:\/\/www.ull.es\/portal\/noticias\/wp-json\/wp\/v2\/posts\/56874\/revisions"}],"predecessor-version":[{"id":56875,"href":"https:\/\/www.ull.es\/portal\/noticias\/wp-json\/wp\/v2\/posts\/56874\/revisions\/56875"}],"wp:featuredmedia":[{"embeddable":true,"href":"https:\/\/www.ull.es\/portal\/noticias\/wp-json\/wp\/v2\/media\/56876"}],"wp:attachment":[{"href":"https:\/\/www.ull.es\/portal\/noticias\/wp-json\/wp\/v2\/media?parent=56874"}],"wp:term":[{"taxonomy":"category","embeddable":true,"href":"https:\/\/www.ull.es\/portal\/noticias\/wp-json\/wp\/v2\/categories?post=56874"},{"taxonomy":"post_tag","embeddable":true,"href":"https:\/\/www.ull.es\/portal\/noticias\/wp-json\/wp\/v2\/tags?post=56874"}],"curies":[{"name":"wp","href":"https:\/\/api.w.org\/{rel}","templated":true}]}}