{"id":56913,"date":"2021-06-08T14:16:15","date_gmt":"2021-06-08T14:16:15","guid":{"rendered":"https:\/\/www.ull.es\/portal\/noticias\/?p=56913"},"modified":"2021-06-08T14:23:59","modified_gmt":"2021-06-08T14:23:59","slug":"primera-tanda-ebau-materias-comunes","status":"publish","type":"post","link":"https:\/\/www.ull.es\/portal\/noticias\/2021\/primera-tanda-ebau-materias-comunes\/","title":{"rendered":"Ma\u00f1ana dar\u00e1 comienzo la primera tanda de ex\u00e1menes de la EBAU, correspondiente a las materias comunes"},"content":{"rendered":"<p>La Evaluaci\u00f3n de Bachillerato para el Acceso a la Universidad (EBAU) dar\u00e1 comienzo en la comunidad aut\u00f3noma de Canarias ma\u00f1ana, mi\u00e9rcoles 8 de junio, con la primera tanda de ex\u00e1menes, correspondiente a las materias comunes: Lengua Castellana y Literatura II, Primera Lengua Extranjera e Historia de Espa\u00f1a. En la provincia de Santa Cruz de Tenerife est\u00e1 previsto que realicen esta prueba 4.792 personas, de las cuales en Tenerife la har\u00e1n 4.277; en La Palma, 402; en La Gomera, 82; y en El Hierro, 31.<\/p>\n<p>El primer examen, de Lengua Castellana y Literatura II, comenzar\u00e1 las 9:30 horas, pero desde las 8:45 se estar\u00e1n llamando al alumnado para que vaya ocupado su sitio en el aula. El segundo, de Lengua Extranjera, ser\u00e1 a las 11:30, y el de Historia de Espa\u00f1a, a las 15:30.<\/p>\n<p>Para asegurar que se cumplen las medidas de seguridad y distancia ante la Covid-19, esta primera tanda de materias comunes se ha dividido en dos d\u00edas: la de ma\u00f1ana ser\u00e1 para los estudiantes de la opci\u00f3n de Ciencias, y pasado, jueves 10 de junio, para las opciones de Artes y de Ciencias Sociales y Humanidades, cambiado el contenido de los ex\u00e1menes por otros con la misma dificultad. Las pruebas del viernes 11 y el s\u00e1bado 12 ya corresponden a materias optativas, por lo que no todo el alumnado coincidir\u00e1 a la vez en el mismo espacio.<\/p>\n<p>Tambi\u00e9n para evitar aglomeraciones, en Tenerife las sedes de examen se dispersan en diversos edificios de tres localizaciones: el Campus de Guajara, el Campus de Anchieta y en el pabell\u00f3n polideportivo Las Torres y la Escuela de Seguridad y Convivencia de Adeje. En la p\u00e1gina web de la Universidad de La Laguna <a href=\"https:\/\/www.ull.es\/admision-becas\/ebau\/consulta-aulas-sedes\/\" target=\"_blank\" rel=\"noopener\">es posible consultar<\/a> d\u00f3nde debe realizar sus ex\u00e1menes el alumnado de los diferentes institutos de la isla. En las restantes islas de la provincia, los ex\u00e1menes en La Palma se realizar\u00e1n en el IES Alonso P\u00e9rez D\u00edaz; en La Gomera, en el IES San Sebasti\u00e1n de La Gomera; y en El Hierro, en el CEIP El Hierro.<\/p>\n<p>La entrega de calificaciones est\u00e1 prevista el 18 de junio a partir de las 15:00 horas de manera telem\u00e1tica. Ese mismo d\u00eda, hasta las 12 horas del 22 de junio, ser\u00e1 posible solicitar la revisi\u00f3n simple o la doble correcci\u00f3n de los ex\u00e1menes, y la nueva calificaci\u00f3n resultante tras esos procesos ser\u00eda publicada el 25 de junio.<\/p>\n","protected":false},"excerpt":{"rendered":"<p>La Evaluaci\u00f3n de Bachillerato para el Acceso a la Universidad (EBAU) dar\u00e1 comienzo en la comunidad aut\u00f3noma de Canarias ma\u00f1ana,&#8230;<\/p>\n","protected":false},"author":21,"featured_media":56914,"comment_status":"closed","ping_status":"closed","sticky":false,"template":"","format":"standard","meta":{"inline_featured_image":false,"footnotes":""},"categories":[343,345,348,2765],"tags":[3758,2879],"acf":[],"yoast_head":"<!-- This site is optimized with the Yoast SEO plugin v21.3 - https:\/\/yoast.com\/wordpress\/plugins\/seo\/ -->\n<title>Ma\u00f1ana dar\u00e1 comienzo la primera tanda de ex\u00e1menes de la EBAU, correspondiente a las materias comunes - ULL - Noticias<\/title>\n<meta name=\"description\" content=\"La EBAU comenzar\u00e1 con los ex\u00e1menes de las materias comunes: Lengua Castellana y Literatura II, Primera Lengua Extranjera e Historia de Espa\u00f1a.\" \/>\n<meta name=\"robots\" content=\"index, follow, max-snippet:-1, max-image-preview:large, max-video-preview:-1\" \/>\n<link rel=\"canonical\" href=\"https:\/\/www.ull.es\/portal\/noticias\/2021\/primera-tanda-ebau-materias-comunes\/\" \/>\n<meta property=\"og:locale\" content=\"es_ES\" \/>\n<meta property=\"og:type\" content=\"article\" \/>\n<meta property=\"og:title\" content=\"Ma\u00f1ana dar\u00e1 comienzo la primera tanda de ex\u00e1menes de la EBAU, correspondiente a las materias comunes - ULL - Noticias\" \/>\n<meta property=\"og:description\" content=\"La EBAU comenzar\u00e1 con los ex\u00e1menes de las materias comunes: Lengua Castellana y Literatura II, Primera Lengua Extranjera e Historia de Espa\u00f1a.\" \/>\n<meta property=\"og:url\" content=\"https:\/\/www.ull.es\/portal\/noticias\/2021\/primera-tanda-ebau-materias-comunes\/\" \/>\n<meta property=\"og:site_name\" content=\"ULL - Noticias\" \/>\n<meta property=\"article:publisher\" content=\"https:\/\/www.facebook.com\/universidaddelalaguna\/\" \/>\n<meta property=\"article:published_time\" content=\"2021-06-08T14:16:15+00:00\" \/>\n<meta property=\"article:modified_time\" content=\"2021-06-08T14:23:59+00:00\" \/>\n<meta property=\"og:image\" content=\"https:\/\/www.ull.es\/portal\/noticias\/wp-content\/uploads\/sites\/13\/2021\/06\/Selectividad-EBAU-Anchieta-10.jpg\" \/>\n\t<meta property=\"og:image:width\" content=\"1024\" \/>\n\t<meta property=\"og:image:height\" content=\"683\" \/>\n\t<meta property=\"og:image:type\" content=\"image\/jpeg\" \/>\n<meta name=\"author\" content=\"prensa2\" \/>\n<meta name=\"twitter:card\" content=\"summary_large_image\" \/>\n<meta name=\"twitter:creator\" content=\"@CanalULL\" \/>\n<meta name=\"twitter:site\" content=\"@CanalULL\" \/>\n<meta name=\"twitter:label1\" content=\"Escrito por\" \/>\n\t<meta name=\"twitter:data1\" content=\"prensa2\" \/>\n\t<meta name=\"twitter:label2\" content=\"Tiempo de lectura\" \/>\n\t<meta name=\"twitter:data2\" content=\"2 minutos\" \/>\n<script type=\"application\/ld+json\" class=\"yoast-schema-graph\">{\"@context\":\"https:\/\/schema.org\",\"@graph\":[{\"@type\":\"WebPage\",\"@id\":\"https:\/\/www.ull.es\/portal\/noticias\/2021\/primera-tanda-ebau-materias-comunes\/\",\"url\":\"https:\/\/www.ull.es\/portal\/noticias\/2021\/primera-tanda-ebau-materias-comunes\/\",\"name\":\"Ma\u00f1ana dar\u00e1 comienzo la primera tanda de ex\u00e1menes de la EBAU, correspondiente a las materias comunes - ULL - Noticias\",\"isPartOf\":{\"@id\":\"https:\/\/www.ull.es\/portal\/noticias\/#website\"},\"datePublished\":\"2021-06-08T14:16:15+00:00\",\"dateModified\":\"2021-06-08T14:23:59+00:00\",\"author\":{\"@id\":\"https:\/\/www.ull.es\/portal\/noticias\/#\/schema\/person\/c3b2aa857797592927a03740d6664376\"},\"description\":\"La EBAU comenzar\u00e1 con los ex\u00e1menes de las materias comunes: Lengua Castellana y Literatura II, Primera Lengua Extranjera e Historia de Espa\u00f1a.\",\"breadcrumb\":{\"@id\":\"https:\/\/www.ull.es\/portal\/noticias\/2021\/primera-tanda-ebau-materias-comunes\/#breadcrumb\"},\"inLanguage\":\"es\",\"potentialAction\":[{\"@type\":\"ReadAction\",\"target\":[\"https:\/\/www.ull.es\/portal\/noticias\/2021\/primera-tanda-ebau-materias-comunes\/\"]}]},{\"@type\":\"BreadcrumbList\",\"@id\":\"https:\/\/www.ull.es\/portal\/noticias\/2021\/primera-tanda-ebau-materias-comunes\/#breadcrumb\",\"itemListElement\":[{\"@type\":\"ListItem\",\"position\":1,\"name\":\"Portada\",\"item\":\"https:\/\/www.ull.es\/portal\/noticias\/\"},{\"@type\":\"ListItem\",\"position\":2,\"name\":\"Ma\u00f1ana dar\u00e1 comienzo la primera tanda de ex\u00e1menes de la EBAU, correspondiente a las materias comunes\"}]},{\"@type\":\"WebSite\",\"@id\":\"https:\/\/www.ull.es\/portal\/noticias\/#website\",\"url\":\"https:\/\/www.ull.es\/portal\/noticias\/\",\"name\":\"ULL - Noticias\",\"description\":\"\",\"potentialAction\":[{\"@type\":\"SearchAction\",\"target\":{\"@type\":\"EntryPoint\",\"urlTemplate\":\"https:\/\/www.ull.es\/portal\/noticias\/?s={search_term_string}\"},\"query-input\":\"required name=search_term_string\"}],\"inLanguage\":\"es\"},{\"@type\":\"Person\",\"@id\":\"https:\/\/www.ull.es\/portal\/noticias\/#\/schema\/person\/c3b2aa857797592927a03740d6664376\",\"name\":\"prensa2\",\"image\":{\"@type\":\"ImageObject\",\"inLanguage\":\"es\",\"@id\":\"https:\/\/www.ull.es\/portal\/noticias\/#\/schema\/person\/image\/\",\"url\":\"https:\/\/secure.gravatar.com\/avatar\/b58f310a5de5feb33d1e026d2493f23c?s=96&d=mm&r=g\",\"contentUrl\":\"https:\/\/secure.gravatar.com\/avatar\/b58f310a5de5feb33d1e026d2493f23c?s=96&d=mm&r=g\",\"caption\":\"prensa2\"},\"url\":\"https:\/\/www.ull.es\/portal\/noticias\/author\/prensa2\/\"}]}<\/script>\n<!-- \/ Yoast SEO plugin. -->","yoast_head_json":{"title":"Ma\u00f1ana dar\u00e1 comienzo la primera tanda de ex\u00e1menes de la EBAU, correspondiente a las materias comunes - ULL - Noticias","description":"La EBAU comenzar\u00e1 con los ex\u00e1menes de las materias comunes: Lengua Castellana y Literatura II, Primera Lengua Extranjera e Historia de Espa\u00f1a.","robots":{"index":"index","follow":"follow","max-snippet":"max-snippet:-1","max-image-preview":"max-image-preview:large","max-video-preview":"max-video-preview:-1"},"canonical":"https:\/\/www.ull.es\/portal\/noticias\/2021\/primera-tanda-ebau-materias-comunes\/","og_locale":"es_ES","og_type":"article","og_title":"Ma\u00f1ana dar\u00e1 comienzo la primera tanda de ex\u00e1menes de la EBAU, correspondiente a las materias comunes - ULL - Noticias","og_description":"La EBAU comenzar\u00e1 con los ex\u00e1menes de las materias comunes: Lengua Castellana y Literatura II, Primera Lengua Extranjera e Historia de Espa\u00f1a.","og_url":"https:\/\/www.ull.es\/portal\/noticias\/2021\/primera-tanda-ebau-materias-comunes\/","og_site_name":"ULL - Noticias","article_publisher":"https:\/\/www.facebook.com\/universidaddelalaguna\/","article_published_time":"2021-06-08T14:16:15+00:00","article_modified_time":"2021-06-08T14:23:59+00:00","og_image":[{"width":1024,"height":683,"url":"https:\/\/www.ull.es\/portal\/noticias\/wp-content\/uploads\/sites\/13\/2021\/06\/Selectividad-EBAU-Anchieta-10.jpg","type":"image\/jpeg"}],"author":"prensa2","twitter_card":"summary_large_image","twitter_creator":"@CanalULL","twitter_site":"@CanalULL","twitter_misc":{"Escrito por":"prensa2","Tiempo de lectura":"2 minutos"},"schema":{"@context":"https:\/\/schema.org","@graph":[{"@type":"WebPage","@id":"https:\/\/www.ull.es\/portal\/noticias\/2021\/primera-tanda-ebau-materias-comunes\/","url":"https:\/\/www.ull.es\/portal\/noticias\/2021\/primera-tanda-ebau-materias-comunes\/","name":"Ma\u00f1ana dar\u00e1 comienzo la primera tanda de ex\u00e1menes de la EBAU, correspondiente a las materias comunes - ULL - Noticias","isPartOf":{"@id":"https:\/\/www.ull.es\/portal\/noticias\/#website"},"datePublished":"2021-06-08T14:16:15+00:00","dateModified":"2021-06-08T14:23:59+00:00","author":{"@id":"https:\/\/www.ull.es\/portal\/noticias\/#\/schema\/person\/c3b2aa857797592927a03740d6664376"},"description":"La EBAU comenzar\u00e1 con los ex\u00e1menes de las materias comunes: Lengua Castellana y Literatura II, Primera Lengua Extranjera e Historia de Espa\u00f1a.","breadcrumb":{"@id":"https:\/\/www.ull.es\/portal\/noticias\/2021\/primera-tanda-ebau-materias-comunes\/#breadcrumb"},"inLanguage":"es","potentialAction":[{"@type":"ReadAction","target":["https:\/\/www.ull.es\/portal\/noticias\/2021\/primera-tanda-ebau-materias-comunes\/"]}]},{"@type":"BreadcrumbList","@id":"https:\/\/www.ull.es\/portal\/noticias\/2021\/primera-tanda-ebau-materias-comunes\/#breadcrumb","itemListElement":[{"@type":"ListItem","position":1,"name":"Portada","item":"https:\/\/www.ull.es\/portal\/noticias\/"},{"@type":"ListItem","position":2,"name":"Ma\u00f1ana dar\u00e1 comienzo la primera tanda de ex\u00e1menes de la EBAU, correspondiente a las materias comunes"}]},{"@type":"WebSite","@id":"https:\/\/www.ull.es\/portal\/noticias\/#website","url":"https:\/\/www.ull.es\/portal\/noticias\/","name":"ULL - Noticias","description":"","potentialAction":[{"@type":"SearchAction","target":{"@type":"EntryPoint","urlTemplate":"https:\/\/www.ull.es\/portal\/noticias\/?s={search_term_string}"},"query-input":"required name=search_term_string"}],"inLanguage":"es"},{"@type":"Person","@id":"https:\/\/www.ull.es\/portal\/noticias\/#\/schema\/person\/c3b2aa857797592927a03740d6664376","name":"prensa2","image":{"@type":"ImageObject","inLanguage":"es","@id":"https:\/\/www.ull.es\/portal\/noticias\/#\/schema\/person\/image\/","url":"https:\/\/secure.gravatar.com\/avatar\/b58f310a5de5feb33d1e026d2493f23c?s=96&d=mm&r=g","contentUrl":"https:\/\/secure.gravatar.com\/avatar\/b58f310a5de5feb33d1e026d2493f23c?s=96&d=mm&r=g","caption":"prensa2"},"url":"https:\/\/www.ull.es\/portal\/noticias\/author\/prensa2\/"}]}},"primary_category":{"id":345,"name":"Destacado","slug":"destacado","link":"https:\/\/www.ull.es\/portal\/noticias\/category\/destacado\/"},"featured_image_thumbnail_url":"https:\/\/www.ull.es\/portal\/noticias\/wp-content\/uploads\/sites\/13\/2021\/06\/Selectividad-EBAU-Anchieta-10-300x200.jpg","_links":{"self":[{"href":"https:\/\/www.ull.es\/portal\/noticias\/wp-json\/wp\/v2\/posts\/56913"}],"collection":[{"href":"https:\/\/www.ull.es\/portal\/noticias\/wp-json\/wp\/v2\/posts"}],"about":[{"href":"https:\/\/www.ull.es\/portal\/noticias\/wp-json\/wp\/v2\/types\/post"}],"author":[{"embeddable":true,"href":"https:\/\/www.ull.es\/portal\/noticias\/wp-json\/wp\/v2\/users\/21"}],"replies":[{"embeddable":true,"href":"https:\/\/www.ull.es\/portal\/noticias\/wp-json\/wp\/v2\/comments?post=56913"}],"version-history":[{"count":2,"href":"https:\/\/www.ull.es\/portal\/noticias\/wp-json\/wp\/v2\/posts\/56913\/revisions"}],"predecessor-version":[{"id":56917,"href":"https:\/\/www.ull.es\/portal\/noticias\/wp-json\/wp\/v2\/posts\/56913\/revisions\/56917"}],"wp:featuredmedia":[{"embeddable":true,"href":"https:\/\/www.ull.es\/portal\/noticias\/wp-json\/wp\/v2\/media\/56914"}],"wp:attachment":[{"href":"https:\/\/www.ull.es\/portal\/noticias\/wp-json\/wp\/v2\/media?parent=56913"}],"wp:term":[{"taxonomy":"category","embeddable":true,"href":"https:\/\/www.ull.es\/portal\/noticias\/wp-json\/wp\/v2\/categories?post=56913"},{"taxonomy":"post_tag","embeddable":true,"href":"https:\/\/www.ull.es\/portal\/noticias\/wp-json\/wp\/v2\/tags?post=56913"}],"curies":[{"name":"wp","href":"https:\/\/api.w.org\/{rel}","templated":true}]}}