{"id":57020,"date":"2021-06-14T13:11:41","date_gmt":"2021-06-14T13:11:41","guid":{"rendered":"https:\/\/www.ull.es\/portal\/noticias\/?p=57020"},"modified":"2022-11-30T10:31:48","modified_gmt":"2022-11-30T10:31:48","slug":"el-consejo-social-de-la-ull-abunda-en-la-vocacion-tricontinental-de-canarias-en-su-encuentros-con-el-futuro","status":"publish","type":"post","link":"https:\/\/www.ull.es\/portal\/noticias\/2021\/el-consejo-social-de-la-ull-abunda-en-la-vocacion-tricontinental-de-canarias-en-su-encuentros-con-el-futuro\/","title":{"rendered":"El Consejo Social de la ULL abunda en la vocaci\u00f3n tricontinental de Canarias en su \u2018Encuentros con el Futuro\u2019"},"content":{"rendered":"<p>El Consejo Social de la Universidad de La Laguna ha presentado hoy lunes 14 de junio la \u00faltima sesi\u00f3n de su ciclo de conferencias \u2018Encuentros con el Futuro\u2019, a trav\u00e9s del cual ha querido mantener una relaci\u00f3n estrecha entre el mundo acad\u00e9mico y la sociedad llevando a la palestra temas de plena actualidad. La ciencia en Canarias, el cambio clim\u00e1tico, la recuperaci\u00f3n econ\u00f3mica o la responsabilidad social corporativa han sido algunos de los temas en los que se han basado las citas anteriores. Ma\u00f1ana martes 15 le toca el turno a una sesi\u00f3n con doble programa: en horario matutino, las estrategias de la regi\u00f3n para afrontar el futuro; y en turno vespertino, la geopol\u00edtica y la posici\u00f3n tricontinental del archipi\u00e9lago.<\/p>\n<p>Dolores Pelayo, presidenta del \u00f3rgano colegiado, se\u00f1al\u00f3 hoy en rueda de prensa que resulta oportuno reflexionar acerca de nuestra situaci\u00f3n global como islas en una \u00e9poca en la que parecen que los sistemas democr\u00e1ticos est\u00e1n siendo en algunos casos doblegados, e instal\u00e1ndose un vac\u00edo de poder de car\u00e1cter mundial frente a los retos m\u00e1s acuciantes, momento que los reg\u00edmenes dictatoriales quieren aprovechar. De hecho, a\u00f1adi\u00f3, el avance democr\u00e1tico dado en el siglo XX corre peligro de retroceder, en favor de la avaricia de los grupos de poder.<\/p>\n<p>Por eso, mientras que en la sesi\u00f3n de la ma\u00f1ana ser\u00e1n los responsables auton\u00f3micos de transici\u00f3n ecol\u00f3gica, modernizaci\u00f3n, empleo y desarrollo sostenible los que tomen la palabra, en horario de tarde lo har\u00e1 un plantel de expertos para hablar de geopol\u00edtica. As\u00ed, Javier Solana y Juan Fernando L\u00f3pez Aguilar analizar\u00e1n la situaci\u00f3n geoestrat\u00e9gica de Canarias. Por su parte, Carlos Malamud, investigador principal del Real Instituto Elcano, se centrar\u00e1 en la relaci\u00f3n euro-latinoamericana de Canarias, al tiempo que Fernando Cocho, experto en inteligencia y seguridad nacional, reflexionar\u00e1 acerca de los nuevos modelos de inteligencia y geopol\u00edtica para implantar en las empresas del siglo XXI.<\/p>\n<p>El encuentro se cerrar\u00e1 con la intervenci\u00f3n del exrector y codirector acad\u00e9mico de Campus \u00c1frica, Jos\u00e9 G\u00f3mez Soli\u00f1o, quien presentar\u00e1 la pr\u00f3xima edici\u00f3n de este programa internacional. La cita finalizar\u00e1 con una intervenci\u00f3n de la rectora, Rosa Aguilar, y los presidentes del Cabildo de Tenerife \u2013patrocinador del evento- y del Gobierno de Canarias.<\/p>\n<p><strong>Compromiso activo<\/strong><\/p>\n<p>La presidenta del Consejo Social tiene muy claro su \u201ccompromiso activo\u201d con la Universidad de La Laguna, ya que m\u00e1s all\u00e1 de ser un mero \u00f3rgano de control y fiscalizaci\u00f3n del centro universitario, pretende ser un socio fiel para empoderar la investigaci\u00f3n que se crea en la universidad, al tiempo que un facilitador en la captaci\u00f3n de nuevos recursos para el centro acad\u00e9mico.<\/p>\n<p>Dolores Pelayo adelant\u00f3 que en apenas una semana terminar\u00e1 de perfilar el programa de actividades de este \u00f3rgano para el pr\u00f3ximo curso 2021\/22, en el que pretende poner el foco de atenci\u00f3n en el alumnado. \u201cVamos a ayudar a los estudiantes a mejorar sus posibilidades de acceso al conocimiento; hay que apoyarlos\u201d, dijo. La presidenta aleg\u00f3 que persigue revisar las normas de permanencia en el centro acad\u00e9mico, conocer el \u00edndice de empleabilidad de los titulados universitarios, colaborar m\u00e1s estrechamente con Alumni y con otras fundaciones que est\u00e1n presentando, dijo, proyectos muy interesantes.\u00a0\u201cQueremos que las empresas utilicen la Universidad de La Laguna para crecer, que mejoren sus procesos de innovaci\u00f3n haciendo uso del buen hacer de los grupos de investigaci\u00f3n de esta casa, y que nos ayuden a buscar financiaci\u00f3n para afrontar la vetustez de algunas infraestructuras universitarias\u201d, concluy\u00f3.<\/p>\n<p>La sesi\u00f3n de ma\u00f1ana se celebrar\u00e1 presencialmente en el Auditorio de Tenerife Ad\u00e1n Mart\u00edn, con aforo restringido, y podr\u00e1 seguirse telem\u00e1ticamente en este <strong><a href=\"http:\/\/verevento.online\/encuentrosconelfuturo\" target=\"_blank\" rel=\"noopener\">enlace<\/a><\/strong>.<\/p>\n","protected":false},"excerpt":{"rendered":"<p>El Consejo Social de la Universidad de La Laguna ha presentado hoy lunes 14 de junio la \u00faltima sesi\u00f3n de&#8230;<\/p>\n","protected":false},"author":23,"featured_media":57021,"comment_status":"closed","ping_status":"closed","sticky":false,"template":"","format":"standard","meta":{"inline_featured_image":false,"footnotes":""},"categories":[9420,345,348,2765],"tags":[905,7032,7569],"acf":[],"yoast_head":"<!-- This site is optimized with the Yoast SEO plugin v21.3 - https:\/\/yoast.com\/wordpress\/plugins\/seo\/ -->\n<title>El Consejo Social de la ULL abunda en la vocaci\u00f3n tricontinental de Canarias en su \u2018Encuentros con el Futuro\u2019 - ULL - Noticias<\/title>\n<meta name=\"robots\" content=\"index, follow, max-snippet:-1, max-image-preview:large, max-video-preview:-1\" \/>\n<link rel=\"canonical\" href=\"https:\/\/www.ull.es\/portal\/noticias\/2021\/el-consejo-social-de-la-ull-abunda-en-la-vocacion-tricontinental-de-canarias-en-su-encuentros-con-el-futuro\/\" \/>\n<meta property=\"og:locale\" content=\"es_ES\" \/>\n<meta property=\"og:type\" content=\"article\" \/>\n<meta property=\"og:title\" content=\"El Consejo Social de la ULL abunda en la vocaci\u00f3n tricontinental de Canarias en su \u2018Encuentros con el Futuro\u2019 - ULL - Noticias\" \/>\n<meta property=\"og:description\" content=\"El Consejo Social de la Universidad de La Laguna ha presentado hoy lunes 14 de junio la \u00faltima sesi\u00f3n de...\" \/>\n<meta property=\"og:url\" content=\"https:\/\/www.ull.es\/portal\/noticias\/2021\/el-consejo-social-de-la-ull-abunda-en-la-vocacion-tricontinental-de-canarias-en-su-encuentros-con-el-futuro\/\" \/>\n<meta property=\"og:site_name\" content=\"ULL - Noticias\" \/>\n<meta property=\"article:publisher\" content=\"https:\/\/www.facebook.com\/universidaddelalaguna\/\" \/>\n<meta property=\"article:published_time\" content=\"2021-06-14T13:11:41+00:00\" \/>\n<meta property=\"article:modified_time\" content=\"2022-11-30T10:31:48+00:00\" \/>\n<meta property=\"og:image\" content=\"https:\/\/www.ull.es\/portal\/noticias\/wp-content\/uploads\/sites\/13\/2021\/06\/dolores-pelayo-consejo-social-encuentros-con-el-futuro.jpg\" \/>\n\t<meta property=\"og:image:width\" content=\"1024\" \/>\n\t<meta property=\"og:image:height\" content=\"683\" \/>\n\t<meta property=\"og:image:type\" content=\"image\/jpeg\" \/>\n<meta name=\"author\" content=\"gaprsa\" \/>\n<meta name=\"twitter:card\" content=\"summary_large_image\" \/>\n<meta name=\"twitter:creator\" content=\"@CanalULL\" \/>\n<meta name=\"twitter:site\" content=\"@CanalULL\" \/>\n<meta name=\"twitter:label1\" content=\"Escrito por\" \/>\n\t<meta name=\"twitter:data1\" content=\"gaprsa\" \/>\n\t<meta name=\"twitter:label2\" content=\"Tiempo de lectura\" \/>\n\t<meta name=\"twitter:data2\" content=\"3 minutos\" \/>\n<script type=\"application\/ld+json\" class=\"yoast-schema-graph\">{\"@context\":\"https:\/\/schema.org\",\"@graph\":[{\"@type\":\"WebPage\",\"@id\":\"https:\/\/www.ull.es\/portal\/noticias\/2021\/el-consejo-social-de-la-ull-abunda-en-la-vocacion-tricontinental-de-canarias-en-su-encuentros-con-el-futuro\/\",\"url\":\"https:\/\/www.ull.es\/portal\/noticias\/2021\/el-consejo-social-de-la-ull-abunda-en-la-vocacion-tricontinental-de-canarias-en-su-encuentros-con-el-futuro\/\",\"name\":\"El Consejo Social de la ULL abunda en la vocaci\u00f3n tricontinental de Canarias en su \u2018Encuentros con el Futuro\u2019 - ULL - Noticias\",\"isPartOf\":{\"@id\":\"https:\/\/www.ull.es\/portal\/noticias\/#website\"},\"datePublished\":\"2021-06-14T13:11:41+00:00\",\"dateModified\":\"2022-11-30T10:31:48+00:00\",\"author\":{\"@id\":\"https:\/\/www.ull.es\/portal\/noticias\/#\/schema\/person\/b2b1a89d43ffa609e591f7df8ef3e817\"},\"breadcrumb\":{\"@id\":\"https:\/\/www.ull.es\/portal\/noticias\/2021\/el-consejo-social-de-la-ull-abunda-en-la-vocacion-tricontinental-de-canarias-en-su-encuentros-con-el-futuro\/#breadcrumb\"},\"inLanguage\":\"es\",\"potentialAction\":[{\"@type\":\"ReadAction\",\"target\":[\"https:\/\/www.ull.es\/portal\/noticias\/2021\/el-consejo-social-de-la-ull-abunda-en-la-vocacion-tricontinental-de-canarias-en-su-encuentros-con-el-futuro\/\"]}]},{\"@type\":\"BreadcrumbList\",\"@id\":\"https:\/\/www.ull.es\/portal\/noticias\/2021\/el-consejo-social-de-la-ull-abunda-en-la-vocacion-tricontinental-de-canarias-en-su-encuentros-con-el-futuro\/#breadcrumb\",\"itemListElement\":[{\"@type\":\"ListItem\",\"position\":1,\"name\":\"Portada\",\"item\":\"https:\/\/www.ull.es\/portal\/noticias\/\"},{\"@type\":\"ListItem\",\"position\":2,\"name\":\"El Consejo Social de la ULL abunda en la vocaci\u00f3n tricontinental de Canarias en su \u2018Encuentros con el Futuro\u2019\"}]},{\"@type\":\"WebSite\",\"@id\":\"https:\/\/www.ull.es\/portal\/noticias\/#website\",\"url\":\"https:\/\/www.ull.es\/portal\/noticias\/\",\"name\":\"ULL - Noticias\",\"description\":\"\",\"potentialAction\":[{\"@type\":\"SearchAction\",\"target\":{\"@type\":\"EntryPoint\",\"urlTemplate\":\"https:\/\/www.ull.es\/portal\/noticias\/?s={search_term_string}\"},\"query-input\":\"required name=search_term_string\"}],\"inLanguage\":\"es\"},{\"@type\":\"Person\",\"@id\":\"https:\/\/www.ull.es\/portal\/noticias\/#\/schema\/person\/b2b1a89d43ffa609e591f7df8ef3e817\",\"name\":\"gaprsa\",\"image\":{\"@type\":\"ImageObject\",\"inLanguage\":\"es\",\"@id\":\"https:\/\/www.ull.es\/portal\/noticias\/#\/schema\/person\/image\/\",\"url\":\"https:\/\/secure.gravatar.com\/avatar\/443820550921091458b4823867723b3d?s=96&d=mm&r=g\",\"contentUrl\":\"https:\/\/secure.gravatar.com\/avatar\/443820550921091458b4823867723b3d?s=96&d=mm&r=g\",\"caption\":\"gaprsa\"},\"url\":\"https:\/\/www.ull.es\/portal\/noticias\/author\/gaprsa\/\"}]}<\/script>\n<!-- \/ Yoast SEO plugin. -->","yoast_head_json":{"title":"El Consejo Social de la ULL abunda en la vocaci\u00f3n tricontinental de Canarias en su \u2018Encuentros con el Futuro\u2019 - ULL - Noticias","robots":{"index":"index","follow":"follow","max-snippet":"max-snippet:-1","max-image-preview":"max-image-preview:large","max-video-preview":"max-video-preview:-1"},"canonical":"https:\/\/www.ull.es\/portal\/noticias\/2021\/el-consejo-social-de-la-ull-abunda-en-la-vocacion-tricontinental-de-canarias-en-su-encuentros-con-el-futuro\/","og_locale":"es_ES","og_type":"article","og_title":"El Consejo Social de la ULL abunda en la vocaci\u00f3n tricontinental de Canarias en su \u2018Encuentros con el Futuro\u2019 - ULL - Noticias","og_description":"El Consejo Social de la Universidad de La Laguna ha presentado hoy lunes 14 de junio la \u00faltima sesi\u00f3n de...","og_url":"https:\/\/www.ull.es\/portal\/noticias\/2021\/el-consejo-social-de-la-ull-abunda-en-la-vocacion-tricontinental-de-canarias-en-su-encuentros-con-el-futuro\/","og_site_name":"ULL - Noticias","article_publisher":"https:\/\/www.facebook.com\/universidaddelalaguna\/","article_published_time":"2021-06-14T13:11:41+00:00","article_modified_time":"2022-11-30T10:31:48+00:00","og_image":[{"width":1024,"height":683,"url":"https:\/\/www.ull.es\/portal\/noticias\/wp-content\/uploads\/sites\/13\/2021\/06\/dolores-pelayo-consejo-social-encuentros-con-el-futuro.jpg","type":"image\/jpeg"}],"author":"gaprsa","twitter_card":"summary_large_image","twitter_creator":"@CanalULL","twitter_site":"@CanalULL","twitter_misc":{"Escrito por":"gaprsa","Tiempo de lectura":"3 minutos"},"schema":{"@context":"https:\/\/schema.org","@graph":[{"@type":"WebPage","@id":"https:\/\/www.ull.es\/portal\/noticias\/2021\/el-consejo-social-de-la-ull-abunda-en-la-vocacion-tricontinental-de-canarias-en-su-encuentros-con-el-futuro\/","url":"https:\/\/www.ull.es\/portal\/noticias\/2021\/el-consejo-social-de-la-ull-abunda-en-la-vocacion-tricontinental-de-canarias-en-su-encuentros-con-el-futuro\/","name":"El Consejo Social de la ULL abunda en la vocaci\u00f3n tricontinental de Canarias en su \u2018Encuentros con el Futuro\u2019 - ULL - Noticias","isPartOf":{"@id":"https:\/\/www.ull.es\/portal\/noticias\/#website"},"datePublished":"2021-06-14T13:11:41+00:00","dateModified":"2022-11-30T10:31:48+00:00","author":{"@id":"https:\/\/www.ull.es\/portal\/noticias\/#\/schema\/person\/b2b1a89d43ffa609e591f7df8ef3e817"},"breadcrumb":{"@id":"https:\/\/www.ull.es\/portal\/noticias\/2021\/el-consejo-social-de-la-ull-abunda-en-la-vocacion-tricontinental-de-canarias-en-su-encuentros-con-el-futuro\/#breadcrumb"},"inLanguage":"es","potentialAction":[{"@type":"ReadAction","target":["https:\/\/www.ull.es\/portal\/noticias\/2021\/el-consejo-social-de-la-ull-abunda-en-la-vocacion-tricontinental-de-canarias-en-su-encuentros-con-el-futuro\/"]}]},{"@type":"BreadcrumbList","@id":"https:\/\/www.ull.es\/portal\/noticias\/2021\/el-consejo-social-de-la-ull-abunda-en-la-vocacion-tricontinental-de-canarias-en-su-encuentros-con-el-futuro\/#breadcrumb","itemListElement":[{"@type":"ListItem","position":1,"name":"Portada","item":"https:\/\/www.ull.es\/portal\/noticias\/"},{"@type":"ListItem","position":2,"name":"El Consejo Social de la ULL abunda en la vocaci\u00f3n tricontinental de Canarias en su \u2018Encuentros con el Futuro\u2019"}]},{"@type":"WebSite","@id":"https:\/\/www.ull.es\/portal\/noticias\/#website","url":"https:\/\/www.ull.es\/portal\/noticias\/","name":"ULL - Noticias","description":"","potentialAction":[{"@type":"SearchAction","target":{"@type":"EntryPoint","urlTemplate":"https:\/\/www.ull.es\/portal\/noticias\/?s={search_term_string}"},"query-input":"required name=search_term_string"}],"inLanguage":"es"},{"@type":"Person","@id":"https:\/\/www.ull.es\/portal\/noticias\/#\/schema\/person\/b2b1a89d43ffa609e591f7df8ef3e817","name":"gaprsa","image":{"@type":"ImageObject","inLanguage":"es","@id":"https:\/\/www.ull.es\/portal\/noticias\/#\/schema\/person\/image\/","url":"https:\/\/secure.gravatar.com\/avatar\/443820550921091458b4823867723b3d?s=96&d=mm&r=g","contentUrl":"https:\/\/secure.gravatar.com\/avatar\/443820550921091458b4823867723b3d?s=96&d=mm&r=g","caption":"gaprsa"},"url":"https:\/\/www.ull.es\/portal\/noticias\/author\/gaprsa\/"}]}},"primary_category":{"id":345,"name":"Destacado","slug":"destacado","link":"https:\/\/www.ull.es\/portal\/noticias\/category\/destacado\/"},"featured_image_thumbnail_url":"https:\/\/www.ull.es\/portal\/noticias\/wp-content\/uploads\/sites\/13\/2021\/06\/dolores-pelayo-consejo-social-encuentros-con-el-futuro-300x200.jpg","_links":{"self":[{"href":"https:\/\/www.ull.es\/portal\/noticias\/wp-json\/wp\/v2\/posts\/57020"}],"collection":[{"href":"https:\/\/www.ull.es\/portal\/noticias\/wp-json\/wp\/v2\/posts"}],"about":[{"href":"https:\/\/www.ull.es\/portal\/noticias\/wp-json\/wp\/v2\/types\/post"}],"author":[{"embeddable":true,"href":"https:\/\/www.ull.es\/portal\/noticias\/wp-json\/wp\/v2\/users\/23"}],"replies":[{"embeddable":true,"href":"https:\/\/www.ull.es\/portal\/noticias\/wp-json\/wp\/v2\/comments?post=57020"}],"version-history":[{"count":4,"href":"https:\/\/www.ull.es\/portal\/noticias\/wp-json\/wp\/v2\/posts\/57020\/revisions"}],"predecessor-version":[{"id":57034,"href":"https:\/\/www.ull.es\/portal\/noticias\/wp-json\/wp\/v2\/posts\/57020\/revisions\/57034"}],"wp:featuredmedia":[{"embeddable":true,"href":"https:\/\/www.ull.es\/portal\/noticias\/wp-json\/wp\/v2\/media\/57021"}],"wp:attachment":[{"href":"https:\/\/www.ull.es\/portal\/noticias\/wp-json\/wp\/v2\/media?parent=57020"}],"wp:term":[{"taxonomy":"category","embeddable":true,"href":"https:\/\/www.ull.es\/portal\/noticias\/wp-json\/wp\/v2\/categories?post=57020"},{"taxonomy":"post_tag","embeddable":true,"href":"https:\/\/www.ull.es\/portal\/noticias\/wp-json\/wp\/v2\/tags?post=57020"}],"curies":[{"name":"wp","href":"https:\/\/api.w.org\/{rel}","templated":true}]}}