{"id":57029,"date":"2021-06-14T14:10:06","date_gmt":"2021-06-14T14:10:06","guid":{"rendered":"https:\/\/www.ull.es\/portal\/noticias\/?p=57029"},"modified":"2021-06-14T14:10:06","modified_gmt":"2021-06-14T14:10:06","slug":"proyecto-agro-fem-empoderara-mujeres-cooperativas-agricolas-senegal-canarias","status":"publish","type":"post","link":"https:\/\/www.ull.es\/portal\/noticias\/2021\/proyecto-agro-fem-empoderara-mujeres-cooperativas-agricolas-senegal-canarias\/","title":{"rendered":"El proyecto Agro-Fem liderado por la ULL empoderar\u00e1 a mujeres de cooperativas agr\u00edcolas de Canarias y Senegal"},"content":{"rendered":"<p>La Universidad de La Laguna lidera el proyecto de investigaci\u00f3n AGRO-FEM, acr\u00f3nimo de \u201cComercializaci\u00f3n y puesta en valor de los productos agr\u00edcolas de Canarias y Senegal mediante el empoderamiento de las mujeres de las cooperativas de cada regi\u00f3n y el intercambio de experiencias\u201d, que ha sido presentado hoy, lunes 14 de junio, y se desarrollar\u00e1 durante cuatro a\u00f1os con financiaci\u00f3n europea a trav\u00e9s del programa Interreg-Mac, centrado en iniciativas desarrolladas por instituciones de la regi\u00f3n macaron\u00e9sica.<\/p>\n<p>La Universidad de La Laguna est\u00e1 acompa\u00f1ada en este proyecto por el Cabildo Insular de Tenerife y la Universidad Gaston Berger en Saint Louis (Senegal). Su objetivo principal es potenciar la actividad de las cooperativas agr\u00edcolas femeninas de Canarias y Senegal, establecer contactos entre las organizaciones de ambas \u00e1reas, y fomentar la comercializaci\u00f3n de sus productos, entre otras.<\/p>\n<p>El vicerrector de Investigaci\u00f3n y Transferencia de la Universidad de La Laguna, Ernesto Pereda, abri\u00f3 el acto valorando la dimensi\u00f3n internacional del proyecto y que sus objetivos se centran tanto en el empoderamiento femenino como en el desarrollo comercial y t\u00e9cnico del sector agr\u00edcola.<\/p>\n<p>Seguidamente, la investigadora, Carmen Marrero, del Departamento de Filolog\u00eda Cl\u00e1sica, Francesa, \u00c1rabe y Rom\u00e1nica, detall\u00f3 que este proyecto fue solicitado en octubre de 2018 y concedido en junio de 2019, pero que tras su puesta en marcha se vio paralizado por los efectos de la pandemia, si bien esta circunstancia ha sido general en todas las convocatorias de investigaci\u00f3n y, en este caso, se ha saldado con la pr\u00f3rroga de un a\u00f1o para poder compensar este tiempo de suspensi\u00f3n.<\/p>\n<p>Ya se ha desarrollado la primera fase del proyecto, consistente en la localizaci\u00f3n de tres cooperativas agr\u00edcolas lideradas por mujeres en el \u00e1rea senegalesa de Saint Louis con las que se va a colaborar: una dedicada al arroz, otra a las hortalizas y una tercera de procesado de cereales como sorgo, mijo o arroz.<\/p>\n<p>La siguiente fase es ofrecer formaci\u00f3n a las mujeres de dichas cooperativas en diversas \u00e1reas: primero, en t\u00e9cnicas agr\u00edcolas, para lo cual la participaci\u00f3n de la Facultad de Ingenier\u00eda Agr\u00edcola de la Universidad Gaston Berger ser\u00e1 fundamental.<\/p>\n<p>La formaci\u00f3n tambi\u00e9n ser\u00e1 en competencias idiom\u00e1ticas, tanto en franc\u00e9s como en espa\u00f1ol, para que estas mujeres puedan compartir experiencias con agricultoras de otras zonas tanto senegalesas como canarias. En este punto, Marrero record\u00f3 que, si bien Senegal es franc\u00f3fona, tambi\u00e9n existen numerosas lenguas locales, como el wolof, que est\u00e1 muy extendida entre la poblaci\u00f3n y explica que parte de la poblaci\u00f3n no domine bien el franc\u00e9s pese a ser la lengua oficial del pa\u00eds.<\/p>\n<p>La coordinadora del proyecto explic\u00f3 que esta fase formativa va a tener que realizarse in situ en Senegal dado que la brecha digital existente en esas \u00e1reas agr\u00edcolas del pa\u00eds norteafricano es muy grade, e imposibilita la formaci\u00f3n online. Otro aspecto de inter\u00e9s del proyecto es que busca que las mujeres cooperativistas senegalesas entren en contacto con sus hom\u00f3logas canarias para intercambiar conocimientos. En este punto, recalc\u00f3 que las agricultoras africanas tienen mucho que aportar, pues han sido capaces de producir cereales, hortalizas y frutas en condiciones extremadamente complejas de aridez.<\/p>\n<p>Seguidamente, otro de los investigadores del proyecto, Jos\u00e9 Manuel Cruz, del Departamento de Filolog\u00eda Cl\u00e1sica, Francesa, \u00c1rabe y Rom\u00e1nica, explic\u00f3 que otras fases posteriores se centrar\u00e1n en buscar posibles v\u00edas de comercializaci\u00f3n de estas producciones agr\u00edcolas que, actualmente, est\u00e1n muy localizadas. As\u00ed, un primer objetivo ser\u00eda hacerlas llegar a ciudades importantes de Senegal, como Dakar, pero tambi\u00e9n tratar\u00e1n de expandirlas internacionalmente. En ese sentido, Cruz record\u00f3 que hay mucha poblaci\u00f3n senegalesa emigrada que muy bien podr\u00e1 servir como demanda de estos productos en sus actuales localidades de residencia europeas.<\/p>\n<p>Finalmente, Estefan\u00eda Daswani, t\u00e9cnica del Servicio de Agricultura y Desarrollo Rural del Cabido de Tenerife, explic\u00f3 que este proyecto entronca perfectamente cono numerosas l\u00edneas de trabajo que ya est\u00e1n desarrollando en la actualidad desde la corporaci\u00f3n insular, como es la visibilizaci\u00f3n del trabajo de las mujeres en un sector que, como es el rural, est\u00e1 muy masculinizado. Tambi\u00e9n destac\u00f3 que el proyecto tiene el inter\u00e9s de aplicar el enfoque de g\u00e9nero a materias m\u00e1s all\u00e1 de las ciencias sociales, como en este caso es el desarrollo agr\u00edcola.<\/p>\n<p>El Cabildo de Tenerife ser\u00e1 clave para localizar las cooperativas tinerfe\u00f1as con presencia femenina que establecer\u00e1 contacto con las agricultoras senegalesas. Este proyecto se encuentra, pues, en fase de arranque, pero est\u00e1 previsto que en los pr\u00f3ximos a\u00f1os sus actividades se expandan y diversifiquen con hitos como un congreso internacional y una feria.<\/p>\n","protected":false},"excerpt":{"rendered":"<p>La Universidad de La Laguna lidera el proyecto de investigaci\u00f3n AGRO-FEM, acr\u00f3nimo de \u201cComercializaci\u00f3n y puesta en valor de los&#8230;<\/p>\n","protected":false},"author":21,"featured_media":57030,"comment_status":"closed","ping_status":"closed","sticky":false,"template":"","format":"standard","meta":{"inline_featured_image":false,"footnotes":""},"categories":[345,350,2765],"tags":[7571,7570,7490,2370,4272],"acf":[],"yoast_head":"<!-- This site is optimized with the Yoast SEO plugin v21.3 - https:\/\/yoast.com\/wordpress\/plugins\/seo\/ -->\n<title>Un proyecto empodera cooperativas agr\u00edcolas de Canarias y Senegal<\/title>\n<meta name=\"description\" content=\"La ULL lidera el proyecto de investigaci\u00f3n Agro-Fem, que busca empoderar a las mujeres del sector agr\u00edcola tanto de Tenerife como de Senegal\" \/>\n<meta name=\"robots\" content=\"index, follow, max-snippet:-1, max-image-preview:large, max-video-preview:-1\" \/>\n<link rel=\"canonical\" href=\"https:\/\/www.ull.es\/portal\/noticias\/2021\/proyecto-agro-fem-empoderara-mujeres-cooperativas-agricolas-senegal-canarias\/\" \/>\n<meta property=\"og:locale\" content=\"es_ES\" \/>\n<meta property=\"og:type\" content=\"article\" \/>\n<meta property=\"og:title\" content=\"Un proyecto empodera cooperativas agr\u00edcolas de Canarias y Senegal\" \/>\n<meta property=\"og:description\" content=\"La ULL lidera el proyecto de investigaci\u00f3n Agro-Fem, que busca empoderar a las mujeres del sector agr\u00edcola tanto de Tenerife como de Senegal\" \/>\n<meta property=\"og:url\" content=\"https:\/\/www.ull.es\/portal\/noticias\/2021\/proyecto-agro-fem-empoderara-mujeres-cooperativas-agricolas-senegal-canarias\/\" \/>\n<meta property=\"og:site_name\" content=\"ULL - Noticias\" \/>\n<meta property=\"article:publisher\" content=\"https:\/\/www.facebook.com\/universidaddelalaguna\/\" \/>\n<meta property=\"article:published_time\" content=\"2021-06-14T14:10:06+00:00\" \/>\n<meta property=\"og:image\" content=\"https:\/\/www.ull.es\/portal\/noticias\/wp-content\/uploads\/sites\/13\/2021\/06\/Presentacion-AGRO-FEM-26.jpg\" \/>\n\t<meta property=\"og:image:width\" content=\"1600\" \/>\n\t<meta property=\"og:image:height\" content=\"1067\" \/>\n\t<meta property=\"og:image:type\" content=\"image\/jpeg\" \/>\n<meta name=\"author\" content=\"prensa2\" \/>\n<meta name=\"twitter:card\" content=\"summary_large_image\" \/>\n<meta name=\"twitter:creator\" content=\"@CanalULL\" \/>\n<meta name=\"twitter:site\" content=\"@CanalULL\" \/>\n<meta name=\"twitter:label1\" content=\"Escrito por\" \/>\n\t<meta name=\"twitter:data1\" content=\"prensa2\" \/>\n\t<meta name=\"twitter:label2\" content=\"Tiempo de lectura\" \/>\n\t<meta name=\"twitter:data2\" content=\"4 minutos\" \/>\n<script type=\"application\/ld+json\" class=\"yoast-schema-graph\">{\"@context\":\"https:\/\/schema.org\",\"@graph\":[{\"@type\":\"WebPage\",\"@id\":\"https:\/\/www.ull.es\/portal\/noticias\/2021\/proyecto-agro-fem-empoderara-mujeres-cooperativas-agricolas-senegal-canarias\/\",\"url\":\"https:\/\/www.ull.es\/portal\/noticias\/2021\/proyecto-agro-fem-empoderara-mujeres-cooperativas-agricolas-senegal-canarias\/\",\"name\":\"Un proyecto empodera cooperativas agr\u00edcolas de Canarias y Senegal\",\"isPartOf\":{\"@id\":\"https:\/\/www.ull.es\/portal\/noticias\/#website\"},\"datePublished\":\"2021-06-14T14:10:06+00:00\",\"dateModified\":\"2021-06-14T14:10:06+00:00\",\"author\":{\"@id\":\"https:\/\/www.ull.es\/portal\/noticias\/#\/schema\/person\/c3b2aa857797592927a03740d6664376\"},\"description\":\"La ULL lidera el proyecto de investigaci\u00f3n Agro-Fem, que busca empoderar a las mujeres del sector agr\u00edcola tanto de Tenerife como de Senegal\",\"breadcrumb\":{\"@id\":\"https:\/\/www.ull.es\/portal\/noticias\/2021\/proyecto-agro-fem-empoderara-mujeres-cooperativas-agricolas-senegal-canarias\/#breadcrumb\"},\"inLanguage\":\"es\",\"potentialAction\":[{\"@type\":\"ReadAction\",\"target\":[\"https:\/\/www.ull.es\/portal\/noticias\/2021\/proyecto-agro-fem-empoderara-mujeres-cooperativas-agricolas-senegal-canarias\/\"]}]},{\"@type\":\"BreadcrumbList\",\"@id\":\"https:\/\/www.ull.es\/portal\/noticias\/2021\/proyecto-agro-fem-empoderara-mujeres-cooperativas-agricolas-senegal-canarias\/#breadcrumb\",\"itemListElement\":[{\"@type\":\"ListItem\",\"position\":1,\"name\":\"Portada\",\"item\":\"https:\/\/www.ull.es\/portal\/noticias\/\"},{\"@type\":\"ListItem\",\"position\":2,\"name\":\"El proyecto Agro-Fem liderado por la ULL empoderar\u00e1 a mujeres de cooperativas agr\u00edcolas de Canarias y Senegal\"}]},{\"@type\":\"WebSite\",\"@id\":\"https:\/\/www.ull.es\/portal\/noticias\/#website\",\"url\":\"https:\/\/www.ull.es\/portal\/noticias\/\",\"name\":\"ULL - Noticias\",\"description\":\"\",\"potentialAction\":[{\"@type\":\"SearchAction\",\"target\":{\"@type\":\"EntryPoint\",\"urlTemplate\":\"https:\/\/www.ull.es\/portal\/noticias\/?s={search_term_string}\"},\"query-input\":\"required name=search_term_string\"}],\"inLanguage\":\"es\"},{\"@type\":\"Person\",\"@id\":\"https:\/\/www.ull.es\/portal\/noticias\/#\/schema\/person\/c3b2aa857797592927a03740d6664376\",\"name\":\"prensa2\",\"image\":{\"@type\":\"ImageObject\",\"inLanguage\":\"es\",\"@id\":\"https:\/\/www.ull.es\/portal\/noticias\/#\/schema\/person\/image\/\",\"url\":\"https:\/\/secure.gravatar.com\/avatar\/b58f310a5de5feb33d1e026d2493f23c?s=96&d=mm&r=g\",\"contentUrl\":\"https:\/\/secure.gravatar.com\/avatar\/b58f310a5de5feb33d1e026d2493f23c?s=96&d=mm&r=g\",\"caption\":\"prensa2\"},\"url\":\"https:\/\/www.ull.es\/portal\/noticias\/author\/prensa2\/\"}]}<\/script>\n<!-- \/ Yoast SEO plugin. -->","yoast_head_json":{"title":"Un proyecto empodera cooperativas agr\u00edcolas de Canarias y Senegal","description":"La ULL lidera el proyecto de investigaci\u00f3n Agro-Fem, que busca empoderar a las mujeres del sector agr\u00edcola tanto de Tenerife como de Senegal","robots":{"index":"index","follow":"follow","max-snippet":"max-snippet:-1","max-image-preview":"max-image-preview:large","max-video-preview":"max-video-preview:-1"},"canonical":"https:\/\/www.ull.es\/portal\/noticias\/2021\/proyecto-agro-fem-empoderara-mujeres-cooperativas-agricolas-senegal-canarias\/","og_locale":"es_ES","og_type":"article","og_title":"Un proyecto empodera cooperativas agr\u00edcolas de Canarias y Senegal","og_description":"La ULL lidera el proyecto de investigaci\u00f3n Agro-Fem, que busca empoderar a las mujeres del sector agr\u00edcola tanto de Tenerife como de Senegal","og_url":"https:\/\/www.ull.es\/portal\/noticias\/2021\/proyecto-agro-fem-empoderara-mujeres-cooperativas-agricolas-senegal-canarias\/","og_site_name":"ULL - Noticias","article_publisher":"https:\/\/www.facebook.com\/universidaddelalaguna\/","article_published_time":"2021-06-14T14:10:06+00:00","og_image":[{"width":1600,"height":1067,"url":"https:\/\/www.ull.es\/portal\/noticias\/wp-content\/uploads\/sites\/13\/2021\/06\/Presentacion-AGRO-FEM-26.jpg","type":"image\/jpeg"}],"author":"prensa2","twitter_card":"summary_large_image","twitter_creator":"@CanalULL","twitter_site":"@CanalULL","twitter_misc":{"Escrito por":"prensa2","Tiempo de lectura":"4 minutos"},"schema":{"@context":"https:\/\/schema.org","@graph":[{"@type":"WebPage","@id":"https:\/\/www.ull.es\/portal\/noticias\/2021\/proyecto-agro-fem-empoderara-mujeres-cooperativas-agricolas-senegal-canarias\/","url":"https:\/\/www.ull.es\/portal\/noticias\/2021\/proyecto-agro-fem-empoderara-mujeres-cooperativas-agricolas-senegal-canarias\/","name":"Un proyecto empodera cooperativas agr\u00edcolas de Canarias y Senegal","isPartOf":{"@id":"https:\/\/www.ull.es\/portal\/noticias\/#website"},"datePublished":"2021-06-14T14:10:06+00:00","dateModified":"2021-06-14T14:10:06+00:00","author":{"@id":"https:\/\/www.ull.es\/portal\/noticias\/#\/schema\/person\/c3b2aa857797592927a03740d6664376"},"description":"La ULL lidera el proyecto de investigaci\u00f3n Agro-Fem, que busca empoderar a las mujeres del sector agr\u00edcola tanto de Tenerife como de Senegal","breadcrumb":{"@id":"https:\/\/www.ull.es\/portal\/noticias\/2021\/proyecto-agro-fem-empoderara-mujeres-cooperativas-agricolas-senegal-canarias\/#breadcrumb"},"inLanguage":"es","potentialAction":[{"@type":"ReadAction","target":["https:\/\/www.ull.es\/portal\/noticias\/2021\/proyecto-agro-fem-empoderara-mujeres-cooperativas-agricolas-senegal-canarias\/"]}]},{"@type":"BreadcrumbList","@id":"https:\/\/www.ull.es\/portal\/noticias\/2021\/proyecto-agro-fem-empoderara-mujeres-cooperativas-agricolas-senegal-canarias\/#breadcrumb","itemListElement":[{"@type":"ListItem","position":1,"name":"Portada","item":"https:\/\/www.ull.es\/portal\/noticias\/"},{"@type":"ListItem","position":2,"name":"El proyecto Agro-Fem liderado por la ULL empoderar\u00e1 a mujeres de cooperativas agr\u00edcolas de Canarias y Senegal"}]},{"@type":"WebSite","@id":"https:\/\/www.ull.es\/portal\/noticias\/#website","url":"https:\/\/www.ull.es\/portal\/noticias\/","name":"ULL - Noticias","description":"","potentialAction":[{"@type":"SearchAction","target":{"@type":"EntryPoint","urlTemplate":"https:\/\/www.ull.es\/portal\/noticias\/?s={search_term_string}"},"query-input":"required name=search_term_string"}],"inLanguage":"es"},{"@type":"Person","@id":"https:\/\/www.ull.es\/portal\/noticias\/#\/schema\/person\/c3b2aa857797592927a03740d6664376","name":"prensa2","image":{"@type":"ImageObject","inLanguage":"es","@id":"https:\/\/www.ull.es\/portal\/noticias\/#\/schema\/person\/image\/","url":"https:\/\/secure.gravatar.com\/avatar\/b58f310a5de5feb33d1e026d2493f23c?s=96&d=mm&r=g","contentUrl":"https:\/\/secure.gravatar.com\/avatar\/b58f310a5de5feb33d1e026d2493f23c?s=96&d=mm&r=g","caption":"prensa2"},"url":"https:\/\/www.ull.es\/portal\/noticias\/author\/prensa2\/"}]}},"primary_category":{"id":345,"name":"Destacado","slug":"destacado","link":"https:\/\/www.ull.es\/portal\/noticias\/category\/destacado\/"},"featured_image_thumbnail_url":"https:\/\/www.ull.es\/portal\/noticias\/wp-content\/uploads\/sites\/13\/2021\/06\/Presentacion-AGRO-FEM-26-300x200.jpg","_links":{"self":[{"href":"https:\/\/www.ull.es\/portal\/noticias\/wp-json\/wp\/v2\/posts\/57029"}],"collection":[{"href":"https:\/\/www.ull.es\/portal\/noticias\/wp-json\/wp\/v2\/posts"}],"about":[{"href":"https:\/\/www.ull.es\/portal\/noticias\/wp-json\/wp\/v2\/types\/post"}],"author":[{"embeddable":true,"href":"https:\/\/www.ull.es\/portal\/noticias\/wp-json\/wp\/v2\/users\/21"}],"replies":[{"embeddable":true,"href":"https:\/\/www.ull.es\/portal\/noticias\/wp-json\/wp\/v2\/comments?post=57029"}],"version-history":[{"count":2,"href":"https:\/\/www.ull.es\/portal\/noticias\/wp-json\/wp\/v2\/posts\/57029\/revisions"}],"predecessor-version":[{"id":57032,"href":"https:\/\/www.ull.es\/portal\/noticias\/wp-json\/wp\/v2\/posts\/57029\/revisions\/57032"}],"wp:featuredmedia":[{"embeddable":true,"href":"https:\/\/www.ull.es\/portal\/noticias\/wp-json\/wp\/v2\/media\/57030"}],"wp:attachment":[{"href":"https:\/\/www.ull.es\/portal\/noticias\/wp-json\/wp\/v2\/media?parent=57029"}],"wp:term":[{"taxonomy":"category","embeddable":true,"href":"https:\/\/www.ull.es\/portal\/noticias\/wp-json\/wp\/v2\/categories?post=57029"},{"taxonomy":"post_tag","embeddable":true,"href":"https:\/\/www.ull.es\/portal\/noticias\/wp-json\/wp\/v2\/tags?post=57029"}],"curies":[{"name":"wp","href":"https:\/\/api.w.org\/{rel}","templated":true}]}}