{"id":57057,"date":"2021-06-16T09:21:07","date_gmt":"2021-06-16T09:21:07","guid":{"rendered":"https:\/\/www.ull.es\/portal\/noticias\/?p=57057"},"modified":"2021-06-16T09:21:07","modified_gmt":"2021-06-16T09:21:07","slug":"conservatorio-superior-musica-canarias-resonancias","status":"publish","type":"post","link":"https:\/\/www.ull.es\/portal\/noticias\/2021\/conservatorio-superior-musica-canarias-resonancias\/","title":{"rendered":"El Conservatorio Superior de M\u00fasica de Canarias presenta en el Paraninfo de la ULL \u2018Resonancias\u2019"},"content":{"rendered":"<p><a href=\"https:\/\/www.ull.es\/portal\/noticias\/wp-content\/uploads\/sites\/13\/2021\/06\/resonancias-g.jpg\" target=\"_blank\" rel=\"noopener\" target=\"_blank\" rel=\"noopener\"><img decoding=\"async\" loading=\"lazy\" class=\"alignleft wp-image-57062 size-medium\" src=\"https:\/\/www.ull.es\/portal\/noticias\/wp-content\/uploads\/sites\/13\/2021\/06\/resonancias-g-212x300.jpg\" alt=\"Cartel Resonancias\" width=\"212\" height=\"300\" srcset=\"https:\/\/www.ull.es\/portal\/noticias\/wp-content\/uploads\/sites\/13\/2021\/06\/resonancias-g-212x300.jpg 212w, https:\/\/www.ull.es\/portal\/noticias\/wp-content\/uploads\/sites\/13\/2021\/06\/resonancias-g-724x1024.jpg 724w, https:\/\/www.ull.es\/portal\/noticias\/wp-content\/uploads\/sites\/13\/2021\/06\/resonancias-g-768x1087.jpg 768w, https:\/\/www.ull.es\/portal\/noticias\/wp-content\/uploads\/sites\/13\/2021\/06\/resonancias-g-375x531.jpg 375w, https:\/\/www.ull.es\/portal\/noticias\/wp-content\/uploads\/sites\/13\/2021\/06\/resonancias-g-750x1061.jpg 750w, https:\/\/www.ull.es\/portal\/noticias\/wp-content\/uploads\/sites\/13\/2021\/06\/resonancias-g.jpg 848w\" sizes=\"(max-width: 212px) 100vw, 212px\" \/><\/a>El Paraninfo de la Universidad de La Laguna acoger\u00e1 ma\u00f1ana, jueves 17 de junio a las 20:30 horas, el espect\u00e1culo \u201cResonancias 2021: Beethoven\u2013Milhaud\u2013Bart\u00f3k\u2013Shostakovich\u2013Rodr\u00edguez\u201d, organizado por el Conservatorio Superior de m\u00fasica de Canarias. El precio de la entrada, que se puede adquirir en la plataforma <a href=\"https:\/\/www.tomaticket.es\/es-es\/entradas-resonancias-tenerife\" target=\"_blank\" rel=\"noopener\" target=\"_blank\" rel=\"noopener\">Tomaticket<\/a>, es de 10 euros, 8 para estudiantes.<\/p>\n<p>Los profesores del conservatorio Macarena Pesutic (viola) y <a href=\"https:\/\/www.facebook.com\/Javier-Lanis-1048862298631312\/?__cft__%5b0%5d=AZXJWGCzRtV4iiUK3wDv2J3bIskF3c8dXcbACiAcrK1VHbdlqFTdkbt-EznWj-ROMpK6G4bubLbTJyC-IqsCuWoGftf7vBDBCIxh-wkEDhRy_htVnbsZDe8eE2OAXPEphzwb0QymmV8xfxoqQmrc2VZR&amp;__tn__=kK-R\" target=\"_blank\" rel=\"noopener\" target=\"_blank\" rel=\"noopener\">Javier Lanis<\/a> (piano), junto a David Ballesteros (viol\u00edn), de la Asociaci\u00f3n Resonancias, han promovido este concierto de m\u00fasica de c\u00e1mara con la colaboraci\u00f3n de alumnos del centro: Marie Esther Cooper (viol\u00edn), Raquel Andrea Chico (clarinete) y Ana Isabel Rodr\u00edguez Mart\u00edn (flauta).<\/p>\n<p>Esta propuesta musical integradora potencia los recursos art\u00edstico-musicales de Canarias, fomenta la excelencia acad\u00e9mica en el \u00e1rea educativa y promueve la inclusi\u00f3n social al aunar profesores y alumnos del Conservatorio Superior de M\u00fasica de Canarias con profesionales extranjeros y canarios de reconocida carrera internacional.<\/p>\n<p><strong>Cultura segura<\/strong><\/p>\n<p>En su apuesta por desarrollar una cultura segura, el Paraninfo de la Universidad de La Laguna cuenta con un plan de prevenci\u00f3n de la Covid-19 para garantizar la salud del p\u00fablico asistente, de los artistas y del personal t\u00e9cnico. En \u00e9l se destacan medidas tales como el uso obligatorio de mascarilla en todo momento, la distancia de seguridad entre personas que no pertenezcan al mismo n\u00facleo de convivencia, el uso de gel hidroalcoh\u00f3lico, respetar la se\u00f1alizaci\u00f3n de entradas y salidas, as\u00ed como las indicaciones del personal de sala y de seguridad y permanecer sentados en su correspondiente butaca hasta que empiece el evento, y hasta que se den las instrucciones pertinentes para ordenar la salida ordenada del recinto.<\/p>\n","protected":false},"excerpt":{"rendered":"<p>El Paraninfo de la Universidad de La Laguna acoger\u00e1 ma\u00f1ana, jueves 17 de junio a las 20:30 horas, el espect\u00e1culo&#8230;<\/p>\n","protected":false},"author":21,"featured_media":57061,"comment_status":"closed","ping_status":"closed","sticky":false,"template":"","format":"image","meta":{"inline_featured_image":false,"footnotes":""},"categories":[344,345,2765],"tags":[876,7034,2047],"acf":[],"yoast_head":"<!-- This site is optimized with the Yoast SEO plugin v21.3 - https:\/\/yoast.com\/wordpress\/plugins\/seo\/ -->\n<title>El Conservatorio Superior de M\u00fasica de Canarias presenta \u2018Resonancias\u2019<\/title>\n<meta name=\"description\" content=\"El Paraninfo de la ULL acoge el concierto el jueves 17 de junio a las 20:30 horas, con entradas a 10\u20ac de tarifa general y 8\u20ac de estudiantes.\" \/>\n<meta name=\"robots\" content=\"index, follow, max-snippet:-1, max-image-preview:large, max-video-preview:-1\" \/>\n<link rel=\"canonical\" href=\"https:\/\/www.ull.es\/portal\/noticias\/2021\/conservatorio-superior-musica-canarias-resonancias\/\" \/>\n<meta property=\"og:locale\" content=\"es_ES\" \/>\n<meta property=\"og:type\" content=\"article\" \/>\n<meta property=\"og:title\" content=\"El Conservatorio Superior de M\u00fasica de Canarias presenta \u2018Resonancias\u2019\" \/>\n<meta property=\"og:description\" content=\"El Paraninfo de la ULL acoge el concierto el jueves 17 de junio a las 20:30 horas, con entradas a 10\u20ac de tarifa general y 8\u20ac de estudiantes.\" \/>\n<meta property=\"og:url\" content=\"https:\/\/www.ull.es\/portal\/noticias\/2021\/conservatorio-superior-musica-canarias-resonancias\/\" \/>\n<meta property=\"og:site_name\" content=\"ULL - Noticias\" \/>\n<meta property=\"article:publisher\" content=\"https:\/\/www.facebook.com\/universidaddelalaguna\/\" \/>\n<meta property=\"article:published_time\" content=\"2021-06-16T09:21:07+00:00\" \/>\n<meta property=\"og:image\" content=\"https:\/\/www.ull.es\/portal\/noticias\/wp-content\/uploads\/sites\/13\/2021\/06\/resonancias-p.jpg\" \/>\n\t<meta property=\"og:image:width\" content=\"848\" \/>\n\t<meta property=\"og:image:height\" content=\"562\" \/>\n\t<meta property=\"og:image:type\" content=\"image\/jpeg\" \/>\n<meta name=\"author\" content=\"prensa2\" \/>\n<meta name=\"twitter:card\" content=\"summary_large_image\" \/>\n<meta name=\"twitter:creator\" content=\"@CanalULL\" \/>\n<meta name=\"twitter:site\" content=\"@CanalULL\" \/>\n<meta name=\"twitter:label1\" content=\"Escrito por\" \/>\n\t<meta name=\"twitter:data1\" content=\"prensa2\" \/>\n\t<meta name=\"twitter:label2\" content=\"Tiempo de lectura\" \/>\n\t<meta name=\"twitter:data2\" content=\"2 minutos\" \/>\n<script type=\"application\/ld+json\" class=\"yoast-schema-graph\">{\"@context\":\"https:\/\/schema.org\",\"@graph\":[{\"@type\":\"WebPage\",\"@id\":\"https:\/\/www.ull.es\/portal\/noticias\/2021\/conservatorio-superior-musica-canarias-resonancias\/\",\"url\":\"https:\/\/www.ull.es\/portal\/noticias\/2021\/conservatorio-superior-musica-canarias-resonancias\/\",\"name\":\"El Conservatorio Superior de M\u00fasica de Canarias presenta \u2018Resonancias\u2019\",\"isPartOf\":{\"@id\":\"https:\/\/www.ull.es\/portal\/noticias\/#website\"},\"datePublished\":\"2021-06-16T09:21:07+00:00\",\"dateModified\":\"2021-06-16T09:21:07+00:00\",\"author\":{\"@id\":\"https:\/\/www.ull.es\/portal\/noticias\/#\/schema\/person\/c3b2aa857797592927a03740d6664376\"},\"description\":\"El Paraninfo de la ULL acoge el concierto el jueves 17 de junio a las 20:30 horas, con entradas a 10\u20ac de tarifa general y 8\u20ac de estudiantes.\",\"breadcrumb\":{\"@id\":\"https:\/\/www.ull.es\/portal\/noticias\/2021\/conservatorio-superior-musica-canarias-resonancias\/#breadcrumb\"},\"inLanguage\":\"es\",\"potentialAction\":[{\"@type\":\"ReadAction\",\"target\":[\"https:\/\/www.ull.es\/portal\/noticias\/2021\/conservatorio-superior-musica-canarias-resonancias\/\"]}]},{\"@type\":\"BreadcrumbList\",\"@id\":\"https:\/\/www.ull.es\/portal\/noticias\/2021\/conservatorio-superior-musica-canarias-resonancias\/#breadcrumb\",\"itemListElement\":[{\"@type\":\"ListItem\",\"position\":1,\"name\":\"Portada\",\"item\":\"https:\/\/www.ull.es\/portal\/noticias\/\"},{\"@type\":\"ListItem\",\"position\":2,\"name\":\"El Conservatorio Superior de M\u00fasica de Canarias presenta en el Paraninfo de la ULL \u2018Resonancias\u2019\"}]},{\"@type\":\"WebSite\",\"@id\":\"https:\/\/www.ull.es\/portal\/noticias\/#website\",\"url\":\"https:\/\/www.ull.es\/portal\/noticias\/\",\"name\":\"ULL - Noticias\",\"description\":\"\",\"potentialAction\":[{\"@type\":\"SearchAction\",\"target\":{\"@type\":\"EntryPoint\",\"urlTemplate\":\"https:\/\/www.ull.es\/portal\/noticias\/?s={search_term_string}\"},\"query-input\":\"required name=search_term_string\"}],\"inLanguage\":\"es\"},{\"@type\":\"Person\",\"@id\":\"https:\/\/www.ull.es\/portal\/noticias\/#\/schema\/person\/c3b2aa857797592927a03740d6664376\",\"name\":\"prensa2\",\"image\":{\"@type\":\"ImageObject\",\"inLanguage\":\"es\",\"@id\":\"https:\/\/www.ull.es\/portal\/noticias\/#\/schema\/person\/image\/\",\"url\":\"https:\/\/secure.gravatar.com\/avatar\/b58f310a5de5feb33d1e026d2493f23c?s=96&d=mm&r=g\",\"contentUrl\":\"https:\/\/secure.gravatar.com\/avatar\/b58f310a5de5feb33d1e026d2493f23c?s=96&d=mm&r=g\",\"caption\":\"prensa2\"},\"url\":\"https:\/\/www.ull.es\/portal\/noticias\/author\/prensa2\/\"}]}<\/script>\n<!-- \/ Yoast SEO plugin. -->","yoast_head_json":{"title":"El Conservatorio Superior de M\u00fasica de Canarias presenta \u2018Resonancias\u2019","description":"El Paraninfo de la ULL acoge el concierto el jueves 17 de junio a las 20:30 horas, con entradas a 10\u20ac de tarifa general y 8\u20ac de estudiantes.","robots":{"index":"index","follow":"follow","max-snippet":"max-snippet:-1","max-image-preview":"max-image-preview:large","max-video-preview":"max-video-preview:-1"},"canonical":"https:\/\/www.ull.es\/portal\/noticias\/2021\/conservatorio-superior-musica-canarias-resonancias\/","og_locale":"es_ES","og_type":"article","og_title":"El Conservatorio Superior de M\u00fasica de Canarias presenta \u2018Resonancias\u2019","og_description":"El Paraninfo de la ULL acoge el concierto el jueves 17 de junio a las 20:30 horas, con entradas a 10\u20ac de tarifa general y 8\u20ac de estudiantes.","og_url":"https:\/\/www.ull.es\/portal\/noticias\/2021\/conservatorio-superior-musica-canarias-resonancias\/","og_site_name":"ULL - Noticias","article_publisher":"https:\/\/www.facebook.com\/universidaddelalaguna\/","article_published_time":"2021-06-16T09:21:07+00:00","og_image":[{"width":848,"height":562,"url":"https:\/\/www.ull.es\/portal\/noticias\/wp-content\/uploads\/sites\/13\/2021\/06\/resonancias-p.jpg","type":"image\/jpeg"}],"author":"prensa2","twitter_card":"summary_large_image","twitter_creator":"@CanalULL","twitter_site":"@CanalULL","twitter_misc":{"Escrito por":"prensa2","Tiempo de lectura":"2 minutos"},"schema":{"@context":"https:\/\/schema.org","@graph":[{"@type":"WebPage","@id":"https:\/\/www.ull.es\/portal\/noticias\/2021\/conservatorio-superior-musica-canarias-resonancias\/","url":"https:\/\/www.ull.es\/portal\/noticias\/2021\/conservatorio-superior-musica-canarias-resonancias\/","name":"El Conservatorio Superior de M\u00fasica de Canarias presenta \u2018Resonancias\u2019","isPartOf":{"@id":"https:\/\/www.ull.es\/portal\/noticias\/#website"},"datePublished":"2021-06-16T09:21:07+00:00","dateModified":"2021-06-16T09:21:07+00:00","author":{"@id":"https:\/\/www.ull.es\/portal\/noticias\/#\/schema\/person\/c3b2aa857797592927a03740d6664376"},"description":"El Paraninfo de la ULL acoge el concierto el jueves 17 de junio a las 20:30 horas, con entradas a 10\u20ac de tarifa general y 8\u20ac de estudiantes.","breadcrumb":{"@id":"https:\/\/www.ull.es\/portal\/noticias\/2021\/conservatorio-superior-musica-canarias-resonancias\/#breadcrumb"},"inLanguage":"es","potentialAction":[{"@type":"ReadAction","target":["https:\/\/www.ull.es\/portal\/noticias\/2021\/conservatorio-superior-musica-canarias-resonancias\/"]}]},{"@type":"BreadcrumbList","@id":"https:\/\/www.ull.es\/portal\/noticias\/2021\/conservatorio-superior-musica-canarias-resonancias\/#breadcrumb","itemListElement":[{"@type":"ListItem","position":1,"name":"Portada","item":"https:\/\/www.ull.es\/portal\/noticias\/"},{"@type":"ListItem","position":2,"name":"El Conservatorio Superior de M\u00fasica de Canarias presenta en el Paraninfo de la ULL \u2018Resonancias\u2019"}]},{"@type":"WebSite","@id":"https:\/\/www.ull.es\/portal\/noticias\/#website","url":"https:\/\/www.ull.es\/portal\/noticias\/","name":"ULL - Noticias","description":"","potentialAction":[{"@type":"SearchAction","target":{"@type":"EntryPoint","urlTemplate":"https:\/\/www.ull.es\/portal\/noticias\/?s={search_term_string}"},"query-input":"required name=search_term_string"}],"inLanguage":"es"},{"@type":"Person","@id":"https:\/\/www.ull.es\/portal\/noticias\/#\/schema\/person\/c3b2aa857797592927a03740d6664376","name":"prensa2","image":{"@type":"ImageObject","inLanguage":"es","@id":"https:\/\/www.ull.es\/portal\/noticias\/#\/schema\/person\/image\/","url":"https:\/\/secure.gravatar.com\/avatar\/b58f310a5de5feb33d1e026d2493f23c?s=96&d=mm&r=g","contentUrl":"https:\/\/secure.gravatar.com\/avatar\/b58f310a5de5feb33d1e026d2493f23c?s=96&d=mm&r=g","caption":"prensa2"},"url":"https:\/\/www.ull.es\/portal\/noticias\/author\/prensa2\/"}]}},"primary_category":{"id":345,"name":"Destacado","slug":"destacado","link":"https:\/\/www.ull.es\/portal\/noticias\/category\/destacado\/"},"featured_image_thumbnail_url":"https:\/\/www.ull.es\/portal\/noticias\/wp-content\/uploads\/sites\/13\/2021\/06\/resonancias-p-300x199.jpg","_links":{"self":[{"href":"https:\/\/www.ull.es\/portal\/noticias\/wp-json\/wp\/v2\/posts\/57057"}],"collection":[{"href":"https:\/\/www.ull.es\/portal\/noticias\/wp-json\/wp\/v2\/posts"}],"about":[{"href":"https:\/\/www.ull.es\/portal\/noticias\/wp-json\/wp\/v2\/types\/post"}],"author":[{"embeddable":true,"href":"https:\/\/www.ull.es\/portal\/noticias\/wp-json\/wp\/v2\/users\/21"}],"replies":[{"embeddable":true,"href":"https:\/\/www.ull.es\/portal\/noticias\/wp-json\/wp\/v2\/comments?post=57057"}],"version-history":[{"count":1,"href":"https:\/\/www.ull.es\/portal\/noticias\/wp-json\/wp\/v2\/posts\/57057\/revisions"}],"predecessor-version":[{"id":57064,"href":"https:\/\/www.ull.es\/portal\/noticias\/wp-json\/wp\/v2\/posts\/57057\/revisions\/57064"}],"wp:featuredmedia":[{"embeddable":true,"href":"https:\/\/www.ull.es\/portal\/noticias\/wp-json\/wp\/v2\/media\/57061"}],"wp:attachment":[{"href":"https:\/\/www.ull.es\/portal\/noticias\/wp-json\/wp\/v2\/media?parent=57057"}],"wp:term":[{"taxonomy":"category","embeddable":true,"href":"https:\/\/www.ull.es\/portal\/noticias\/wp-json\/wp\/v2\/categories?post=57057"},{"taxonomy":"post_tag","embeddable":true,"href":"https:\/\/www.ull.es\/portal\/noticias\/wp-json\/wp\/v2\/tags?post=57057"}],"curies":[{"name":"wp","href":"https:\/\/api.w.org\/{rel}","templated":true}]}}