{"id":57083,"date":"2021-06-17T13:25:26","date_gmt":"2021-06-17T13:25:26","guid":{"rendered":"https:\/\/www.ull.es\/portal\/noticias\/?p=57083"},"modified":"2021-06-17T13:25:26","modified_gmt":"2021-06-17T13:25:26","slug":"la-universidad-de-verano-de-adeje-retoma-su-actividad-del-mes-de-julio-con-25-propuestas-formativas","status":"publish","type":"post","link":"https:\/\/www.ull.es\/portal\/noticias\/2021\/la-universidad-de-verano-de-adeje-retoma-su-actividad-del-mes-de-julio-con-25-propuestas-formativas\/","title":{"rendered":"La Universidad de Verano de Adeje retoma su actividad del mes de julio con 25 propuestas formativas"},"content":{"rendered":"<p>La escritora <a href=\"https:\/\/www.elsapunset.com\/\" target=\"_blank\" rel=\"noopener\">Elsa Punset<\/a> ser\u00e1 la encargada de inaugurar el pr\u00f3ximo 16 de julio la vig\u00e9simo octava edici\u00f3n de la <a href=\"https:\/\/www.ull.es\/cultura\/cursos-extension-universitaria\/universidad-de-verano-de-adeje\/\" target=\"_blank\" rel=\"noopener\">Universidad de Verano de Adeje<\/a>, en un acto que tendr\u00e1 lugar en el antiguo Convento de San Francisco de la localidad\u00a0 del sur a las 12 horas. Se trata de la primera vez en que esta consolidada cita estival se desarrollar\u00e1 en su mayor\u00eda de forma telem\u00e1tica, de modo que los quince cursos previstos se seguir\u00e1n en l\u00ednea, mientras que la decena de talleres organizados tendr\u00e1n un desarrollo presencial.<\/p>\n<p>El acto inaugural s\u00ed se desarrollar\u00e1 f\u00edsicamente, y en \u00e9l la autora de \u2018Fuertes, libres y n\u00f3madas\u2019, tambi\u00e9n divulgadora y relatora de cuentos infantiles, abordar\u00e1 uno de sus t\u00f3picos esenciales, la positividad y c\u00f3mo afrontar los retos desde otro punto de vista. La Universidad de Verano de Adeje, un esfuerzo conjunto entre la Universidad de La Laguna y el Ayuntamiento de Adeje, cumple este a\u00f1o su vig\u00e9simo octava edici\u00f3n, que solo se ha visto interrumpida el pasado a\u00f1o por la aparici\u00f3n de la COVID-19.<\/p>\n<p>Tanto la rectora de la instituci\u00f3n acad\u00e9mica, Rosa Aguilar Chinea, como el alcalde, Jos\u00e9 Miguel Rodr\u00edguez Fraga, alabaron la solidez de esta propuesta formativa estival, que este a\u00f1o se desarrollar\u00e1 entre el 19 y el 23 de julio. \u201cNo estamos hablando de cualquier cosa, porque los cursos surgieron en 1992, aunque las primeras iniciativas se llevaron a cabo al a\u00f1o siguiente, en 1993. El resultado es que miles de estudiantes han disfrutado de estas propuestas estivales, en las que se comparte conocimiento, buenos ratos, m\u00fasica, actividades, tiempo de verano. Como se puede apreciar, la vocaci\u00f3n universitaria de Adeje no es ni mucho menos reciente\u201d, apunt\u00f3 la rectora.<\/p>\n<p>Aguilar enfatiz\u00f3 el apoyo que el municipio siempre le ha prestado a la Universidad de La Laguna, no en vano el centro acad\u00e9mico tiene sede permanente en esa localidad, donde se imparte el<img decoding=\"async\" loading=\"lazy\" class=\"alignright size-medium wp-image-57086\" src=\"https:\/\/www.ull.es\/portal\/noticias\/wp-content\/uploads\/sites\/13\/2021\/06\/universidad-verano-adeje3-300x200.jpg\" alt=\"\" width=\"300\" height=\"200\" srcset=\"https:\/\/www.ull.es\/portal\/noticias\/wp-content\/uploads\/sites\/13\/2021\/06\/universidad-verano-adeje3-300x200.jpg 300w, https:\/\/www.ull.es\/portal\/noticias\/wp-content\/uploads\/sites\/13\/2021\/06\/universidad-verano-adeje3-768x512.jpg 768w, https:\/\/www.ull.es\/portal\/noticias\/wp-content\/uploads\/sites\/13\/2021\/06\/universidad-verano-adeje3-375x250.jpg 375w, https:\/\/www.ull.es\/portal\/noticias\/wp-content\/uploads\/sites\/13\/2021\/06\/universidad-verano-adeje3-750x500.jpg 750w, https:\/\/www.ull.es\/portal\/noticias\/wp-content\/uploads\/sites\/13\/2021\/06\/universidad-verano-adeje3.jpg 1024w\" sizes=\"(max-width: 300px) 100vw, 300px\" \/> Grado en Turismo y un posgrado en la misma materia. \u201cEs muy de agradecer que, pese a los tiempos convulsos que estamos viviendo, la apuesta del consistorio adejero siga siendo tan decidida y audaz\u201d. La empat\u00eda con la instituci\u00f3n universitaria se ha visto demostrada recientemente con la celebraci\u00f3n en Adeje de la EBAU, como ya sucediera el a\u00f1o pasado, lo que ha facilitado que al menos un millar de estudiantes se haya examinado \u201cen las mejores condiciones posibles\u201d, agregaron.<\/p>\n<p>\u201cPara nosotros el sur de la isla no es un lugar alejado de la universidad, ni tan solo un destino tur\u00edstico. El sur es nuestro p\u00fablico y nuestros alumnos, y tambi\u00e9n nuestros t\u00edtulos; estamos hablando de una poblaci\u00f3n muy pujante, con muchas cosas que aportar, con ganas de crecer y de formarse. Y ah\u00ed hemos de estar\u201d, a\u00f1adi\u00f3 la rectora.<\/p>\n<p>El alcalde, por su parte, apunt\u00f3 que estos cursos conforman una experiencia acreditada en el tiempo, con una demanda que se ha mantenido e incluso ha aumentado en los \u00faltimos a\u00f1os. \u201cLa vuelta de la Universidad de Verano de Adeje es tambi\u00e9n un signo de esperanza, despu\u00e9s de la suspensi\u00f3n del a\u00f1o pasado\u201d, recalc\u00f3. Rodr\u00edguez Fraga sostuvo adem\u00e1s que estos cursos, que abracan todas las ramas del conocimiento, responden a necesidades actuales de formaci\u00f3n, tanto en lo social como en lo econ\u00f3mico o desde el punto de vista de la innovaci\u00f3n.<\/p>\n<p><strong>Apoyo al Grado en Ciencias de la Actividad F\u00edsica y del Deporte<\/strong><\/p>\n<p>El mandatario hizo un inciso para expresar p\u00fablicamente su apoyo a la propuesta de la Universidad de La Laguna de impartir el pr\u00f3ximo curso acad\u00e9mico el Grado en Ciencias de la Actividad F\u00edsica y del Deporte, una titulaci\u00f3n que todav\u00eda no ha recibido el visto bueno del Gobierno de Canarias para su implantaci\u00f3n, y que ha sido aprobado por unanimidad tanto por el Consejo de Gobierno como por el Consejo Social de la instituci\u00f3n acad\u00e9mica, adem\u00e1s de contar con una fuerte demanda por parte de los futuros estudiantes universitarios.\u00a0El alcalde valor\u00f3 as\u00ed que se trata de un nicho de mercado muy importante, muy demandado adem\u00e1s desde el sector tur\u00edstico y muy oportuno en los tiempos que corren. \u201cApoyaremos lo que sea necesario para que salga adelante\u201d, afirm\u00f3.<\/p>\n<div id=\"attachment_57085\" style=\"width: 310px\" class=\"wp-caption alignleft\"><img aria-describedby=\"caption-attachment-57085\" decoding=\"async\" loading=\"lazy\" class=\"size-medium wp-image-57085\" src=\"https:\/\/www.ull.es\/portal\/noticias\/wp-content\/uploads\/sites\/13\/2021\/06\/universidad-verano-adeje2-ruben-guirola-300x200.jpg\" alt=\"\" width=\"300\" height=\"200\" srcset=\"https:\/\/www.ull.es\/portal\/noticias\/wp-content\/uploads\/sites\/13\/2021\/06\/universidad-verano-adeje2-ruben-guirola-300x200.jpg 300w, https:\/\/www.ull.es\/portal\/noticias\/wp-content\/uploads\/sites\/13\/2021\/06\/universidad-verano-adeje2-ruben-guirola-768x512.jpg 768w, https:\/\/www.ull.es\/portal\/noticias\/wp-content\/uploads\/sites\/13\/2021\/06\/universidad-verano-adeje2-ruben-guirola-375x250.jpg 375w, https:\/\/www.ull.es\/portal\/noticias\/wp-content\/uploads\/sites\/13\/2021\/06\/universidad-verano-adeje2-ruben-guirola-750x500.jpg 750w, https:\/\/www.ull.es\/portal\/noticias\/wp-content\/uploads\/sites\/13\/2021\/06\/universidad-verano-adeje2-ruben-guirola.jpg 1024w\" sizes=\"(max-width: 300px) 100vw, 300px\" \/><p id=\"caption-attachment-57085\" class=\"wp-caption-text\">El artista Rub\u00e9n Guirola explica el sentido del cartel promocional<\/p><\/div>\n<p>El vicerrector de Cultura y Participaci\u00f3n Social de la instituci\u00f3n acad\u00e9mica, Juan Albino M\u00e9ndez P\u00e9rez, y la concejala de Educaci\u00f3n y Cultura de la corporaci\u00f3n municipal, Mar\u00eda Clavijo Maza, se centraron m\u00e1s en el programa de cursos, en el que en este a\u00f1o cobra peso la sostenibilidad y los retos de la Agenda 2030. Ser\u00e1n impartidos en horario de ma\u00f1ana y tarde y su matr\u00edcula esta abierta desde hoy mismo. El cartel promocional de la actividad de este a\u00f1o es autor\u00eda del creador Rub\u00e9n Guirola, quien ha querido con su obra, con claras reminiscencias del mundo del c\u00f3mic, trascender a este momento de pandemia y vislumbrar un nuevo escenario: j\u00f3venes en un entorno plenamente adejero siguiendo los cursos, al aire libre, sin mascarilla, disfrutando de un entorno mucho m\u00e1s sostenible.<\/p>\n<p>Las propuestas de cursos abordan el autoconsumo y las comunidades energ\u00e9ticas urbanas, el turismo, Canarias en la formaci\u00f3n del mundo atl\u00e1ntico, enfermedades zoon\u00f3ticas emergentes, creatividad en la m\u00fasica, la danza y el audiovisual, la tecnolog\u00eda en la toma de decisiones, comercio electr\u00f3nico, redes sociales para la marca y el liderazgo, envejecimiento saludable, aprender a vivir de nuevo o violencia de g\u00e9nero. En cuanto a los talleres, est\u00e1 previsto uno de danzas urbanas (Vicky G\u00f3mez), un tour astron\u00f3mico, otro de cine (con Jorge Sanz), escritura terap\u00e9utica, minificci\u00f3n o c\u00e1lculo de huella de carbono, entre otros.<\/p>\n","protected":false},"excerpt":{"rendered":"<p>La escritora Elsa Punset ser\u00e1 la encargada de inaugurar el pr\u00f3ximo 16 de julio la vig\u00e9simo octava edici\u00f3n de la&#8230;<\/p>\n","protected":false},"author":23,"featured_media":57084,"comment_status":"closed","ping_status":"closed","sticky":false,"template":"","format":"standard","meta":{"inline_featured_image":false,"footnotes":""},"categories":[344,345,348,2765],"tags":[7580,2574],"acf":[],"yoast_head":"<!-- This site is optimized with the Yoast SEO plugin v21.3 - https:\/\/yoast.com\/wordpress\/plugins\/seo\/ -->\n<title>La Universidad de Verano de Adeje retoma su actividad del mes de julio con 25 propuestas formativas - ULL - Noticias<\/title>\n<meta name=\"robots\" content=\"index, follow, max-snippet:-1, max-image-preview:large, max-video-preview:-1\" \/>\n<link rel=\"canonical\" href=\"https:\/\/www.ull.es\/portal\/noticias\/2021\/la-universidad-de-verano-de-adeje-retoma-su-actividad-del-mes-de-julio-con-25-propuestas-formativas\/\" \/>\n<meta property=\"og:locale\" content=\"es_ES\" \/>\n<meta property=\"og:type\" content=\"article\" \/>\n<meta property=\"og:title\" content=\"La Universidad de Verano de Adeje retoma su actividad del mes de julio con 25 propuestas formativas - ULL - Noticias\" \/>\n<meta property=\"og:description\" content=\"La escritora Elsa Punset ser\u00e1 la encargada de inaugurar el pr\u00f3ximo 16 de julio la vig\u00e9simo octava edici\u00f3n de la...\" \/>\n<meta property=\"og:url\" content=\"https:\/\/www.ull.es\/portal\/noticias\/2021\/la-universidad-de-verano-de-adeje-retoma-su-actividad-del-mes-de-julio-con-25-propuestas-formativas\/\" \/>\n<meta property=\"og:site_name\" content=\"ULL - Noticias\" \/>\n<meta property=\"article:publisher\" content=\"https:\/\/www.facebook.com\/universidaddelalaguna\/\" \/>\n<meta property=\"article:published_time\" content=\"2021-06-17T13:25:26+00:00\" \/>\n<meta property=\"og:image\" content=\"https:\/\/www.ull.es\/portal\/noticias\/wp-content\/uploads\/sites\/13\/2021\/06\/universidad-verano-adeje1.jpg\" \/>\n\t<meta property=\"og:image:width\" content=\"1024\" \/>\n\t<meta property=\"og:image:height\" content=\"683\" \/>\n\t<meta property=\"og:image:type\" content=\"image\/jpeg\" \/>\n<meta name=\"author\" content=\"gaprsa\" \/>\n<meta name=\"twitter:card\" content=\"summary_large_image\" \/>\n<meta name=\"twitter:creator\" content=\"@CanalULL\" \/>\n<meta name=\"twitter:site\" content=\"@CanalULL\" \/>\n<meta name=\"twitter:label1\" content=\"Escrito por\" \/>\n\t<meta name=\"twitter:data1\" content=\"gaprsa\" \/>\n\t<meta name=\"twitter:label2\" content=\"Tiempo de lectura\" \/>\n\t<meta name=\"twitter:data2\" content=\"5 minutos\" \/>\n<script type=\"application\/ld+json\" class=\"yoast-schema-graph\">{\"@context\":\"https:\/\/schema.org\",\"@graph\":[{\"@type\":\"WebPage\",\"@id\":\"https:\/\/www.ull.es\/portal\/noticias\/2021\/la-universidad-de-verano-de-adeje-retoma-su-actividad-del-mes-de-julio-con-25-propuestas-formativas\/\",\"url\":\"https:\/\/www.ull.es\/portal\/noticias\/2021\/la-universidad-de-verano-de-adeje-retoma-su-actividad-del-mes-de-julio-con-25-propuestas-formativas\/\",\"name\":\"La Universidad de Verano de Adeje retoma su actividad del mes de julio con 25 propuestas formativas - ULL - Noticias\",\"isPartOf\":{\"@id\":\"https:\/\/www.ull.es\/portal\/noticias\/#website\"},\"datePublished\":\"2021-06-17T13:25:26+00:00\",\"dateModified\":\"2021-06-17T13:25:26+00:00\",\"author\":{\"@id\":\"https:\/\/www.ull.es\/portal\/noticias\/#\/schema\/person\/b2b1a89d43ffa609e591f7df8ef3e817\"},\"breadcrumb\":{\"@id\":\"https:\/\/www.ull.es\/portal\/noticias\/2021\/la-universidad-de-verano-de-adeje-retoma-su-actividad-del-mes-de-julio-con-25-propuestas-formativas\/#breadcrumb\"},\"inLanguage\":\"es\",\"potentialAction\":[{\"@type\":\"ReadAction\",\"target\":[\"https:\/\/www.ull.es\/portal\/noticias\/2021\/la-universidad-de-verano-de-adeje-retoma-su-actividad-del-mes-de-julio-con-25-propuestas-formativas\/\"]}]},{\"@type\":\"BreadcrumbList\",\"@id\":\"https:\/\/www.ull.es\/portal\/noticias\/2021\/la-universidad-de-verano-de-adeje-retoma-su-actividad-del-mes-de-julio-con-25-propuestas-formativas\/#breadcrumb\",\"itemListElement\":[{\"@type\":\"ListItem\",\"position\":1,\"name\":\"Portada\",\"item\":\"https:\/\/www.ull.es\/portal\/noticias\/\"},{\"@type\":\"ListItem\",\"position\":2,\"name\":\"La Universidad de Verano de Adeje retoma su actividad del mes de julio con 25 propuestas formativas\"}]},{\"@type\":\"WebSite\",\"@id\":\"https:\/\/www.ull.es\/portal\/noticias\/#website\",\"url\":\"https:\/\/www.ull.es\/portal\/noticias\/\",\"name\":\"ULL - Noticias\",\"description\":\"\",\"potentialAction\":[{\"@type\":\"SearchAction\",\"target\":{\"@type\":\"EntryPoint\",\"urlTemplate\":\"https:\/\/www.ull.es\/portal\/noticias\/?s={search_term_string}\"},\"query-input\":\"required name=search_term_string\"}],\"inLanguage\":\"es\"},{\"@type\":\"Person\",\"@id\":\"https:\/\/www.ull.es\/portal\/noticias\/#\/schema\/person\/b2b1a89d43ffa609e591f7df8ef3e817\",\"name\":\"gaprsa\",\"image\":{\"@type\":\"ImageObject\",\"inLanguage\":\"es\",\"@id\":\"https:\/\/www.ull.es\/portal\/noticias\/#\/schema\/person\/image\/\",\"url\":\"https:\/\/secure.gravatar.com\/avatar\/443820550921091458b4823867723b3d?s=96&d=mm&r=g\",\"contentUrl\":\"https:\/\/secure.gravatar.com\/avatar\/443820550921091458b4823867723b3d?s=96&d=mm&r=g\",\"caption\":\"gaprsa\"},\"url\":\"https:\/\/www.ull.es\/portal\/noticias\/author\/gaprsa\/\"}]}<\/script>\n<!-- \/ Yoast SEO plugin. -->","yoast_head_json":{"title":"La Universidad de Verano de Adeje retoma su actividad del mes de julio con 25 propuestas formativas - ULL - Noticias","robots":{"index":"index","follow":"follow","max-snippet":"max-snippet:-1","max-image-preview":"max-image-preview:large","max-video-preview":"max-video-preview:-1"},"canonical":"https:\/\/www.ull.es\/portal\/noticias\/2021\/la-universidad-de-verano-de-adeje-retoma-su-actividad-del-mes-de-julio-con-25-propuestas-formativas\/","og_locale":"es_ES","og_type":"article","og_title":"La Universidad de Verano de Adeje retoma su actividad del mes de julio con 25 propuestas formativas - ULL - Noticias","og_description":"La escritora Elsa Punset ser\u00e1 la encargada de inaugurar el pr\u00f3ximo 16 de julio la vig\u00e9simo octava edici\u00f3n de la...","og_url":"https:\/\/www.ull.es\/portal\/noticias\/2021\/la-universidad-de-verano-de-adeje-retoma-su-actividad-del-mes-de-julio-con-25-propuestas-formativas\/","og_site_name":"ULL - Noticias","article_publisher":"https:\/\/www.facebook.com\/universidaddelalaguna\/","article_published_time":"2021-06-17T13:25:26+00:00","og_image":[{"width":1024,"height":683,"url":"https:\/\/www.ull.es\/portal\/noticias\/wp-content\/uploads\/sites\/13\/2021\/06\/universidad-verano-adeje1.jpg","type":"image\/jpeg"}],"author":"gaprsa","twitter_card":"summary_large_image","twitter_creator":"@CanalULL","twitter_site":"@CanalULL","twitter_misc":{"Escrito por":"gaprsa","Tiempo de lectura":"5 minutos"},"schema":{"@context":"https:\/\/schema.org","@graph":[{"@type":"WebPage","@id":"https:\/\/www.ull.es\/portal\/noticias\/2021\/la-universidad-de-verano-de-adeje-retoma-su-actividad-del-mes-de-julio-con-25-propuestas-formativas\/","url":"https:\/\/www.ull.es\/portal\/noticias\/2021\/la-universidad-de-verano-de-adeje-retoma-su-actividad-del-mes-de-julio-con-25-propuestas-formativas\/","name":"La Universidad de Verano de Adeje retoma su actividad del mes de julio con 25 propuestas formativas - ULL - Noticias","isPartOf":{"@id":"https:\/\/www.ull.es\/portal\/noticias\/#website"},"datePublished":"2021-06-17T13:25:26+00:00","dateModified":"2021-06-17T13:25:26+00:00","author":{"@id":"https:\/\/www.ull.es\/portal\/noticias\/#\/schema\/person\/b2b1a89d43ffa609e591f7df8ef3e817"},"breadcrumb":{"@id":"https:\/\/www.ull.es\/portal\/noticias\/2021\/la-universidad-de-verano-de-adeje-retoma-su-actividad-del-mes-de-julio-con-25-propuestas-formativas\/#breadcrumb"},"inLanguage":"es","potentialAction":[{"@type":"ReadAction","target":["https:\/\/www.ull.es\/portal\/noticias\/2021\/la-universidad-de-verano-de-adeje-retoma-su-actividad-del-mes-de-julio-con-25-propuestas-formativas\/"]}]},{"@type":"BreadcrumbList","@id":"https:\/\/www.ull.es\/portal\/noticias\/2021\/la-universidad-de-verano-de-adeje-retoma-su-actividad-del-mes-de-julio-con-25-propuestas-formativas\/#breadcrumb","itemListElement":[{"@type":"ListItem","position":1,"name":"Portada","item":"https:\/\/www.ull.es\/portal\/noticias\/"},{"@type":"ListItem","position":2,"name":"La Universidad de Verano de Adeje retoma su actividad del mes de julio con 25 propuestas formativas"}]},{"@type":"WebSite","@id":"https:\/\/www.ull.es\/portal\/noticias\/#website","url":"https:\/\/www.ull.es\/portal\/noticias\/","name":"ULL - Noticias","description":"","potentialAction":[{"@type":"SearchAction","target":{"@type":"EntryPoint","urlTemplate":"https:\/\/www.ull.es\/portal\/noticias\/?s={search_term_string}"},"query-input":"required name=search_term_string"}],"inLanguage":"es"},{"@type":"Person","@id":"https:\/\/www.ull.es\/portal\/noticias\/#\/schema\/person\/b2b1a89d43ffa609e591f7df8ef3e817","name":"gaprsa","image":{"@type":"ImageObject","inLanguage":"es","@id":"https:\/\/www.ull.es\/portal\/noticias\/#\/schema\/person\/image\/","url":"https:\/\/secure.gravatar.com\/avatar\/443820550921091458b4823867723b3d?s=96&d=mm&r=g","contentUrl":"https:\/\/secure.gravatar.com\/avatar\/443820550921091458b4823867723b3d?s=96&d=mm&r=g","caption":"gaprsa"},"url":"https:\/\/www.ull.es\/portal\/noticias\/author\/gaprsa\/"}]}},"primary_category":{"id":345,"name":"Destacado","slug":"destacado","link":"https:\/\/www.ull.es\/portal\/noticias\/category\/destacado\/"},"featured_image_thumbnail_url":"https:\/\/www.ull.es\/portal\/noticias\/wp-content\/uploads\/sites\/13\/2021\/06\/universidad-verano-adeje1-300x200.jpg","_links":{"self":[{"href":"https:\/\/www.ull.es\/portal\/noticias\/wp-json\/wp\/v2\/posts\/57083"}],"collection":[{"href":"https:\/\/www.ull.es\/portal\/noticias\/wp-json\/wp\/v2\/posts"}],"about":[{"href":"https:\/\/www.ull.es\/portal\/noticias\/wp-json\/wp\/v2\/types\/post"}],"author":[{"embeddable":true,"href":"https:\/\/www.ull.es\/portal\/noticias\/wp-json\/wp\/v2\/users\/23"}],"replies":[{"embeddable":true,"href":"https:\/\/www.ull.es\/portal\/noticias\/wp-json\/wp\/v2\/comments?post=57083"}],"version-history":[{"count":1,"href":"https:\/\/www.ull.es\/portal\/noticias\/wp-json\/wp\/v2\/posts\/57083\/revisions"}],"predecessor-version":[{"id":57087,"href":"https:\/\/www.ull.es\/portal\/noticias\/wp-json\/wp\/v2\/posts\/57083\/revisions\/57087"}],"wp:featuredmedia":[{"embeddable":true,"href":"https:\/\/www.ull.es\/portal\/noticias\/wp-json\/wp\/v2\/media\/57084"}],"wp:attachment":[{"href":"https:\/\/www.ull.es\/portal\/noticias\/wp-json\/wp\/v2\/media?parent=57083"}],"wp:term":[{"taxonomy":"category","embeddable":true,"href":"https:\/\/www.ull.es\/portal\/noticias\/wp-json\/wp\/v2\/categories?post=57083"},{"taxonomy":"post_tag","embeddable":true,"href":"https:\/\/www.ull.es\/portal\/noticias\/wp-json\/wp\/v2\/tags?post=57083"}],"curies":[{"name":"wp","href":"https:\/\/api.w.org\/{rel}","templated":true}]}}