{"id":57152,"date":"2021-06-22T09:42:11","date_gmt":"2021-06-22T09:42:11","guid":{"rendered":"https:\/\/www.ull.es\/portal\/noticias\/?p=57152"},"modified":"2021-06-22T09:47:49","modified_gmt":"2021-06-22T09:47:49","slug":"la-convocatoria-ordinaria-de-la-ebau-se-salda-con-una-tasa-de-aprobados-del-9284","status":"publish","type":"post","link":"https:\/\/www.ull.es\/portal\/noticias\/2021\/la-convocatoria-ordinaria-de-la-ebau-se-salda-con-una-tasa-de-aprobados-del-9284\/","title":{"rendered":"La convocatoria ordinaria de la EBAU se salda con una tasa de aprobados del 92,84%"},"content":{"rendered":"<p>La convocatoria ordinaria de la Evaluaci\u00f3n de Bachillerato para el Acceso a la Universidad (EBAU) en la Universidad de La Laguna, celebrada entre el 9 y el 12 de junio, se ha saldado con una tasa de aprobados del 92,84%, correspondiente a 4.396 personas de las 4.792 que se presentaron. De ese total, 339 no aprobaron y 57 dejaron de hacer la prueba. Es un porcentaje sensiblemente superior a la tasa de aprobados de 2020, que fue del 88,92%, si bien aquella fue una convocatoria especial, pues se alcanz\u00f3 la inusitada cifra de 5.021 inscritos.<\/p>\n<p>Por islas, en Tenerife aprobaron 3.929 de los 4.277 inscritos, lo que equivale al 93,06% de aptos, con 293 no aptos y 55 no presentados. En La Palma, de 402 aprobaron 369 (92,25%), suspendieron 31 y dejaron de acudir 2. En La Gomera, de 82 resultaron aptos 71 (86,59%), no aptos 11 y ninguno dej\u00f3 de presentarse. Y en El Hierro, de 31 superaron la prueba 27 (87,10%), no aprobaron 4 y nadie se ausent\u00f3.\u00a0Los resultados expresados por opciones arrojan que la mayor tasa de aprobados se dio en la de Ciencias, pues de 2.491 personas inscritas en ella, superaron la prueba 2.371, lo cual da un porcentaje de 95,88%. En el resto de opciones, la tasa de aprobados en Artes fue del 85,09%, correspondiente a 194 aprobados de los 234 inscritos; y en Humanidades y Ciencias Sociales, en el itinerario de Ciencias Sociales fue del 89,44% equivalente a 1.321 de los 1.495 inscritos, y en el de Humanidades, del 91,56%, que se refieren a 510 aptos de los 572 presentados.<\/p>\n<p><strong>Preinscripci<\/strong><strong>\u00f3n<\/strong><\/p>\n<p>El alumnado que ya disponga de nota de acceso podr\u00e1 solicitar la preinscripci\u00f3n en los grados de la Universidad de La Laguna hasta las 14:00 horas del pr\u00f3ximo 2 de julio. Todas las titulaciones de la instituci\u00f3n poseen l\u00edmite de acceso, por lo que se trata de un requisito obligatorio, que servir\u00e1 para asignar las plazas disponibles en cada titulaci\u00f3n. En el primer d\u00eda de este proceso, en el d\u00eda de ayer, se registraron 2.591 preinscripciones.<\/p>\n<p>Cada estudiante podr\u00e1 solicitar hasta siete titulaciones diferentes, y el sistema de asignaci\u00f3n est\u00e1 dise\u00f1ado para tratar de favorecer aquella que ha sido inscrita como primera preferencia. Toda la informaci\u00f3n sobre documentaci\u00f3n y requisitos para acceder al proceso est\u00e1 disponible en el banner \u201c<a href=\"https:\/\/www.ull.es\/preinscripcion\/\" target=\"_blank\" rel=\"noopener\">Preinscripci\u00f3n de Grado 2021-22<\/a>\u201d en la p\u00e1gina principal de la web universitaria.\u00a0Tras la presentaci\u00f3n de solicitudes, el 8 de julio se podr\u00e1 consultar quienes han sido admitidos y excluidos al procedimiento y, tras el preceptivo plazo de reclamaciones hasta el d\u00eda 12 del mismo mes, la primera lista de adjudicaci\u00f3n de plazas y lista de espera ser\u00e1 difundida el 16 de julio, y desde esa fecha hasta las 23:59 del d\u00eda 19 las personas que hayan obtenido plaza en su primera preferencia en ese listado podr\u00e1n formalizar la matr\u00edcula. En ese mismo plazo tambi\u00e9n ser\u00e1 posible presentar reclamaciones a esa distribuci\u00f3n de vacantes.<\/p>\n<p>Dos d\u00edas despu\u00e9s, el 21 de julio, se proceder\u00e1 a la publicaci\u00f3n de la segunda lista de adjudicaci\u00f3n de plazas y lista de espera, y quienes aparezcan en ella en cualquier preferencia podr\u00e1n realizar la matr\u00edcula hasta las 23:59 del 23 de julio. Las reclamaciones a ese segundo listado podr\u00e1n formalizarse los d\u00edas 21 y 22 de julio.\u00a0Finalmente, la ejecuci\u00f3n de las listas de espera se realizar\u00e1 los d\u00edas 27 y 28 de julio en dos franjas horarias: de 9:00 a 13:30 y de 12:00 a 14:30. La matr\u00edcula correspondiente se realizar\u00e1 los d\u00edas 29 y 30 de julio. Las plazas que hayan quedado sin cubrir en esta convocatoria ordinaria de preinscripci\u00f3n ser\u00e1 publicadas el 3 de agosto y su distribuci\u00f3n se producir\u00e1 durante el periodo extraordinario, cuyas solicitudes podr\u00e1n formalizarse entre el 24 y el 27 de agosto y conlleva su propio calendario y listados.<\/p>\n","protected":false},"excerpt":{"rendered":"<p>La convocatoria ordinaria de la Evaluaci\u00f3n de Bachillerato para el Acceso a la Universidad (EBAU) en la Universidad de La&#8230;<\/p>\n","protected":false},"author":23,"featured_media":57154,"comment_status":"closed","ping_status":"closed","sticky":false,"template":"","format":"standard","meta":{"inline_featured_image":false,"footnotes":""},"categories":[343,345,2765],"tags":[2879],"acf":[],"yoast_head":"<!-- This site is optimized with the Yoast SEO plugin v21.3 - https:\/\/yoast.com\/wordpress\/plugins\/seo\/ -->\n<title>La convocatoria ordinaria de la EBAU se salda con una tasa de aprobados del 92,84% - ULL - Noticias<\/title>\n<meta name=\"robots\" content=\"index, follow, max-snippet:-1, max-image-preview:large, max-video-preview:-1\" \/>\n<link rel=\"canonical\" href=\"https:\/\/www.ull.es\/portal\/noticias\/2021\/la-convocatoria-ordinaria-de-la-ebau-se-salda-con-una-tasa-de-aprobados-del-9284\/\" \/>\n<meta property=\"og:locale\" content=\"es_ES\" \/>\n<meta property=\"og:type\" content=\"article\" \/>\n<meta property=\"og:title\" content=\"La convocatoria ordinaria de la EBAU se salda con una tasa de aprobados del 92,84% - ULL - Noticias\" \/>\n<meta property=\"og:description\" content=\"La convocatoria ordinaria de la Evaluaci\u00f3n de Bachillerato para el Acceso a la Universidad (EBAU) en la Universidad de La...\" \/>\n<meta property=\"og:url\" content=\"https:\/\/www.ull.es\/portal\/noticias\/2021\/la-convocatoria-ordinaria-de-la-ebau-se-salda-con-una-tasa-de-aprobados-del-9284\/\" \/>\n<meta property=\"og:site_name\" content=\"ULL - Noticias\" \/>\n<meta property=\"article:publisher\" content=\"https:\/\/www.facebook.com\/universidaddelalaguna\/\" \/>\n<meta property=\"article:published_time\" content=\"2021-06-22T09:42:11+00:00\" \/>\n<meta property=\"article:modified_time\" content=\"2021-06-22T09:47:49+00:00\" \/>\n<meta property=\"og:image\" content=\"https:\/\/www.ull.es\/portal\/noticias\/wp-content\/uploads\/sites\/13\/2021\/06\/EBAU-2021.jpg\" \/>\n\t<meta property=\"og:image:width\" content=\"1024\" \/>\n\t<meta property=\"og:image:height\" content=\"683\" \/>\n\t<meta property=\"og:image:type\" content=\"image\/jpeg\" \/>\n<meta name=\"author\" content=\"gaprsa\" \/>\n<meta name=\"twitter:card\" content=\"summary_large_image\" \/>\n<meta name=\"twitter:creator\" content=\"@CanalULL\" \/>\n<meta name=\"twitter:site\" content=\"@CanalULL\" \/>\n<meta name=\"twitter:label1\" content=\"Escrito por\" \/>\n\t<meta name=\"twitter:data1\" content=\"gaprsa\" \/>\n\t<meta name=\"twitter:label2\" content=\"Tiempo de lectura\" \/>\n\t<meta name=\"twitter:data2\" content=\"3 minutos\" \/>\n<script type=\"application\/ld+json\" class=\"yoast-schema-graph\">{\"@context\":\"https:\/\/schema.org\",\"@graph\":[{\"@type\":\"WebPage\",\"@id\":\"https:\/\/www.ull.es\/portal\/noticias\/2021\/la-convocatoria-ordinaria-de-la-ebau-se-salda-con-una-tasa-de-aprobados-del-9284\/\",\"url\":\"https:\/\/www.ull.es\/portal\/noticias\/2021\/la-convocatoria-ordinaria-de-la-ebau-se-salda-con-una-tasa-de-aprobados-del-9284\/\",\"name\":\"La convocatoria ordinaria de la EBAU se salda con una tasa de aprobados del 92,84% - ULL - Noticias\",\"isPartOf\":{\"@id\":\"https:\/\/www.ull.es\/portal\/noticias\/#website\"},\"datePublished\":\"2021-06-22T09:42:11+00:00\",\"dateModified\":\"2021-06-22T09:47:49+00:00\",\"author\":{\"@id\":\"https:\/\/www.ull.es\/portal\/noticias\/#\/schema\/person\/b2b1a89d43ffa609e591f7df8ef3e817\"},\"breadcrumb\":{\"@id\":\"https:\/\/www.ull.es\/portal\/noticias\/2021\/la-convocatoria-ordinaria-de-la-ebau-se-salda-con-una-tasa-de-aprobados-del-9284\/#breadcrumb\"},\"inLanguage\":\"es\",\"potentialAction\":[{\"@type\":\"ReadAction\",\"target\":[\"https:\/\/www.ull.es\/portal\/noticias\/2021\/la-convocatoria-ordinaria-de-la-ebau-se-salda-con-una-tasa-de-aprobados-del-9284\/\"]}]},{\"@type\":\"BreadcrumbList\",\"@id\":\"https:\/\/www.ull.es\/portal\/noticias\/2021\/la-convocatoria-ordinaria-de-la-ebau-se-salda-con-una-tasa-de-aprobados-del-9284\/#breadcrumb\",\"itemListElement\":[{\"@type\":\"ListItem\",\"position\":1,\"name\":\"Portada\",\"item\":\"https:\/\/www.ull.es\/portal\/noticias\/\"},{\"@type\":\"ListItem\",\"position\":2,\"name\":\"La convocatoria ordinaria de la EBAU se salda con una tasa de aprobados del 92,84%\"}]},{\"@type\":\"WebSite\",\"@id\":\"https:\/\/www.ull.es\/portal\/noticias\/#website\",\"url\":\"https:\/\/www.ull.es\/portal\/noticias\/\",\"name\":\"ULL - Noticias\",\"description\":\"\",\"potentialAction\":[{\"@type\":\"SearchAction\",\"target\":{\"@type\":\"EntryPoint\",\"urlTemplate\":\"https:\/\/www.ull.es\/portal\/noticias\/?s={search_term_string}\"},\"query-input\":\"required name=search_term_string\"}],\"inLanguage\":\"es\"},{\"@type\":\"Person\",\"@id\":\"https:\/\/www.ull.es\/portal\/noticias\/#\/schema\/person\/b2b1a89d43ffa609e591f7df8ef3e817\",\"name\":\"gaprsa\",\"image\":{\"@type\":\"ImageObject\",\"inLanguage\":\"es\",\"@id\":\"https:\/\/www.ull.es\/portal\/noticias\/#\/schema\/person\/image\/\",\"url\":\"https:\/\/secure.gravatar.com\/avatar\/443820550921091458b4823867723b3d?s=96&d=mm&r=g\",\"contentUrl\":\"https:\/\/secure.gravatar.com\/avatar\/443820550921091458b4823867723b3d?s=96&d=mm&r=g\",\"caption\":\"gaprsa\"},\"url\":\"https:\/\/www.ull.es\/portal\/noticias\/author\/gaprsa\/\"}]}<\/script>\n<!-- \/ Yoast SEO plugin. -->","yoast_head_json":{"title":"La convocatoria ordinaria de la EBAU se salda con una tasa de aprobados del 92,84% - ULL - Noticias","robots":{"index":"index","follow":"follow","max-snippet":"max-snippet:-1","max-image-preview":"max-image-preview:large","max-video-preview":"max-video-preview:-1"},"canonical":"https:\/\/www.ull.es\/portal\/noticias\/2021\/la-convocatoria-ordinaria-de-la-ebau-se-salda-con-una-tasa-de-aprobados-del-9284\/","og_locale":"es_ES","og_type":"article","og_title":"La convocatoria ordinaria de la EBAU se salda con una tasa de aprobados del 92,84% - ULL - Noticias","og_description":"La convocatoria ordinaria de la Evaluaci\u00f3n de Bachillerato para el Acceso a la Universidad (EBAU) en la Universidad de La...","og_url":"https:\/\/www.ull.es\/portal\/noticias\/2021\/la-convocatoria-ordinaria-de-la-ebau-se-salda-con-una-tasa-de-aprobados-del-9284\/","og_site_name":"ULL - Noticias","article_publisher":"https:\/\/www.facebook.com\/universidaddelalaguna\/","article_published_time":"2021-06-22T09:42:11+00:00","article_modified_time":"2021-06-22T09:47:49+00:00","og_image":[{"width":1024,"height":683,"url":"https:\/\/www.ull.es\/portal\/noticias\/wp-content\/uploads\/sites\/13\/2021\/06\/EBAU-2021.jpg","type":"image\/jpeg"}],"author":"gaprsa","twitter_card":"summary_large_image","twitter_creator":"@CanalULL","twitter_site":"@CanalULL","twitter_misc":{"Escrito por":"gaprsa","Tiempo de lectura":"3 minutos"},"schema":{"@context":"https:\/\/schema.org","@graph":[{"@type":"WebPage","@id":"https:\/\/www.ull.es\/portal\/noticias\/2021\/la-convocatoria-ordinaria-de-la-ebau-se-salda-con-una-tasa-de-aprobados-del-9284\/","url":"https:\/\/www.ull.es\/portal\/noticias\/2021\/la-convocatoria-ordinaria-de-la-ebau-se-salda-con-una-tasa-de-aprobados-del-9284\/","name":"La convocatoria ordinaria de la EBAU se salda con una tasa de aprobados del 92,84% - ULL - Noticias","isPartOf":{"@id":"https:\/\/www.ull.es\/portal\/noticias\/#website"},"datePublished":"2021-06-22T09:42:11+00:00","dateModified":"2021-06-22T09:47:49+00:00","author":{"@id":"https:\/\/www.ull.es\/portal\/noticias\/#\/schema\/person\/b2b1a89d43ffa609e591f7df8ef3e817"},"breadcrumb":{"@id":"https:\/\/www.ull.es\/portal\/noticias\/2021\/la-convocatoria-ordinaria-de-la-ebau-se-salda-con-una-tasa-de-aprobados-del-9284\/#breadcrumb"},"inLanguage":"es","potentialAction":[{"@type":"ReadAction","target":["https:\/\/www.ull.es\/portal\/noticias\/2021\/la-convocatoria-ordinaria-de-la-ebau-se-salda-con-una-tasa-de-aprobados-del-9284\/"]}]},{"@type":"BreadcrumbList","@id":"https:\/\/www.ull.es\/portal\/noticias\/2021\/la-convocatoria-ordinaria-de-la-ebau-se-salda-con-una-tasa-de-aprobados-del-9284\/#breadcrumb","itemListElement":[{"@type":"ListItem","position":1,"name":"Portada","item":"https:\/\/www.ull.es\/portal\/noticias\/"},{"@type":"ListItem","position":2,"name":"La convocatoria ordinaria de la EBAU se salda con una tasa de aprobados del 92,84%"}]},{"@type":"WebSite","@id":"https:\/\/www.ull.es\/portal\/noticias\/#website","url":"https:\/\/www.ull.es\/portal\/noticias\/","name":"ULL - Noticias","description":"","potentialAction":[{"@type":"SearchAction","target":{"@type":"EntryPoint","urlTemplate":"https:\/\/www.ull.es\/portal\/noticias\/?s={search_term_string}"},"query-input":"required name=search_term_string"}],"inLanguage":"es"},{"@type":"Person","@id":"https:\/\/www.ull.es\/portal\/noticias\/#\/schema\/person\/b2b1a89d43ffa609e591f7df8ef3e817","name":"gaprsa","image":{"@type":"ImageObject","inLanguage":"es","@id":"https:\/\/www.ull.es\/portal\/noticias\/#\/schema\/person\/image\/","url":"https:\/\/secure.gravatar.com\/avatar\/443820550921091458b4823867723b3d?s=96&d=mm&r=g","contentUrl":"https:\/\/secure.gravatar.com\/avatar\/443820550921091458b4823867723b3d?s=96&d=mm&r=g","caption":"gaprsa"},"url":"https:\/\/www.ull.es\/portal\/noticias\/author\/gaprsa\/"}]}},"primary_category":{"id":345,"name":"Destacado","slug":"destacado","link":"https:\/\/www.ull.es\/portal\/noticias\/category\/destacado\/"},"featured_image_thumbnail_url":"https:\/\/www.ull.es\/portal\/noticias\/wp-content\/uploads\/sites\/13\/2021\/06\/EBAU-2021-300x200.jpg","_links":{"self":[{"href":"https:\/\/www.ull.es\/portal\/noticias\/wp-json\/wp\/v2\/posts\/57152"}],"collection":[{"href":"https:\/\/www.ull.es\/portal\/noticias\/wp-json\/wp\/v2\/posts"}],"about":[{"href":"https:\/\/www.ull.es\/portal\/noticias\/wp-json\/wp\/v2\/types\/post"}],"author":[{"embeddable":true,"href":"https:\/\/www.ull.es\/portal\/noticias\/wp-json\/wp\/v2\/users\/23"}],"replies":[{"embeddable":true,"href":"https:\/\/www.ull.es\/portal\/noticias\/wp-json\/wp\/v2\/comments?post=57152"}],"version-history":[{"count":4,"href":"https:\/\/www.ull.es\/portal\/noticias\/wp-json\/wp\/v2\/posts\/57152\/revisions"}],"predecessor-version":[{"id":57157,"href":"https:\/\/www.ull.es\/portal\/noticias\/wp-json\/wp\/v2\/posts\/57152\/revisions\/57157"}],"wp:featuredmedia":[{"embeddable":true,"href":"https:\/\/www.ull.es\/portal\/noticias\/wp-json\/wp\/v2\/media\/57154"}],"wp:attachment":[{"href":"https:\/\/www.ull.es\/portal\/noticias\/wp-json\/wp\/v2\/media?parent=57152"}],"wp:term":[{"taxonomy":"category","embeddable":true,"href":"https:\/\/www.ull.es\/portal\/noticias\/wp-json\/wp\/v2\/categories?post=57152"},{"taxonomy":"post_tag","embeddable":true,"href":"https:\/\/www.ull.es\/portal\/noticias\/wp-json\/wp\/v2\/tags?post=57152"}],"curies":[{"name":"wp","href":"https:\/\/api.w.org\/{rel}","templated":true}]}}