{"id":57377,"date":"2021-07-02T13:25:44","date_gmt":"2021-07-02T13:25:44","guid":{"rendered":"https:\/\/www.ull.es\/portal\/noticias\/?p=57377"},"modified":"2021-07-02T13:55:40","modified_gmt":"2021-07-02T13:55:40","slug":"ull-universidad-tifarti-colaborarann","status":"publish","type":"post","link":"https:\/\/www.ull.es\/portal\/noticias\/2021\/ull-universidad-tifarti-colaborarann\/","title":{"rendered":"La ULL y la Universidad de Tifariti colaborar\u00e1n en formaci\u00f3n docente y pr\u00e1cticas estudiantiles"},"content":{"rendered":"<p>La rectora de la Universidad de La Laguna, Rosa Aguilar Chinea, ha recibido hoy, viernes 2 de julio, la visita de su hom\u00f3logo de la Universidad de Tifariti, Jatari Hamudi Anal-la. La instituci\u00f3n tinerfe\u00f1a mantiene desde 2019 un convenio de colaboraci\u00f3n con el centro del Sahara Occidental, y durante la conversaci\u00f3n se baraj\u00f3 la posibilidad de realizar acciones de formaci\u00f3n para el profesorado del centro norteafricano y de pr\u00e1cticas estudiantiles, articuladas especialmente a trav\u00e9s de la Facultad de Educaci\u00f3n.<\/p>\n<p>En la reuni\u00f3n tambi\u00e9n estuvieron presentes la vicerrectora de Proyecci\u00f3n, Internacionalizaci\u00f3n y Cooperaci\u00f3n, Lidia Cabrera P\u00e9rez; el delegado saharaui para Canarias, Hamdi Mansur; y el activista por la causa saharaui Anselmo Fari\u00f1a.<\/p>\n<p>La Universidad de Tifariti es un centro de creaci\u00f3n relativamente reciente, pues fue fundada en 2012, y en la actualidad posee cuatro titulaciones: Enfermer\u00eda, Pedagog\u00eda, Inform\u00e1tica y Periodismo. La Universidad de La Laguna ha mantenido buenas relaciones con ella desde sus inicios, que quedaron formalizadas en el mencionado convenio, y es su intenci\u00f3n seguir\u00edan impulsando actividades de cooperaci\u00f3n internacional.<\/p>\n","protected":false},"excerpt":{"rendered":"<p>La rectora de la Universidad de La Laguna, Rosa Aguilar Chinea, ha recibido hoy, viernes 2 de julio, la visita&#8230;<\/p>\n","protected":false},"author":21,"featured_media":57378,"comment_status":"closed","ping_status":"closed","sticky":false,"template":"","format":"standard","meta":{"inline_featured_image":false,"footnotes":""},"categories":[345,3725,348,2765],"tags":[4514,4939,5166,4054,7627],"acf":[],"yoast_head":"<!-- This site is optimized with the Yoast SEO plugin v21.3 - https:\/\/yoast.com\/wordpress\/plugins\/seo\/ -->\n<title>La ULL y la Universidad de Tifariti colaborar\u00e1n en formaci\u00f3n y pr\u00e1cticas<\/title>\n<meta name=\"description\" content=\"La rectora de la ULL ha recibido a su hom\u00f3logo de la Universidad de Tifariti, Jatari Hamudi Anal-la para hablar sobre posibles colaboraciones.\" \/>\n<meta name=\"robots\" content=\"index, follow, max-snippet:-1, max-image-preview:large, max-video-preview:-1\" \/>\n<link rel=\"canonical\" href=\"https:\/\/www.ull.es\/portal\/noticias\/2021\/ull-universidad-tifarti-colaborarann\/\" \/>\n<meta property=\"og:locale\" content=\"es_ES\" \/>\n<meta property=\"og:type\" content=\"article\" \/>\n<meta property=\"og:title\" content=\"La ULL y la Universidad de Tifariti colaborar\u00e1n en formaci\u00f3n y pr\u00e1cticas\" \/>\n<meta property=\"og:description\" content=\"La rectora de la ULL ha recibido a su hom\u00f3logo de la Universidad de Tifariti, Jatari Hamudi Anal-la para hablar sobre posibles colaboraciones.\" \/>\n<meta property=\"og:url\" content=\"https:\/\/www.ull.es\/portal\/noticias\/2021\/ull-universidad-tifarti-colaborarann\/\" \/>\n<meta property=\"og:site_name\" content=\"ULL - Noticias\" \/>\n<meta property=\"article:publisher\" content=\"https:\/\/www.facebook.com\/universidaddelalaguna\/\" \/>\n<meta property=\"article:published_time\" content=\"2021-07-02T13:25:44+00:00\" \/>\n<meta property=\"article:modified_time\" content=\"2021-07-02T13:55:40+00:00\" \/>\n<meta property=\"og:image\" content=\"https:\/\/www.ull.es\/portal\/noticias\/wp-content\/uploads\/sites\/13\/2021\/07\/visita-rector-tifariti.jpg\" \/>\n\t<meta property=\"og:image:width\" content=\"1200\" \/>\n\t<meta property=\"og:image:height\" content=\"800\" \/>\n\t<meta property=\"og:image:type\" content=\"image\/jpeg\" \/>\n<meta name=\"author\" content=\"prensa2\" \/>\n<meta name=\"twitter:card\" content=\"summary_large_image\" \/>\n<meta name=\"twitter:creator\" content=\"@CanalULL\" \/>\n<meta name=\"twitter:site\" content=\"@CanalULL\" \/>\n<meta name=\"twitter:label1\" content=\"Escrito por\" \/>\n\t<meta name=\"twitter:data1\" content=\"prensa2\" \/>\n\t<meta name=\"twitter:label2\" content=\"Tiempo de lectura\" \/>\n\t<meta name=\"twitter:data2\" content=\"1 minuto\" \/>\n<script type=\"application\/ld+json\" class=\"yoast-schema-graph\">{\"@context\":\"https:\/\/schema.org\",\"@graph\":[{\"@type\":\"WebPage\",\"@id\":\"https:\/\/www.ull.es\/portal\/noticias\/2021\/ull-universidad-tifarti-colaborarann\/\",\"url\":\"https:\/\/www.ull.es\/portal\/noticias\/2021\/ull-universidad-tifarti-colaborarann\/\",\"name\":\"La ULL y la Universidad de Tifariti colaborar\u00e1n en formaci\u00f3n y pr\u00e1cticas\",\"isPartOf\":{\"@id\":\"https:\/\/www.ull.es\/portal\/noticias\/#website\"},\"datePublished\":\"2021-07-02T13:25:44+00:00\",\"dateModified\":\"2021-07-02T13:55:40+00:00\",\"author\":{\"@id\":\"https:\/\/www.ull.es\/portal\/noticias\/#\/schema\/person\/c3b2aa857797592927a03740d6664376\"},\"description\":\"La rectora de la ULL ha recibido a su hom\u00f3logo de la Universidad de Tifariti, Jatari Hamudi Anal-la para hablar sobre posibles colaboraciones.\",\"breadcrumb\":{\"@id\":\"https:\/\/www.ull.es\/portal\/noticias\/2021\/ull-universidad-tifarti-colaborarann\/#breadcrumb\"},\"inLanguage\":\"es\",\"potentialAction\":[{\"@type\":\"ReadAction\",\"target\":[\"https:\/\/www.ull.es\/portal\/noticias\/2021\/ull-universidad-tifarti-colaborarann\/\"]}]},{\"@type\":\"BreadcrumbList\",\"@id\":\"https:\/\/www.ull.es\/portal\/noticias\/2021\/ull-universidad-tifarti-colaborarann\/#breadcrumb\",\"itemListElement\":[{\"@type\":\"ListItem\",\"position\":1,\"name\":\"Portada\",\"item\":\"https:\/\/www.ull.es\/portal\/noticias\/\"},{\"@type\":\"ListItem\",\"position\":2,\"name\":\"La ULL y la Universidad de Tifariti colaborar\u00e1n en formaci\u00f3n docente y pr\u00e1cticas estudiantiles\"}]},{\"@type\":\"WebSite\",\"@id\":\"https:\/\/www.ull.es\/portal\/noticias\/#website\",\"url\":\"https:\/\/www.ull.es\/portal\/noticias\/\",\"name\":\"ULL - Noticias\",\"description\":\"\",\"potentialAction\":[{\"@type\":\"SearchAction\",\"target\":{\"@type\":\"EntryPoint\",\"urlTemplate\":\"https:\/\/www.ull.es\/portal\/noticias\/?s={search_term_string}\"},\"query-input\":\"required name=search_term_string\"}],\"inLanguage\":\"es\"},{\"@type\":\"Person\",\"@id\":\"https:\/\/www.ull.es\/portal\/noticias\/#\/schema\/person\/c3b2aa857797592927a03740d6664376\",\"name\":\"prensa2\",\"image\":{\"@type\":\"ImageObject\",\"inLanguage\":\"es\",\"@id\":\"https:\/\/www.ull.es\/portal\/noticias\/#\/schema\/person\/image\/\",\"url\":\"https:\/\/secure.gravatar.com\/avatar\/b58f310a5de5feb33d1e026d2493f23c?s=96&d=mm&r=g\",\"contentUrl\":\"https:\/\/secure.gravatar.com\/avatar\/b58f310a5de5feb33d1e026d2493f23c?s=96&d=mm&r=g\",\"caption\":\"prensa2\"},\"url\":\"https:\/\/www.ull.es\/portal\/noticias\/author\/prensa2\/\"}]}<\/script>\n<!-- \/ Yoast SEO plugin. -->","yoast_head_json":{"title":"La ULL y la Universidad de Tifariti colaborar\u00e1n en formaci\u00f3n y pr\u00e1cticas","description":"La rectora de la ULL ha recibido a su hom\u00f3logo de la Universidad de Tifariti, Jatari Hamudi Anal-la para hablar sobre posibles colaboraciones.","robots":{"index":"index","follow":"follow","max-snippet":"max-snippet:-1","max-image-preview":"max-image-preview:large","max-video-preview":"max-video-preview:-1"},"canonical":"https:\/\/www.ull.es\/portal\/noticias\/2021\/ull-universidad-tifarti-colaborarann\/","og_locale":"es_ES","og_type":"article","og_title":"La ULL y la Universidad de Tifariti colaborar\u00e1n en formaci\u00f3n y pr\u00e1cticas","og_description":"La rectora de la ULL ha recibido a su hom\u00f3logo de la Universidad de Tifariti, Jatari Hamudi Anal-la para hablar sobre posibles colaboraciones.","og_url":"https:\/\/www.ull.es\/portal\/noticias\/2021\/ull-universidad-tifarti-colaborarann\/","og_site_name":"ULL - Noticias","article_publisher":"https:\/\/www.facebook.com\/universidaddelalaguna\/","article_published_time":"2021-07-02T13:25:44+00:00","article_modified_time":"2021-07-02T13:55:40+00:00","og_image":[{"width":1200,"height":800,"url":"https:\/\/www.ull.es\/portal\/noticias\/wp-content\/uploads\/sites\/13\/2021\/07\/visita-rector-tifariti.jpg","type":"image\/jpeg"}],"author":"prensa2","twitter_card":"summary_large_image","twitter_creator":"@CanalULL","twitter_site":"@CanalULL","twitter_misc":{"Escrito por":"prensa2","Tiempo de lectura":"1 minuto"},"schema":{"@context":"https:\/\/schema.org","@graph":[{"@type":"WebPage","@id":"https:\/\/www.ull.es\/portal\/noticias\/2021\/ull-universidad-tifarti-colaborarann\/","url":"https:\/\/www.ull.es\/portal\/noticias\/2021\/ull-universidad-tifarti-colaborarann\/","name":"La ULL y la Universidad de Tifariti colaborar\u00e1n en formaci\u00f3n y pr\u00e1cticas","isPartOf":{"@id":"https:\/\/www.ull.es\/portal\/noticias\/#website"},"datePublished":"2021-07-02T13:25:44+00:00","dateModified":"2021-07-02T13:55:40+00:00","author":{"@id":"https:\/\/www.ull.es\/portal\/noticias\/#\/schema\/person\/c3b2aa857797592927a03740d6664376"},"description":"La rectora de la ULL ha recibido a su hom\u00f3logo de la Universidad de Tifariti, Jatari Hamudi Anal-la para hablar sobre posibles colaboraciones.","breadcrumb":{"@id":"https:\/\/www.ull.es\/portal\/noticias\/2021\/ull-universidad-tifarti-colaborarann\/#breadcrumb"},"inLanguage":"es","potentialAction":[{"@type":"ReadAction","target":["https:\/\/www.ull.es\/portal\/noticias\/2021\/ull-universidad-tifarti-colaborarann\/"]}]},{"@type":"BreadcrumbList","@id":"https:\/\/www.ull.es\/portal\/noticias\/2021\/ull-universidad-tifarti-colaborarann\/#breadcrumb","itemListElement":[{"@type":"ListItem","position":1,"name":"Portada","item":"https:\/\/www.ull.es\/portal\/noticias\/"},{"@type":"ListItem","position":2,"name":"La ULL y la Universidad de Tifariti colaborar\u00e1n en formaci\u00f3n docente y pr\u00e1cticas estudiantiles"}]},{"@type":"WebSite","@id":"https:\/\/www.ull.es\/portal\/noticias\/#website","url":"https:\/\/www.ull.es\/portal\/noticias\/","name":"ULL - Noticias","description":"","potentialAction":[{"@type":"SearchAction","target":{"@type":"EntryPoint","urlTemplate":"https:\/\/www.ull.es\/portal\/noticias\/?s={search_term_string}"},"query-input":"required name=search_term_string"}],"inLanguage":"es"},{"@type":"Person","@id":"https:\/\/www.ull.es\/portal\/noticias\/#\/schema\/person\/c3b2aa857797592927a03740d6664376","name":"prensa2","image":{"@type":"ImageObject","inLanguage":"es","@id":"https:\/\/www.ull.es\/portal\/noticias\/#\/schema\/person\/image\/","url":"https:\/\/secure.gravatar.com\/avatar\/b58f310a5de5feb33d1e026d2493f23c?s=96&d=mm&r=g","contentUrl":"https:\/\/secure.gravatar.com\/avatar\/b58f310a5de5feb33d1e026d2493f23c?s=96&d=mm&r=g","caption":"prensa2"},"url":"https:\/\/www.ull.es\/portal\/noticias\/author\/prensa2\/"}]}},"primary_category":{"id":345,"name":"Destacado","slug":"destacado","link":"https:\/\/www.ull.es\/portal\/noticias\/category\/destacado\/"},"featured_image_thumbnail_url":"https:\/\/www.ull.es\/portal\/noticias\/wp-content\/uploads\/sites\/13\/2021\/07\/visita-rector-tifariti-300x200.jpg","_links":{"self":[{"href":"https:\/\/www.ull.es\/portal\/noticias\/wp-json\/wp\/v2\/posts\/57377"}],"collection":[{"href":"https:\/\/www.ull.es\/portal\/noticias\/wp-json\/wp\/v2\/posts"}],"about":[{"href":"https:\/\/www.ull.es\/portal\/noticias\/wp-json\/wp\/v2\/types\/post"}],"author":[{"embeddable":true,"href":"https:\/\/www.ull.es\/portal\/noticias\/wp-json\/wp\/v2\/users\/21"}],"replies":[{"embeddable":true,"href":"https:\/\/www.ull.es\/portal\/noticias\/wp-json\/wp\/v2\/comments?post=57377"}],"version-history":[{"count":2,"href":"https:\/\/www.ull.es\/portal\/noticias\/wp-json\/wp\/v2\/posts\/57377\/revisions"}],"predecessor-version":[{"id":57380,"href":"https:\/\/www.ull.es\/portal\/noticias\/wp-json\/wp\/v2\/posts\/57377\/revisions\/57380"}],"wp:featuredmedia":[{"embeddable":true,"href":"https:\/\/www.ull.es\/portal\/noticias\/wp-json\/wp\/v2\/media\/57378"}],"wp:attachment":[{"href":"https:\/\/www.ull.es\/portal\/noticias\/wp-json\/wp\/v2\/media?parent=57377"}],"wp:term":[{"taxonomy":"category","embeddable":true,"href":"https:\/\/www.ull.es\/portal\/noticias\/wp-json\/wp\/v2\/categories?post=57377"},{"taxonomy":"post_tag","embeddable":true,"href":"https:\/\/www.ull.es\/portal\/noticias\/wp-json\/wp\/v2\/tags?post=57377"}],"curies":[{"name":"wp","href":"https:\/\/api.w.org\/{rel}","templated":true}]}}