{"id":57443,"date":"2021-07-07T11:08:40","date_gmt":"2021-07-07T11:08:40","guid":{"rendered":"https:\/\/www.ull.es\/portal\/noticias\/?p=57443"},"modified":"2021-07-07T11:08:40","modified_gmt":"2021-07-07T11:08:40","slug":"fernadez-palacios-ecosistemas-insulares","status":"publish","type":"post","link":"https:\/\/www.ull.es\/portal\/noticias\/2021\/fernadez-palacios-ecosistemas-insulares\/","title":{"rendered":"El explorador de los ecosistemas insulares"},"content":{"rendered":"<p class=\"p1\">Desde que se incorporara como profesor ayudante en la Universidad de La Laguna en 1983, Jos\u00e9 Mar\u00eda Fern\u00e1ndez-Palacios ha dedicado toda su trayectoria cient\u00edfica a la ecolog\u00eda, materia de la que es catedr\u00e1tico desde 2011, y ha centrado especialmente su atenci\u00f3n en los ecosistemas insulares. Inicialmente circunscribi\u00f3 su trabajo al \u00e1mbito canario, hasta ir ampliando horizontes y abarcar toda la Macaronesia y establecer contactos y relaciones con cient\u00edficos que, desde otras latitudes, tambi\u00e9n han focalizado su inter\u00e9s en los \u00e1mbitos isle\u00f1os.<\/p>\n<p class=\"p1\">Esa trayectoria, desarrollada principalmente a trav\u00e9s del <a href=\"https:\/\/portalciencia.ull.es\/grupos\/6518\/detalle\" target=\"_blank\" rel=\"noopener\" target=\"_blank\" rel=\"noopener\"><span class=\"s1\">grupo de investigaci\u00f3n en Ecolog\u00eda y Biogeograf\u00eda Insular (EBI)<\/span><\/a>, lo ha convertido en una figura de referencia internacional en su campo. Prueba de ello es que en junio de 2021 ha sido designado como miembro de la <a href=\"https:\/\/www.ae-info.org\/\" target=\"_blank\" rel=\"noopener\" target=\"_blank\" rel=\"noopener\"><span class=\"s1\">Academia Europaea<\/span><\/a>, dentro de la secci\u00f3n de \u201cBiolog\u00eda de Organismos y Evolutiva\u201d. La entrada a esta entidad es \u00fanicamente por invitaci\u00f3n y cada candidatura es revisada concienzudamente antes de ser aprobada. Fern\u00e1ndez-Palacios recuerda que en abril fue informado de que hab\u00eda sido propuesto su nombre y en los meses siguientes una comisi\u00f3n de valoraci\u00f3n examin\u00f3 su curr\u00edculo hasta darle el visto bueno a finales de junio.<\/p>\n<p class=\"p1\">Esta instituci\u00f3n, fundada en 1988, re\u00fane a investigadores que desarrollan su carrera en centros acad\u00e9micos y de investigaci\u00f3n europeas y, aunque se trata de una organizaci\u00f3n no gubernamental, informalmente sirve como \u00f3rgano asesor a las instituciones comunitarias sobre asuntos relacionados con inversi\u00f3n y pol\u00edticas cient\u00edficas. En la actualidad supera los 4.500 miembros, agrupados en 22 secciones, y en la que est\u00e1 adscrito Fern\u00e1ndez-Palacios hay unos 120, de los cuales cuatro son espa\u00f1oles, vinculados al Consejo Superior de Investigaciones Cient\u00edficas.<\/p>\n<p class=\"p1\">El investigador de la Universidad de La Laguna, que en octubre acudir\u00e1 por primera vez a una reuni\u00f3n de su secci\u00f3n que se celebrar\u00e1 en Barcelona, ha sido el primer sorprendido por este nombramiento: \u201cNo me lo esperaba, era un poco esc\u00e9ptico, pero luego me llev\u00e9 una alegr\u00eda, pues que te reconozcan siempre es agradable. Estoy muy contento y con muchas ganas de participar y aportar lo que buenamente s\u00e9. Tengo entendido que ahora, cuando comience a estar formalmente en la Academia, a los nuevos miembros se nos piden propuestas y ya tengo en la cabeza nombres de personas que podr\u00edan ocupar un lugar importante\u201d.<\/p>\n<p class=\"p1\"><b><a href=\"https:\/\/www.ull.es\/portal\/noticias\/wp-content\/uploads\/sites\/13\/2021\/07\/Jose-Maria-Fdez-Palacios-09.jpg\" target=\"_blank\" rel=\"noopener\" target=\"_blank\" rel=\"noopener\"><img decoding=\"async\" loading=\"lazy\" class=\"alignleft wp-image-57445 size-medium\" src=\"https:\/\/www.ull.es\/portal\/noticias\/wp-content\/uploads\/sites\/13\/2021\/07\/Jose-Maria-Fdez-Palacios-09-200x300.jpg\" alt=\"Jos\u00e9 Mar\u00eda Fern\u00e1ndez-Palacios\" width=\"200\" height=\"300\" srcset=\"https:\/\/www.ull.es\/portal\/noticias\/wp-content\/uploads\/sites\/13\/2021\/07\/Jose-Maria-Fdez-Palacios-09-200x300.jpg 200w, https:\/\/www.ull.es\/portal\/noticias\/wp-content\/uploads\/sites\/13\/2021\/07\/Jose-Maria-Fdez-Palacios-09-375x562.jpg 375w, https:\/\/www.ull.es\/portal\/noticias\/wp-content\/uploads\/sites\/13\/2021\/07\/Jose-Maria-Fdez-Palacios-09.jpg 683w\" sizes=\"(max-width: 200px) 100vw, 200px\" \/><\/a>Lo insular como disciplina<\/b><\/p>\n<p class=\"p1\">Un dato que puede parecer curioso de la biograf\u00eda de Fern\u00e1ndez-Palacios es que su formaci\u00f3n inicial es la de farmac\u00e9utico, titulaci\u00f3n en la que lleg\u00f3 a doctorarse. \u201cCuando me preguntan, digo que soy ec\u00f3logo o bioge\u00f3grafo, pero evito decir que soy bi\u00f3logo porque no quiero faltar a la verdad\u201d. Explica que en tercero comprendi\u00f3 que esa carrera no le satisfac\u00eda, pero al venir de una familia numerosa, la posibilidad de cambiar de estudios no era viable. \u201cLo m\u00e1s sensato era acabar, y lo hice por una rama que no s\u00e9 si todav\u00eda existe, la Ambiental, que escog\u00eda el 1% de los matriculados. En mi clase yo era el \u00fanico. Y al terminar no me met\u00ed en el mundo sanitario, que es el que escog\u00eda todo el mundo, sino en el ambiental y ecol\u00f3gico\u201d.<span class=\"Apple-converted-space\">\u00a0<\/span><\/p>\n<p class=\"p1\">Su curiosidad cient\u00edfica le llev\u00f3 a interesarse, en un primer momento, por el an\u00e1lisis de los ecosistemas canarios, tanto la din\u00e1mica forestal de los bosques aut\u00f3ctonos de pinar y laurisilva, como el an\u00e1lisis de la variaci\u00f3n de la vegetaci\u00f3n y su interpretaci\u00f3n en t\u00e9rminos ambientales, materias sobre las que versaron sus primeras publicaciones. Ya en ellas comenz\u00f3 a reflexionar sobre qu\u00e9 significaba habitar en islas, por lo que pronto ampliar\u00eda su materia de estudio a la condici\u00f3n insular desde el punto de vista de la ecolog\u00eda y la biogeograf\u00eda, hasta el punto de que se ha convertido en la l\u00ednea de investigaci\u00f3n que m\u00e1s ha cultivado y por la que es m\u00e1s conocido.<\/p>\n<p class=\"p1\">El inter\u00e9s de lo insular reside en que, en muchas ocasiones, es en los \u00e1mbitos isle\u00f1os donde se detectan por primera vez muchos fen\u00f3menos que luego se aprecian en todo el planeta. \u201cLo que se investiga en Canarias es extrapolable, porque<span class=\"s2\">,<\/span> aunque no tengamos las mismas especies animales y vegetales, los procesos ecol\u00f3gicos y evolutivos que se dan en Canarias se producen en todos los archipi\u00e9lagos oce\u00e1nicos del mundo. Suelo decir que en Canarias se han dado las condiciones adecuadas para que al menos en cuatro campos del conocimiento tengamos la posibilidad de estar en la frontera del conocimiento: vulcanolog\u00eda, astrof\u00edsica, antropolog\u00eda y arqueolog\u00eda y, por \u00faltimo, ecolog\u00eda y evoluci\u00f3n insular. La propia historia y recursos que hay en Canarias nos permiten ser punteros en esas \u00e1reas sin necesidad de grandes presupuestos\u201d.<\/p>\n<p class=\"p1\">La relevancia internacional que ha adquirido en los \u00faltimos tiempos el estudio de la naturaleza desde una perspectiva insular queda patente en la creaci\u00f3n hace unos a\u00f1os de una organizaci\u00f3n internacional sobre la materia, la <a href=\"https:\/\/islandbiology.com\/board\/\" target=\"_blank\" rel=\"noopener\" target=\"_blank\" rel=\"noopener\"><span class=\"s1\">Society of Island Biology<\/span><\/a>, de la cual Fern\u00e1ndez-Palacios es presidente, y que re\u00fane a investigadores de todo el mundo y ya ha celebrado reuniones internacionales en Honolulu (Haw\u00e1i) en 2014; en Angra do Hero\u00edsmo, capital de Terceira (Azores) en 2016; en Saint-Denis, capital de La Reuni\u00f3n, en 2019, y est\u00e1 previsto que en 2023 se desarrolle en Wellington, capital de Nueva Zelanda. Adem\u00e1s, desde hace dos a\u00f1os, la propia Universidad de La Laguna est\u00e1 editando una revista cient\u00edfica al respecto, <a href=\"https:\/\/www.ull.es\/revistas\/index.php\/scientia-insularum\" target=\"_blank\" rel=\"noopener\" target=\"_blank\" rel=\"noopener\"><span class=\"s1\">Scientia Insularum<\/span><\/a>, impulsada por el bi\u00f3logo <a href=\"https:\/\/portalciencia.ull.es\/investigadores\/82308\/proyectos\" target=\"_blank\" rel=\"noopener\" target=\"_blank\" rel=\"noopener\"><span class=\"s1\">Jos\u00e9 Carlos Hern\u00e1ndez<\/span><\/a>, en la que \u00e9l y su grupo colaboran.<\/p>\n<p class=\"p1\"><b>La paleoecolog\u00eda<\/b><\/p>\n<p class=\"p1\"><a href=\"https:\/\/www.ull.es\/portal\/noticias\/wp-content\/uploads\/sites\/13\/2021\/07\/Jose-Maria-Fdez-Palacios-12.jpg\" target=\"_blank\" rel=\"noopener\" target=\"_blank\" rel=\"noopener\"><img decoding=\"async\" loading=\"lazy\" class=\"alignright wp-image-57446 size-medium\" src=\"https:\/\/www.ull.es\/portal\/noticias\/wp-content\/uploads\/sites\/13\/2021\/07\/Jose-Maria-Fdez-Palacios-12-300x200.jpg\" alt=\"\" width=\"300\" height=\"200\" srcset=\"https:\/\/www.ull.es\/portal\/noticias\/wp-content\/uploads\/sites\/13\/2021\/07\/Jose-Maria-Fdez-Palacios-12-300x200.jpg 300w, https:\/\/www.ull.es\/portal\/noticias\/wp-content\/uploads\/sites\/13\/2021\/07\/Jose-Maria-Fdez-Palacios-12-768x512.jpg 768w, https:\/\/www.ull.es\/portal\/noticias\/wp-content\/uploads\/sites\/13\/2021\/07\/Jose-Maria-Fdez-Palacios-12-375x250.jpg 375w, https:\/\/www.ull.es\/portal\/noticias\/wp-content\/uploads\/sites\/13\/2021\/07\/Jose-Maria-Fdez-Palacios-12-750x500.jpg 750w, https:\/\/www.ull.es\/portal\/noticias\/wp-content\/uploads\/sites\/13\/2021\/07\/Jose-Maria-Fdez-Palacios-12.jpg 1024w\" sizes=\"(max-width: 300px) 100vw, 300px\" \/><\/a>Otra de las l\u00edneas de trabajo que el grupo de Fern\u00e1ndez-Palacios est\u00e1 desplegando con gran \u00e9xito es la aproximaci\u00f3n paleoecol\u00f3gica al territorio, consistente en analizar diversos materiales f\u00f3siles disponibles en el entorno (proxies) para extraer de ellos informaci\u00f3n sobre el pasado medioambiental de esa misma localizaci\u00f3n. El investigador explica que en este campo concreto ha sido muy relevante la aportaci\u00f3n de la investigadora integrante del grupo EBI Lea de Nascimento, que se ha formado durante dos a\u00f1os en Nueva Zelanda para dominar las t\u00e9cnicas m\u00e1s avanzadas de an\u00e1lisis de ADN ambiental. El investigador, en este punto, tambi\u00e9n resalta la aportaci\u00f3n del resto de integrantes del grupo: R\u00fcdiger Otto, \u00c1lvaro Castilla-Beltr\u00e1n, Constantino Criado y Carlos G. Escudero.<\/p>\n<p class=\"p1\">Ya se han completado estudios paleoecol\u00f3gicos en Gran Canaria, Tenerife y La Gomera, y en un proyecto de investigaci\u00f3n que se est\u00e1 desarrollando en la actualidad se ampliar\u00e1 al resto de las islas del Archipi\u00e9lago Canario.<span class=\"Apple-converted-space\">\u00a0 <\/span>Adicionalmente, ya se cuenta con una tesis doctoral centrada en Azores y en Madeira, se han realizado publicaciones sobre Cabo Verde y, recientemente, se han recogido muestras en Santo Tom\u00e9 y Pr\u00edncipe. Es, por tanto, una l\u00ednea de investigaci\u00f3n al alza.<\/p>\n<p class=\"p1\">La investigaci\u00f3n se est\u00e1 haciendo mediante una aproximaci\u00f3n \u201cmulti-proxy\u201d, es decir, utilizando diferentes fuentes de informaci\u00f3n: el polen es la principal, pero tambi\u00e9n se estudian, entre otros elementos, los fitolitos, que son peque\u00f1os cristales de s\u00edlice que forman las plantas; las esporas de hongos, que permiten conocer si hay una llegada repentina de grandes herb\u00edvoros en un momento concreto porque se dispara la cifra de determinadas esporas ligadas a sus excrementos; diatomeas, que facilitan detectar la existencia previa de charcos y lagos; carbones, que ayudan a reconstruir el r\u00e9gimen de incendios del pasado; o los is\u00f3topos estables, que aportan datos sobre el r\u00e9gimen de precipitaciones y temperatura.<span class=\"Apple-converted-space\">\u00a0<\/span><\/p>\n<p class=\"p1\">Mediante esta t\u00e9cnica se puede obtener informaci\u00f3n de varios miles de a\u00f1os en el pasado. \u201cPara una memoria que hemos hecho sobre la reconstrucci\u00f3n del Parque Nacional de El Teide y su clima antes de la llegada humana, tenemos unos registros que nos permiten llegar al \u00daltimo M\u00e1ximo Glacial, es decir, hace 20.000 a\u00f1os. Y creo recordar que en un estudio sobre Arucas llegamos a 30.000 a\u00f1os atr\u00e1s\u201d. El problema es que cuanto m\u00e1s alejado en el tiempo, m\u00e1s posibilidades de que los proxies est\u00e9n deteriorados o, directamente, no existan, aunque ello depende de la zona, puesto que seg\u00fan el investigador, en otros lugares del mundo se ha llegado incluso a rebasar esas dataciones.<span class=\"Apple-converted-space\">\u00a0<\/span><\/p>\n<p class=\"p1\"><b><a href=\"https:\/\/www.ull.es\/portal\/noticias\/wp-content\/uploads\/sites\/13\/2021\/07\/Jose-Maria-Fdez-Palacios-13.jpg\" target=\"_blank\" rel=\"noopener\" target=\"_blank\" rel=\"noopener\"><img decoding=\"async\" loading=\"lazy\" class=\"alignleft wp-image-57447 size-medium\" src=\"https:\/\/www.ull.es\/portal\/noticias\/wp-content\/uploads\/sites\/13\/2021\/07\/Jose-Maria-Fdez-Palacios-13-300x200.jpg\" alt=\"Jos\u00e9 Mar\u00eda Fern\u00e1ndez-Palacios\" width=\"300\" height=\"200\" srcset=\"https:\/\/www.ull.es\/portal\/noticias\/wp-content\/uploads\/sites\/13\/2021\/07\/Jose-Maria-Fdez-Palacios-13-300x200.jpg 300w, https:\/\/www.ull.es\/portal\/noticias\/wp-content\/uploads\/sites\/13\/2021\/07\/Jose-Maria-Fdez-Palacios-13-768x512.jpg 768w, https:\/\/www.ull.es\/portal\/noticias\/wp-content\/uploads\/sites\/13\/2021\/07\/Jose-Maria-Fdez-Palacios-13-375x250.jpg 375w, https:\/\/www.ull.es\/portal\/noticias\/wp-content\/uploads\/sites\/13\/2021\/07\/Jose-Maria-Fdez-Palacios-13-750x500.jpg 750w, https:\/\/www.ull.es\/portal\/noticias\/wp-content\/uploads\/sites\/13\/2021\/07\/Jose-Maria-Fdez-Palacios-13.jpg 1024w\" sizes=\"(max-width: 300px) 100vw, 300px\" \/><\/a>Restauraci\u00f3n ecol\u00f3gica<\/b><\/p>\n<p class=\"p1\">Quiz\u00e1 la l\u00ednea de trabajo m\u00e1s aplicada de todas a las que se ha dedicado Fern\u00e1ndez-Palacios a lo largo de su prol\u00edfica carrera sea la referida a la restauraci\u00f3n ecol\u00f3gica, disciplina que el experto admite que ha experimentado \u201cun auge tremendo\u201d dados los cada vez mayores impactos antr\u00f3picos, o influencia humana, sobre el medio ambiente. De este modo, este concepto engloba las diferentes actuaciones necesarias para, por un lado, recuperar el estado previo a su degeneraci\u00f3n de los ecosistemas afectados y, por otro, contribuir a recuperar una vegetaci\u00f3n que va a ser muy \u00fatil para \u201csecuestrar\u201d di\u00f3xido de carbono y, de este modo, ayudar a combatir los efectos adversos del cambio clim\u00e1tico reduciendo sus emisiones a la atm\u00f3sfera.<span class=\"Apple-converted-space\">\u00a0<\/span><\/p>\n<p class=\"p1\">El ec\u00f3logo comenta que en la actualidad est\u00e1 involucrado v\u00eda convenio de investigaci\u00f3n en un par de proyectos para la <a href=\"https:\/\/www.gobiernodecanarias.org\/telccpt\/\" target=\"_blank\" rel=\"noopener\" target=\"_blank\" rel=\"noopener\"><span class=\"s1\">Consejer\u00eda de Transici\u00f3n Ecol\u00f3gica, Lucha contra el Cambio Clim\u00e1tico y Planificaci\u00f3n Territorial del Gobierno de Canarias<\/span><\/a>: uno tiene que ver con la reconstrucci\u00f3n del clima del pasado y otro analiza en los ecosistemas canarios cu\u00e1nto carbono hay almacenado en la biomasa actual y cu\u00e1l es el potencial para seguir almacen\u00e1ndolo. \u201cEso est\u00e1 muy ligado a la restauraci\u00f3n ecol\u00f3gica, que va a ser la v\u00eda que va a permitir que los ecosistemas que est\u00e1n de alguna manera frenados por los impactos que han recibido, puedan liberarse de dichos impactos y puedan empezar a desarrollarse\u201d.<\/p>\n<p class=\"p1\">Idealmente, la restauraci\u00f3n \u00f3ptima es la espont\u00e1nea, es decir, la que surge de la propia naturaleza. Pero si no se da, el papel de los cient\u00edficos es localizar qu\u00e9 elementos son los que est\u00e1n impidiendo que se desarrolle ese proceso natural y eliminarlos. En ocasiones habr\u00e1 que acometer actuaciones que depender\u00e1n de cada terreno y problema concretos, que pueden ir desde la eliminaci\u00f3n de especies ex\u00f3ticas que est\u00e9n frenando el desarrollo de las end\u00e9micas, hasta la plantaci\u00f3n de \u00e1rboles y arbustos o la modificaci\u00f3n de los perfiles del suelo para favorecer el desarrollo vegetal.<span class=\"Apple-converted-space\">\u00a0<\/span><\/p>\n<p class=\"p1\">\u201cLes comento a mis estudiantes que, siempre que sea posible, debemos permitir que la restauraci\u00f3n sea espont\u00e1nea. Y cuando esta no se produce, crear las condiciones para que sea posible con intervenciones lo menos invasivas posibles. Tiene que ser la propia naturaleza la que se encargue de restaurar porque siempre lo va a hacer mejor y de una manera m\u00e1s barata, aunque nos lleve m\u00e1s tiempo. Pero el que tenga prisa no se puede dedicar a esto\u201d.<\/p>\n<p class=\"p1\">En las islas en donde se han abandonado terrenos agr\u00edcolas se est\u00e1n dando estos procesos de recuperaci\u00f3n espont\u00e1nea. Pero, como explicaba, las situaciones var\u00edan en cada lugar: en Tenerife, la laurisilva se est\u00e1 recuperando de manera espont\u00e1nea, mientras que en Gran Canaria no es el caso y, por ello, est\u00e1 siendo necesario intervenir para crear esas condiciones de recuperaci\u00f3n. Sin embargo, con los bosques term\u00f3filos est\u00e1 ocurriendo lo contrario: en Gran Canaria est\u00e1n recuper\u00e1ndose espont\u00e1neamente, pero no en Tenerife.<\/p>\n<p class=\"p1\">Fernandez-Palacios tambi\u00e9n pone en valor la restauraci\u00f3n de los ecosistemas \u00e1ridos, que \u201cson tan maduros como los h\u00famedos y muchas veces tienen un valor de biodiversidad tan alta o mayor\u201d. Dada su aridez, su capacidad de carga est\u00e1 limitada pero, aun as\u00ed, en condiciones \u00f3ptimas, almacenan muchas toneladas de biomasa y de carbono. \u201cY eso es lo que hay que tratar, que haya una recuperaci\u00f3n espont\u00e1nea, fomentarla y donde no se d\u00e9, recuperarla de forma que no queden eriales o terrenos bald\u00edos\u201d.<\/p>\n<p class=\"p1\"><b>El cambio clim\u00e1tico<\/b><\/p>\n<p class=\"p1\"><a href=\"https:\/\/www.ull.es\/portal\/noticias\/wp-content\/uploads\/sites\/13\/2021\/07\/Jose-Maria-Fdez-Palacios-10.jpg\" target=\"_blank\" rel=\"noopener\" target=\"_blank\" rel=\"noopener\"><img decoding=\"async\" loading=\"lazy\" class=\"alignright wp-image-57448 size-medium\" src=\"https:\/\/www.ull.es\/portal\/noticias\/wp-content\/uploads\/sites\/13\/2021\/07\/Jose-Maria-Fdez-Palacios-10-300x200.jpg\" alt=\"Jos\u00e9 Mar\u00eda Fern\u00e1ndez-Palacios\" width=\"300\" height=\"200\" srcset=\"https:\/\/www.ull.es\/portal\/noticias\/wp-content\/uploads\/sites\/13\/2021\/07\/Jose-Maria-Fdez-Palacios-10-300x200.jpg 300w, https:\/\/www.ull.es\/portal\/noticias\/wp-content\/uploads\/sites\/13\/2021\/07\/Jose-Maria-Fdez-Palacios-10-768x512.jpg 768w, https:\/\/www.ull.es\/portal\/noticias\/wp-content\/uploads\/sites\/13\/2021\/07\/Jose-Maria-Fdez-Palacios-10-375x250.jpg 375w, https:\/\/www.ull.es\/portal\/noticias\/wp-content\/uploads\/sites\/13\/2021\/07\/Jose-Maria-Fdez-Palacios-10-750x500.jpg 750w, https:\/\/www.ull.es\/portal\/noticias\/wp-content\/uploads\/sites\/13\/2021\/07\/Jose-Maria-Fdez-Palacios-10.jpg 1024w\" sizes=\"(max-width: 300px) 100vw, 300px\" \/><\/a>Durante toda la conversaci\u00f3n con Fern\u00e1ndez-Palacios, el cambio clim\u00e1tico es un concepto que ha planeado constantemente. Pese a las evidencias cient\u00edficas que parecen no dejar dudas acerca de la influencia humana en este proceso, todav\u00eda hay voces discordantes, incluso en la propia comunidad investigadora, que aminoran el valor del componente antr\u00f3pico. \u201cRespeto la opini\u00f3n de todo el mundo y, afortunadamente, en ciencia existe el disenso y la libertad de c\u00e1tedra, y yo siempre las he respetado. Pero estoy totalmente alineado con la postura m\u00e1s claramente mayoritaria en el mundo cient\u00edfico: que el cambio clim\u00e1tico que estamos viviendo est\u00e1 ligado fundamentalmente a la actividad de los seres humanos. Eso para m\u00ed es categ\u00f3rico. Y somos nosotros los que tenemos que tratar de crear las condiciones para que perjudique en la menor medida posible a los propios humanos y al conjunto de la naturaleza\u201d.<\/p>\n<p class=\"p1\">El ec\u00f3logo recuerda que ha habido cambios clim\u00e1ticos que se han producido de manera natural en el pasado, pero ello no es \u00f3bice para reconocer que el \u00faltimo que se est\u00e1 viviendo en la actualidad tenga una inequ\u00edvoca influencia humana. Y su prognosis es de un abrumador realismo, casi rayano al pesimismo: \u201cA corto y medio plazo es imposible mitigar la situaci\u00f3n. Incluso si dej\u00e1ramos de emitir di\u00f3xido de carbono ya mismo, vamos a tener con toda certeza cambio clim\u00e1tico afectando a los pr\u00f3ximos milenios\u201d.<span class=\"Apple-converted-space\">\u00a0<\/span><\/p>\n<p class=\"p1\">Sobre lo que existen incertidumbres es sobre las consecuencias reales que este calentamiento global podr\u00eda acarrear, pues actualmente circulan dos escenarios pr\u00e1cticamente antag\u00f3nicos: uno apunta a que los cambios actuales van a retrasar indefinidamente la glaciaci\u00f3n que, te\u00f3ricamente, tendr\u00eda que llegar dentro de unos 2.000 o 3.000 a\u00f1os, teniendo en cuenta que los periodos interglaciares hist\u00f3ricamente se han dado cada 10.000 o 15.000 a\u00f1os.<span class=\"Apple-converted-space\">\u00a0<\/span><\/p>\n<p class=\"p1\">La otra teor\u00eda aboga por una aceleraci\u00f3n de esa glaciaci\u00f3n porque, entre otros fen\u00f3menos, el aumento de temperatura podr\u00e1 provocar el deshielo de Groenlandia y, con ello, una entrada masiva de agua muy fr\u00eda en el Oc\u00e9ano Atl\u00e1ntico. Algo similar al fen\u00f3meno denominado Younger Dryas, que sucedi\u00f3 hace unos 13.000 a\u00f1os, por el cual todo el casquete helado de Laurentino ubicado en Norteam\u00e9rica y que era desaguado por el r\u00edo Misisipi hasta llegar al Golfo de M\u00e9xico, rompi\u00f3 una barrera natural y empez\u00f3 a ser desaguado<span class=\"Apple-converted-space\">\u00a0 <\/span>por la corriente de San Lorenzo al Atl\u00e1ntico Norte. Esto origin\u00f3 una reversi\u00f3n del clima que volvi\u00f3 a enfriarlo hasta llegar a unas temperaturas m\u00e1s bajas que las te\u00f3ricamente correspondientes en ese periodo. \u201c\u00bfQu\u00e9 va a ocurrir? No lo s\u00e9. Pero es evidente que estamos influyendo sobre el clima\u201d.<span class=\"Apple-converted-space\">\u00a0<\/span><\/p>\n<p class=\"p1\">En todo caso, los datos que aporta este ec\u00f3logo al respecto son abrumadores: \u201cEn el \u00faltimo mill\u00f3n de a\u00f1os con seguridad, y posiblemente mucho m\u00e1s atr\u00e1s, nunca hubo una presi\u00f3n parcial de CO2 en la atm\u00f3sfera tan alta como la actual: estamos rozando las 420 partes por mill\u00f3n. Y el testigo de hielo del Domo C en la Ant\u00e1rtida [un indicador que ha permitido saber de la existencia de hasta ocho glaciaciones en los \u00faltimos 800.000 a\u00f1os] no sobrepasa nunca las 300 partes por mill\u00f3n en los interglaciares\u201d.<\/p>\n<p class=\"p1\">La paleoecolog\u00eda est\u00e1 sirviendo, precisamente, para abordar el cambio clim\u00e1tico en Canarias. Estas investigaciones han permitido matizar algunas ideas previas: \u201cPens\u00e1bamos que las islas, por estar en el oc\u00e9ano, sentir\u00edan los efectos globales de manera muy atemperada, y hemos visto que no\u201d. Explica que el fin del per\u00edodo h\u00famedo del Holoceno, hace unos 5.500 a\u00f1os, est\u00e1 bien documentado para \u00c1frica del Norte y en la laurisilva de La Gomera se han registrado cambios ligados a ese momento. Por tanto, los procesos clim\u00e1ticos generales tambi\u00e9n han afectado, aunque sea de manera aminorada, a las islas en el pasado, as\u00ed que es presumible que as\u00ed suceda en el futuro.<span class=\"Apple-converted-space\">\u00a0<\/span><\/p>\n<p class=\"p1\">\u201cConocer el pasado te da pistas acerca de c\u00f3mo puede ser el futuro, hasta qu\u00e9 punto los ecosistemas son capaces de resistir cambios, c\u00f3mo esos cambios impactan en su biomasa y diversidad, etc\u00e9tera. Y eso es lo que estamos tratando de reconstruir\u201d.<\/p>\n<p class=\"p2\" style=\"text-align: right\"><b>Gabinete de Comunicaci\u00f3n<\/b><\/p>\n","protected":false},"excerpt":{"rendered":"<p>Desde que se incorporara como profesor ayudante en la Universidad de La Laguna en 1983, Jos\u00e9 Mar\u00eda Fern\u00e1ndez-Palacios ha dedicado&#8230;<\/p>\n","protected":false},"author":21,"featured_media":57444,"comment_status":"closed","ping_status":"closed","sticky":false,"template":"","format":"standard","meta":{"inline_featured_image":false,"footnotes":""},"categories":[3159,3785,3924,350,2750],"tags":[7639,7640,680,7119,3911,1654,5600,7641],"acf":[],"yoast_head":"<!-- This site is optimized with the Yoast SEO plugin v21.3 - https:\/\/yoast.com\/wordpress\/plugins\/seo\/ -->\n<title>Jos\u00e9 Mar\u00eda Fern\u00e1ndez-Palacios, el explorador de ecosistemas insulares<\/title>\n<meta name=\"description\" content=\"El ec\u00f3logo de la ULL ha sido designado nuevo miembro de la Academia Europaea tras m\u00e1s de tres d\u00e9cadas indagando los ecosistemas insulares.\" \/>\n<meta name=\"robots\" content=\"index, follow, max-snippet:-1, max-image-preview:large, max-video-preview:-1\" \/>\n<link rel=\"canonical\" href=\"https:\/\/www.ull.es\/portal\/noticias\/2021\/fernadez-palacios-ecosistemas-insulares\/\" \/>\n<meta property=\"og:locale\" content=\"es_ES\" \/>\n<meta property=\"og:type\" content=\"article\" \/>\n<meta property=\"og:title\" content=\"Jos\u00e9 Mar\u00eda Fern\u00e1ndez-Palacios, el explorador de ecosistemas insulares\" \/>\n<meta property=\"og:description\" content=\"El ec\u00f3logo de la ULL ha sido designado nuevo miembro de la Academia Europaea tras m\u00e1s de tres d\u00e9cadas indagando los ecosistemas insulares.\" \/>\n<meta property=\"og:url\" content=\"https:\/\/www.ull.es\/portal\/noticias\/2021\/fernadez-palacios-ecosistemas-insulares\/\" \/>\n<meta property=\"og:site_name\" content=\"ULL - Noticias\" \/>\n<meta property=\"article:publisher\" content=\"https:\/\/www.facebook.com\/universidaddelalaguna\/\" \/>\n<meta property=\"article:published_time\" content=\"2021-07-07T11:08:40+00:00\" \/>\n<meta property=\"og:image\" content=\"https:\/\/www.ull.es\/portal\/noticias\/wp-content\/uploads\/sites\/13\/2021\/07\/Jose-Maria-Fdez-Palacios-04.jpg\" \/>\n\t<meta property=\"og:image:width\" content=\"1024\" \/>\n\t<meta property=\"og:image:height\" content=\"683\" \/>\n\t<meta property=\"og:image:type\" content=\"image\/jpeg\" \/>\n<meta name=\"author\" content=\"prensa2\" \/>\n<meta name=\"twitter:card\" content=\"summary_large_image\" \/>\n<meta name=\"twitter:creator\" content=\"@CanalULL\" \/>\n<meta name=\"twitter:site\" content=\"@CanalULL\" \/>\n<meta name=\"twitter:label1\" content=\"Escrito por\" \/>\n\t<meta name=\"twitter:data1\" content=\"prensa2\" \/>\n\t<meta name=\"twitter:label2\" content=\"Tiempo de lectura\" \/>\n\t<meta name=\"twitter:data2\" content=\"12 minutos\" \/>\n<script type=\"application\/ld+json\" class=\"yoast-schema-graph\">{\"@context\":\"https:\/\/schema.org\",\"@graph\":[{\"@type\":\"WebPage\",\"@id\":\"https:\/\/www.ull.es\/portal\/noticias\/2021\/fernadez-palacios-ecosistemas-insulares\/\",\"url\":\"https:\/\/www.ull.es\/portal\/noticias\/2021\/fernadez-palacios-ecosistemas-insulares\/\",\"name\":\"Jos\u00e9 Mar\u00eda Fern\u00e1ndez-Palacios, el explorador de ecosistemas insulares\",\"isPartOf\":{\"@id\":\"https:\/\/www.ull.es\/portal\/noticias\/#website\"},\"datePublished\":\"2021-07-07T11:08:40+00:00\",\"dateModified\":\"2021-07-07T11:08:40+00:00\",\"author\":{\"@id\":\"https:\/\/www.ull.es\/portal\/noticias\/#\/schema\/person\/c3b2aa857797592927a03740d6664376\"},\"description\":\"El ec\u00f3logo de la ULL ha sido designado nuevo miembro de la Academia Europaea tras m\u00e1s de tres d\u00e9cadas indagando los ecosistemas insulares.\",\"breadcrumb\":{\"@id\":\"https:\/\/www.ull.es\/portal\/noticias\/2021\/fernadez-palacios-ecosistemas-insulares\/#breadcrumb\"},\"inLanguage\":\"es\",\"potentialAction\":[{\"@type\":\"ReadAction\",\"target\":[\"https:\/\/www.ull.es\/portal\/noticias\/2021\/fernadez-palacios-ecosistemas-insulares\/\"]}]},{\"@type\":\"BreadcrumbList\",\"@id\":\"https:\/\/www.ull.es\/portal\/noticias\/2021\/fernadez-palacios-ecosistemas-insulares\/#breadcrumb\",\"itemListElement\":[{\"@type\":\"ListItem\",\"position\":1,\"name\":\"Portada\",\"item\":\"https:\/\/www.ull.es\/portal\/noticias\/\"},{\"@type\":\"ListItem\",\"position\":2,\"name\":\"El explorador de los ecosistemas insulares\"}]},{\"@type\":\"WebSite\",\"@id\":\"https:\/\/www.ull.es\/portal\/noticias\/#website\",\"url\":\"https:\/\/www.ull.es\/portal\/noticias\/\",\"name\":\"ULL - Noticias\",\"description\":\"\",\"potentialAction\":[{\"@type\":\"SearchAction\",\"target\":{\"@type\":\"EntryPoint\",\"urlTemplate\":\"https:\/\/www.ull.es\/portal\/noticias\/?s={search_term_string}\"},\"query-input\":\"required name=search_term_string\"}],\"inLanguage\":\"es\"},{\"@type\":\"Person\",\"@id\":\"https:\/\/www.ull.es\/portal\/noticias\/#\/schema\/person\/c3b2aa857797592927a03740d6664376\",\"name\":\"prensa2\",\"image\":{\"@type\":\"ImageObject\",\"inLanguage\":\"es\",\"@id\":\"https:\/\/www.ull.es\/portal\/noticias\/#\/schema\/person\/image\/\",\"url\":\"https:\/\/secure.gravatar.com\/avatar\/b58f310a5de5feb33d1e026d2493f23c?s=96&d=mm&r=g\",\"contentUrl\":\"https:\/\/secure.gravatar.com\/avatar\/b58f310a5de5feb33d1e026d2493f23c?s=96&d=mm&r=g\",\"caption\":\"prensa2\"},\"url\":\"https:\/\/www.ull.es\/portal\/noticias\/author\/prensa2\/\"}]}<\/script>\n<!-- \/ Yoast SEO plugin. -->","yoast_head_json":{"title":"Jos\u00e9 Mar\u00eda Fern\u00e1ndez-Palacios, el explorador de ecosistemas insulares","description":"El ec\u00f3logo de la ULL ha sido designado nuevo miembro de la Academia Europaea tras m\u00e1s de tres d\u00e9cadas indagando los ecosistemas insulares.","robots":{"index":"index","follow":"follow","max-snippet":"max-snippet:-1","max-image-preview":"max-image-preview:large","max-video-preview":"max-video-preview:-1"},"canonical":"https:\/\/www.ull.es\/portal\/noticias\/2021\/fernadez-palacios-ecosistemas-insulares\/","og_locale":"es_ES","og_type":"article","og_title":"Jos\u00e9 Mar\u00eda Fern\u00e1ndez-Palacios, el explorador de ecosistemas insulares","og_description":"El ec\u00f3logo de la ULL ha sido designado nuevo miembro de la Academia Europaea tras m\u00e1s de tres d\u00e9cadas indagando los ecosistemas insulares.","og_url":"https:\/\/www.ull.es\/portal\/noticias\/2021\/fernadez-palacios-ecosistemas-insulares\/","og_site_name":"ULL - Noticias","article_publisher":"https:\/\/www.facebook.com\/universidaddelalaguna\/","article_published_time":"2021-07-07T11:08:40+00:00","og_image":[{"width":1024,"height":683,"url":"https:\/\/www.ull.es\/portal\/noticias\/wp-content\/uploads\/sites\/13\/2021\/07\/Jose-Maria-Fdez-Palacios-04.jpg","type":"image\/jpeg"}],"author":"prensa2","twitter_card":"summary_large_image","twitter_creator":"@CanalULL","twitter_site":"@CanalULL","twitter_misc":{"Escrito por":"prensa2","Tiempo de lectura":"12 minutos"},"schema":{"@context":"https:\/\/schema.org","@graph":[{"@type":"WebPage","@id":"https:\/\/www.ull.es\/portal\/noticias\/2021\/fernadez-palacios-ecosistemas-insulares\/","url":"https:\/\/www.ull.es\/portal\/noticias\/2021\/fernadez-palacios-ecosistemas-insulares\/","name":"Jos\u00e9 Mar\u00eda Fern\u00e1ndez-Palacios, el explorador de ecosistemas insulares","isPartOf":{"@id":"https:\/\/www.ull.es\/portal\/noticias\/#website"},"datePublished":"2021-07-07T11:08:40+00:00","dateModified":"2021-07-07T11:08:40+00:00","author":{"@id":"https:\/\/www.ull.es\/portal\/noticias\/#\/schema\/person\/c3b2aa857797592927a03740d6664376"},"description":"El ec\u00f3logo de la ULL ha sido designado nuevo miembro de la Academia Europaea tras m\u00e1s de tres d\u00e9cadas indagando los ecosistemas insulares.","breadcrumb":{"@id":"https:\/\/www.ull.es\/portal\/noticias\/2021\/fernadez-palacios-ecosistemas-insulares\/#breadcrumb"},"inLanguage":"es","potentialAction":[{"@type":"ReadAction","target":["https:\/\/www.ull.es\/portal\/noticias\/2021\/fernadez-palacios-ecosistemas-insulares\/"]}]},{"@type":"BreadcrumbList","@id":"https:\/\/www.ull.es\/portal\/noticias\/2021\/fernadez-palacios-ecosistemas-insulares\/#breadcrumb","itemListElement":[{"@type":"ListItem","position":1,"name":"Portada","item":"https:\/\/www.ull.es\/portal\/noticias\/"},{"@type":"ListItem","position":2,"name":"El explorador de los ecosistemas insulares"}]},{"@type":"WebSite","@id":"https:\/\/www.ull.es\/portal\/noticias\/#website","url":"https:\/\/www.ull.es\/portal\/noticias\/","name":"ULL - Noticias","description":"","potentialAction":[{"@type":"SearchAction","target":{"@type":"EntryPoint","urlTemplate":"https:\/\/www.ull.es\/portal\/noticias\/?s={search_term_string}"},"query-input":"required name=search_term_string"}],"inLanguage":"es"},{"@type":"Person","@id":"https:\/\/www.ull.es\/portal\/noticias\/#\/schema\/person\/c3b2aa857797592927a03740d6664376","name":"prensa2","image":{"@type":"ImageObject","inLanguage":"es","@id":"https:\/\/www.ull.es\/portal\/noticias\/#\/schema\/person\/image\/","url":"https:\/\/secure.gravatar.com\/avatar\/b58f310a5de5feb33d1e026d2493f23c?s=96&d=mm&r=g","contentUrl":"https:\/\/secure.gravatar.com\/avatar\/b58f310a5de5feb33d1e026d2493f23c?s=96&d=mm&r=g","caption":"prensa2"},"url":"https:\/\/www.ull.es\/portal\/noticias\/author\/prensa2\/"}]}},"primary_category":{"id":350,"name":"Investigaci\u00f3n","slug":"investigacion","link":"https:\/\/www.ull.es\/portal\/noticias\/category\/investigacion\/"},"featured_image_thumbnail_url":"https:\/\/www.ull.es\/portal\/noticias\/wp-content\/uploads\/sites\/13\/2021\/07\/Jose-Maria-Fdez-Palacios-04-300x200.jpg","_links":{"self":[{"href":"https:\/\/www.ull.es\/portal\/noticias\/wp-json\/wp\/v2\/posts\/57443"}],"collection":[{"href":"https:\/\/www.ull.es\/portal\/noticias\/wp-json\/wp\/v2\/posts"}],"about":[{"href":"https:\/\/www.ull.es\/portal\/noticias\/wp-json\/wp\/v2\/types\/post"}],"author":[{"embeddable":true,"href":"https:\/\/www.ull.es\/portal\/noticias\/wp-json\/wp\/v2\/users\/21"}],"replies":[{"embeddable":true,"href":"https:\/\/www.ull.es\/portal\/noticias\/wp-json\/wp\/v2\/comments?post=57443"}],"version-history":[{"count":1,"href":"https:\/\/www.ull.es\/portal\/noticias\/wp-json\/wp\/v2\/posts\/57443\/revisions"}],"predecessor-version":[{"id":57449,"href":"https:\/\/www.ull.es\/portal\/noticias\/wp-json\/wp\/v2\/posts\/57443\/revisions\/57449"}],"wp:featuredmedia":[{"embeddable":true,"href":"https:\/\/www.ull.es\/portal\/noticias\/wp-json\/wp\/v2\/media\/57444"}],"wp:attachment":[{"href":"https:\/\/www.ull.es\/portal\/noticias\/wp-json\/wp\/v2\/media?parent=57443"}],"wp:term":[{"taxonomy":"category","embeddable":true,"href":"https:\/\/www.ull.es\/portal\/noticias\/wp-json\/wp\/v2\/categories?post=57443"},{"taxonomy":"post_tag","embeddable":true,"href":"https:\/\/www.ull.es\/portal\/noticias\/wp-json\/wp\/v2\/tags?post=57443"}],"curies":[{"name":"wp","href":"https:\/\/api.w.org\/{rel}","templated":true}]}}