{"id":57481,"date":"2021-07-08T09:27:27","date_gmt":"2021-07-08T09:27:27","guid":{"rendered":"https:\/\/www.ull.es\/portal\/noticias\/?p=57481"},"modified":"2021-07-08T09:29:20","modified_gmt":"2021-07-08T09:29:20","slug":"la-ull-y-la-usal-impulsan-la-incorporacion-de-la-perspectiva-de-genero-en-la-docencia-universitaria","status":"publish","type":"post","link":"https:\/\/www.ull.es\/portal\/noticias\/2021\/la-ull-y-la-usal-impulsan-la-incorporacion-de-la-perspectiva-de-genero-en-la-docencia-universitaria\/","title":{"rendered":"La ULL y la USAL impulsan la incorporaci\u00f3n de la perspectiva de g\u00e9nero en la docencia universitaria"},"content":{"rendered":"<p>El Instituto Universitario de Ciencias de la Educaci\u00f3n de la Universidad de Salamanca, en colaboraci\u00f3n con el Instituto Universitario de Estudios de las Mujeres de la Universidad de La Laguna, desarrolla el proyecto \u201cIncorporaci\u00f3n de la perspectiva de g\u00e9nero en la docencia universitaria a trav\u00e9s de la formaci\u00f3n del profesorado en activo y en formaci\u00f3n\u201d, financiado por\u00a0el Instituto de la Mujer y para la Igualdad de Oportunidades del Ministerio de Igualdad.<\/p>\n<p>El proyecto aborda incorporar la perspectiva de g\u00e9nero para integrar los contenidos de igualdad en cualquier asignatura del plan de estudios. As\u00ed, el enfoque se centra en la formaci\u00f3n del profesorado universitario, tanto el que est\u00e1 actualmente en activo, como el alumnado doctoral entre cuyas competencias est\u00e1 formarse para ser futuros docentes.<\/p>\n<p>La actividad se subdivide en un conjunto de acciones o actividades cuyo hilo conductor es incorporar la perspectiva de g\u00e9nero de forma transversal en los grados y m\u00e1steres de la Universidad de Salamanca y la Universidad de La Laguna mediante la innovaci\u00f3n docente. Para ello, se ha desarrollado una formaci\u00f3n inicial que sienta las bases para que los docentes introduzcan la perspectiva de g\u00e9nero en alguna de sus asignaturas. Esta formaci\u00f3n se ha desarrollado como Formaci\u00f3n Abierta dentro del Plan de Formaci\u00f3n del Profesorado de la Universidad de Salamanca.<\/p>\n<p>Adem\u00e1s, el proyecto culminar\u00e1 con las \u201c<a href=\"https:\/\/coeducacion.grial.eu\/i-jornadas-internacionales-de-innovacion-educativa-con-perspectiva-de-genero\/\" target=\"_blank\" rel=\"noopener\">I Jornadas Internacionales de innovaci\u00f3n educativa con perspectiva de g\u00e9nero<\/a>\u201d. Estas jornadas se organizan en colaboraci\u00f3n con las XI Jornadas Internacionales de Campus Virtuales (JICV\u201921), organizadas por el\u00a0<a href=\"https:\/\/grial.usal.es\/\" target=\"_blank\" rel=\"noopener\" target=\"_blank\" rel=\"noopener\">Grupo de Investigaci\u00f3n GRIAL<\/a>\u00a0de la\u00a0<a href=\"https:\/\/www.usal.es\/\" target=\"_blank\" rel=\"noopener\" target=\"_blank\" rel=\"noopener\">Universidad de Salamanca<\/a>. Las JICV\u201921 cuentan con la colaboraci\u00f3n de la\u00a0<a href=\"http:\/\/www.uajournals.com\/jornadascampusvirtuales\/www.campusvirtuales.net\" target=\"_blank\" rel=\"noopener\" target=\"_blank\" rel=\"noopener\">Red Universitaria de Campus Virtuales<\/a>,\u00a0la\u00a0<em><a href=\"https:\/\/ieee-edusociety.org\/\" target=\"_blank\" rel=\"noopener\" target=\"_blank\" rel=\"noopener\">IEEE Education Society<\/a><\/em>\u00a0y el\u00a0<a href=\"http:\/\/www.ieectqai.uned.es\/WebIEEE\/IEEE_ES_cap_es\/\" target=\"_blank\" rel=\"noopener\" target=\"_blank\" rel=\"noopener\">Cap\u00edtulo Espa\u00f1ol de la Sociedad de Educaci\u00f3n del IEEE<\/a>.<\/p>\n<p>Estas jornadas se celebrar\u00e1n en formato h\u00edbrido (presencial y no presencial) el d\u00eda 30 de septiembre de 2021. El formato presencial se celebrar\u00e1 en las instalaciones del Instituto Universitario de Ciencias de la Educaci\u00f3n (IUCE) de la Universidad de Salamanca (Espa\u00f1a). \u00a0El env\u00edo de art\u00edculos se encuentra abierto hasta el 1 de agosto.<\/p>\n<p>Nota de prensa cedida.<\/p>\n","protected":false},"excerpt":{"rendered":"<p>El Instituto Universitario de Ciencias de la Educaci\u00f3n de la Universidad de Salamanca, en colaboraci\u00f3n con el Instituto Universitario de&#8230;<\/p>\n","protected":false},"author":67,"featured_media":57483,"comment_status":"closed","ping_status":"closed","sticky":false,"template":"","format":"standard","meta":{"inline_featured_image":false,"footnotes":""},"categories":[345,348,6857,2765],"tags":[1526],"acf":[],"yoast_head":"<!-- This site is optimized with the Yoast SEO plugin v21.3 - https:\/\/yoast.com\/wordpress\/plugins\/seo\/ -->\n<title>La ULL y la Universidad de Salamanca impulsan la incorporaci\u00f3n de la perspectiva de g\u00e9nero en la docencia universitaria<\/title>\n<meta name=\"description\" content=\"El Instituto Universitario de Ciencias de la Educaci\u00f3n de la Universidad de Salamanca, en colaboraci\u00f3n con el Instituto Universitario de Estudios de las Mujeres de la Universidad de La Laguna, desarrolla el proyecto \u201cIncorporaci\u00f3n de la perspectiva de g\u00e9nero en la docencia universitaria a trav\u00e9s de la formaci\u00f3n del profesorado en activo y en formaci\u00f3n\u201d, financiado por\u00a0el Instituto de la Mujer y para la Igualdad de Oportunidades del Ministerio de Igualdad.\" \/>\n<meta name=\"robots\" content=\"index, follow, max-snippet:-1, max-image-preview:large, max-video-preview:-1\" \/>\n<link rel=\"canonical\" href=\"https:\/\/www.ull.es\/portal\/noticias\/2021\/la-ull-y-la-usal-impulsan-la-incorporacion-de-la-perspectiva-de-genero-en-la-docencia-universitaria\/\" \/>\n<meta property=\"og:locale\" content=\"es_ES\" \/>\n<meta property=\"og:type\" content=\"article\" \/>\n<meta property=\"og:title\" content=\"La ULL y la Universidad de Salamanca impulsan la incorporaci\u00f3n de la perspectiva de g\u00e9nero en la docencia universitaria\" \/>\n<meta property=\"og:description\" content=\"El Instituto Universitario de Ciencias de la Educaci\u00f3n de la Universidad de Salamanca, en colaboraci\u00f3n con el Instituto Universitario de Estudios de las Mujeres de la Universidad de La Laguna, desarrolla el proyecto \u201cIncorporaci\u00f3n de la perspectiva de g\u00e9nero en la docencia universitaria a trav\u00e9s de la formaci\u00f3n del profesorado en activo y en formaci\u00f3n\u201d, financiado por\u00a0el Instituto de la Mujer y para la Igualdad de Oportunidades del Ministerio de Igualdad.\" \/>\n<meta property=\"og:url\" content=\"https:\/\/www.ull.es\/portal\/noticias\/2021\/la-ull-y-la-usal-impulsan-la-incorporacion-de-la-perspectiva-de-genero-en-la-docencia-universitaria\/\" \/>\n<meta property=\"og:site_name\" content=\"ULL - Noticias\" \/>\n<meta property=\"article:publisher\" content=\"https:\/\/www.facebook.com\/universidaddelalaguna\/\" \/>\n<meta property=\"article:published_time\" content=\"2021-07-08T09:27:27+00:00\" \/>\n<meta property=\"article:modified_time\" content=\"2021-07-08T09:29:20+00:00\" \/>\n<meta property=\"og:image\" content=\"https:\/\/www.ull.es\/portal\/noticias\/wp-content\/uploads\/sites\/13\/2021\/07\/EBAU-Julio21-35.jpg\" \/>\n\t<meta property=\"og:image:width\" content=\"1024\" \/>\n\t<meta property=\"og:image:height\" content=\"683\" \/>\n\t<meta property=\"og:image:type\" content=\"image\/jpeg\" \/>\n<meta name=\"author\" content=\"gcom5\" \/>\n<meta name=\"twitter:card\" content=\"summary_large_image\" \/>\n<meta name=\"twitter:creator\" content=\"@CanalULL\" \/>\n<meta name=\"twitter:site\" content=\"@CanalULL\" \/>\n<meta name=\"twitter:label1\" content=\"Escrito por\" \/>\n\t<meta name=\"twitter:data1\" content=\"gcom5\" \/>\n\t<meta name=\"twitter:label2\" content=\"Tiempo de lectura\" \/>\n\t<meta name=\"twitter:data2\" content=\"2 minutos\" \/>\n<script type=\"application\/ld+json\" class=\"yoast-schema-graph\">{\"@context\":\"https:\/\/schema.org\",\"@graph\":[{\"@type\":\"WebPage\",\"@id\":\"https:\/\/www.ull.es\/portal\/noticias\/2021\/la-ull-y-la-usal-impulsan-la-incorporacion-de-la-perspectiva-de-genero-en-la-docencia-universitaria\/\",\"url\":\"https:\/\/www.ull.es\/portal\/noticias\/2021\/la-ull-y-la-usal-impulsan-la-incorporacion-de-la-perspectiva-de-genero-en-la-docencia-universitaria\/\",\"name\":\"La ULL y la Universidad de Salamanca impulsan la incorporaci\u00f3n de la perspectiva de g\u00e9nero en la docencia universitaria\",\"isPartOf\":{\"@id\":\"https:\/\/www.ull.es\/portal\/noticias\/#website\"},\"datePublished\":\"2021-07-08T09:27:27+00:00\",\"dateModified\":\"2021-07-08T09:29:20+00:00\",\"author\":{\"@id\":\"https:\/\/www.ull.es\/portal\/noticias\/#\/schema\/person\/8027c6c4687adc2c90dc1532715d34df\"},\"description\":\"El Instituto Universitario de Ciencias de la Educaci\u00f3n de la Universidad de Salamanca, en colaboraci\u00f3n con el Instituto Universitario de Estudios de las Mujeres de la Universidad de La Laguna, desarrolla el proyecto \u201cIncorporaci\u00f3n de la perspectiva de g\u00e9nero en la docencia universitaria a trav\u00e9s de la formaci\u00f3n del profesorado en activo y en formaci\u00f3n\u201d, financiado por\u00a0el Instituto de la Mujer y para la Igualdad de Oportunidades del Ministerio de Igualdad.\",\"breadcrumb\":{\"@id\":\"https:\/\/www.ull.es\/portal\/noticias\/2021\/la-ull-y-la-usal-impulsan-la-incorporacion-de-la-perspectiva-de-genero-en-la-docencia-universitaria\/#breadcrumb\"},\"inLanguage\":\"es\",\"potentialAction\":[{\"@type\":\"ReadAction\",\"target\":[\"https:\/\/www.ull.es\/portal\/noticias\/2021\/la-ull-y-la-usal-impulsan-la-incorporacion-de-la-perspectiva-de-genero-en-la-docencia-universitaria\/\"]}]},{\"@type\":\"BreadcrumbList\",\"@id\":\"https:\/\/www.ull.es\/portal\/noticias\/2021\/la-ull-y-la-usal-impulsan-la-incorporacion-de-la-perspectiva-de-genero-en-la-docencia-universitaria\/#breadcrumb\",\"itemListElement\":[{\"@type\":\"ListItem\",\"position\":1,\"name\":\"Portada\",\"item\":\"https:\/\/www.ull.es\/portal\/noticias\/\"},{\"@type\":\"ListItem\",\"position\":2,\"name\":\"La ULL y la USAL impulsan la incorporaci\u00f3n de la perspectiva de g\u00e9nero en la docencia universitaria\"}]},{\"@type\":\"WebSite\",\"@id\":\"https:\/\/www.ull.es\/portal\/noticias\/#website\",\"url\":\"https:\/\/www.ull.es\/portal\/noticias\/\",\"name\":\"ULL - Noticias\",\"description\":\"\",\"potentialAction\":[{\"@type\":\"SearchAction\",\"target\":{\"@type\":\"EntryPoint\",\"urlTemplate\":\"https:\/\/www.ull.es\/portal\/noticias\/?s={search_term_string}\"},\"query-input\":\"required name=search_term_string\"}],\"inLanguage\":\"es\"},{\"@type\":\"Person\",\"@id\":\"https:\/\/www.ull.es\/portal\/noticias\/#\/schema\/person\/8027c6c4687adc2c90dc1532715d34df\",\"name\":\"gcom5\",\"image\":{\"@type\":\"ImageObject\",\"inLanguage\":\"es\",\"@id\":\"https:\/\/www.ull.es\/portal\/noticias\/#\/schema\/person\/image\/\",\"url\":\"https:\/\/secure.gravatar.com\/avatar\/8b3777f8048001fa57b88338ce5605b9?s=96&d=mm&r=g\",\"contentUrl\":\"https:\/\/secure.gravatar.com\/avatar\/8b3777f8048001fa57b88338ce5605b9?s=96&d=mm&r=g\",\"caption\":\"gcom5\"},\"url\":\"https:\/\/www.ull.es\/portal\/noticias\/author\/gcom5\/\"}]}<\/script>\n<!-- \/ Yoast SEO plugin. -->","yoast_head_json":{"title":"La ULL y la Universidad de Salamanca impulsan la incorporaci\u00f3n de la perspectiva de g\u00e9nero en la docencia universitaria","description":"El Instituto Universitario de Ciencias de la Educaci\u00f3n de la Universidad de Salamanca, en colaboraci\u00f3n con el Instituto Universitario de Estudios de las Mujeres de la Universidad de La Laguna, desarrolla el proyecto \u201cIncorporaci\u00f3n de la perspectiva de g\u00e9nero en la docencia universitaria a trav\u00e9s de la formaci\u00f3n del profesorado en activo y en formaci\u00f3n\u201d, financiado por\u00a0el Instituto de la Mujer y para la Igualdad de Oportunidades del Ministerio de Igualdad.","robots":{"index":"index","follow":"follow","max-snippet":"max-snippet:-1","max-image-preview":"max-image-preview:large","max-video-preview":"max-video-preview:-1"},"canonical":"https:\/\/www.ull.es\/portal\/noticias\/2021\/la-ull-y-la-usal-impulsan-la-incorporacion-de-la-perspectiva-de-genero-en-la-docencia-universitaria\/","og_locale":"es_ES","og_type":"article","og_title":"La ULL y la Universidad de Salamanca impulsan la incorporaci\u00f3n de la perspectiva de g\u00e9nero en la docencia universitaria","og_description":"El Instituto Universitario de Ciencias de la Educaci\u00f3n de la Universidad de Salamanca, en colaboraci\u00f3n con el Instituto Universitario de Estudios de las Mujeres de la Universidad de La Laguna, desarrolla el proyecto \u201cIncorporaci\u00f3n de la perspectiva de g\u00e9nero en la docencia universitaria a trav\u00e9s de la formaci\u00f3n del profesorado en activo y en formaci\u00f3n\u201d, financiado por\u00a0el Instituto de la Mujer y para la Igualdad de Oportunidades del Ministerio de Igualdad.","og_url":"https:\/\/www.ull.es\/portal\/noticias\/2021\/la-ull-y-la-usal-impulsan-la-incorporacion-de-la-perspectiva-de-genero-en-la-docencia-universitaria\/","og_site_name":"ULL - Noticias","article_publisher":"https:\/\/www.facebook.com\/universidaddelalaguna\/","article_published_time":"2021-07-08T09:27:27+00:00","article_modified_time":"2021-07-08T09:29:20+00:00","og_image":[{"width":1024,"height":683,"url":"https:\/\/www.ull.es\/portal\/noticias\/wp-content\/uploads\/sites\/13\/2021\/07\/EBAU-Julio21-35.jpg","type":"image\/jpeg"}],"author":"gcom5","twitter_card":"summary_large_image","twitter_creator":"@CanalULL","twitter_site":"@CanalULL","twitter_misc":{"Escrito por":"gcom5","Tiempo de lectura":"2 minutos"},"schema":{"@context":"https:\/\/schema.org","@graph":[{"@type":"WebPage","@id":"https:\/\/www.ull.es\/portal\/noticias\/2021\/la-ull-y-la-usal-impulsan-la-incorporacion-de-la-perspectiva-de-genero-en-la-docencia-universitaria\/","url":"https:\/\/www.ull.es\/portal\/noticias\/2021\/la-ull-y-la-usal-impulsan-la-incorporacion-de-la-perspectiva-de-genero-en-la-docencia-universitaria\/","name":"La ULL y la Universidad de Salamanca impulsan la incorporaci\u00f3n de la perspectiva de g\u00e9nero en la docencia universitaria","isPartOf":{"@id":"https:\/\/www.ull.es\/portal\/noticias\/#website"},"datePublished":"2021-07-08T09:27:27+00:00","dateModified":"2021-07-08T09:29:20+00:00","author":{"@id":"https:\/\/www.ull.es\/portal\/noticias\/#\/schema\/person\/8027c6c4687adc2c90dc1532715d34df"},"description":"El Instituto Universitario de Ciencias de la Educaci\u00f3n de la Universidad de Salamanca, en colaboraci\u00f3n con el Instituto Universitario de Estudios de las Mujeres de la Universidad de La Laguna, desarrolla el proyecto \u201cIncorporaci\u00f3n de la perspectiva de g\u00e9nero en la docencia universitaria a trav\u00e9s de la formaci\u00f3n del profesorado en activo y en formaci\u00f3n\u201d, financiado por\u00a0el Instituto de la Mujer y para la Igualdad de Oportunidades del Ministerio de Igualdad.","breadcrumb":{"@id":"https:\/\/www.ull.es\/portal\/noticias\/2021\/la-ull-y-la-usal-impulsan-la-incorporacion-de-la-perspectiva-de-genero-en-la-docencia-universitaria\/#breadcrumb"},"inLanguage":"es","potentialAction":[{"@type":"ReadAction","target":["https:\/\/www.ull.es\/portal\/noticias\/2021\/la-ull-y-la-usal-impulsan-la-incorporacion-de-la-perspectiva-de-genero-en-la-docencia-universitaria\/"]}]},{"@type":"BreadcrumbList","@id":"https:\/\/www.ull.es\/portal\/noticias\/2021\/la-ull-y-la-usal-impulsan-la-incorporacion-de-la-perspectiva-de-genero-en-la-docencia-universitaria\/#breadcrumb","itemListElement":[{"@type":"ListItem","position":1,"name":"Portada","item":"https:\/\/www.ull.es\/portal\/noticias\/"},{"@type":"ListItem","position":2,"name":"La ULL y la USAL impulsan la incorporaci\u00f3n de la perspectiva de g\u00e9nero en la docencia universitaria"}]},{"@type":"WebSite","@id":"https:\/\/www.ull.es\/portal\/noticias\/#website","url":"https:\/\/www.ull.es\/portal\/noticias\/","name":"ULL - Noticias","description":"","potentialAction":[{"@type":"SearchAction","target":{"@type":"EntryPoint","urlTemplate":"https:\/\/www.ull.es\/portal\/noticias\/?s={search_term_string}"},"query-input":"required name=search_term_string"}],"inLanguage":"es"},{"@type":"Person","@id":"https:\/\/www.ull.es\/portal\/noticias\/#\/schema\/person\/8027c6c4687adc2c90dc1532715d34df","name":"gcom5","image":{"@type":"ImageObject","inLanguage":"es","@id":"https:\/\/www.ull.es\/portal\/noticias\/#\/schema\/person\/image\/","url":"https:\/\/secure.gravatar.com\/avatar\/8b3777f8048001fa57b88338ce5605b9?s=96&d=mm&r=g","contentUrl":"https:\/\/secure.gravatar.com\/avatar\/8b3777f8048001fa57b88338ce5605b9?s=96&d=mm&r=g","caption":"gcom5"},"url":"https:\/\/www.ull.es\/portal\/noticias\/author\/gcom5\/"}]}},"primary_category":{"id":345,"name":"Destacado","slug":"destacado","link":"https:\/\/www.ull.es\/portal\/noticias\/category\/destacado\/"},"featured_image_thumbnail_url":"https:\/\/www.ull.es\/portal\/noticias\/wp-content\/uploads\/sites\/13\/2021\/07\/EBAU-Julio21-35-300x200.jpg","_links":{"self":[{"href":"https:\/\/www.ull.es\/portal\/noticias\/wp-json\/wp\/v2\/posts\/57481"}],"collection":[{"href":"https:\/\/www.ull.es\/portal\/noticias\/wp-json\/wp\/v2\/posts"}],"about":[{"href":"https:\/\/www.ull.es\/portal\/noticias\/wp-json\/wp\/v2\/types\/post"}],"author":[{"embeddable":true,"href":"https:\/\/www.ull.es\/portal\/noticias\/wp-json\/wp\/v2\/users\/67"}],"replies":[{"embeddable":true,"href":"https:\/\/www.ull.es\/portal\/noticias\/wp-json\/wp\/v2\/comments?post=57481"}],"version-history":[{"count":3,"href":"https:\/\/www.ull.es\/portal\/noticias\/wp-json\/wp\/v2\/posts\/57481\/revisions"}],"predecessor-version":[{"id":57488,"href":"https:\/\/www.ull.es\/portal\/noticias\/wp-json\/wp\/v2\/posts\/57481\/revisions\/57488"}],"wp:featuredmedia":[{"embeddable":true,"href":"https:\/\/www.ull.es\/portal\/noticias\/wp-json\/wp\/v2\/media\/57483"}],"wp:attachment":[{"href":"https:\/\/www.ull.es\/portal\/noticias\/wp-json\/wp\/v2\/media?parent=57481"}],"wp:term":[{"taxonomy":"category","embeddable":true,"href":"https:\/\/www.ull.es\/portal\/noticias\/wp-json\/wp\/v2\/categories?post=57481"},{"taxonomy":"post_tag","embeddable":true,"href":"https:\/\/www.ull.es\/portal\/noticias\/wp-json\/wp\/v2\/tags?post=57481"}],"curies":[{"name":"wp","href":"https:\/\/api.w.org\/{rel}","templated":true}]}}