{"id":57493,"date":"2021-07-08T11:04:03","date_gmt":"2021-07-08T11:04:03","guid":{"rendered":"https:\/\/www.ull.es\/portal\/noticias\/?p=57493"},"modified":"2021-07-08T11:05:25","modified_gmt":"2021-07-08T11:05:25","slug":"la-fusion-entre-timple-y-guitarra-en-el-paraninfo-de-la-ull-de-la-mano-de-duque-y-garcia","status":"publish","type":"post","link":"https:\/\/www.ull.es\/portal\/noticias\/2021\/la-fusion-entre-timple-y-guitarra-en-el-paraninfo-de-la-ull-de-la-mano-de-duque-y-garcia\/","title":{"rendered":"La fusi\u00f3n entre timple y guitarra, en el Paraninfo de la ULL de la mano de Duque y Garc\u00eda"},"content":{"rendered":"<p>Dado el paralelismo existente en el origen y evoluci\u00f3n del timple y de la guitarra, los m\u00fasicos David Duque y Luis Alejandro Garc\u00eda llevan a cabo una propuesta que plasma estas similitudes, a trav\u00e9s del repertorio popular canario y latinoamericano, que tendr\u00e1 lugar ma\u00f1ana viernes 9 de julio en el Paraninfo de la Universidad de La Laguna a las 20 horas. \u201cSin embargo, nuestra idea nos lleva a dar un paso m\u00e1s\u201d, explican los protagonistas de este concierto, \u201cal incluir en nuestro recital un recorrido por el academicismo musical, en el que abordaremos un repertorio renacentista, barroco y cl\u00e1sico-rom\u00e1ntico. De este modo, una vez m\u00e1s de la mano, timple y guitarra recorrer\u00e1n sus senderos populares, pero con la aportaci\u00f3n de un nuevo prisma, innovador en este formato\u201d. Las entradas est\u00e1n ya a la venta a 10 euros y pueden adquirirse en este <a href=\"https:\/\/www.tomaticket.es\/recintos\/paraninfo-ull\" target=\"_blank\" rel=\"noopener\">enlace<\/a>.<\/p>\n<p>Titulado por el Conservatorio Superior de M\u00fasica de Canarias en la especialidad de guitarra, David Duque ha recibido clases magistrales de guitarristas de prestigio internacional como Jos\u00e9 Luis Rodrigo, Margarita Escarpa, \u00c0lex Garrob\u00e9 o Carles Trepat, entre otros. Tambi\u00e9n se ha formado como timplista con el maestro Benito Cabrera, y como cantante (tenor) con la soprano Raquel Hern\u00e1ndez. En paralelo, ha recibido preparaci\u00f3n en las especialidades de direcci\u00f3n coral y orquestal y m\u00fasica moderna.<\/p>\n<p>En la actualidad se desarrolla activamente como concertista de timple y guitarra, dirige la A. F. Los Trigales, el G. F. Los Majuelos y La Rondalla de la Sociedad Mamel\u2019s. Trabaja en la transcripci\u00f3n, adaptaci\u00f3n y composici\u00f3n de obras para timple solista, incluyendo el timple en formatos de m\u00fasica de c\u00e1mara en el \u00e1mbito acad\u00e9mico. Adem\u00e1s, ocupa la plaza de profesor de timple de la Escuela Municipal de M\u00fasica y Danza Villa de La Orotava desde octubre de 2018.<\/p>\n<p>Por su parte, Luis Alejandro Garc\u00eda tiene en su haber m\u00e1s de 30 premios nacionales e internacionales. Se trata de uno de los guitarristas espa\u00f1oles m\u00e1s laureados de su generaci\u00f3n, alabado como un int\u00e9rprete que combina \u201cvirtuosismo con una excepcional musicalidad, repleta de matices\u201d (Enric Madriguera, Russell Cleveland Director of Guitar Studies at UT Dallas). Se ha alzado con primeros premios en cert\u00e1menes como el Festival Internazionale di Chitarra \u201cGemona del Friuli\u201d (2020), el Premio El Primer Palau (2019), el Concurso \u201cJos\u00e9 Tom\u00e1s \u2013 Villa de Petrer\u201d (2019), Primer Premio y Premio del P\u00fablico en el Festival Internacional de Guitarra de Coria (2019), Primer Premio y Premio Especial Alhambra en el Certamen.<\/p>\n<p>Sus pr\u00f3ximos compromisos incluyen conciertos junto a la Orquesta y Coro de Radio Televisi\u00f3n Espa\u00f1ola en el Teatro Monumental (2022), adem\u00e1s de giras por diferentes lugares de Espa\u00f1a, Italia, Estados Unidos, Brasil, M\u00e9xico o Argentina. Luis Alejandro Garc\u00eda toca con guitarras de Vicente Carrillo y con cuerdas de Knobloch Strings.<\/p>\n","protected":false},"excerpt":{"rendered":"<p>Dado el paralelismo existente en el origen y evoluci\u00f3n del timple y de la guitarra, los m\u00fasicos David Duque y&#8230;<\/p>\n","protected":false},"author":23,"featured_media":57495,"comment_status":"closed","ping_status":"closed","sticky":false,"template":"","format":"standard","meta":{"inline_featured_image":false,"footnotes":""},"categories":[344,345,2765],"tags":[7651,7650,2047,7649],"acf":[],"yoast_head":"<!-- This site is optimized with the Yoast SEO plugin v21.3 - https:\/\/yoast.com\/wordpress\/plugins\/seo\/ -->\n<title>La fusi\u00f3n entre timple y guitarra, en el Paraninfo de la ULL de la mano de Duque y Garc\u00eda - ULL - Noticias<\/title>\n<meta name=\"robots\" content=\"index, follow, max-snippet:-1, max-image-preview:large, max-video-preview:-1\" \/>\n<link rel=\"canonical\" href=\"https:\/\/www.ull.es\/portal\/noticias\/2021\/la-fusion-entre-timple-y-guitarra-en-el-paraninfo-de-la-ull-de-la-mano-de-duque-y-garcia\/\" \/>\n<meta property=\"og:locale\" content=\"es_ES\" \/>\n<meta property=\"og:type\" content=\"article\" \/>\n<meta property=\"og:title\" content=\"La fusi\u00f3n entre timple y guitarra, en el Paraninfo de la ULL de la mano de Duque y Garc\u00eda - ULL - Noticias\" \/>\n<meta property=\"og:description\" content=\"Dado el paralelismo existente en el origen y evoluci\u00f3n del timple y de la guitarra, los m\u00fasicos David Duque y...\" \/>\n<meta property=\"og:url\" content=\"https:\/\/www.ull.es\/portal\/noticias\/2021\/la-fusion-entre-timple-y-guitarra-en-el-paraninfo-de-la-ull-de-la-mano-de-duque-y-garcia\/\" \/>\n<meta property=\"og:site_name\" content=\"ULL - Noticias\" \/>\n<meta property=\"article:publisher\" content=\"https:\/\/www.facebook.com\/universidaddelalaguna\/\" \/>\n<meta property=\"article:published_time\" content=\"2021-07-08T11:04:03+00:00\" \/>\n<meta property=\"article:modified_time\" content=\"2021-07-08T11:05:25+00:00\" \/>\n<meta property=\"og:image\" content=\"https:\/\/www.ull.es\/portal\/noticias\/wp-content\/uploads\/sites\/13\/2021\/07\/paraninfo-timple-y-guitarrra.jpg\" \/>\n\t<meta property=\"og:image:width\" content=\"700\" \/>\n\t<meta property=\"og:image:height\" content=\"350\" \/>\n\t<meta property=\"og:image:type\" content=\"image\/jpeg\" \/>\n<meta name=\"author\" content=\"gaprsa\" \/>\n<meta name=\"twitter:card\" content=\"summary_large_image\" \/>\n<meta name=\"twitter:creator\" content=\"@CanalULL\" \/>\n<meta name=\"twitter:site\" content=\"@CanalULL\" \/>\n<meta name=\"twitter:label1\" content=\"Escrito por\" \/>\n\t<meta name=\"twitter:data1\" content=\"gaprsa\" \/>\n\t<meta name=\"twitter:label2\" content=\"Tiempo de lectura\" \/>\n\t<meta name=\"twitter:data2\" content=\"3 minutos\" \/>\n<script type=\"application\/ld+json\" class=\"yoast-schema-graph\">{\"@context\":\"https:\/\/schema.org\",\"@graph\":[{\"@type\":\"WebPage\",\"@id\":\"https:\/\/www.ull.es\/portal\/noticias\/2021\/la-fusion-entre-timple-y-guitarra-en-el-paraninfo-de-la-ull-de-la-mano-de-duque-y-garcia\/\",\"url\":\"https:\/\/www.ull.es\/portal\/noticias\/2021\/la-fusion-entre-timple-y-guitarra-en-el-paraninfo-de-la-ull-de-la-mano-de-duque-y-garcia\/\",\"name\":\"La fusi\u00f3n entre timple y guitarra, en el Paraninfo de la ULL de la mano de Duque y Garc\u00eda - ULL - Noticias\",\"isPartOf\":{\"@id\":\"https:\/\/www.ull.es\/portal\/noticias\/#website\"},\"datePublished\":\"2021-07-08T11:04:03+00:00\",\"dateModified\":\"2021-07-08T11:05:25+00:00\",\"author\":{\"@id\":\"https:\/\/www.ull.es\/portal\/noticias\/#\/schema\/person\/b2b1a89d43ffa609e591f7df8ef3e817\"},\"breadcrumb\":{\"@id\":\"https:\/\/www.ull.es\/portal\/noticias\/2021\/la-fusion-entre-timple-y-guitarra-en-el-paraninfo-de-la-ull-de-la-mano-de-duque-y-garcia\/#breadcrumb\"},\"inLanguage\":\"es\",\"potentialAction\":[{\"@type\":\"ReadAction\",\"target\":[\"https:\/\/www.ull.es\/portal\/noticias\/2021\/la-fusion-entre-timple-y-guitarra-en-el-paraninfo-de-la-ull-de-la-mano-de-duque-y-garcia\/\"]}]},{\"@type\":\"BreadcrumbList\",\"@id\":\"https:\/\/www.ull.es\/portal\/noticias\/2021\/la-fusion-entre-timple-y-guitarra-en-el-paraninfo-de-la-ull-de-la-mano-de-duque-y-garcia\/#breadcrumb\",\"itemListElement\":[{\"@type\":\"ListItem\",\"position\":1,\"name\":\"Portada\",\"item\":\"https:\/\/www.ull.es\/portal\/noticias\/\"},{\"@type\":\"ListItem\",\"position\":2,\"name\":\"La fusi\u00f3n entre timple y guitarra, en el Paraninfo de la ULL de la mano de Duque y Garc\u00eda\"}]},{\"@type\":\"WebSite\",\"@id\":\"https:\/\/www.ull.es\/portal\/noticias\/#website\",\"url\":\"https:\/\/www.ull.es\/portal\/noticias\/\",\"name\":\"ULL - Noticias\",\"description\":\"\",\"potentialAction\":[{\"@type\":\"SearchAction\",\"target\":{\"@type\":\"EntryPoint\",\"urlTemplate\":\"https:\/\/www.ull.es\/portal\/noticias\/?s={search_term_string}\"},\"query-input\":\"required name=search_term_string\"}],\"inLanguage\":\"es\"},{\"@type\":\"Person\",\"@id\":\"https:\/\/www.ull.es\/portal\/noticias\/#\/schema\/person\/b2b1a89d43ffa609e591f7df8ef3e817\",\"name\":\"gaprsa\",\"image\":{\"@type\":\"ImageObject\",\"inLanguage\":\"es\",\"@id\":\"https:\/\/www.ull.es\/portal\/noticias\/#\/schema\/person\/image\/\",\"url\":\"https:\/\/secure.gravatar.com\/avatar\/443820550921091458b4823867723b3d?s=96&d=mm&r=g\",\"contentUrl\":\"https:\/\/secure.gravatar.com\/avatar\/443820550921091458b4823867723b3d?s=96&d=mm&r=g\",\"caption\":\"gaprsa\"},\"url\":\"https:\/\/www.ull.es\/portal\/noticias\/author\/gaprsa\/\"}]}<\/script>\n<!-- \/ Yoast SEO plugin. -->","yoast_head_json":{"title":"La fusi\u00f3n entre timple y guitarra, en el Paraninfo de la ULL de la mano de Duque y Garc\u00eda - ULL - Noticias","robots":{"index":"index","follow":"follow","max-snippet":"max-snippet:-1","max-image-preview":"max-image-preview:large","max-video-preview":"max-video-preview:-1"},"canonical":"https:\/\/www.ull.es\/portal\/noticias\/2021\/la-fusion-entre-timple-y-guitarra-en-el-paraninfo-de-la-ull-de-la-mano-de-duque-y-garcia\/","og_locale":"es_ES","og_type":"article","og_title":"La fusi\u00f3n entre timple y guitarra, en el Paraninfo de la ULL de la mano de Duque y Garc\u00eda - ULL - Noticias","og_description":"Dado el paralelismo existente en el origen y evoluci\u00f3n del timple y de la guitarra, los m\u00fasicos David Duque y...","og_url":"https:\/\/www.ull.es\/portal\/noticias\/2021\/la-fusion-entre-timple-y-guitarra-en-el-paraninfo-de-la-ull-de-la-mano-de-duque-y-garcia\/","og_site_name":"ULL - Noticias","article_publisher":"https:\/\/www.facebook.com\/universidaddelalaguna\/","article_published_time":"2021-07-08T11:04:03+00:00","article_modified_time":"2021-07-08T11:05:25+00:00","og_image":[{"width":700,"height":350,"url":"https:\/\/www.ull.es\/portal\/noticias\/wp-content\/uploads\/sites\/13\/2021\/07\/paraninfo-timple-y-guitarrra.jpg","type":"image\/jpeg"}],"author":"gaprsa","twitter_card":"summary_large_image","twitter_creator":"@CanalULL","twitter_site":"@CanalULL","twitter_misc":{"Escrito por":"gaprsa","Tiempo de lectura":"3 minutos"},"schema":{"@context":"https:\/\/schema.org","@graph":[{"@type":"WebPage","@id":"https:\/\/www.ull.es\/portal\/noticias\/2021\/la-fusion-entre-timple-y-guitarra-en-el-paraninfo-de-la-ull-de-la-mano-de-duque-y-garcia\/","url":"https:\/\/www.ull.es\/portal\/noticias\/2021\/la-fusion-entre-timple-y-guitarra-en-el-paraninfo-de-la-ull-de-la-mano-de-duque-y-garcia\/","name":"La fusi\u00f3n entre timple y guitarra, en el Paraninfo de la ULL de la mano de Duque y Garc\u00eda - ULL - Noticias","isPartOf":{"@id":"https:\/\/www.ull.es\/portal\/noticias\/#website"},"datePublished":"2021-07-08T11:04:03+00:00","dateModified":"2021-07-08T11:05:25+00:00","author":{"@id":"https:\/\/www.ull.es\/portal\/noticias\/#\/schema\/person\/b2b1a89d43ffa609e591f7df8ef3e817"},"breadcrumb":{"@id":"https:\/\/www.ull.es\/portal\/noticias\/2021\/la-fusion-entre-timple-y-guitarra-en-el-paraninfo-de-la-ull-de-la-mano-de-duque-y-garcia\/#breadcrumb"},"inLanguage":"es","potentialAction":[{"@type":"ReadAction","target":["https:\/\/www.ull.es\/portal\/noticias\/2021\/la-fusion-entre-timple-y-guitarra-en-el-paraninfo-de-la-ull-de-la-mano-de-duque-y-garcia\/"]}]},{"@type":"BreadcrumbList","@id":"https:\/\/www.ull.es\/portal\/noticias\/2021\/la-fusion-entre-timple-y-guitarra-en-el-paraninfo-de-la-ull-de-la-mano-de-duque-y-garcia\/#breadcrumb","itemListElement":[{"@type":"ListItem","position":1,"name":"Portada","item":"https:\/\/www.ull.es\/portal\/noticias\/"},{"@type":"ListItem","position":2,"name":"La fusi\u00f3n entre timple y guitarra, en el Paraninfo de la ULL de la mano de Duque y Garc\u00eda"}]},{"@type":"WebSite","@id":"https:\/\/www.ull.es\/portal\/noticias\/#website","url":"https:\/\/www.ull.es\/portal\/noticias\/","name":"ULL - Noticias","description":"","potentialAction":[{"@type":"SearchAction","target":{"@type":"EntryPoint","urlTemplate":"https:\/\/www.ull.es\/portal\/noticias\/?s={search_term_string}"},"query-input":"required name=search_term_string"}],"inLanguage":"es"},{"@type":"Person","@id":"https:\/\/www.ull.es\/portal\/noticias\/#\/schema\/person\/b2b1a89d43ffa609e591f7df8ef3e817","name":"gaprsa","image":{"@type":"ImageObject","inLanguage":"es","@id":"https:\/\/www.ull.es\/portal\/noticias\/#\/schema\/person\/image\/","url":"https:\/\/secure.gravatar.com\/avatar\/443820550921091458b4823867723b3d?s=96&d=mm&r=g","contentUrl":"https:\/\/secure.gravatar.com\/avatar\/443820550921091458b4823867723b3d?s=96&d=mm&r=g","caption":"gaprsa"},"url":"https:\/\/www.ull.es\/portal\/noticias\/author\/gaprsa\/"}]}},"primary_category":{"id":344,"name":"Cultura","slug":"cultura","link":"https:\/\/www.ull.es\/portal\/noticias\/category\/cultura\/"},"featured_image_thumbnail_url":"https:\/\/www.ull.es\/portal\/noticias\/wp-content\/uploads\/sites\/13\/2021\/07\/paraninfo-timple-y-guitarrra-300x150.jpg","_links":{"self":[{"href":"https:\/\/www.ull.es\/portal\/noticias\/wp-json\/wp\/v2\/posts\/57493"}],"collection":[{"href":"https:\/\/www.ull.es\/portal\/noticias\/wp-json\/wp\/v2\/posts"}],"about":[{"href":"https:\/\/www.ull.es\/portal\/noticias\/wp-json\/wp\/v2\/types\/post"}],"author":[{"embeddable":true,"href":"https:\/\/www.ull.es\/portal\/noticias\/wp-json\/wp\/v2\/users\/23"}],"replies":[{"embeddable":true,"href":"https:\/\/www.ull.es\/portal\/noticias\/wp-json\/wp\/v2\/comments?post=57493"}],"version-history":[{"count":1,"href":"https:\/\/www.ull.es\/portal\/noticias\/wp-json\/wp\/v2\/posts\/57493\/revisions"}],"predecessor-version":[{"id":57494,"href":"https:\/\/www.ull.es\/portal\/noticias\/wp-json\/wp\/v2\/posts\/57493\/revisions\/57494"}],"wp:featuredmedia":[{"embeddable":true,"href":"https:\/\/www.ull.es\/portal\/noticias\/wp-json\/wp\/v2\/media\/57495"}],"wp:attachment":[{"href":"https:\/\/www.ull.es\/portal\/noticias\/wp-json\/wp\/v2\/media?parent=57493"}],"wp:term":[{"taxonomy":"category","embeddable":true,"href":"https:\/\/www.ull.es\/portal\/noticias\/wp-json\/wp\/v2\/categories?post=57493"},{"taxonomy":"post_tag","embeddable":true,"href":"https:\/\/www.ull.es\/portal\/noticias\/wp-json\/wp\/v2\/tags?post=57493"}],"curies":[{"name":"wp","href":"https:\/\/api.w.org\/{rel}","templated":true}]}}