{"id":57557,"date":"2021-07-13T14:21:46","date_gmt":"2021-07-13T14:21:46","guid":{"rendered":"https:\/\/www.ull.es\/portal\/noticias\/?p=57557"},"modified":"2021-07-14T13:10:19","modified_gmt":"2021-07-14T13:10:19","slug":"publicacion-aportaciones-ull-ods","status":"publish","type":"post","link":"https:\/\/www.ull.es\/portal\/noticias\/2021\/publicacion-aportaciones-ull-ods\/","title":{"rendered":"La ULL recopila en una publicaci\u00f3n sus aportaciones para el logro de los Objetivos de Desarrollo Sostenible"},"content":{"rendered":"<p><iframe loading=\"lazy\" title=\"Presentaci\u00f3n del libro &quot;Las Universidades y la Implementaci\u00f3n de la Agenda 2030&quot;\" width=\"750\" height=\"422\" src=\"https:\/\/www.youtube.com\/embed\/WrMObNbmnVs?feature=oembed\" frameborder=\"0\" allow=\"accelerometer; autoplay; clipboard-write; encrypted-media; gyroscope; picture-in-picture\" allowfullscreen><\/iframe><\/p>\n<p>La Universidad de Laguna ha asumido los 17 Objetivos de Desarrollo Sostenible (ODS) propuestos por la ONU para su logro en 2030 y, por ello, desde hace varios cursos est\u00e1 desarrollando diferentes acciones para ponerlos en marcha desde diferentes \u00e1mbitos de la instituci\u00f3n. Adem\u00e1s, ha colaborado activamente en los procesos participativos que desde el Gobierno de Canarias se han llevado a cabo para redactar la Agenda Canaria de Desarrollo Sostenible, que ser\u00e1 presentad pr\u00f3ximamente. Esos esfuerzos institucionales han quedado reflejados en el libro \u201cLas Universidades y la Implementaci\u00f3n de la Agenda 2030. Aportaciones desde la Universidad de La Laguna\u201d, que ha sido presentado hoy, martes 13 de julio.<\/p>\n<p style=\"text-align: center;\"><a href=\"https:\/\/drive.google.com\/drive\/folders\/1iFurq3g7A8IrKy299Gr7bcFOLHvGx3Nr?usp=sharing\" target=\"_blank\" rel=\"noopener\" target=\"_blank\" rel=\"noopener\"><strong>Galer\u00eda de im\u00e1genes<\/strong><\/a><\/p>\n<p>El libro surgi\u00f3 partir de un informe breve que la rectora del centro acad\u00e9mico, Rosa Aguilar, encomend\u00f3 al vicerrector de Cultura y Participaci\u00f3n Social, Juan Albino M\u00e9ndez, sobre el estado de los ODS en la instituci\u00f3n. Al comenzar a recopilar datos para su elaboraci\u00f3n, pronto qued\u00f3 patente que la materia daba para un estudio con mayor enjundia y, por ello, se ha llegado a esta publicaci\u00f3n, en cuya elaboraci\u00f3n tambi\u00e9n ha participado el profesor del Departamento de Direcci\u00f3n de Empresas e Historia Econ\u00f3mica Manuel Gonz\u00e1lez de la Rosa, como primer autor, y el consultor Pedro Mart\u00edn Palmero.<\/p>\n<p>En el acto de presentaci\u00f3n han participado la rectora de la Universidad de La Laguna, Rosa Aguilar; el director general de Investigaci\u00f3n y Desarrollo Sostenible del Gobierno de Canarias, David Padr\u00f3n Marrero; el consejero insular del \u00c1rea de Desarrollo Sostenible y Lucha contra el Cambio Clim\u00e1tico, Javier Rodr\u00edguez Medina; as\u00ed como el vicerrector promotor del proyecto, Juan Albino M\u00e9ndez, y el autor principal, Manuel Gonz\u00e1lez de la Rosa.<\/p>\n<p>La rectora destac\u00f3 que el libro refleja lo que deber\u00eda ser la universidad 2030, una instituci\u00f3n que debe afrontar cambios sustanciales para segur realizado su tarea de docencia, investigaci\u00f3n y responsabilidad social de otra manera, m\u00e1s alineada con la Agenda 2030. Record\u00f3 c\u00f3mo el centro ha asumido los ODS y los ha incorporado a su pan de gobierno y, seguidamente, detall\u00f3 qu\u00e9 objetivos se podr\u00e1n alcanzar desde las tres grandes \u00e1reas de acci\u00f3n de la instituci\u00f3n acad\u00e9mica, con una docencia m\u00e1s personalizada y centrada en el estudiante que le permita adquirir valores y versatilidad, adem\u00e1s de los conocimientos propios de su titulaci\u00f3n; una investigaci\u00f3n multidisciplinar al servicio de la sociedad y la sostenibilidad; y una responsabilidad social centrada en la transparencia y la b\u00fasqueda de colaboraci\u00f3n con los diferentes agentes sociales.<\/p>\n<div id=\"attachment_57558\" style=\"width: 310px\" class=\"wp-caption alignleft\"><a href=\"https:\/\/www.ull.es\/portal\/noticias\/wp-content\/uploads\/sites\/13\/2021\/07\/Libro-Univ-y-ODS-23.jpg\" target=\"_blank\" rel=\"noopener\"><img aria-describedby=\"caption-attachment-57558\" decoding=\"async\" loading=\"lazy\" class=\"size-medium wp-image-57558\" src=\"https:\/\/www.ull.es\/portal\/noticias\/wp-content\/uploads\/sites\/13\/2021\/07\/Libro-Univ-y-ODS-23-300x200.jpg\" alt=\"De izquierda a derecha: Juan Albino Mendez, David Padr\u00f3n, Rosa Aguilar, Javier Rodr\u00edguez y Manuel Gonz\u00e1lez.\" width=\"300\" height=\"200\" srcset=\"https:\/\/www.ull.es\/portal\/noticias\/wp-content\/uploads\/sites\/13\/2021\/07\/Libro-Univ-y-ODS-23-300x200.jpg 300w, https:\/\/www.ull.es\/portal\/noticias\/wp-content\/uploads\/sites\/13\/2021\/07\/Libro-Univ-y-ODS-23-768x512.jpg 768w, https:\/\/www.ull.es\/portal\/noticias\/wp-content\/uploads\/sites\/13\/2021\/07\/Libro-Univ-y-ODS-23-375x250.jpg 375w, https:\/\/www.ull.es\/portal\/noticias\/wp-content\/uploads\/sites\/13\/2021\/07\/Libro-Univ-y-ODS-23-750x500.jpg 750w, https:\/\/www.ull.es\/portal\/noticias\/wp-content\/uploads\/sites\/13\/2021\/07\/Libro-Univ-y-ODS-23.jpg 1024w\" sizes=\"(max-width: 300px) 100vw, 300px\" \/><\/a><p id=\"caption-attachment-57558\" class=\"wp-caption-text\">De izquierda a derecha: Juan Albino Mendez, David Padr\u00f3n, Rosa Aguilar, Javier Rodr\u00edguez y Manuel Gonz\u00e1lez.<\/p>\n<div>Foto: Emeterio Su\u00e1rez (CC BY 3.0)<\/div>\n<p><\/p><\/div>\n<p>El director general de Investigaci\u00f3n y Desarrollo Sostenible del Gobierno de Canarias felicit\u00f3 a la Universidad de La Laguna por asumir su posici\u00f3n de liderazgo con los ODS y su colaboraci\u00f3n en la elaboraci\u00f3n de la Agenda Canaria de Desarrollo Sostenible, con especial relevancia en su trabajo para ayudar a definir los indicadores de evaluaci\u00f3n que se van a emplear. Sobre el proceso participativo que ha llevado a cabo la comunidad aut\u00f3noma para desarrollar ese documento, se\u00f1al\u00f3 que ha sido se\u00f1alado como una buena pr\u00e1ctica por la propia ONU por su esfuerzo por trasladar al \u00e1mbito regional los objetivos globales de la Agenda 2030. De hecho, el pr\u00f3ximo 15 de julio Canarias participar\u00e1 en el Foro Pol\u00edtico de Alto Nivel de la organizaci\u00f3n supranacional como representante de las comunidades aut\u00f3nomas espa\u00f1olas que han destacado en la implementaci\u00f3n e los ODS.<\/p>\n<p>El consejero insular del \u00c1rea de Desarrollo Sostenible y Lucha contra el Cambio Clim\u00e1tico tambi\u00e9n destac\u00f3 la colaboraci\u00f3n de la Universidad de La laguna con el Cabildo de Tenerife a trav\u00e9s de la C\u00e1tedra de Medio Ambiente y Desarrollo Sostenible que financia la corporaci\u00f3n insular. Resumi\u00f3 algunas acciones que desde su instituci\u00f3n se est\u00e1n afrontando relacionadas con los ODS, como la construcci\u00f3n de cinco grades depuradoras por m\u00e1s de 170 millones de euros, para afrontar el grave problema del agua en la isla; el esfuerzo en el reciclaje de las m\u00e1s de 580.000 toneladas de residuos que llegan anualmente al Complejo Ambiental de Arico; o el estudio el sistema energ\u00e9tico insular para evitar m\u00e1s apagones generales, en el cual tambi\u00e9n colabora el centro acad\u00e9mico.<\/p>\n<p><a href=\"https:\/\/www.ull.es\/portal\/noticias\/wp-content\/uploads\/sites\/13\/2021\/07\/Libro-Univ-y-ODS-06.jpg\" target=\"_blank\" rel=\"noopener\" target=\"_blank\" rel=\"noopener\"><img decoding=\"async\" loading=\"lazy\" class=\"alignright wp-image-57559 size-medium\" src=\"https:\/\/www.ull.es\/portal\/noticias\/wp-content\/uploads\/sites\/13\/2021\/07\/Libro-Univ-y-ODS-06-300x200.jpg\" alt=\"\" width=\"300\" height=\"200\" srcset=\"https:\/\/www.ull.es\/portal\/noticias\/wp-content\/uploads\/sites\/13\/2021\/07\/Libro-Univ-y-ODS-06-300x200.jpg 300w, https:\/\/www.ull.es\/portal\/noticias\/wp-content\/uploads\/sites\/13\/2021\/07\/Libro-Univ-y-ODS-06-768x512.jpg 768w, https:\/\/www.ull.es\/portal\/noticias\/wp-content\/uploads\/sites\/13\/2021\/07\/Libro-Univ-y-ODS-06-375x250.jpg 375w, https:\/\/www.ull.es\/portal\/noticias\/wp-content\/uploads\/sites\/13\/2021\/07\/Libro-Univ-y-ODS-06-750x500.jpg 750w, https:\/\/www.ull.es\/portal\/noticias\/wp-content\/uploads\/sites\/13\/2021\/07\/Libro-Univ-y-ODS-06.jpg 1024w\" sizes=\"(max-width: 300px) 100vw, 300px\" \/><\/a>El Vicerrector de Cultura y Participaci\u00f3n Social se refiri\u00f3 a los or\u00edgenes del libro y a que ha sido concebido de la manera m\u00e1s clara y sencilla posible para explicar las diferentes medidas que se proponen. Tambi\u00e9n se refiri\u00f3 que la publicaci\u00f3n surge como una m\u00e1s de las acciones sobre los ODS que ha afrontado la Universidad de La Laguna, que ir\u00e1n desarroll\u00e1ndose en cascada los pr\u00f3ximos mese. Entre ellas quiso destacar la puesta en marcha el pr\u00f3ximo curso del Curr\u00edculo Social del alumnado, un documento que adem\u00e1s de los logros acad\u00e9micos, refleje el compromiso con la sostenibilidad de cada estudiante, para asegurar que al llegar al mercado laboral tengan los ODS interiorizados.<\/p>\n<p>Finalmente, el profesor Manuel Gonz\u00e1lez de la Rosa se detuvo a analizar cada una de las tres partes que componen este volumen de 102 p\u00e1ginas que ser\u00e1 distribuido en abierto para facilitar su difusi\u00f3n y consulta: la primera se centra en los objetivos generales como pa\u00eds de la Agenda 2030, y enuncia los retos que deben asumirse para poner en marcha \u201cpol\u00edticas palanca\u201d que propicien la consecuci\u00f3n de los ODS: prevenci\u00f3n y lucha contra la pobreza y la exclusi\u00f3n social, pol\u00edticas de g\u00e9nero, digitalizaci\u00f3n y diversificaci\u00f3n productiva, energ\u00edas renovables, o la investigaci\u00f3n, ente otros. Adem\u00e1s, se proponen 200 medidas concretas para lograr esos prop\u00f3sitos.<\/p>\n<p>El segundo bloque del libro se refiere a la aportaci\u00f3n general que pueden hacer las universidades espa\u00f1olas en este \u00e1mbito, con recomendaciones dirigidas a \u00f3rganos como CRUE Universidades Espa\u00f1olas. Y, finalmente, el tercer apartado recopila las acciones sobre la Agenda 2030 que puede acometer o ya ha comenzado a realizar la Universidad de La Laguna, que ascienden a 120 propuestas.<\/p>\n<p>Descarga el libro <a href=\"https:\/\/riull.ull.es\/xmlui\/handle\/915\/24542\" target=\"_blank\" rel=\"noopener\" target=\"_blank\" rel=\"noopener\">\u201cLas Universidades y la Implementaci\u00f3n de la Agenda 2030. Aportaciones desde la Universidad de La Laguna\u201d<\/a><\/p>\n","protected":false},"excerpt":{"rendered":"<p>La Universidad de Laguna ha asumido los 17 Objetivos de Desarrollo Sostenible (ODS) propuestos por la ONU para su logro&#8230;<\/p>\n","protected":false},"author":21,"featured_media":57558,"comment_status":"closed","ping_status":"closed","sticky":false,"template":"","format":"image","meta":{"inline_featured_image":false,"footnotes":""},"categories":[5232,7088,345,348,2765,5606,352],"tags":[3693,665,3741,978,1376,7672,6549,1758,7671,4150,3672],"acf":[],"yoast_head":"<!-- This site is optimized with the Yoast SEO plugin v21.3 - https:\/\/yoast.com\/wordpress\/plugins\/seo\/ -->\n<title>La ULL recopila en un libro sus aportaciones para el logro de los ODS<\/title>\n<meta name=\"description\" content=\"\u201cLas Universidades y la Implementaci\u00f3n de la Agenda 2030. Aportaciones desde la Universidad de La Laguna\u201d fue presentado el 13 de julio.\" \/>\n<meta name=\"robots\" content=\"index, follow, max-snippet:-1, max-image-preview:large, max-video-preview:-1\" \/>\n<link rel=\"canonical\" href=\"https:\/\/www.ull.es\/portal\/noticias\/2021\/publicacion-aportaciones-ull-ods\/\" \/>\n<meta property=\"og:locale\" content=\"es_ES\" \/>\n<meta property=\"og:type\" content=\"article\" \/>\n<meta property=\"og:title\" content=\"La ULL recopila en un libro sus aportaciones para el logro de los ODS\" \/>\n<meta property=\"og:description\" content=\"\u201cLas Universidades y la Implementaci\u00f3n de la Agenda 2030. Aportaciones desde la Universidad de La Laguna\u201d fue presentado el 13 de julio.\" \/>\n<meta property=\"og:url\" content=\"https:\/\/www.ull.es\/portal\/noticias\/2021\/publicacion-aportaciones-ull-ods\/\" \/>\n<meta property=\"og:site_name\" content=\"ULL - Noticias\" \/>\n<meta property=\"article:publisher\" content=\"https:\/\/www.facebook.com\/universidaddelalaguna\/\" \/>\n<meta property=\"article:published_time\" content=\"2021-07-13T14:21:46+00:00\" \/>\n<meta property=\"article:modified_time\" content=\"2021-07-14T13:10:19+00:00\" \/>\n<meta property=\"og:image\" content=\"https:\/\/www.ull.es\/portal\/noticias\/wp-content\/uploads\/sites\/13\/2021\/07\/Libro-Univ-y-ODS-23.jpg\" \/>\n\t<meta property=\"og:image:width\" content=\"1024\" \/>\n\t<meta property=\"og:image:height\" content=\"683\" \/>\n\t<meta property=\"og:image:type\" content=\"image\/jpeg\" \/>\n<meta name=\"author\" content=\"prensa2\" \/>\n<meta name=\"twitter:card\" content=\"summary_large_image\" \/>\n<meta name=\"twitter:creator\" content=\"@CanalULL\" \/>\n<meta name=\"twitter:site\" content=\"@CanalULL\" \/>\n<meta name=\"twitter:label1\" content=\"Escrito por\" \/>\n\t<meta name=\"twitter:data1\" content=\"prensa2\" \/>\n\t<meta name=\"twitter:label2\" content=\"Tiempo de lectura\" \/>\n\t<meta name=\"twitter:data2\" content=\"5 minutos\" \/>\n<script type=\"application\/ld+json\" class=\"yoast-schema-graph\">{\"@context\":\"https:\/\/schema.org\",\"@graph\":[{\"@type\":\"WebPage\",\"@id\":\"https:\/\/www.ull.es\/portal\/noticias\/2021\/publicacion-aportaciones-ull-ods\/\",\"url\":\"https:\/\/www.ull.es\/portal\/noticias\/2021\/publicacion-aportaciones-ull-ods\/\",\"name\":\"La ULL recopila en un libro sus aportaciones para el logro de los ODS\",\"isPartOf\":{\"@id\":\"https:\/\/www.ull.es\/portal\/noticias\/#website\"},\"datePublished\":\"2021-07-13T14:21:46+00:00\",\"dateModified\":\"2021-07-14T13:10:19+00:00\",\"author\":{\"@id\":\"https:\/\/www.ull.es\/portal\/noticias\/#\/schema\/person\/c3b2aa857797592927a03740d6664376\"},\"description\":\"\u201cLas Universidades y la Implementaci\u00f3n de la Agenda 2030. Aportaciones desde la Universidad de La Laguna\u201d fue presentado el 13 de julio.\",\"breadcrumb\":{\"@id\":\"https:\/\/www.ull.es\/portal\/noticias\/2021\/publicacion-aportaciones-ull-ods\/#breadcrumb\"},\"inLanguage\":\"es\",\"potentialAction\":[{\"@type\":\"ReadAction\",\"target\":[\"https:\/\/www.ull.es\/portal\/noticias\/2021\/publicacion-aportaciones-ull-ods\/\"]}]},{\"@type\":\"BreadcrumbList\",\"@id\":\"https:\/\/www.ull.es\/portal\/noticias\/2021\/publicacion-aportaciones-ull-ods\/#breadcrumb\",\"itemListElement\":[{\"@type\":\"ListItem\",\"position\":1,\"name\":\"Portada\",\"item\":\"https:\/\/www.ull.es\/portal\/noticias\/\"},{\"@type\":\"ListItem\",\"position\":2,\"name\":\"La ULL recopila en una publicaci\u00f3n sus aportaciones para el logro de los Objetivos de Desarrollo Sostenible\"}]},{\"@type\":\"WebSite\",\"@id\":\"https:\/\/www.ull.es\/portal\/noticias\/#website\",\"url\":\"https:\/\/www.ull.es\/portal\/noticias\/\",\"name\":\"ULL - Noticias\",\"description\":\"\",\"potentialAction\":[{\"@type\":\"SearchAction\",\"target\":{\"@type\":\"EntryPoint\",\"urlTemplate\":\"https:\/\/www.ull.es\/portal\/noticias\/?s={search_term_string}\"},\"query-input\":\"required name=search_term_string\"}],\"inLanguage\":\"es\"},{\"@type\":\"Person\",\"@id\":\"https:\/\/www.ull.es\/portal\/noticias\/#\/schema\/person\/c3b2aa857797592927a03740d6664376\",\"name\":\"prensa2\",\"image\":{\"@type\":\"ImageObject\",\"inLanguage\":\"es\",\"@id\":\"https:\/\/www.ull.es\/portal\/noticias\/#\/schema\/person\/image\/\",\"url\":\"https:\/\/secure.gravatar.com\/avatar\/b58f310a5de5feb33d1e026d2493f23c?s=96&d=mm&r=g\",\"contentUrl\":\"https:\/\/secure.gravatar.com\/avatar\/b58f310a5de5feb33d1e026d2493f23c?s=96&d=mm&r=g\",\"caption\":\"prensa2\"},\"url\":\"https:\/\/www.ull.es\/portal\/noticias\/author\/prensa2\/\"}]}<\/script>\n<!-- \/ Yoast SEO plugin. -->","yoast_head_json":{"title":"La ULL recopila en un libro sus aportaciones para el logro de los ODS","description":"\u201cLas Universidades y la Implementaci\u00f3n de la Agenda 2030. Aportaciones desde la Universidad de La Laguna\u201d fue presentado el 13 de julio.","robots":{"index":"index","follow":"follow","max-snippet":"max-snippet:-1","max-image-preview":"max-image-preview:large","max-video-preview":"max-video-preview:-1"},"canonical":"https:\/\/www.ull.es\/portal\/noticias\/2021\/publicacion-aportaciones-ull-ods\/","og_locale":"es_ES","og_type":"article","og_title":"La ULL recopila en un libro sus aportaciones para el logro de los ODS","og_description":"\u201cLas Universidades y la Implementaci\u00f3n de la Agenda 2030. Aportaciones desde la Universidad de La Laguna\u201d fue presentado el 13 de julio.","og_url":"https:\/\/www.ull.es\/portal\/noticias\/2021\/publicacion-aportaciones-ull-ods\/","og_site_name":"ULL - Noticias","article_publisher":"https:\/\/www.facebook.com\/universidaddelalaguna\/","article_published_time":"2021-07-13T14:21:46+00:00","article_modified_time":"2021-07-14T13:10:19+00:00","og_image":[{"width":1024,"height":683,"url":"https:\/\/www.ull.es\/portal\/noticias\/wp-content\/uploads\/sites\/13\/2021\/07\/Libro-Univ-y-ODS-23.jpg","type":"image\/jpeg"}],"author":"prensa2","twitter_card":"summary_large_image","twitter_creator":"@CanalULL","twitter_site":"@CanalULL","twitter_misc":{"Escrito por":"prensa2","Tiempo de lectura":"5 minutos"},"schema":{"@context":"https:\/\/schema.org","@graph":[{"@type":"WebPage","@id":"https:\/\/www.ull.es\/portal\/noticias\/2021\/publicacion-aportaciones-ull-ods\/","url":"https:\/\/www.ull.es\/portal\/noticias\/2021\/publicacion-aportaciones-ull-ods\/","name":"La ULL recopila en un libro sus aportaciones para el logro de los ODS","isPartOf":{"@id":"https:\/\/www.ull.es\/portal\/noticias\/#website"},"datePublished":"2021-07-13T14:21:46+00:00","dateModified":"2021-07-14T13:10:19+00:00","author":{"@id":"https:\/\/www.ull.es\/portal\/noticias\/#\/schema\/person\/c3b2aa857797592927a03740d6664376"},"description":"\u201cLas Universidades y la Implementaci\u00f3n de la Agenda 2030. Aportaciones desde la Universidad de La Laguna\u201d fue presentado el 13 de julio.","breadcrumb":{"@id":"https:\/\/www.ull.es\/portal\/noticias\/2021\/publicacion-aportaciones-ull-ods\/#breadcrumb"},"inLanguage":"es","potentialAction":[{"@type":"ReadAction","target":["https:\/\/www.ull.es\/portal\/noticias\/2021\/publicacion-aportaciones-ull-ods\/"]}]},{"@type":"BreadcrumbList","@id":"https:\/\/www.ull.es\/portal\/noticias\/2021\/publicacion-aportaciones-ull-ods\/#breadcrumb","itemListElement":[{"@type":"ListItem","position":1,"name":"Portada","item":"https:\/\/www.ull.es\/portal\/noticias\/"},{"@type":"ListItem","position":2,"name":"La ULL recopila en una publicaci\u00f3n sus aportaciones para el logro de los Objetivos de Desarrollo Sostenible"}]},{"@type":"WebSite","@id":"https:\/\/www.ull.es\/portal\/noticias\/#website","url":"https:\/\/www.ull.es\/portal\/noticias\/","name":"ULL - Noticias","description":"","potentialAction":[{"@type":"SearchAction","target":{"@type":"EntryPoint","urlTemplate":"https:\/\/www.ull.es\/portal\/noticias\/?s={search_term_string}"},"query-input":"required name=search_term_string"}],"inLanguage":"es"},{"@type":"Person","@id":"https:\/\/www.ull.es\/portal\/noticias\/#\/schema\/person\/c3b2aa857797592927a03740d6664376","name":"prensa2","image":{"@type":"ImageObject","inLanguage":"es","@id":"https:\/\/www.ull.es\/portal\/noticias\/#\/schema\/person\/image\/","url":"https:\/\/secure.gravatar.com\/avatar\/b58f310a5de5feb33d1e026d2493f23c?s=96&d=mm&r=g","contentUrl":"https:\/\/secure.gravatar.com\/avatar\/b58f310a5de5feb33d1e026d2493f23c?s=96&d=mm&r=g","caption":"prensa2"},"url":"https:\/\/www.ull.es\/portal\/noticias\/author\/prensa2\/"}]}},"primary_category":{"id":345,"name":"Destacado","slug":"destacado","link":"https:\/\/www.ull.es\/portal\/noticias\/category\/destacado\/"},"featured_image_thumbnail_url":"https:\/\/www.ull.es\/portal\/noticias\/wp-content\/uploads\/sites\/13\/2021\/07\/Libro-Univ-y-ODS-23-300x200.jpg","_links":{"self":[{"href":"https:\/\/www.ull.es\/portal\/noticias\/wp-json\/wp\/v2\/posts\/57557"}],"collection":[{"href":"https:\/\/www.ull.es\/portal\/noticias\/wp-json\/wp\/v2\/posts"}],"about":[{"href":"https:\/\/www.ull.es\/portal\/noticias\/wp-json\/wp\/v2\/types\/post"}],"author":[{"embeddable":true,"href":"https:\/\/www.ull.es\/portal\/noticias\/wp-json\/wp\/v2\/users\/21"}],"replies":[{"embeddable":true,"href":"https:\/\/www.ull.es\/portal\/noticias\/wp-json\/wp\/v2\/comments?post=57557"}],"version-history":[{"count":9,"href":"https:\/\/www.ull.es\/portal\/noticias\/wp-json\/wp\/v2\/posts\/57557\/revisions"}],"predecessor-version":[{"id":57583,"href":"https:\/\/www.ull.es\/portal\/noticias\/wp-json\/wp\/v2\/posts\/57557\/revisions\/57583"}],"wp:featuredmedia":[{"embeddable":true,"href":"https:\/\/www.ull.es\/portal\/noticias\/wp-json\/wp\/v2\/media\/57558"}],"wp:attachment":[{"href":"https:\/\/www.ull.es\/portal\/noticias\/wp-json\/wp\/v2\/media?parent=57557"}],"wp:term":[{"taxonomy":"category","embeddable":true,"href":"https:\/\/www.ull.es\/portal\/noticias\/wp-json\/wp\/v2\/categories?post=57557"},{"taxonomy":"post_tag","embeddable":true,"href":"https:\/\/www.ull.es\/portal\/noticias\/wp-json\/wp\/v2\/tags?post=57557"}],"curies":[{"name":"wp","href":"https:\/\/api.w.org\/{rel}","templated":true}]}}