{"id":57571,"date":"2021-07-14T09:25:40","date_gmt":"2021-07-14T09:25:40","guid":{"rendered":"https:\/\/www.ull.es\/portal\/noticias\/?p=57571"},"modified":"2021-07-14T09:26:27","modified_gmt":"2021-07-14T09:26:27","slug":"ull-diseno-para-innovacion-sostenible","status":"publish","type":"post","link":"https:\/\/www.ull.es\/portal\/noticias\/2021\/ull-diseno-para-innovacion-sostenible\/","title":{"rendered":"La ULL ratifica la importancia del dise\u00f1o como base para la innovaci\u00f3n y motor de soluciones sostenibles"},"content":{"rendered":"<p><span style=\"font-weight: 400\">La Universidad de La Laguna ha reunido en tres jornadas a m\u00e1s de un centenar de personas interesadas en implementar, incrementar y optimizar las posibilidades que ofrece el dise\u00f1o para mejorar las iniciativas de econom\u00eda circular. Las charlas y ponencias confirmaron la importancia del dise\u00f1o como piedra angular sobre la que puede basarse la innovaci\u00f3n en una estrategia que tenga por objetivo reducir tanto la entrada de materiales v\u00edrgenes como la producci\u00f3n de desechos. La conclusi\u00f3n es que hay aportaciones fundamentales que pueden hacerse desde el dise\u00f1o para cerrar los flujos econ\u00f3micos y ecol\u00f3gicos de los recursos, de tal manera que los productos est\u00e9n dise\u00f1ados para circular con alta calidad en el sistema de producci\u00f3n, con bajo coste medioambiental, y sin que reviertan negativamente a la biosfera.<\/span><\/p>\n<p><span style=\"font-weight: 400\">Las jornadas, que fueron inauguradas por el vicerrector de Investigaci\u00f3n, Transferencia y Campus Santa Cruz y Sur de la Universidad de La Laguna, Ernesto Pereda; y la consejera t\u00e9cnica de la Subdirecci\u00f3n de Residuos del Ministerio de Transici\u00f3n Ecol\u00f3gica y Reto Demogr\u00e1fico, Carmen Dur\u00e1n fueron impartidas tanto por componentes del grupo de Investigaci\u00f3n e Innovaci\u00f3n en Dise\u00f1o de la Universidad de La Laguna, como por doctorandas y doctorandos cuyas tesis est\u00e1n dirigidas por personal investigador de dicho grupo.\u00a0\u00a0<\/span><\/p>\n<p><span style=\"font-weight: 400\">El marco general de las pol\u00edticas de sostenibilidad y econom\u00eda circular, fueron los asuntos que centraron la conferencia del profesor Bernardo Candela, quien destac\u00f3 la importancia del dise\u00f1o en sus m\u00faltiples facetas, no solo en la creaci\u00f3n de nuevos productos sino en la de ser un agente de soluciones sostenibles o un motor de innovaci\u00f3n en s\u00ed mismo. Por su parte, el doctor Carlos Jim\u00e9nez disert\u00f3 sobre los sistemas socioecol\u00f3gicos para la circularidad de la materia org\u00e1nica donde la biodegradabilidad, el compostaje, la gesti\u00f3n descentralizada y el \u00e1mbito comunitario, toman protagonismo. Se dieron a conocer ejemplos de proyectos piloto como <\/span><i><span style=\"font-weight: 400\">Campustaje <\/span><\/i><span style=\"font-weight: 400\">y <\/span><i><span style=\"font-weight: 400\">Comunidades Circulares<\/span><\/i><span style=\"font-weight: 400\">, dise\u00f1ados desde una perspectiva comunitaria para resolver problemas complejos a trav\u00e9s de la gesti\u00f3n descentralizada y colaborativa de los residuos org\u00e1nicos.<\/span><\/p>\n<p><span style=\"font-weight: 400\">La estrecha relaci\u00f3n entre dise\u00f1o e innovaci\u00f3n y las estrategias con las que las empresas, no solo del sector tur\u00edstico, pueden alcanzar cotas altas de generaci\u00f3n de valor; adem\u00e1s de la gran variedad tipol\u00f3gica y de materiales utilizados para los envases, centraron las charlas de los profesores Alfonso Ruiz Rallo y Alfredo Rivero respectivamente, en las que mostraron numerosos ejemplos de envases fabricados con materiales biobasados y biopol\u00edmeros, al igual que las oportunidades que presentan los <\/span><i><span style=\"font-weight: 400\">souvenirs sostenibles<\/span><\/i><span style=\"font-weight: 400\">.<\/span><\/p>\n<p><span style=\"font-weight: 400\">Las nuevas ideas, y proyectos del personal investigador que est\u00e1 trabajando su tesis doctoral en la Universidad de La Laguna centraron las intervenciones de la \u00faltima jornada. En ella intervinieron Ver\u00f3nica Gonz\u00e1lez, con una presentaci\u00f3n denominada <\/span><i><span style=\"font-weight: 400\">Dise\u00f1o para las econom\u00edas circulares insulares<\/span><\/i><span style=\"font-weight: 400\">; Arianna M\u00aa Fanio con <\/span><i><span style=\"font-weight: 400\">Mapeo de laboratorios makers en Canarias<\/span><\/i><span style=\"font-weight: 400\">; Sergio Fern\u00e1ndez Monta\u00f1ez-Madan con <\/span><i><span style=\"font-weight: 400\">Evoluci\u00f3n, estado actual y perspectivas del dise\u00f1o en la prensa tinerfe\u00f1a<\/span><\/i><span style=\"font-weight: 400\">;\u00a0 Alicia Morales Pereyra-Garc\u00eda con <\/span><i><span style=\"font-weight: 400\">El territorio como aula viva de aprendizaje<\/span><\/i><span style=\"font-weight: 400\">; Antoni Ma\u00f1ach\u00a0 con <\/span><i><span style=\"font-weight: 400\">C\u00f3digos Deontol\u00f3gicos de Dise\u00f1o<\/span><\/i><span style=\"font-weight: 400\">; y Marco Antonio Toledo con <\/span><i><span style=\"font-weight: 400\">Dise\u00f1o y an\u00e1lisis metodol\u00f3gico para el desarrollo de material para acondicionamiento ac\u00fastico eficaz basado en especies invasoras y elementos reciclados.\u00a0<\/span><\/i><\/p>\n<p><span style=\"font-weight: 400\">Las jornadas han sido organizadas por el centro CIDE de la Fundaci\u00f3n General Universidad de La Laguna junto con el grupo de Investigaci\u00f3n e Innovaci\u00f3n en Dise\u00f1o de la Universidad de La Laguna. La Red CIDE es una iniciativa de la Consejer\u00eda de Econom\u00eda, Conocimiento y Empleo del Gobierno de Canarias, impulsada a trav\u00e9s de la Agencia Canaria de Investigaci\u00f3n, Innovaci\u00f3n y Sociedad de la Informaci\u00f3n (ACIISI), y cofinanciada por el Fondo Europeo de Desarrollo Regional, con una tasa de cofinanciaci\u00f3n del 85% en el marco del Programa Operativo FEDER Canarias 2014-2020\u201d<\/span><\/p>\n","protected":false},"excerpt":{"rendered":"<p>La Universidad de La Laguna ha reunido en tres jornadas a m\u00e1s de un centenar de personas interesadas en implementar,&#8230;<\/p>\n","protected":false},"author":21,"featured_media":57572,"comment_status":"closed","ping_status":"closed","sticky":false,"template":"","format":"standard","meta":{"inline_featured_image":false,"footnotes":""},"categories":[345,346,2765],"tags":[5292,3023,1082,5293],"acf":[],"yoast_head":"<!-- This site is optimized with the Yoast SEO plugin v21.3 - https:\/\/yoast.com\/wordpress\/plugins\/seo\/ -->\n<title>La ULL reivindica el dise\u00f1o como motor de soluciones sostenibles<\/title>\n<meta name=\"description\" content=\"Unas jornadas reunieron un centenar de personas interesadas en optimizar las posibilidades del dise\u00f1o para mejorar la econom\u00eda circular.\" \/>\n<meta name=\"robots\" content=\"index, follow, max-snippet:-1, max-image-preview:large, max-video-preview:-1\" \/>\n<link rel=\"canonical\" href=\"https:\/\/www.ull.es\/portal\/noticias\/2021\/ull-diseno-para-innovacion-sostenible\/\" \/>\n<meta property=\"og:locale\" content=\"es_ES\" \/>\n<meta property=\"og:type\" content=\"article\" \/>\n<meta property=\"og:title\" content=\"La ULL reivindica el dise\u00f1o como motor de soluciones sostenibles\" \/>\n<meta property=\"og:description\" content=\"Unas jornadas reunieron un centenar de personas interesadas en optimizar las posibilidades del dise\u00f1o para mejorar la econom\u00eda circular.\" \/>\n<meta property=\"og:url\" content=\"https:\/\/www.ull.es\/portal\/noticias\/2021\/ull-diseno-para-innovacion-sostenible\/\" \/>\n<meta property=\"og:site_name\" content=\"ULL - Noticias\" \/>\n<meta property=\"article:publisher\" content=\"https:\/\/www.facebook.com\/universidaddelalaguna\/\" \/>\n<meta property=\"article:published_time\" content=\"2021-07-14T09:25:40+00:00\" \/>\n<meta property=\"article:modified_time\" content=\"2021-07-14T09:26:27+00:00\" \/>\n<meta property=\"og:image\" content=\"https:\/\/www.ull.es\/portal\/noticias\/wp-content\/uploads\/sites\/13\/2021\/07\/curso-diseno-economia-circular.jpeg\" \/>\n\t<meta property=\"og:image:width\" content=\"1200\" \/>\n\t<meta property=\"og:image:height\" content=\"675\" \/>\n\t<meta property=\"og:image:type\" content=\"image\/jpeg\" \/>\n<meta name=\"author\" content=\"prensa2\" \/>\n<meta name=\"twitter:card\" content=\"summary_large_image\" \/>\n<meta name=\"twitter:creator\" content=\"@CanalULL\" \/>\n<meta name=\"twitter:site\" content=\"@CanalULL\" \/>\n<meta name=\"twitter:label1\" content=\"Escrito por\" \/>\n\t<meta name=\"twitter:data1\" content=\"prensa2\" \/>\n\t<meta name=\"twitter:label2\" content=\"Tiempo de lectura\" \/>\n\t<meta name=\"twitter:data2\" content=\"3 minutos\" \/>\n<script type=\"application\/ld+json\" class=\"yoast-schema-graph\">{\"@context\":\"https:\/\/schema.org\",\"@graph\":[{\"@type\":\"WebPage\",\"@id\":\"https:\/\/www.ull.es\/portal\/noticias\/2021\/ull-diseno-para-innovacion-sostenible\/\",\"url\":\"https:\/\/www.ull.es\/portal\/noticias\/2021\/ull-diseno-para-innovacion-sostenible\/\",\"name\":\"La ULL reivindica el dise\u00f1o como motor de soluciones sostenibles\",\"isPartOf\":{\"@id\":\"https:\/\/www.ull.es\/portal\/noticias\/#website\"},\"datePublished\":\"2021-07-14T09:25:40+00:00\",\"dateModified\":\"2021-07-14T09:26:27+00:00\",\"author\":{\"@id\":\"https:\/\/www.ull.es\/portal\/noticias\/#\/schema\/person\/c3b2aa857797592927a03740d6664376\"},\"description\":\"Unas jornadas reunieron un centenar de personas interesadas en optimizar las posibilidades del dise\u00f1o para mejorar la econom\u00eda circular.\",\"breadcrumb\":{\"@id\":\"https:\/\/www.ull.es\/portal\/noticias\/2021\/ull-diseno-para-innovacion-sostenible\/#breadcrumb\"},\"inLanguage\":\"es\",\"potentialAction\":[{\"@type\":\"ReadAction\",\"target\":[\"https:\/\/www.ull.es\/portal\/noticias\/2021\/ull-diseno-para-innovacion-sostenible\/\"]}]},{\"@type\":\"BreadcrumbList\",\"@id\":\"https:\/\/www.ull.es\/portal\/noticias\/2021\/ull-diseno-para-innovacion-sostenible\/#breadcrumb\",\"itemListElement\":[{\"@type\":\"ListItem\",\"position\":1,\"name\":\"Portada\",\"item\":\"https:\/\/www.ull.es\/portal\/noticias\/\"},{\"@type\":\"ListItem\",\"position\":2,\"name\":\"La ULL ratifica la importancia del dise\u00f1o como base para la innovaci\u00f3n y motor de soluciones sostenibles\"}]},{\"@type\":\"WebSite\",\"@id\":\"https:\/\/www.ull.es\/portal\/noticias\/#website\",\"url\":\"https:\/\/www.ull.es\/portal\/noticias\/\",\"name\":\"ULL - Noticias\",\"description\":\"\",\"potentialAction\":[{\"@type\":\"SearchAction\",\"target\":{\"@type\":\"EntryPoint\",\"urlTemplate\":\"https:\/\/www.ull.es\/portal\/noticias\/?s={search_term_string}\"},\"query-input\":\"required name=search_term_string\"}],\"inLanguage\":\"es\"},{\"@type\":\"Person\",\"@id\":\"https:\/\/www.ull.es\/portal\/noticias\/#\/schema\/person\/c3b2aa857797592927a03740d6664376\",\"name\":\"prensa2\",\"image\":{\"@type\":\"ImageObject\",\"inLanguage\":\"es\",\"@id\":\"https:\/\/www.ull.es\/portal\/noticias\/#\/schema\/person\/image\/\",\"url\":\"https:\/\/secure.gravatar.com\/avatar\/b58f310a5de5feb33d1e026d2493f23c?s=96&d=mm&r=g\",\"contentUrl\":\"https:\/\/secure.gravatar.com\/avatar\/b58f310a5de5feb33d1e026d2493f23c?s=96&d=mm&r=g\",\"caption\":\"prensa2\"},\"url\":\"https:\/\/www.ull.es\/portal\/noticias\/author\/prensa2\/\"}]}<\/script>\n<!-- \/ Yoast SEO plugin. -->","yoast_head_json":{"title":"La ULL reivindica el dise\u00f1o como motor de soluciones sostenibles","description":"Unas jornadas reunieron un centenar de personas interesadas en optimizar las posibilidades del dise\u00f1o para mejorar la econom\u00eda circular.","robots":{"index":"index","follow":"follow","max-snippet":"max-snippet:-1","max-image-preview":"max-image-preview:large","max-video-preview":"max-video-preview:-1"},"canonical":"https:\/\/www.ull.es\/portal\/noticias\/2021\/ull-diseno-para-innovacion-sostenible\/","og_locale":"es_ES","og_type":"article","og_title":"La ULL reivindica el dise\u00f1o como motor de soluciones sostenibles","og_description":"Unas jornadas reunieron un centenar de personas interesadas en optimizar las posibilidades del dise\u00f1o para mejorar la econom\u00eda circular.","og_url":"https:\/\/www.ull.es\/portal\/noticias\/2021\/ull-diseno-para-innovacion-sostenible\/","og_site_name":"ULL - Noticias","article_publisher":"https:\/\/www.facebook.com\/universidaddelalaguna\/","article_published_time":"2021-07-14T09:25:40+00:00","article_modified_time":"2021-07-14T09:26:27+00:00","og_image":[{"width":1200,"height":675,"url":"https:\/\/www.ull.es\/portal\/noticias\/wp-content\/uploads\/sites\/13\/2021\/07\/curso-diseno-economia-circular.jpeg","type":"image\/jpeg"}],"author":"prensa2","twitter_card":"summary_large_image","twitter_creator":"@CanalULL","twitter_site":"@CanalULL","twitter_misc":{"Escrito por":"prensa2","Tiempo de lectura":"3 minutos"},"schema":{"@context":"https:\/\/schema.org","@graph":[{"@type":"WebPage","@id":"https:\/\/www.ull.es\/portal\/noticias\/2021\/ull-diseno-para-innovacion-sostenible\/","url":"https:\/\/www.ull.es\/portal\/noticias\/2021\/ull-diseno-para-innovacion-sostenible\/","name":"La ULL reivindica el dise\u00f1o como motor de soluciones sostenibles","isPartOf":{"@id":"https:\/\/www.ull.es\/portal\/noticias\/#website"},"datePublished":"2021-07-14T09:25:40+00:00","dateModified":"2021-07-14T09:26:27+00:00","author":{"@id":"https:\/\/www.ull.es\/portal\/noticias\/#\/schema\/person\/c3b2aa857797592927a03740d6664376"},"description":"Unas jornadas reunieron un centenar de personas interesadas en optimizar las posibilidades del dise\u00f1o para mejorar la econom\u00eda circular.","breadcrumb":{"@id":"https:\/\/www.ull.es\/portal\/noticias\/2021\/ull-diseno-para-innovacion-sostenible\/#breadcrumb"},"inLanguage":"es","potentialAction":[{"@type":"ReadAction","target":["https:\/\/www.ull.es\/portal\/noticias\/2021\/ull-diseno-para-innovacion-sostenible\/"]}]},{"@type":"BreadcrumbList","@id":"https:\/\/www.ull.es\/portal\/noticias\/2021\/ull-diseno-para-innovacion-sostenible\/#breadcrumb","itemListElement":[{"@type":"ListItem","position":1,"name":"Portada","item":"https:\/\/www.ull.es\/portal\/noticias\/"},{"@type":"ListItem","position":2,"name":"La ULL ratifica la importancia del dise\u00f1o como base para la innovaci\u00f3n y motor de soluciones sostenibles"}]},{"@type":"WebSite","@id":"https:\/\/www.ull.es\/portal\/noticias\/#website","url":"https:\/\/www.ull.es\/portal\/noticias\/","name":"ULL - Noticias","description":"","potentialAction":[{"@type":"SearchAction","target":{"@type":"EntryPoint","urlTemplate":"https:\/\/www.ull.es\/portal\/noticias\/?s={search_term_string}"},"query-input":"required name=search_term_string"}],"inLanguage":"es"},{"@type":"Person","@id":"https:\/\/www.ull.es\/portal\/noticias\/#\/schema\/person\/c3b2aa857797592927a03740d6664376","name":"prensa2","image":{"@type":"ImageObject","inLanguage":"es","@id":"https:\/\/www.ull.es\/portal\/noticias\/#\/schema\/person\/image\/","url":"https:\/\/secure.gravatar.com\/avatar\/b58f310a5de5feb33d1e026d2493f23c?s=96&d=mm&r=g","contentUrl":"https:\/\/secure.gravatar.com\/avatar\/b58f310a5de5feb33d1e026d2493f23c?s=96&d=mm&r=g","caption":"prensa2"},"url":"https:\/\/www.ull.es\/portal\/noticias\/author\/prensa2\/"}]}},"primary_category":{"id":345,"name":"Destacado","slug":"destacado","link":"https:\/\/www.ull.es\/portal\/noticias\/category\/destacado\/"},"featured_image_thumbnail_url":"https:\/\/www.ull.es\/portal\/noticias\/wp-content\/uploads\/sites\/13\/2021\/07\/curso-diseno-economia-circular-300x169.jpeg","_links":{"self":[{"href":"https:\/\/www.ull.es\/portal\/noticias\/wp-json\/wp\/v2\/posts\/57571"}],"collection":[{"href":"https:\/\/www.ull.es\/portal\/noticias\/wp-json\/wp\/v2\/posts"}],"about":[{"href":"https:\/\/www.ull.es\/portal\/noticias\/wp-json\/wp\/v2\/types\/post"}],"author":[{"embeddable":true,"href":"https:\/\/www.ull.es\/portal\/noticias\/wp-json\/wp\/v2\/users\/21"}],"replies":[{"embeddable":true,"href":"https:\/\/www.ull.es\/portal\/noticias\/wp-json\/wp\/v2\/comments?post=57571"}],"version-history":[{"count":1,"href":"https:\/\/www.ull.es\/portal\/noticias\/wp-json\/wp\/v2\/posts\/57571\/revisions"}],"predecessor-version":[{"id":57573,"href":"https:\/\/www.ull.es\/portal\/noticias\/wp-json\/wp\/v2\/posts\/57571\/revisions\/57573"}],"wp:featuredmedia":[{"embeddable":true,"href":"https:\/\/www.ull.es\/portal\/noticias\/wp-json\/wp\/v2\/media\/57572"}],"wp:attachment":[{"href":"https:\/\/www.ull.es\/portal\/noticias\/wp-json\/wp\/v2\/media?parent=57571"}],"wp:term":[{"taxonomy":"category","embeddable":true,"href":"https:\/\/www.ull.es\/portal\/noticias\/wp-json\/wp\/v2\/categories?post=57571"},{"taxonomy":"post_tag","embeddable":true,"href":"https:\/\/www.ull.es\/portal\/noticias\/wp-json\/wp\/v2\/tags?post=57571"}],"curies":[{"name":"wp","href":"https:\/\/api.w.org\/{rel}","templated":true}]}}