{"id":57624,"date":"2021-07-16T13:19:28","date_gmt":"2021-07-16T13:19:28","guid":{"rendered":"https:\/\/www.ull.es\/portal\/noticias\/?p=57624"},"modified":"2021-07-16T13:19:28","modified_gmt":"2021-07-16T13:19:28","slug":"arranca-la-universidad-de-verano-de-adeje-con-un-alegato-de-elsa-punset-sobre-el-optimismo-y-las-emociones","status":"publish","type":"post","link":"https:\/\/www.ull.es\/portal\/noticias\/2021\/arranca-la-universidad-de-verano-de-adeje-con-un-alegato-de-elsa-punset-sobre-el-optimismo-y-las-emociones\/","title":{"rendered":"Arranca la Universidad de Verano de Adeje con un alegato de Elsa Punset sobre el optimismo y las emociones\u00a0"},"content":{"rendered":"<p>La voz de la soprano china Sally-Li abri\u00f3 hoy viernes 16 de julio una nueva edici\u00f3n de la Universidad de Verano de Adeje, la propuesta formativa estival m\u00e1s potente de la Universidad de La Laguna, en colaboraci\u00f3n con el ayuntamiento del sur de la isla. \u201cEsta iniciativa responde a la necesidad de generar espacios de encuentro y reflexi\u00f3n sobre temas de plena actualidad\u201d, asever\u00f3 el alcalde del municipio, Jos\u00e9 Miguel Rodr\u00edguez Fraga, para quien la pluralidad y la convivencia son elementos esenciales, dijo, al tiempo que alab\u00f3 el papel del centro acad\u00e9mico en la producci\u00f3n de conocimiento nuevo y su traslaci\u00f3n a la sociedad. La escritora y divulgadora Elsa Punset fue la encargada de dictar la sesi\u00f3n inaugural, centrada en el cuidado de las emociones como parte de nuestra inteligencia y en la defensa del optimismo como forma de vida.<\/p>\n<p>El alcalde apunt\u00f3 que la pandemia no solo ha tenido severos efectos econ\u00f3micos, sino que tambi\u00e9n ha afectado enormemente a las personas y a su bienestar mental. Nuevamente de la mano de la Universidad de La Laguna, la corporaci\u00f3n municipal est\u00e1 ultimando un plan de acci\u00f3n con la Facultad de Psicolog\u00eda y Logopedia para atender a los colectivos m\u00e1s vulnerables.<\/p>\n<p>\u00c1nimo, esperanza y compromiso, destac\u00f3 Rodr\u00edguez Fraga, como elementos necesarios para superar esta situaci\u00f3n, al tiempo que agradeci\u00f3 a los patrocinadores el apoyo a la Universidad de Verano de Adeje, que retoma su actividad en una combinaci\u00f3n de cursos online y talleres presenciales, despu\u00e9s de un a\u00f1o de suspensi\u00f3n por la pandemia.<\/p>\n<p>La rectora, por su parte, se\u00f1al\u00f3 que la Covid-19 nos ha hecho m\u00e1s resistentes y adaptables, \u201chemos conseguido no parar y cumplir con nuestros objetivos acad\u00e9micos y cient\u00edficos\u201d. El trabajo en equipo y la colaboraci\u00f3n institucional, apunt\u00f3, cobran todo su sentido en estos momentos, para destacar el apoyo de Adeje en distintas vertientes, dado que, por ejemplo, este es el segundo a\u00f1o en el que las pruebas de acceso a la universidad tienen tambi\u00e9n sede en este municipio.<\/p>\n<p>Rosa Aguilar indic\u00f3 que esta crisis ha supuesto un claro avance en la transformaci\u00f3n digital de las organizaciones. \u201cEl futuro ser\u00e1 un futuro formativo mixto, con gran apoyo tutorial, para poder afrontar un mercado laboral marcado por la incertidumbre\u201d. Queremos profesionales \u00edntegros, alienados con los Objetivos de Desarrollo Sostenible, sostuvo la rectora. \u201cEstos cursos entroncan perfectamente con este esp\u00edritu\u201d. La reutilizaci\u00f3n de los residuos agrarios, el envejecimiento saludable, la lucha contra la violencia de g\u00e9nero o el uso de las energ\u00edas renovables fueron algunos ejemplos propuestos por la rectora.<\/p>\n<p><strong><img decoding=\"async\" loading=\"lazy\" class=\"alignleft size-medium wp-image-57627\" src=\"https:\/\/www.ull.es\/portal\/noticias\/wp-content\/uploads\/sites\/13\/2021\/07\/ADEJE_punset-300x200.jpg\" alt=\"\" width=\"300\" height=\"200\" srcset=\"https:\/\/www.ull.es\/portal\/noticias\/wp-content\/uploads\/sites\/13\/2021\/07\/ADEJE_punset-300x200.jpg 300w, https:\/\/www.ull.es\/portal\/noticias\/wp-content\/uploads\/sites\/13\/2021\/07\/ADEJE_punset-1024x682.jpg 1024w, https:\/\/www.ull.es\/portal\/noticias\/wp-content\/uploads\/sites\/13\/2021\/07\/ADEJE_punset-768x512.jpg 768w, https:\/\/www.ull.es\/portal\/noticias\/wp-content\/uploads\/sites\/13\/2021\/07\/ADEJE_punset-1536x1023.jpg 1536w, https:\/\/www.ull.es\/portal\/noticias\/wp-content\/uploads\/sites\/13\/2021\/07\/ADEJE_punset-375x250.jpg 375w, https:\/\/www.ull.es\/portal\/noticias\/wp-content\/uploads\/sites\/13\/2021\/07\/ADEJE_punset-750x500.jpg 750w, https:\/\/www.ull.es\/portal\/noticias\/wp-content\/uploads\/sites\/13\/2021\/07\/ADEJE_punset-1140x760.jpg 1140w, https:\/\/www.ull.es\/portal\/noticias\/wp-content\/uploads\/sites\/13\/2021\/07\/ADEJE_punset.jpg 1600w\" sizes=\"(max-width: 300px) 100vw, 300px\" \/>Punset y las emociones<\/strong><\/p>\n<p>Vivimos en un mundo en completo cambio y es dif\u00edcil adaptarse a ello. \u201cY muchos de nosotros queremos colaborar en la reconstrucci\u00f3n de esta crisis, a la vez que tenemos miedo ante este nuevo escenario\u201d, destac\u00f3 la ponente, quien relat\u00f3 que solemos tener una percepci\u00f3n distinta a c\u00f3mo son las cosas en la realidad. Desde hace siglos, el mundo mejora en muchos aspectos, de hecho, se\u00f1al\u00f3, estos son los 25 a\u00f1os m\u00e1s privilegiados de la humanidad. Por eso la escritora se pregunt\u00f3 por qu\u00e9 nos cuesta ver la realidad tal y como es, a lo que se respondi\u00f3 que nuestro cerebro est\u00e1 muy adaptado a ciertos h\u00e1bitos.<\/p>\n<p>La inteligencia emocional es una nueva forma de describir el cerebro humano, en el que los circuitos emocionales y racionales est\u00e1n \u00edntimamente conectados. \u201cPor fin nos hemos dado cuenta de que las emociones no son una cosa banal, sino que forman parte de nuestra inteligencia y debemos aprender a gestionarlas\u201d. Nacemos con ella, s\u00ed, pero tambi\u00e9n aprendemos a desarrollarla, asegur\u00f3 la ponente, en respuesta a las preguntas formuladas por internet de los seguidores de la conferencia, que b\u00e1sicamente se centr\u00f3 en un di\u00e1logo con ellos.<\/p>\n<p>Nacer optimista es una suerte, pero tambi\u00e9n se puede entrenar este don, dijo. De hecho, asever\u00f3 que podemos aprender a ser m\u00e1s optimistas, m\u00e1s serenos y m\u00e1s compasivos. \u201cEl optimismo tiene muy mala prensa, se ve como algo fantasioso\u201d, dijo, cuando resulta que es el motor de muchas cosas. \u201cDebemos entrenar al cerebro para recordar las cosas que nos hacen felices\u201d. Punset record\u00f3 el optimismo extremo en el que viv\u00eda su padre, el gran divulgador cient\u00edfico, quien en su opini\u00f3n viv\u00eda cada momento cotidiano como si fuera \u00fanico e irrepetible.<\/p>\n<p>La pandemia ha puesto sobre la picota nuestra desconexi\u00f3n con el mundo natural, y mucha gente se est\u00e1 planteando c\u00f3mo formular su vida, introduciendo cambios, expuso la escritora. Necesitamos cuidar tambi\u00e9n nuestra salud mental, destac\u00f3 Punset, quien en otra pregunta afirm\u00f3 que la visita regular al psic\u00f3logo puede ser un elemento enriquecedor como una forma de cuidado habitual.<\/p>\n","protected":false},"excerpt":{"rendered":"<p>La voz de la soprano china Sally-Li abri\u00f3 hoy viernes 16 de julio una nueva edici\u00f3n de la Universidad de&#8230;<\/p>\n","protected":false},"author":23,"featured_media":57628,"comment_status":"closed","ping_status":"closed","sticky":false,"template":"","format":"standard","meta":{"inline_featured_image":false,"footnotes":""},"categories":[344,345,2765],"tags":[7580,2574],"acf":[],"yoast_head":"<!-- This site is optimized with the Yoast SEO plugin v21.3 - https:\/\/yoast.com\/wordpress\/plugins\/seo\/ -->\n<title>Arranca la Universidad de Verano de Adeje con un alegato de Elsa Punset sobre el optimismo y las emociones\u00a0 - ULL - Noticias<\/title>\n<meta name=\"robots\" content=\"index, follow, max-snippet:-1, max-image-preview:large, max-video-preview:-1\" \/>\n<link rel=\"canonical\" href=\"https:\/\/www.ull.es\/portal\/noticias\/2021\/arranca-la-universidad-de-verano-de-adeje-con-un-alegato-de-elsa-punset-sobre-el-optimismo-y-las-emociones\/\" \/>\n<meta property=\"og:locale\" content=\"es_ES\" \/>\n<meta property=\"og:type\" content=\"article\" \/>\n<meta property=\"og:title\" content=\"Arranca la Universidad de Verano de Adeje con un alegato de Elsa Punset sobre el optimismo y las emociones\u00a0 - ULL - Noticias\" \/>\n<meta property=\"og:description\" content=\"La voz de la soprano china Sally-Li abri\u00f3 hoy viernes 16 de julio una nueva edici\u00f3n de la Universidad de...\" \/>\n<meta property=\"og:url\" content=\"https:\/\/www.ull.es\/portal\/noticias\/2021\/arranca-la-universidad-de-verano-de-adeje-con-un-alegato-de-elsa-punset-sobre-el-optimismo-y-las-emociones\/\" \/>\n<meta property=\"og:site_name\" content=\"ULL - Noticias\" \/>\n<meta property=\"article:publisher\" content=\"https:\/\/www.facebook.com\/universidaddelalaguna\/\" \/>\n<meta property=\"article:published_time\" content=\"2021-07-16T13:19:28+00:00\" \/>\n<meta property=\"og:image\" content=\"https:\/\/www.ull.es\/portal\/noticias\/wp-content\/uploads\/sites\/13\/2021\/07\/ADEJE_inauguracion.jpg\" \/>\n\t<meta property=\"og:image:width\" content=\"1600\" \/>\n\t<meta property=\"og:image:height\" content=\"1066\" \/>\n\t<meta property=\"og:image:type\" content=\"image\/jpeg\" \/>\n<meta name=\"author\" content=\"gaprsa\" \/>\n<meta name=\"twitter:card\" content=\"summary_large_image\" \/>\n<meta name=\"twitter:creator\" content=\"@CanalULL\" \/>\n<meta name=\"twitter:site\" content=\"@CanalULL\" \/>\n<meta name=\"twitter:label1\" content=\"Escrito por\" \/>\n\t<meta name=\"twitter:data1\" content=\"gaprsa\" \/>\n\t<meta name=\"twitter:label2\" content=\"Tiempo de lectura\" \/>\n\t<meta name=\"twitter:data2\" content=\"4 minutos\" \/>\n<script type=\"application\/ld+json\" class=\"yoast-schema-graph\">{\"@context\":\"https:\/\/schema.org\",\"@graph\":[{\"@type\":\"WebPage\",\"@id\":\"https:\/\/www.ull.es\/portal\/noticias\/2021\/arranca-la-universidad-de-verano-de-adeje-con-un-alegato-de-elsa-punset-sobre-el-optimismo-y-las-emociones\/\",\"url\":\"https:\/\/www.ull.es\/portal\/noticias\/2021\/arranca-la-universidad-de-verano-de-adeje-con-un-alegato-de-elsa-punset-sobre-el-optimismo-y-las-emociones\/\",\"name\":\"Arranca la Universidad de Verano de Adeje con un alegato de Elsa Punset sobre el optimismo y las emociones\u00a0 - ULL - Noticias\",\"isPartOf\":{\"@id\":\"https:\/\/www.ull.es\/portal\/noticias\/#website\"},\"datePublished\":\"2021-07-16T13:19:28+00:00\",\"dateModified\":\"2021-07-16T13:19:28+00:00\",\"author\":{\"@id\":\"https:\/\/www.ull.es\/portal\/noticias\/#\/schema\/person\/b2b1a89d43ffa609e591f7df8ef3e817\"},\"breadcrumb\":{\"@id\":\"https:\/\/www.ull.es\/portal\/noticias\/2021\/arranca-la-universidad-de-verano-de-adeje-con-un-alegato-de-elsa-punset-sobre-el-optimismo-y-las-emociones\/#breadcrumb\"},\"inLanguage\":\"es\",\"potentialAction\":[{\"@type\":\"ReadAction\",\"target\":[\"https:\/\/www.ull.es\/portal\/noticias\/2021\/arranca-la-universidad-de-verano-de-adeje-con-un-alegato-de-elsa-punset-sobre-el-optimismo-y-las-emociones\/\"]}]},{\"@type\":\"BreadcrumbList\",\"@id\":\"https:\/\/www.ull.es\/portal\/noticias\/2021\/arranca-la-universidad-de-verano-de-adeje-con-un-alegato-de-elsa-punset-sobre-el-optimismo-y-las-emociones\/#breadcrumb\",\"itemListElement\":[{\"@type\":\"ListItem\",\"position\":1,\"name\":\"Portada\",\"item\":\"https:\/\/www.ull.es\/portal\/noticias\/\"},{\"@type\":\"ListItem\",\"position\":2,\"name\":\"Arranca la Universidad de Verano de Adeje con un alegato de Elsa Punset sobre el optimismo y las emociones\u00a0\"}]},{\"@type\":\"WebSite\",\"@id\":\"https:\/\/www.ull.es\/portal\/noticias\/#website\",\"url\":\"https:\/\/www.ull.es\/portal\/noticias\/\",\"name\":\"ULL - Noticias\",\"description\":\"\",\"potentialAction\":[{\"@type\":\"SearchAction\",\"target\":{\"@type\":\"EntryPoint\",\"urlTemplate\":\"https:\/\/www.ull.es\/portal\/noticias\/?s={search_term_string}\"},\"query-input\":\"required name=search_term_string\"}],\"inLanguage\":\"es\"},{\"@type\":\"Person\",\"@id\":\"https:\/\/www.ull.es\/portal\/noticias\/#\/schema\/person\/b2b1a89d43ffa609e591f7df8ef3e817\",\"name\":\"gaprsa\",\"image\":{\"@type\":\"ImageObject\",\"inLanguage\":\"es\",\"@id\":\"https:\/\/www.ull.es\/portal\/noticias\/#\/schema\/person\/image\/\",\"url\":\"https:\/\/secure.gravatar.com\/avatar\/443820550921091458b4823867723b3d?s=96&d=mm&r=g\",\"contentUrl\":\"https:\/\/secure.gravatar.com\/avatar\/443820550921091458b4823867723b3d?s=96&d=mm&r=g\",\"caption\":\"gaprsa\"},\"url\":\"https:\/\/www.ull.es\/portal\/noticias\/author\/gaprsa\/\"}]}<\/script>\n<!-- \/ Yoast SEO plugin. -->","yoast_head_json":{"title":"Arranca la Universidad de Verano de Adeje con un alegato de Elsa Punset sobre el optimismo y las emociones\u00a0 - ULL - Noticias","robots":{"index":"index","follow":"follow","max-snippet":"max-snippet:-1","max-image-preview":"max-image-preview:large","max-video-preview":"max-video-preview:-1"},"canonical":"https:\/\/www.ull.es\/portal\/noticias\/2021\/arranca-la-universidad-de-verano-de-adeje-con-un-alegato-de-elsa-punset-sobre-el-optimismo-y-las-emociones\/","og_locale":"es_ES","og_type":"article","og_title":"Arranca la Universidad de Verano de Adeje con un alegato de Elsa Punset sobre el optimismo y las emociones\u00a0 - ULL - Noticias","og_description":"La voz de la soprano china Sally-Li abri\u00f3 hoy viernes 16 de julio una nueva edici\u00f3n de la Universidad de...","og_url":"https:\/\/www.ull.es\/portal\/noticias\/2021\/arranca-la-universidad-de-verano-de-adeje-con-un-alegato-de-elsa-punset-sobre-el-optimismo-y-las-emociones\/","og_site_name":"ULL - Noticias","article_publisher":"https:\/\/www.facebook.com\/universidaddelalaguna\/","article_published_time":"2021-07-16T13:19:28+00:00","og_image":[{"width":1600,"height":1066,"url":"https:\/\/www.ull.es\/portal\/noticias\/wp-content\/uploads\/sites\/13\/2021\/07\/ADEJE_inauguracion.jpg","type":"image\/jpeg"}],"author":"gaprsa","twitter_card":"summary_large_image","twitter_creator":"@CanalULL","twitter_site":"@CanalULL","twitter_misc":{"Escrito por":"gaprsa","Tiempo de lectura":"4 minutos"},"schema":{"@context":"https:\/\/schema.org","@graph":[{"@type":"WebPage","@id":"https:\/\/www.ull.es\/portal\/noticias\/2021\/arranca-la-universidad-de-verano-de-adeje-con-un-alegato-de-elsa-punset-sobre-el-optimismo-y-las-emociones\/","url":"https:\/\/www.ull.es\/portal\/noticias\/2021\/arranca-la-universidad-de-verano-de-adeje-con-un-alegato-de-elsa-punset-sobre-el-optimismo-y-las-emociones\/","name":"Arranca la Universidad de Verano de Adeje con un alegato de Elsa Punset sobre el optimismo y las emociones\u00a0 - ULL - Noticias","isPartOf":{"@id":"https:\/\/www.ull.es\/portal\/noticias\/#website"},"datePublished":"2021-07-16T13:19:28+00:00","dateModified":"2021-07-16T13:19:28+00:00","author":{"@id":"https:\/\/www.ull.es\/portal\/noticias\/#\/schema\/person\/b2b1a89d43ffa609e591f7df8ef3e817"},"breadcrumb":{"@id":"https:\/\/www.ull.es\/portal\/noticias\/2021\/arranca-la-universidad-de-verano-de-adeje-con-un-alegato-de-elsa-punset-sobre-el-optimismo-y-las-emociones\/#breadcrumb"},"inLanguage":"es","potentialAction":[{"@type":"ReadAction","target":["https:\/\/www.ull.es\/portal\/noticias\/2021\/arranca-la-universidad-de-verano-de-adeje-con-un-alegato-de-elsa-punset-sobre-el-optimismo-y-las-emociones\/"]}]},{"@type":"BreadcrumbList","@id":"https:\/\/www.ull.es\/portal\/noticias\/2021\/arranca-la-universidad-de-verano-de-adeje-con-un-alegato-de-elsa-punset-sobre-el-optimismo-y-las-emociones\/#breadcrumb","itemListElement":[{"@type":"ListItem","position":1,"name":"Portada","item":"https:\/\/www.ull.es\/portal\/noticias\/"},{"@type":"ListItem","position":2,"name":"Arranca la Universidad de Verano de Adeje con un alegato de Elsa Punset sobre el optimismo y las emociones\u00a0"}]},{"@type":"WebSite","@id":"https:\/\/www.ull.es\/portal\/noticias\/#website","url":"https:\/\/www.ull.es\/portal\/noticias\/","name":"ULL - Noticias","description":"","potentialAction":[{"@type":"SearchAction","target":{"@type":"EntryPoint","urlTemplate":"https:\/\/www.ull.es\/portal\/noticias\/?s={search_term_string}"},"query-input":"required name=search_term_string"}],"inLanguage":"es"},{"@type":"Person","@id":"https:\/\/www.ull.es\/portal\/noticias\/#\/schema\/person\/b2b1a89d43ffa609e591f7df8ef3e817","name":"gaprsa","image":{"@type":"ImageObject","inLanguage":"es","@id":"https:\/\/www.ull.es\/portal\/noticias\/#\/schema\/person\/image\/","url":"https:\/\/secure.gravatar.com\/avatar\/443820550921091458b4823867723b3d?s=96&d=mm&r=g","contentUrl":"https:\/\/secure.gravatar.com\/avatar\/443820550921091458b4823867723b3d?s=96&d=mm&r=g","caption":"gaprsa"},"url":"https:\/\/www.ull.es\/portal\/noticias\/author\/gaprsa\/"}]}},"primary_category":{"id":344,"name":"Cultura","slug":"cultura","link":"https:\/\/www.ull.es\/portal\/noticias\/category\/cultura\/"},"featured_image_thumbnail_url":"https:\/\/www.ull.es\/portal\/noticias\/wp-content\/uploads\/sites\/13\/2021\/07\/ADEJE_inauguracion-300x200.jpg","_links":{"self":[{"href":"https:\/\/www.ull.es\/portal\/noticias\/wp-json\/wp\/v2\/posts\/57624"}],"collection":[{"href":"https:\/\/www.ull.es\/portal\/noticias\/wp-json\/wp\/v2\/posts"}],"about":[{"href":"https:\/\/www.ull.es\/portal\/noticias\/wp-json\/wp\/v2\/types\/post"}],"author":[{"embeddable":true,"href":"https:\/\/www.ull.es\/portal\/noticias\/wp-json\/wp\/v2\/users\/23"}],"replies":[{"embeddable":true,"href":"https:\/\/www.ull.es\/portal\/noticias\/wp-json\/wp\/v2\/comments?post=57624"}],"version-history":[{"count":2,"href":"https:\/\/www.ull.es\/portal\/noticias\/wp-json\/wp\/v2\/posts\/57624\/revisions"}],"predecessor-version":[{"id":57630,"href":"https:\/\/www.ull.es\/portal\/noticias\/wp-json\/wp\/v2\/posts\/57624\/revisions\/57630"}],"wp:featuredmedia":[{"embeddable":true,"href":"https:\/\/www.ull.es\/portal\/noticias\/wp-json\/wp\/v2\/media\/57628"}],"wp:attachment":[{"href":"https:\/\/www.ull.es\/portal\/noticias\/wp-json\/wp\/v2\/media?parent=57624"}],"wp:term":[{"taxonomy":"category","embeddable":true,"href":"https:\/\/www.ull.es\/portal\/noticias\/wp-json\/wp\/v2\/categories?post=57624"},{"taxonomy":"post_tag","embeddable":true,"href":"https:\/\/www.ull.es\/portal\/noticias\/wp-json\/wp\/v2\/tags?post=57624"}],"curies":[{"name":"wp","href":"https:\/\/api.w.org\/{rel}","templated":true}]}}