{"id":57671,"date":"2021-07-20T10:20:59","date_gmt":"2021-07-20T10:20:59","guid":{"rendered":"https:\/\/www.ull.es\/portal\/noticias\/?p=57671"},"modified":"2021-07-20T10:20:59","modified_gmt":"2021-07-20T10:20:59","slug":"un-curso-de-la-universidad-de-verano-de-adeje-vincula-la-creatividad-con-la-neurociencia","status":"publish","type":"post","link":"https:\/\/www.ull.es\/portal\/noticias\/2021\/un-curso-de-la-universidad-de-verano-de-adeje-vincula-la-creatividad-con-la-neurociencia\/","title":{"rendered":"Un curso de la Universidad de Verano de Adeje vincula la creatividad con la neurociencia"},"content":{"rendered":"<p>La doctora Almudena Gonz\u00e1lez Brito es la responsable del curso de la Universidad de Verano de Adeje sobre creatividad en la m\u00fasica, la danza y el audiovisual desde un punto de vista multidisciplinar. Esta experta violonchelista tiene un doble perfil acad\u00e9mico: por un lado, imparte docencia en Historia del Arte y, por otro, es investigadora en el Laboratorio de Neuroqu\u00edmica y Neuroimagen de la Universidad de La Laguna, dirigido por el catedr\u00e1tico Jos\u00e9 Luis Gonz\u00e1lez Mora.\u00a0Y precisamente esa dualidad la hace acreedora para ofrecer una propuesta formativa en la que conecta el proceso creativo con la neurociencia, para averiguar de qu\u00e9 modo influye en nuestro cerebro la percepci\u00f3n que tenemos de la creaci\u00f3n en el \u00e1mbito de las artes.<\/p>\n<p>En su tesis doctoral sobre el violonchelo en la m\u00fasica contempor\u00e1nea, realiz\u00f3 un estudio sobre la musicolog\u00eda carnal en ese instrumento, es decir, el proceso cinest\u00e9sico para analizar las sensaciones corp\u00f3reas que tienen los instrumentistas o los bailarines a la hora de interpretar, y que en este caso se lleva al instrumento de cuerda estudiado.\u00a0Gonz\u00e1lez Brito explica que la neurociencia permite valorar estas sensaciones a trav\u00e9s de t\u00e9cnicas como la resonancia magn\u00e9tica o la electroencefalograf\u00eda. As\u00ed, con estudios experimentales podemos ver el reflejo que tienen las respuestas cerebrales de los individuos. \u201cLas m\u00e1s comunes son la conexi\u00f3n auditiva-motora que se deriva de la ejecuci\u00f3n del movimiento en la interpretaci\u00f3n musical, y tambi\u00e9n la parte emocional tanto de la interpretaci\u00f3n como de la escucha musical, la cognici\u00f3n o la familiaridad musical\u201d, apunta.<\/p>\n<p>La music\u00f3loga se adentra as\u00ed en la neuroest\u00e9tica, la parte que conecta el conocimiento de historia del arte con la neurocienica. En la Universidad de Verano de Adeje, en el curso que comienza hoy mismo, 20 de julio, tratar\u00e1 de desenmara\u00f1ar el concepto de creatividad, que tiene mucho de abstracto, desde dos perspectivas: por un lado, desde la parte art\u00edstica y creativa respecto a la danza, la m\u00fasica y el audiovisual y, por otro, desde la parte cient\u00edfica, a trav\u00e9s de dos neurocient\u00edficos para averiguar c\u00f3mo se produce el proceso creativo, su percepci\u00f3n y aplicaci\u00f3n en las tres disciplinas art\u00edsticas que analizan.<\/p>\n<p>Contar\u00e1 para ello con destacados creadores como Jos\u00e9 Manuel L\u00f3pez L\u00f3pez, compositor de larga trayectoria y muy interesado en la f\u00edsica de part\u00edculas; Pau Pascual, realizador y creador de audiovisuales, especializado en el videoclip; y Trinidad Gil, pedagoga de la danza. En la parte neurocient\u00edfica figurar\u00e1n Juli\u00e1n Gonz\u00e1lez Gonz\u00e1lez, catedr\u00e1tico em\u00e9rito de esta universidad y el doctor Cristi\u00e1n Modro\u00f1o, matem\u00e1tico y especialista en neuroimagen.\u00a0La directora del curso asegura que no hace falta ning\u00fan conocimiento previo sobre creatividad para acercarse a esta propuesta, y que la idea es que la persona interesada en esta iniciativa pueda aplicar los conocimientos que adquiera en su relaci\u00f3n habitual con el arte.<\/p>\n<p>El punto base de todo ello est\u00e1 la emoci\u00f3n, que va de la mano de la creatividad, y tambi\u00e9n la motivaci\u00f3n. La emoci\u00f3n est\u00e1 muy conectada con el aprendizaje, con la familiaridad con el arte para percibirlo de una manera u otra, si estamos acostumbrados o no para disfrutar de las creaciones art\u00edsticas. \u201cVamos a ofrecer mucha informaci\u00f3n a trav\u00e9s del aula virtual, para el que quiera conocer m\u00e1s pueda hacerlo, ser\u00e1 una herramienta de trabajo complementaria donde podamos interactuar con los alumnos,\u201d asegura. Entre el alumnado figuran algunos m\u00fasicos, aunque espera que el p\u00fablico sea lo m\u00e1s heterog\u00e9neo posible; \u201ccuanta mayor heterogeneidad m\u00e1s interesante ser\u00e1\u201d, concluye.<\/p>\n<p>&nbsp;<\/p>\n","protected":false},"excerpt":{"rendered":"<p>La doctora Almudena Gonz\u00e1lez Brito es la responsable del curso de la Universidad de Verano de Adeje sobre creatividad en&#8230;<\/p>\n","protected":false},"author":23,"featured_media":57673,"comment_status":"closed","ping_status":"closed","sticky":false,"template":"","format":"standard","meta":{"inline_featured_image":false,"footnotes":""},"categories":[344,345,2765],"tags":[7688,5807,1968],"acf":[],"yoast_head":"<!-- This site is optimized with the Yoast SEO plugin v21.3 - https:\/\/yoast.com\/wordpress\/plugins\/seo\/ -->\n<title>Un curso de la Universidad de Verano de Adeje vincula la creatividad con la neurociencia - ULL - Noticias<\/title>\n<meta name=\"robots\" content=\"index, follow, max-snippet:-1, max-image-preview:large, max-video-preview:-1\" \/>\n<link rel=\"canonical\" href=\"https:\/\/www.ull.es\/portal\/noticias\/2021\/un-curso-de-la-universidad-de-verano-de-adeje-vincula-la-creatividad-con-la-neurociencia\/\" \/>\n<meta property=\"og:locale\" content=\"es_ES\" \/>\n<meta property=\"og:type\" content=\"article\" \/>\n<meta property=\"og:title\" content=\"Un curso de la Universidad de Verano de Adeje vincula la creatividad con la neurociencia - ULL - Noticias\" \/>\n<meta property=\"og:description\" content=\"La doctora Almudena Gonz\u00e1lez Brito es la responsable del curso de la Universidad de Verano de Adeje sobre creatividad en...\" \/>\n<meta property=\"og:url\" content=\"https:\/\/www.ull.es\/portal\/noticias\/2021\/un-curso-de-la-universidad-de-verano-de-adeje-vincula-la-creatividad-con-la-neurociencia\/\" \/>\n<meta property=\"og:site_name\" content=\"ULL - Noticias\" \/>\n<meta property=\"article:publisher\" content=\"https:\/\/www.facebook.com\/universidaddelalaguna\/\" \/>\n<meta property=\"article:published_time\" content=\"2021-07-20T10:20:59+00:00\" \/>\n<meta property=\"og:image\" content=\"https:\/\/www.ull.es\/portal\/noticias\/wp-content\/uploads\/sites\/13\/2021\/07\/universidad-verano-adeje-almudena-gonzalez-creatividad-artistica.jpg\" \/>\n\t<meta property=\"og:image:width\" content=\"1200\" \/>\n\t<meta property=\"og:image:height\" content=\"800\" \/>\n\t<meta property=\"og:image:type\" content=\"image\/jpeg\" \/>\n<meta name=\"author\" content=\"gaprsa\" \/>\n<meta name=\"twitter:card\" content=\"summary_large_image\" \/>\n<meta name=\"twitter:creator\" content=\"@CanalULL\" \/>\n<meta name=\"twitter:site\" content=\"@CanalULL\" \/>\n<meta name=\"twitter:label1\" content=\"Escrito por\" \/>\n\t<meta name=\"twitter:data1\" content=\"gaprsa\" \/>\n\t<meta name=\"twitter:label2\" content=\"Tiempo de lectura\" \/>\n\t<meta name=\"twitter:data2\" content=\"3 minutos\" \/>\n<script type=\"application\/ld+json\" class=\"yoast-schema-graph\">{\"@context\":\"https:\/\/schema.org\",\"@graph\":[{\"@type\":\"WebPage\",\"@id\":\"https:\/\/www.ull.es\/portal\/noticias\/2021\/un-curso-de-la-universidad-de-verano-de-adeje-vincula-la-creatividad-con-la-neurociencia\/\",\"url\":\"https:\/\/www.ull.es\/portal\/noticias\/2021\/un-curso-de-la-universidad-de-verano-de-adeje-vincula-la-creatividad-con-la-neurociencia\/\",\"name\":\"Un curso de la Universidad de Verano de Adeje vincula la creatividad con la neurociencia - ULL - Noticias\",\"isPartOf\":{\"@id\":\"https:\/\/www.ull.es\/portal\/noticias\/#website\"},\"datePublished\":\"2021-07-20T10:20:59+00:00\",\"dateModified\":\"2021-07-20T10:20:59+00:00\",\"author\":{\"@id\":\"https:\/\/www.ull.es\/portal\/noticias\/#\/schema\/person\/b2b1a89d43ffa609e591f7df8ef3e817\"},\"breadcrumb\":{\"@id\":\"https:\/\/www.ull.es\/portal\/noticias\/2021\/un-curso-de-la-universidad-de-verano-de-adeje-vincula-la-creatividad-con-la-neurociencia\/#breadcrumb\"},\"inLanguage\":\"es\",\"potentialAction\":[{\"@type\":\"ReadAction\",\"target\":[\"https:\/\/www.ull.es\/portal\/noticias\/2021\/un-curso-de-la-universidad-de-verano-de-adeje-vincula-la-creatividad-con-la-neurociencia\/\"]}]},{\"@type\":\"BreadcrumbList\",\"@id\":\"https:\/\/www.ull.es\/portal\/noticias\/2021\/un-curso-de-la-universidad-de-verano-de-adeje-vincula-la-creatividad-con-la-neurociencia\/#breadcrumb\",\"itemListElement\":[{\"@type\":\"ListItem\",\"position\":1,\"name\":\"Portada\",\"item\":\"https:\/\/www.ull.es\/portal\/noticias\/\"},{\"@type\":\"ListItem\",\"position\":2,\"name\":\"Un curso de la Universidad de Verano de Adeje vincula la creatividad con la neurociencia\"}]},{\"@type\":\"WebSite\",\"@id\":\"https:\/\/www.ull.es\/portal\/noticias\/#website\",\"url\":\"https:\/\/www.ull.es\/portal\/noticias\/\",\"name\":\"ULL - Noticias\",\"description\":\"\",\"potentialAction\":[{\"@type\":\"SearchAction\",\"target\":{\"@type\":\"EntryPoint\",\"urlTemplate\":\"https:\/\/www.ull.es\/portal\/noticias\/?s={search_term_string}\"},\"query-input\":\"required name=search_term_string\"}],\"inLanguage\":\"es\"},{\"@type\":\"Person\",\"@id\":\"https:\/\/www.ull.es\/portal\/noticias\/#\/schema\/person\/b2b1a89d43ffa609e591f7df8ef3e817\",\"name\":\"gaprsa\",\"image\":{\"@type\":\"ImageObject\",\"inLanguage\":\"es\",\"@id\":\"https:\/\/www.ull.es\/portal\/noticias\/#\/schema\/person\/image\/\",\"url\":\"https:\/\/secure.gravatar.com\/avatar\/443820550921091458b4823867723b3d?s=96&d=mm&r=g\",\"contentUrl\":\"https:\/\/secure.gravatar.com\/avatar\/443820550921091458b4823867723b3d?s=96&d=mm&r=g\",\"caption\":\"gaprsa\"},\"url\":\"https:\/\/www.ull.es\/portal\/noticias\/author\/gaprsa\/\"}]}<\/script>\n<!-- \/ Yoast SEO plugin. -->","yoast_head_json":{"title":"Un curso de la Universidad de Verano de Adeje vincula la creatividad con la neurociencia - ULL - Noticias","robots":{"index":"index","follow":"follow","max-snippet":"max-snippet:-1","max-image-preview":"max-image-preview:large","max-video-preview":"max-video-preview:-1"},"canonical":"https:\/\/www.ull.es\/portal\/noticias\/2021\/un-curso-de-la-universidad-de-verano-de-adeje-vincula-la-creatividad-con-la-neurociencia\/","og_locale":"es_ES","og_type":"article","og_title":"Un curso de la Universidad de Verano de Adeje vincula la creatividad con la neurociencia - ULL - Noticias","og_description":"La doctora Almudena Gonz\u00e1lez Brito es la responsable del curso de la Universidad de Verano de Adeje sobre creatividad en...","og_url":"https:\/\/www.ull.es\/portal\/noticias\/2021\/un-curso-de-la-universidad-de-verano-de-adeje-vincula-la-creatividad-con-la-neurociencia\/","og_site_name":"ULL - Noticias","article_publisher":"https:\/\/www.facebook.com\/universidaddelalaguna\/","article_published_time":"2021-07-20T10:20:59+00:00","og_image":[{"width":1200,"height":800,"url":"https:\/\/www.ull.es\/portal\/noticias\/wp-content\/uploads\/sites\/13\/2021\/07\/universidad-verano-adeje-almudena-gonzalez-creatividad-artistica.jpg","type":"image\/jpeg"}],"author":"gaprsa","twitter_card":"summary_large_image","twitter_creator":"@CanalULL","twitter_site":"@CanalULL","twitter_misc":{"Escrito por":"gaprsa","Tiempo de lectura":"3 minutos"},"schema":{"@context":"https:\/\/schema.org","@graph":[{"@type":"WebPage","@id":"https:\/\/www.ull.es\/portal\/noticias\/2021\/un-curso-de-la-universidad-de-verano-de-adeje-vincula-la-creatividad-con-la-neurociencia\/","url":"https:\/\/www.ull.es\/portal\/noticias\/2021\/un-curso-de-la-universidad-de-verano-de-adeje-vincula-la-creatividad-con-la-neurociencia\/","name":"Un curso de la Universidad de Verano de Adeje vincula la creatividad con la neurociencia - ULL - Noticias","isPartOf":{"@id":"https:\/\/www.ull.es\/portal\/noticias\/#website"},"datePublished":"2021-07-20T10:20:59+00:00","dateModified":"2021-07-20T10:20:59+00:00","author":{"@id":"https:\/\/www.ull.es\/portal\/noticias\/#\/schema\/person\/b2b1a89d43ffa609e591f7df8ef3e817"},"breadcrumb":{"@id":"https:\/\/www.ull.es\/portal\/noticias\/2021\/un-curso-de-la-universidad-de-verano-de-adeje-vincula-la-creatividad-con-la-neurociencia\/#breadcrumb"},"inLanguage":"es","potentialAction":[{"@type":"ReadAction","target":["https:\/\/www.ull.es\/portal\/noticias\/2021\/un-curso-de-la-universidad-de-verano-de-adeje-vincula-la-creatividad-con-la-neurociencia\/"]}]},{"@type":"BreadcrumbList","@id":"https:\/\/www.ull.es\/portal\/noticias\/2021\/un-curso-de-la-universidad-de-verano-de-adeje-vincula-la-creatividad-con-la-neurociencia\/#breadcrumb","itemListElement":[{"@type":"ListItem","position":1,"name":"Portada","item":"https:\/\/www.ull.es\/portal\/noticias\/"},{"@type":"ListItem","position":2,"name":"Un curso de la Universidad de Verano de Adeje vincula la creatividad con la neurociencia"}]},{"@type":"WebSite","@id":"https:\/\/www.ull.es\/portal\/noticias\/#website","url":"https:\/\/www.ull.es\/portal\/noticias\/","name":"ULL - Noticias","description":"","potentialAction":[{"@type":"SearchAction","target":{"@type":"EntryPoint","urlTemplate":"https:\/\/www.ull.es\/portal\/noticias\/?s={search_term_string}"},"query-input":"required name=search_term_string"}],"inLanguage":"es"},{"@type":"Person","@id":"https:\/\/www.ull.es\/portal\/noticias\/#\/schema\/person\/b2b1a89d43ffa609e591f7df8ef3e817","name":"gaprsa","image":{"@type":"ImageObject","inLanguage":"es","@id":"https:\/\/www.ull.es\/portal\/noticias\/#\/schema\/person\/image\/","url":"https:\/\/secure.gravatar.com\/avatar\/443820550921091458b4823867723b3d?s=96&d=mm&r=g","contentUrl":"https:\/\/secure.gravatar.com\/avatar\/443820550921091458b4823867723b3d?s=96&d=mm&r=g","caption":"gaprsa"},"url":"https:\/\/www.ull.es\/portal\/noticias\/author\/gaprsa\/"}]}},"primary_category":{"id":345,"name":"Destacado","slug":"destacado","link":"https:\/\/www.ull.es\/portal\/noticias\/category\/destacado\/"},"featured_image_thumbnail_url":"https:\/\/www.ull.es\/portal\/noticias\/wp-content\/uploads\/sites\/13\/2021\/07\/universidad-verano-adeje-almudena-gonzalez-creatividad-artistica-300x200.jpg","_links":{"self":[{"href":"https:\/\/www.ull.es\/portal\/noticias\/wp-json\/wp\/v2\/posts\/57671"}],"collection":[{"href":"https:\/\/www.ull.es\/portal\/noticias\/wp-json\/wp\/v2\/posts"}],"about":[{"href":"https:\/\/www.ull.es\/portal\/noticias\/wp-json\/wp\/v2\/types\/post"}],"author":[{"embeddable":true,"href":"https:\/\/www.ull.es\/portal\/noticias\/wp-json\/wp\/v2\/users\/23"}],"replies":[{"embeddable":true,"href":"https:\/\/www.ull.es\/portal\/noticias\/wp-json\/wp\/v2\/comments?post=57671"}],"version-history":[{"count":1,"href":"https:\/\/www.ull.es\/portal\/noticias\/wp-json\/wp\/v2\/posts\/57671\/revisions"}],"predecessor-version":[{"id":57672,"href":"https:\/\/www.ull.es\/portal\/noticias\/wp-json\/wp\/v2\/posts\/57671\/revisions\/57672"}],"wp:featuredmedia":[{"embeddable":true,"href":"https:\/\/www.ull.es\/portal\/noticias\/wp-json\/wp\/v2\/media\/57673"}],"wp:attachment":[{"href":"https:\/\/www.ull.es\/portal\/noticias\/wp-json\/wp\/v2\/media?parent=57671"}],"wp:term":[{"taxonomy":"category","embeddable":true,"href":"https:\/\/www.ull.es\/portal\/noticias\/wp-json\/wp\/v2\/categories?post=57671"},{"taxonomy":"post_tag","embeddable":true,"href":"https:\/\/www.ull.es\/portal\/noticias\/wp-json\/wp\/v2\/tags?post=57671"}],"curies":[{"name":"wp","href":"https:\/\/api.w.org\/{rel}","templated":true}]}}