{"id":57739,"date":"2021-07-23T09:35:19","date_gmt":"2021-07-23T09:35:19","guid":{"rendered":"https:\/\/www.ull.es\/portal\/noticias\/?p=57739"},"modified":"2021-07-23T09:35:19","modified_gmt":"2021-07-23T09:35:19","slug":"el-ayuntamiento-de-la-orotava-firma-convenio-con-la-ull-para-la-elaboracion-del-plan-de-movilidad-urbana-sostenible","status":"publish","type":"post","link":"https:\/\/www.ull.es\/portal\/noticias\/2021\/el-ayuntamiento-de-la-orotava-firma-convenio-con-la-ull-para-la-elaboracion-del-plan-de-movilidad-urbana-sostenible\/","title":{"rendered":"El Ayuntamiento de La Orotava firma convenio con la ULL para la elaboraci\u00f3n del Plan de Movilidad Urbana Sostenible"},"content":{"rendered":"<div class=\"content\">\n<div class=\"field field-name-body field-type-text-with-summary field-label-hidden\">\n<div class=\"field-items\">\n<div class=\"field-item even\">\n<p>El Ayuntamiento de La Orotava y la Universidad de La Laguna han sellado convenio de colaboraci\u00f3n para la elaboraci\u00f3n del Plan de Movilidad Urbana Sostenible (PMUS). El acuerdo se ha suscrito este viernes 23 de julio, en las dependencias municipales, entre alcalde de La Orotava Francisco Linares, y el vicerrector de Investigaci\u00f3n y Transferencia de la instituci\u00f3n acad\u00e9mica, Ernesto Pereda de Pablo. Tambi\u00e9n se cont\u00f3 con los portavoces de los distintos grupos pol\u00edticos que conforman la corporaci\u00f3n municipal y otros representantes de la Universidad.<\/p>\n<p>En este documento se incluir\u00e1 un conjunto de actuaciones que tienen como objetivo la implantaci\u00f3n de formas de desplazamiento m\u00e1s sostenibles en los entornos urbanos, fomentando la denominada \u2018movilidad blanda\u2019: caminar, bicicleta, veh\u00edculos de movilidad personal (VMP) y transporte p\u00fablico. En esta nueva cultura de la movilidad, el peat\u00f3n debe tener un tratamiento preferente en la estructura viaria local, seguido del resto de modos de la denominada movilidad blanda, y en el uso del transporte privado pasar\u00eda a un papel secundario en los desplazamientos de corto recorrido en el municipio. Con ello se pretende promover la defensa del Medio Ambiente, el crecimiento econ\u00f3mico y la cohesi\u00f3n social, garantizando una mejor calidad de vida para los ciudadanos y un uso m\u00e1s eficiente de los recursos naturales<\/p>\n<p>Seg\u00fan el acuerdo, el PMUS centrar\u00e1 su planificaci\u00f3n en las personas, recuperando los espacios p\u00fablicos para el ciudadano. Por tal motivo, se prev\u00e9 contemplar \u00a0una serie de acciones a corto y medio plazo que se materializar\u00e1n y obtendr\u00e1n mayores resultados con una estrategia de cambio a largo plazo. As\u00ed, ser\u00e1 necesaria la intervenci\u00f3n de equipos interdisciplinares y la ejecuci\u00f3n de procesos participativos que capten los problemas y posibles soluciones de los ciudadanos. Y tras la elaboraci\u00f3n del PMUS se marcar\u00e1 un proceso de seguimiento y evaluaci\u00f3n de los impactos de las distintas propuestas, con la implementaci\u00f3n de un proceso de ense\u00f1anza y aprendizaje estructurado que permita adaptarse a los cambios.<\/p>\n<p>Entre otras propuestas para el municipio de La Orotava se prev\u00e9 crear zonas con \u00a0bajas emisiones; peatonalizaci\u00f3n de v\u00edas; creaci\u00f3n de puntos de recarga de veh\u00edculos el\u00e9ctricos; poner en marcha un servicio de bicicleta p\u00fablica, de Car Sharing, Moto Sharing y CarPooling SmartMobility y Digitalizaci\u00f3n 4.0. Tambi\u00e9n llevar a cabo mejoras de la distribuci\u00f3n urbana de mercanc\u00edas y del servicio de transporte a la demanda; zonas escolares seguras y zonas de estacionamiento limitado, adem\u00e1s de mejorar los espacios p\u00fablicos, continuar con el plan de accesibilidad municipal y aumentar la calidad del aire.<\/p>\n<p>El PMUS se estructurar\u00e1 a su vez en distintos planes: el sectorial de control, ordenaci\u00f3n del tr\u00e1fico y estructura de la red viaria; el de mejoras de integraci\u00f3n de la movilidad sostenible en las pol\u00edticas urban\u00edsticas y espacio ciudadano; el \u00a0de regulaci\u00f3n del estacionamiento; potenciaci\u00f3n del transporte p\u00fablico; movilidad peatonal y escolar; de ciclista; mercanc\u00edas;\u00a0de\u00a0calidad ambiental y ahorro energ\u00e9tico; de buenas pr\u00e1cticas de movilidad y el sectorial Smart Mobility, entre otros.<\/p>\n<p>El alcalde de La Orotava valora la elaboraci\u00f3n de este plan que pone\u00a0en marcha medidas sostenibles que solucionar\u00e1n de forma efectiva los retos de movilidad y transporte del municipio, adem\u00e1s de mejorar los espacios para los peatones.\u00a0La actuaci\u00f3n afectar\u00e1 tanto al casco como al resto de n\u00facleos urbanos. Del\u00a0diagn\u00f3stico que se obtenga en unos meses, se podr\u00e1n ir aplicando los distintos planes sectoriales en materia de buenas pr\u00e1cticas o destinados a reducir la huella de carbono y gases contaminantes, claves para seguir cumpliendo con el objetivo de ser un municipio moderno y comprometido con nuestro entorno y para ofrecer mejor calidad de vida a todos nuestros vecinos, en definitiva, continuar con las pol\u00edticas en pro de una Villa Sostenible.<\/p>\n<p>(Nota y foto cedidas).<\/p>\n<\/div>\n<\/div>\n<\/div>\n<\/div>\n","protected":false},"excerpt":{"rendered":"<p>El Ayuntamiento de La Orotava y la Universidad de La Laguna han sellado convenio de colaboraci\u00f3n para la elaboraci\u00f3n del&#8230;<\/p>\n","protected":false},"author":23,"featured_media":57740,"comment_status":"closed","ping_status":"closed","sticky":false,"template":"","format":"standard","meta":{"inline_featured_image":false,"footnotes":""},"categories":[345,348,2765],"tags":[7708,7707,7706],"acf":[],"yoast_head":"<!-- This site is optimized with the Yoast SEO plugin v21.3 - https:\/\/yoast.com\/wordpress\/plugins\/seo\/ -->\n<title>El Ayuntamiento de La Orotava firma convenio con la ULL para la elaboraci\u00f3n del Plan de Movilidad Urbana Sostenible - ULL - Noticias<\/title>\n<meta name=\"robots\" content=\"index, follow, max-snippet:-1, max-image-preview:large, max-video-preview:-1\" \/>\n<link rel=\"canonical\" href=\"https:\/\/www.ull.es\/portal\/noticias\/2021\/el-ayuntamiento-de-la-orotava-firma-convenio-con-la-ull-para-la-elaboracion-del-plan-de-movilidad-urbana-sostenible\/\" \/>\n<meta property=\"og:locale\" content=\"es_ES\" \/>\n<meta property=\"og:type\" content=\"article\" \/>\n<meta property=\"og:title\" content=\"El Ayuntamiento de La Orotava firma convenio con la ULL para la elaboraci\u00f3n del Plan de Movilidad Urbana Sostenible - ULL - Noticias\" \/>\n<meta property=\"og:description\" content=\"El Ayuntamiento de La Orotava y la Universidad de La Laguna han sellado convenio de colaboraci\u00f3n para la elaboraci\u00f3n del...\" \/>\n<meta property=\"og:url\" content=\"https:\/\/www.ull.es\/portal\/noticias\/2021\/el-ayuntamiento-de-la-orotava-firma-convenio-con-la-ull-para-la-elaboracion-del-plan-de-movilidad-urbana-sostenible\/\" \/>\n<meta property=\"og:site_name\" content=\"ULL - Noticias\" \/>\n<meta property=\"article:publisher\" content=\"https:\/\/www.facebook.com\/universidaddelalaguna\/\" \/>\n<meta property=\"article:published_time\" content=\"2021-07-23T09:35:19+00:00\" \/>\n<meta property=\"og:image\" content=\"https:\/\/www.ull.es\/portal\/noticias\/wp-content\/uploads\/sites\/13\/2021\/07\/la-orotava.jpg\" \/>\n\t<meta property=\"og:image:width\" content=\"1600\" \/>\n\t<meta property=\"og:image:height\" content=\"1088\" \/>\n\t<meta property=\"og:image:type\" content=\"image\/jpeg\" \/>\n<meta name=\"author\" content=\"gaprsa\" \/>\n<meta name=\"twitter:card\" content=\"summary_large_image\" \/>\n<meta name=\"twitter:creator\" content=\"@CanalULL\" \/>\n<meta name=\"twitter:site\" content=\"@CanalULL\" \/>\n<meta name=\"twitter:label1\" content=\"Escrito por\" \/>\n\t<meta name=\"twitter:data1\" content=\"gaprsa\" \/>\n\t<meta name=\"twitter:label2\" content=\"Tiempo de lectura\" \/>\n\t<meta name=\"twitter:data2\" content=\"3 minutos\" \/>\n<script type=\"application\/ld+json\" class=\"yoast-schema-graph\">{\"@context\":\"https:\/\/schema.org\",\"@graph\":[{\"@type\":\"WebPage\",\"@id\":\"https:\/\/www.ull.es\/portal\/noticias\/2021\/el-ayuntamiento-de-la-orotava-firma-convenio-con-la-ull-para-la-elaboracion-del-plan-de-movilidad-urbana-sostenible\/\",\"url\":\"https:\/\/www.ull.es\/portal\/noticias\/2021\/el-ayuntamiento-de-la-orotava-firma-convenio-con-la-ull-para-la-elaboracion-del-plan-de-movilidad-urbana-sostenible\/\",\"name\":\"El Ayuntamiento de La Orotava firma convenio con la ULL para la elaboraci\u00f3n del Plan de Movilidad Urbana Sostenible - ULL - Noticias\",\"isPartOf\":{\"@id\":\"https:\/\/www.ull.es\/portal\/noticias\/#website\"},\"datePublished\":\"2021-07-23T09:35:19+00:00\",\"dateModified\":\"2021-07-23T09:35:19+00:00\",\"author\":{\"@id\":\"https:\/\/www.ull.es\/portal\/noticias\/#\/schema\/person\/b2b1a89d43ffa609e591f7df8ef3e817\"},\"breadcrumb\":{\"@id\":\"https:\/\/www.ull.es\/portal\/noticias\/2021\/el-ayuntamiento-de-la-orotava-firma-convenio-con-la-ull-para-la-elaboracion-del-plan-de-movilidad-urbana-sostenible\/#breadcrumb\"},\"inLanguage\":\"es\",\"potentialAction\":[{\"@type\":\"ReadAction\",\"target\":[\"https:\/\/www.ull.es\/portal\/noticias\/2021\/el-ayuntamiento-de-la-orotava-firma-convenio-con-la-ull-para-la-elaboracion-del-plan-de-movilidad-urbana-sostenible\/\"]}]},{\"@type\":\"BreadcrumbList\",\"@id\":\"https:\/\/www.ull.es\/portal\/noticias\/2021\/el-ayuntamiento-de-la-orotava-firma-convenio-con-la-ull-para-la-elaboracion-del-plan-de-movilidad-urbana-sostenible\/#breadcrumb\",\"itemListElement\":[{\"@type\":\"ListItem\",\"position\":1,\"name\":\"Portada\",\"item\":\"https:\/\/www.ull.es\/portal\/noticias\/\"},{\"@type\":\"ListItem\",\"position\":2,\"name\":\"El Ayuntamiento de La Orotava firma convenio con la ULL para la elaboraci\u00f3n del Plan de Movilidad Urbana Sostenible\"}]},{\"@type\":\"WebSite\",\"@id\":\"https:\/\/www.ull.es\/portal\/noticias\/#website\",\"url\":\"https:\/\/www.ull.es\/portal\/noticias\/\",\"name\":\"ULL - Noticias\",\"description\":\"\",\"potentialAction\":[{\"@type\":\"SearchAction\",\"target\":{\"@type\":\"EntryPoint\",\"urlTemplate\":\"https:\/\/www.ull.es\/portal\/noticias\/?s={search_term_string}\"},\"query-input\":\"required name=search_term_string\"}],\"inLanguage\":\"es\"},{\"@type\":\"Person\",\"@id\":\"https:\/\/www.ull.es\/portal\/noticias\/#\/schema\/person\/b2b1a89d43ffa609e591f7df8ef3e817\",\"name\":\"gaprsa\",\"image\":{\"@type\":\"ImageObject\",\"inLanguage\":\"es\",\"@id\":\"https:\/\/www.ull.es\/portal\/noticias\/#\/schema\/person\/image\/\",\"url\":\"https:\/\/secure.gravatar.com\/avatar\/443820550921091458b4823867723b3d?s=96&d=mm&r=g\",\"contentUrl\":\"https:\/\/secure.gravatar.com\/avatar\/443820550921091458b4823867723b3d?s=96&d=mm&r=g\",\"caption\":\"gaprsa\"},\"url\":\"https:\/\/www.ull.es\/portal\/noticias\/author\/gaprsa\/\"}]}<\/script>\n<!-- \/ Yoast SEO plugin. -->","yoast_head_json":{"title":"El Ayuntamiento de La Orotava firma convenio con la ULL para la elaboraci\u00f3n del Plan de Movilidad Urbana Sostenible - ULL - Noticias","robots":{"index":"index","follow":"follow","max-snippet":"max-snippet:-1","max-image-preview":"max-image-preview:large","max-video-preview":"max-video-preview:-1"},"canonical":"https:\/\/www.ull.es\/portal\/noticias\/2021\/el-ayuntamiento-de-la-orotava-firma-convenio-con-la-ull-para-la-elaboracion-del-plan-de-movilidad-urbana-sostenible\/","og_locale":"es_ES","og_type":"article","og_title":"El Ayuntamiento de La Orotava firma convenio con la ULL para la elaboraci\u00f3n del Plan de Movilidad Urbana Sostenible - ULL - Noticias","og_description":"El Ayuntamiento de La Orotava y la Universidad de La Laguna han sellado convenio de colaboraci\u00f3n para la elaboraci\u00f3n del...","og_url":"https:\/\/www.ull.es\/portal\/noticias\/2021\/el-ayuntamiento-de-la-orotava-firma-convenio-con-la-ull-para-la-elaboracion-del-plan-de-movilidad-urbana-sostenible\/","og_site_name":"ULL - Noticias","article_publisher":"https:\/\/www.facebook.com\/universidaddelalaguna\/","article_published_time":"2021-07-23T09:35:19+00:00","og_image":[{"width":1600,"height":1088,"url":"https:\/\/www.ull.es\/portal\/noticias\/wp-content\/uploads\/sites\/13\/2021\/07\/la-orotava.jpg","type":"image\/jpeg"}],"author":"gaprsa","twitter_card":"summary_large_image","twitter_creator":"@CanalULL","twitter_site":"@CanalULL","twitter_misc":{"Escrito por":"gaprsa","Tiempo de lectura":"3 minutos"},"schema":{"@context":"https:\/\/schema.org","@graph":[{"@type":"WebPage","@id":"https:\/\/www.ull.es\/portal\/noticias\/2021\/el-ayuntamiento-de-la-orotava-firma-convenio-con-la-ull-para-la-elaboracion-del-plan-de-movilidad-urbana-sostenible\/","url":"https:\/\/www.ull.es\/portal\/noticias\/2021\/el-ayuntamiento-de-la-orotava-firma-convenio-con-la-ull-para-la-elaboracion-del-plan-de-movilidad-urbana-sostenible\/","name":"El Ayuntamiento de La Orotava firma convenio con la ULL para la elaboraci\u00f3n del Plan de Movilidad Urbana Sostenible - ULL - Noticias","isPartOf":{"@id":"https:\/\/www.ull.es\/portal\/noticias\/#website"},"datePublished":"2021-07-23T09:35:19+00:00","dateModified":"2021-07-23T09:35:19+00:00","author":{"@id":"https:\/\/www.ull.es\/portal\/noticias\/#\/schema\/person\/b2b1a89d43ffa609e591f7df8ef3e817"},"breadcrumb":{"@id":"https:\/\/www.ull.es\/portal\/noticias\/2021\/el-ayuntamiento-de-la-orotava-firma-convenio-con-la-ull-para-la-elaboracion-del-plan-de-movilidad-urbana-sostenible\/#breadcrumb"},"inLanguage":"es","potentialAction":[{"@type":"ReadAction","target":["https:\/\/www.ull.es\/portal\/noticias\/2021\/el-ayuntamiento-de-la-orotava-firma-convenio-con-la-ull-para-la-elaboracion-del-plan-de-movilidad-urbana-sostenible\/"]}]},{"@type":"BreadcrumbList","@id":"https:\/\/www.ull.es\/portal\/noticias\/2021\/el-ayuntamiento-de-la-orotava-firma-convenio-con-la-ull-para-la-elaboracion-del-plan-de-movilidad-urbana-sostenible\/#breadcrumb","itemListElement":[{"@type":"ListItem","position":1,"name":"Portada","item":"https:\/\/www.ull.es\/portal\/noticias\/"},{"@type":"ListItem","position":2,"name":"El Ayuntamiento de La Orotava firma convenio con la ULL para la elaboraci\u00f3n del Plan de Movilidad Urbana Sostenible"}]},{"@type":"WebSite","@id":"https:\/\/www.ull.es\/portal\/noticias\/#website","url":"https:\/\/www.ull.es\/portal\/noticias\/","name":"ULL - Noticias","description":"","potentialAction":[{"@type":"SearchAction","target":{"@type":"EntryPoint","urlTemplate":"https:\/\/www.ull.es\/portal\/noticias\/?s={search_term_string}"},"query-input":"required name=search_term_string"}],"inLanguage":"es"},{"@type":"Person","@id":"https:\/\/www.ull.es\/portal\/noticias\/#\/schema\/person\/b2b1a89d43ffa609e591f7df8ef3e817","name":"gaprsa","image":{"@type":"ImageObject","inLanguage":"es","@id":"https:\/\/www.ull.es\/portal\/noticias\/#\/schema\/person\/image\/","url":"https:\/\/secure.gravatar.com\/avatar\/443820550921091458b4823867723b3d?s=96&d=mm&r=g","contentUrl":"https:\/\/secure.gravatar.com\/avatar\/443820550921091458b4823867723b3d?s=96&d=mm&r=g","caption":"gaprsa"},"url":"https:\/\/www.ull.es\/portal\/noticias\/author\/gaprsa\/"}]}},"primary_category":{"id":345,"name":"Destacado","slug":"destacado","link":"https:\/\/www.ull.es\/portal\/noticias\/category\/destacado\/"},"featured_image_thumbnail_url":"https:\/\/www.ull.es\/portal\/noticias\/wp-content\/uploads\/sites\/13\/2021\/07\/la-orotava-300x204.jpg","_links":{"self":[{"href":"https:\/\/www.ull.es\/portal\/noticias\/wp-json\/wp\/v2\/posts\/57739"}],"collection":[{"href":"https:\/\/www.ull.es\/portal\/noticias\/wp-json\/wp\/v2\/posts"}],"about":[{"href":"https:\/\/www.ull.es\/portal\/noticias\/wp-json\/wp\/v2\/types\/post"}],"author":[{"embeddable":true,"href":"https:\/\/www.ull.es\/portal\/noticias\/wp-json\/wp\/v2\/users\/23"}],"replies":[{"embeddable":true,"href":"https:\/\/www.ull.es\/portal\/noticias\/wp-json\/wp\/v2\/comments?post=57739"}],"version-history":[{"count":1,"href":"https:\/\/www.ull.es\/portal\/noticias\/wp-json\/wp\/v2\/posts\/57739\/revisions"}],"predecessor-version":[{"id":57741,"href":"https:\/\/www.ull.es\/portal\/noticias\/wp-json\/wp\/v2\/posts\/57739\/revisions\/57741"}],"wp:featuredmedia":[{"embeddable":true,"href":"https:\/\/www.ull.es\/portal\/noticias\/wp-json\/wp\/v2\/media\/57740"}],"wp:attachment":[{"href":"https:\/\/www.ull.es\/portal\/noticias\/wp-json\/wp\/v2\/media?parent=57739"}],"wp:term":[{"taxonomy":"category","embeddable":true,"href":"https:\/\/www.ull.es\/portal\/noticias\/wp-json\/wp\/v2\/categories?post=57739"},{"taxonomy":"post_tag","embeddable":true,"href":"https:\/\/www.ull.es\/portal\/noticias\/wp-json\/wp\/v2\/tags?post=57739"}],"curies":[{"name":"wp","href":"https:\/\/api.w.org\/{rel}","templated":true}]}}