{"id":57821,"date":"2021-07-27T11:50:30","date_gmt":"2021-07-27T11:50:30","guid":{"rendered":"https:\/\/www.ull.es\/portal\/noticias\/?p=57821"},"modified":"2021-07-27T11:58:47","modified_gmt":"2021-07-27T11:58:47","slug":"la-ull-y-la-marroqui-sidi-mohammed-ben-abdellah-presentan-su-primera-tesis-doctoral-conjunta","status":"publish","type":"post","link":"https:\/\/www.ull.es\/portal\/noticias\/2021\/la-ull-y-la-marroqui-sidi-mohammed-ben-abdellah-presentan-su-primera-tesis-doctoral-conjunta\/","title":{"rendered":"La ULL y la universidad marroqu\u00ed Sidi Mohammed Ben Abdellah presentan su primera tesis doctoral conjunta"},"content":{"rendered":"<p>Esta semana se ha defendido la primera tesis doctoral cotutelada entre la Universidad de La Laguna y la Sidi Mohammed Ben Abdellah University en Marruecos. As\u00ed, la doctoranda Ikrame Zeouk, codirigida por Khadija Bekhti (Fez), Jos\u00e9 E. Pi\u00f1ero y\u00a0Jacob\u00a0Lorenzo Morales (ULL) ha presentado su tesis titulada \u201cEvaluaci\u00f3n de mol\u00e9culas bioactivas naturales de la flora marroqu\u00ed como fuente de productos antibacterianos y antiparasitarios\u201d.<\/p>\n<p>La tesis doctoral ha sido defendida brillantemente por la doctoranda, con la felicitaci\u00f3n del tribunal y la m\u00e1xima calificaci\u00f3n de sobresaliente cum laude y menci\u00f3n internacional, ya que fue presentada \u00edntegramente en ingl\u00e9s. Ambas instituciones han comentado que esta tesis ser\u00e1 el inicio de futuras colaboraciones cient\u00edficas entre sendos centros universitarios, que adem\u00e1s ver\u00e1n reforzada su internacionalizaci\u00f3n y cooperaci\u00f3n cient\u00edfica.\u00a0Las colaboraciones entre ambas universidades se iniciaron en el a\u00f1o 2018 mediante la firma de un protocolo de cooperaci\u00f3n y anexo de colaboraci\u00f3n en el campo de las enfermedades tropicales. Unos meses despu\u00e9s ese mismo a\u00f1o, se rubric\u00f3 el acuerdo de cotutela de tesis doctoral de Ikrame Zeouk.<\/p>\n<div id=\"attachment_57824\" style=\"width: 310px\" class=\"wp-caption alignleft\"><img aria-describedby=\"caption-attachment-57824\" decoding=\"async\" loading=\"lazy\" class=\"size-medium wp-image-57824\" src=\"https:\/\/www.ull.es\/portal\/noticias\/wp-content\/uploads\/sites\/13\/2021\/07\/delegacion-1-300x200.jpg\" alt=\"\" width=\"300\" height=\"200\" srcset=\"https:\/\/www.ull.es\/portal\/noticias\/wp-content\/uploads\/sites\/13\/2021\/07\/delegacion-1-300x200.jpg 300w, https:\/\/www.ull.es\/portal\/noticias\/wp-content\/uploads\/sites\/13\/2021\/07\/delegacion-1-1024x683.jpg 1024w, https:\/\/www.ull.es\/portal\/noticias\/wp-content\/uploads\/sites\/13\/2021\/07\/delegacion-1-768x512.jpg 768w, https:\/\/www.ull.es\/portal\/noticias\/wp-content\/uploads\/sites\/13\/2021\/07\/delegacion-1-375x250.jpg 375w, https:\/\/www.ull.es\/portal\/noticias\/wp-content\/uploads\/sites\/13\/2021\/07\/delegacion-1-750x500.jpg 750w, https:\/\/www.ull.es\/portal\/noticias\/wp-content\/uploads\/sites\/13\/2021\/07\/delegacion-1-1140x760.jpg 1140w, https:\/\/www.ull.es\/portal\/noticias\/wp-content\/uploads\/sites\/13\/2021\/07\/delegacion-1.jpg 1200w\" sizes=\"(max-width: 300px) 100vw, 300px\" \/><p id=\"caption-attachment-57824\" class=\"wp-caption-text\">La delegaci\u00f3n de la ULL en Fez, formada por Jos\u00e9 Pi\u00f1ero, Ver\u00f3nica Pino, Ines Sifaoui y Jacob Lorenzo Morales.<\/p><\/div>\n<p>El trabajo ha estado enfocado hacia la b\u00fasqueda de sustancias bioactivas en plantas medicinales de Marruecos, en concreto en la bacteria <em>Staphylococcus aureus<\/em> y los protozoos par\u00e1sitos de los g\u00e9neros <em>Leishmania <\/em>causante de la leishmaniasis (enfermedad end\u00e9mica en Marruecos); la especie <em>Trypanosoma cruzi<\/em>, causante de la enfermedad de Chagas; y las amebas de vida libre <em>Acanthamoeba<\/em> (causante de queratitis) y <em>Naegleria fowleri<\/em>, m\u00e1s conocida como ameba \u2018comecerebros\u2019.<\/p>\n<p>La investigadora ha descubierto que productos puros de la planta <em>Inula viscosa<\/em> han sido eficaces para eliminar <em>Staphylococcus aureus<\/em> incluidos los MRSA (resistentes a antibi\u00f3ticos) y tambi\u00e9n act\u00faa contra la <em>Leishmania.<\/em> Adem\u00e1s, el producto <em>Inuloxina A<\/em> result\u00f3 ser altamente eficaz frente a la ameba \u2018comecerebros\u2019, lo que ha conllevado que estos resultados hayan tenido un amplio impacto en la comunidad cient\u00edfica internacional.\u00a0Este trabajo de tesis doctoral ha incluido a los laboratorios del Instituto Universitario de Biorg\u00e1nica Antonio Gonz\u00e1lez, de la mano de Isabel L\u00f3pez Bazzocchi y Antonio Ignacio Jim\u00e9nez, y los laboratorios de amebas de vida libre y de terapia antiparasitaria del Instituto Universitario de Enfermedades Tropicales y Salud P\u00fablica de Canarias, ambos de la Universidad de La Laguna, as\u00ed como el laboratorio de biotecnolog\u00eda microbiana y mol\u00e9culas activas de la Sidi Mohammed Ben Abdullah de Fez.<\/p>\n<p>Fruto de esta tesis, y previa a su defensa, Ikrame Zeouk ha publicado nueve art\u00edculos indexados en JCR, la mitad de ellos en primer cuartil. Adem\u00e1s, una de las mol\u00e9culas aisladas en este trabajo que ha mostrado actividad anti <em>Staphylococcus aureus<\/em> ha sido patentada en Marruecos.<\/p>\n","protected":false},"excerpt":{"rendered":"<p>Esta semana se ha defendido la primera tesis doctoral cotutelada entre la Universidad de La Laguna y la Sidi Mohammed&#8230;<\/p>\n","protected":false},"author":23,"featured_media":57823,"comment_status":"closed","ping_status":"closed","sticky":false,"template":"","format":"standard","meta":{"inline_featured_image":false,"footnotes":""},"categories":[3785,345,6854,4132,349,350,2765],"tags":[7716,1562,7717,1848,7715],"acf":[],"yoast_head":"<!-- This site is optimized with the Yoast SEO plugin v21.3 - https:\/\/yoast.com\/wordpress\/plugins\/seo\/ -->\n<title>La ULL y la universidad marroqu\u00ed Sidi Mohammed Ben Abdellah presentan su primera tesis doctoral conjunta - ULL - Noticias<\/title>\n<meta name=\"robots\" content=\"index, follow, max-snippet:-1, max-image-preview:large, max-video-preview:-1\" \/>\n<link rel=\"canonical\" href=\"https:\/\/www.ull.es\/portal\/noticias\/2021\/la-ull-y-la-marroqui-sidi-mohammed-ben-abdellah-presentan-su-primera-tesis-doctoral-conjunta\/\" \/>\n<meta property=\"og:locale\" content=\"es_ES\" \/>\n<meta property=\"og:type\" content=\"article\" \/>\n<meta property=\"og:title\" content=\"La ULL y la universidad marroqu\u00ed Sidi Mohammed Ben Abdellah presentan su primera tesis doctoral conjunta - ULL - Noticias\" \/>\n<meta property=\"og:description\" content=\"Esta semana se ha defendido la primera tesis doctoral cotutelada entre la Universidad de La Laguna y la Sidi Mohammed...\" \/>\n<meta property=\"og:url\" content=\"https:\/\/www.ull.es\/portal\/noticias\/2021\/la-ull-y-la-marroqui-sidi-mohammed-ben-abdellah-presentan-su-primera-tesis-doctoral-conjunta\/\" \/>\n<meta property=\"og:site_name\" content=\"ULL - Noticias\" \/>\n<meta property=\"article:publisher\" content=\"https:\/\/www.facebook.com\/universidaddelalaguna\/\" \/>\n<meta property=\"article:published_time\" content=\"2021-07-27T11:50:30+00:00\" \/>\n<meta property=\"article:modified_time\" content=\"2021-07-27T11:58:47+00:00\" \/>\n<meta property=\"og:image\" content=\"https:\/\/www.ull.es\/portal\/noticias\/wp-content\/uploads\/sites\/13\/2021\/07\/Ikrame-Zeouk-doctoranda-ull-fez.jpg\" \/>\n\t<meta property=\"og:image:width\" content=\"1200\" \/>\n\t<meta property=\"og:image:height\" content=\"800\" \/>\n\t<meta property=\"og:image:type\" content=\"image\/jpeg\" \/>\n<meta name=\"author\" content=\"gaprsa\" \/>\n<meta name=\"twitter:card\" content=\"summary_large_image\" \/>\n<meta name=\"twitter:creator\" content=\"@CanalULL\" \/>\n<meta name=\"twitter:site\" content=\"@CanalULL\" \/>\n<meta name=\"twitter:label1\" content=\"Escrito por\" \/>\n\t<meta name=\"twitter:data1\" content=\"gaprsa\" \/>\n\t<meta name=\"twitter:label2\" content=\"Tiempo de lectura\" \/>\n\t<meta name=\"twitter:data2\" content=\"3 minutos\" \/>\n<script type=\"application\/ld+json\" class=\"yoast-schema-graph\">{\"@context\":\"https:\/\/schema.org\",\"@graph\":[{\"@type\":\"WebPage\",\"@id\":\"https:\/\/www.ull.es\/portal\/noticias\/2021\/la-ull-y-la-marroqui-sidi-mohammed-ben-abdellah-presentan-su-primera-tesis-doctoral-conjunta\/\",\"url\":\"https:\/\/www.ull.es\/portal\/noticias\/2021\/la-ull-y-la-marroqui-sidi-mohammed-ben-abdellah-presentan-su-primera-tesis-doctoral-conjunta\/\",\"name\":\"La ULL y la universidad marroqu\u00ed Sidi Mohammed Ben Abdellah presentan su primera tesis doctoral conjunta - ULL - Noticias\",\"isPartOf\":{\"@id\":\"https:\/\/www.ull.es\/portal\/noticias\/#website\"},\"datePublished\":\"2021-07-27T11:50:30+00:00\",\"dateModified\":\"2021-07-27T11:58:47+00:00\",\"author\":{\"@id\":\"https:\/\/www.ull.es\/portal\/noticias\/#\/schema\/person\/b2b1a89d43ffa609e591f7df8ef3e817\"},\"breadcrumb\":{\"@id\":\"https:\/\/www.ull.es\/portal\/noticias\/2021\/la-ull-y-la-marroqui-sidi-mohammed-ben-abdellah-presentan-su-primera-tesis-doctoral-conjunta\/#breadcrumb\"},\"inLanguage\":\"es\",\"potentialAction\":[{\"@type\":\"ReadAction\",\"target\":[\"https:\/\/www.ull.es\/portal\/noticias\/2021\/la-ull-y-la-marroqui-sidi-mohammed-ben-abdellah-presentan-su-primera-tesis-doctoral-conjunta\/\"]}]},{\"@type\":\"BreadcrumbList\",\"@id\":\"https:\/\/www.ull.es\/portal\/noticias\/2021\/la-ull-y-la-marroqui-sidi-mohammed-ben-abdellah-presentan-su-primera-tesis-doctoral-conjunta\/#breadcrumb\",\"itemListElement\":[{\"@type\":\"ListItem\",\"position\":1,\"name\":\"Portada\",\"item\":\"https:\/\/www.ull.es\/portal\/noticias\/\"},{\"@type\":\"ListItem\",\"position\":2,\"name\":\"La ULL y la universidad marroqu\u00ed Sidi Mohammed Ben Abdellah presentan su primera tesis doctoral conjunta\"}]},{\"@type\":\"WebSite\",\"@id\":\"https:\/\/www.ull.es\/portal\/noticias\/#website\",\"url\":\"https:\/\/www.ull.es\/portal\/noticias\/\",\"name\":\"ULL - Noticias\",\"description\":\"\",\"potentialAction\":[{\"@type\":\"SearchAction\",\"target\":{\"@type\":\"EntryPoint\",\"urlTemplate\":\"https:\/\/www.ull.es\/portal\/noticias\/?s={search_term_string}\"},\"query-input\":\"required name=search_term_string\"}],\"inLanguage\":\"es\"},{\"@type\":\"Person\",\"@id\":\"https:\/\/www.ull.es\/portal\/noticias\/#\/schema\/person\/b2b1a89d43ffa609e591f7df8ef3e817\",\"name\":\"gaprsa\",\"image\":{\"@type\":\"ImageObject\",\"inLanguage\":\"es\",\"@id\":\"https:\/\/www.ull.es\/portal\/noticias\/#\/schema\/person\/image\/\",\"url\":\"https:\/\/secure.gravatar.com\/avatar\/443820550921091458b4823867723b3d?s=96&d=mm&r=g\",\"contentUrl\":\"https:\/\/secure.gravatar.com\/avatar\/443820550921091458b4823867723b3d?s=96&d=mm&r=g\",\"caption\":\"gaprsa\"},\"url\":\"https:\/\/www.ull.es\/portal\/noticias\/author\/gaprsa\/\"}]}<\/script>\n<!-- \/ Yoast SEO plugin. -->","yoast_head_json":{"title":"La ULL y la universidad marroqu\u00ed Sidi Mohammed Ben Abdellah presentan su primera tesis doctoral conjunta - ULL - Noticias","robots":{"index":"index","follow":"follow","max-snippet":"max-snippet:-1","max-image-preview":"max-image-preview:large","max-video-preview":"max-video-preview:-1"},"canonical":"https:\/\/www.ull.es\/portal\/noticias\/2021\/la-ull-y-la-marroqui-sidi-mohammed-ben-abdellah-presentan-su-primera-tesis-doctoral-conjunta\/","og_locale":"es_ES","og_type":"article","og_title":"La ULL y la universidad marroqu\u00ed Sidi Mohammed Ben Abdellah presentan su primera tesis doctoral conjunta - ULL - Noticias","og_description":"Esta semana se ha defendido la primera tesis doctoral cotutelada entre la Universidad de La Laguna y la Sidi Mohammed...","og_url":"https:\/\/www.ull.es\/portal\/noticias\/2021\/la-ull-y-la-marroqui-sidi-mohammed-ben-abdellah-presentan-su-primera-tesis-doctoral-conjunta\/","og_site_name":"ULL - Noticias","article_publisher":"https:\/\/www.facebook.com\/universidaddelalaguna\/","article_published_time":"2021-07-27T11:50:30+00:00","article_modified_time":"2021-07-27T11:58:47+00:00","og_image":[{"width":1200,"height":800,"url":"https:\/\/www.ull.es\/portal\/noticias\/wp-content\/uploads\/sites\/13\/2021\/07\/Ikrame-Zeouk-doctoranda-ull-fez.jpg","type":"image\/jpeg"}],"author":"gaprsa","twitter_card":"summary_large_image","twitter_creator":"@CanalULL","twitter_site":"@CanalULL","twitter_misc":{"Escrito por":"gaprsa","Tiempo de lectura":"3 minutos"},"schema":{"@context":"https:\/\/schema.org","@graph":[{"@type":"WebPage","@id":"https:\/\/www.ull.es\/portal\/noticias\/2021\/la-ull-y-la-marroqui-sidi-mohammed-ben-abdellah-presentan-su-primera-tesis-doctoral-conjunta\/","url":"https:\/\/www.ull.es\/portal\/noticias\/2021\/la-ull-y-la-marroqui-sidi-mohammed-ben-abdellah-presentan-su-primera-tesis-doctoral-conjunta\/","name":"La ULL y la universidad marroqu\u00ed Sidi Mohammed Ben Abdellah presentan su primera tesis doctoral conjunta - ULL - Noticias","isPartOf":{"@id":"https:\/\/www.ull.es\/portal\/noticias\/#website"},"datePublished":"2021-07-27T11:50:30+00:00","dateModified":"2021-07-27T11:58:47+00:00","author":{"@id":"https:\/\/www.ull.es\/portal\/noticias\/#\/schema\/person\/b2b1a89d43ffa609e591f7df8ef3e817"},"breadcrumb":{"@id":"https:\/\/www.ull.es\/portal\/noticias\/2021\/la-ull-y-la-marroqui-sidi-mohammed-ben-abdellah-presentan-su-primera-tesis-doctoral-conjunta\/#breadcrumb"},"inLanguage":"es","potentialAction":[{"@type":"ReadAction","target":["https:\/\/www.ull.es\/portal\/noticias\/2021\/la-ull-y-la-marroqui-sidi-mohammed-ben-abdellah-presentan-su-primera-tesis-doctoral-conjunta\/"]}]},{"@type":"BreadcrumbList","@id":"https:\/\/www.ull.es\/portal\/noticias\/2021\/la-ull-y-la-marroqui-sidi-mohammed-ben-abdellah-presentan-su-primera-tesis-doctoral-conjunta\/#breadcrumb","itemListElement":[{"@type":"ListItem","position":1,"name":"Portada","item":"https:\/\/www.ull.es\/portal\/noticias\/"},{"@type":"ListItem","position":2,"name":"La ULL y la universidad marroqu\u00ed Sidi Mohammed Ben Abdellah presentan su primera tesis doctoral conjunta"}]},{"@type":"WebSite","@id":"https:\/\/www.ull.es\/portal\/noticias\/#website","url":"https:\/\/www.ull.es\/portal\/noticias\/","name":"ULL - Noticias","description":"","potentialAction":[{"@type":"SearchAction","target":{"@type":"EntryPoint","urlTemplate":"https:\/\/www.ull.es\/portal\/noticias\/?s={search_term_string}"},"query-input":"required name=search_term_string"}],"inLanguage":"es"},{"@type":"Person","@id":"https:\/\/www.ull.es\/portal\/noticias\/#\/schema\/person\/b2b1a89d43ffa609e591f7df8ef3e817","name":"gaprsa","image":{"@type":"ImageObject","inLanguage":"es","@id":"https:\/\/www.ull.es\/portal\/noticias\/#\/schema\/person\/image\/","url":"https:\/\/secure.gravatar.com\/avatar\/443820550921091458b4823867723b3d?s=96&d=mm&r=g","contentUrl":"https:\/\/secure.gravatar.com\/avatar\/443820550921091458b4823867723b3d?s=96&d=mm&r=g","caption":"gaprsa"},"url":"https:\/\/www.ull.es\/portal\/noticias\/author\/gaprsa\/"}]}},"primary_category":{"id":350,"name":"Investigaci\u00f3n","slug":"investigacion","link":"https:\/\/www.ull.es\/portal\/noticias\/category\/investigacion\/"},"featured_image_thumbnail_url":"https:\/\/www.ull.es\/portal\/noticias\/wp-content\/uploads\/sites\/13\/2021\/07\/Ikrame-Zeouk-doctoranda-ull-fez-300x200.jpg","_links":{"self":[{"href":"https:\/\/www.ull.es\/portal\/noticias\/wp-json\/wp\/v2\/posts\/57821"}],"collection":[{"href":"https:\/\/www.ull.es\/portal\/noticias\/wp-json\/wp\/v2\/posts"}],"about":[{"href":"https:\/\/www.ull.es\/portal\/noticias\/wp-json\/wp\/v2\/types\/post"}],"author":[{"embeddable":true,"href":"https:\/\/www.ull.es\/portal\/noticias\/wp-json\/wp\/v2\/users\/23"}],"replies":[{"embeddable":true,"href":"https:\/\/www.ull.es\/portal\/noticias\/wp-json\/wp\/v2\/comments?post=57821"}],"version-history":[{"count":3,"href":"https:\/\/www.ull.es\/portal\/noticias\/wp-json\/wp\/v2\/posts\/57821\/revisions"}],"predecessor-version":[{"id":57826,"href":"https:\/\/www.ull.es\/portal\/noticias\/wp-json\/wp\/v2\/posts\/57821\/revisions\/57826"}],"wp:featuredmedia":[{"embeddable":true,"href":"https:\/\/www.ull.es\/portal\/noticias\/wp-json\/wp\/v2\/media\/57823"}],"wp:attachment":[{"href":"https:\/\/www.ull.es\/portal\/noticias\/wp-json\/wp\/v2\/media?parent=57821"}],"wp:term":[{"taxonomy":"category","embeddable":true,"href":"https:\/\/www.ull.es\/portal\/noticias\/wp-json\/wp\/v2\/categories?post=57821"},{"taxonomy":"post_tag","embeddable":true,"href":"https:\/\/www.ull.es\/portal\/noticias\/wp-json\/wp\/v2\/tags?post=57821"}],"curies":[{"name":"wp","href":"https:\/\/api.w.org\/{rel}","templated":true}]}}