{"id":57925,"date":"2021-08-03T08:18:45","date_gmt":"2021-08-03T08:18:45","guid":{"rendered":"https:\/\/www.ull.es\/portal\/noticias\/?p=57925"},"modified":"2021-08-03T08:18:45","modified_gmt":"2021-08-03T08:18:45","slug":"tania-castellano-expone-museo-bellas-artes-santa-cruz","status":"publish","type":"post","link":"https:\/\/www.ull.es\/portal\/noticias\/2021\/tania-castellano-expone-museo-bellas-artes-santa-cruz\/","title":{"rendered":"Tania Castellano, de la ULL, expone en el Museo de Bellas Artes de Santa Cruz con una visita guiada este s\u00e1bado"},"content":{"rendered":"<p><a href=\"https:\/\/www.ull.es\/portal\/noticias\/wp-content\/uploads\/sites\/13\/2021\/08\/tania-castellano-de-pliegue-en-pliegue.jpg\" target=\"_blank\" rel=\"noopener\" target=\"_blank\" rel=\"noopener\"><img decoding=\"async\" loading=\"lazy\" class=\"alignleft wp-image-57926 size-medium\" src=\"https:\/\/www.ull.es\/portal\/noticias\/wp-content\/uploads\/sites\/13\/2021\/08\/tania-castellano-de-pliegue-en-pliegue-200x300.jpg\" alt=\"Cartel de la exposici\u00f3n de Tania Castellano.\" width=\"200\" height=\"300\" srcset=\"https:\/\/www.ull.es\/portal\/noticias\/wp-content\/uploads\/sites\/13\/2021\/08\/tania-castellano-de-pliegue-en-pliegue-200x300.jpg 200w, https:\/\/www.ull.es\/portal\/noticias\/wp-content\/uploads\/sites\/13\/2021\/08\/tania-castellano-de-pliegue-en-pliegue-683x1024.jpg 683w, https:\/\/www.ull.es\/portal\/noticias\/wp-content\/uploads\/sites\/13\/2021\/08\/tania-castellano-de-pliegue-en-pliegue-768x1152.jpg 768w, https:\/\/www.ull.es\/portal\/noticias\/wp-content\/uploads\/sites\/13\/2021\/08\/tania-castellano-de-pliegue-en-pliegue-375x563.jpg 375w, https:\/\/www.ull.es\/portal\/noticias\/wp-content\/uploads\/sites\/13\/2021\/08\/tania-castellano-de-pliegue-en-pliegue-750x1125.jpg 750w, https:\/\/www.ull.es\/portal\/noticias\/wp-content\/uploads\/sites\/13\/2021\/08\/tania-castellano-de-pliegue-en-pliegue.jpg 800w\" sizes=\"(max-width: 200px) 100vw, 200px\" \/><\/a>La artista y profesora de la <a href=\"https:\/\/www.ull.es\/centros\/facultad-bellas-artes\/\" target=\"_blank\" rel=\"noopener\" target=\"_blank\" rel=\"noopener\">Facultad de Bellas Artes<\/a> de la Universidad de La Laguna <a href=\"https:\/\/portalciencia.ull.es\/investigadores\/81860\/detalle\" target=\"_blank\" rel=\"noopener\" target=\"_blank\" rel=\"noopener\">Tania Castellano<\/a> est\u00e1 exponiendo actualmente en el Museo de Bellas Artes de Santa Cruz de Tenerife la muestra \u201c<a href=\"https:\/\/www.santacruzdetenerife.es\/web\/noticias-y-agenda\/agenda\/evento?tx_cal_controller%5Bday%5D=23&amp;tx_cal_controller%5Bmonth%5D=07&amp;tx_cal_controller%5Btype%5D=tx_cal_phpicalendar&amp;tx_cal_controller%5Buid%5D=9862&amp;tx_cal_controller%5Bview%5D=event&amp;tx_cal_controller%5Byear%5D=2021&amp;cHash=17fcda9e158e0324c093451dcc10e4a4\" target=\"_blank\" rel=\"noopener\" target=\"_blank\" rel=\"noopener\">De pliegue en pliegue<\/a>\u201d, que permanecer\u00e1 abierta hasta el pr\u00f3ximo 9 de agosto. Este s\u00e1bado, d\u00eda 7, la propia creadora realizar\u00e1 visitas guiadas de media hora cada una para presentar su obra con aforo restringido y en tres horarios: a las 11:00, las 11:45 y las 12:30.<\/p>\n<p>Esta muestra es el resultad de la \u00faltima convocatoria de la residencia art\u00edstica Tarquis Robayna de 2020. Esta iniciativa est\u00e1 dirigida a artistas que deseen desarrollar un proyecto de nueva creaci\u00f3n e investigaci\u00f3n relacionado con determinada pieza, artista, escuela o t\u00e9cnica art\u00edstica que se encuentre en los fondos del Museo de Bellas Artes de Santa Cruz, que es la entidad que promueve. La duraci\u00f3n del proyecto es de seis meses y la persona elegida recibe una cuant\u00eda para la elaboraci\u00f3n y puesta en marcha, as\u00ed como para adquisici\u00f3n de materiales.<\/p>\n<p>En el caso de la exposici\u00f3n \u201cDe pliegue en pliegue\u201d, Tania Castellano parte de la acuarela \u201cRamo de flores con papel de seda\u201d, un trampantojo de Lorenzo Pastor y Castro y establece un di\u00e1logo no s\u00f3lo con la obra de partida, que data del siglo XIX, sino tambi\u00e9n con otras piezas del Museo. Los formatos elegidos para ello son variables, abarcando desde piezas de peque\u00f1o tama\u00f1o, pr\u00f3xio o coincidente con la talla de la obra de referencia, hasta otra de gran formato de unos 8 metros de largo.<\/p>\n<p>Como se\u00f1ala la artista en la presentaci\u00f3n de la exposici\u00f3n, adem\u00e1s de reflexionar sobre el enga\u00f1o que supone todo trampantojo, como lo es la obra de Pastor y Castro, la obra tambi\u00e9n establece un contraste entre la virtualidad y la presencialidad, pues fue desarrollada durante el periodo de confinadito. \u201cEl recorrido de estos meses ha interrogado desde diferentes perspectivas dos planos, en principio antag\u00f3nicos: virtualidad y materialidad, enga\u00f1o y verdad, ficci\u00f3n y realidad, realidad y lo real. \u00bfCu\u00e1n falsa es una verdad que parece mentira? \u00bfCu\u00e1n verdadera es una mentira que hace las veces de verdad?\u201d.<\/p>\n<p><strong>Tania Castellano<\/strong><\/p>\n<p>Tania Castellano San Jacinto es doctora en Bellas Artes por la Universidad Complutense de Madrid y actualmente es profesora de la Universidad de La Laguna. Aunque adapta sus modos de hacer y materiales a la naturaleza de cada proyecto, es frecuente que emplee la fotograf\u00eda y el registro sonoro, pero tambi\u00e9n de artes pl\u00e1sticas como dibujo, pintura y escultura en un sentido amplio. Sus l\u00edneas de investigaci\u00f3n estudian, por una parte, la producci\u00f3n art\u00edstica contempor\u00e1nea de im\u00e1genes interrumpidas vinculadas al medio tecnol\u00f3gico y, por otra, ahondan en el campo de lo desapercibido o de la anulaci\u00f3n de lo visible.<\/p>\n<p>Su trabajo se ha expuesto en diversos centros como la Sala Amad\u00eds en Madrid, el C\u00edrculo de Bellas Artes de Madrid, La Biblioteca Nacional, la Universit\u00e9 Paris 8 y la School of Visual Arts de Nueva York. Entre sus exposiciones individuales destacan \u201cNowhere\u201d (Colegio de Arquitectos de Guadalajara, 2004), \u201cSumergido\u201d (Colegio de Arquitectos de Guadalajara, 2004), \u201cEn blanco\u201d (Sala de Exposiciones Teatro Auditorio Buero Vallejo, 2006) y \u201cDisecci\u00f3n superficial\u201d (Sala de Exposiciones Ibercaja Guadalajara y Sala de Exposiciones Torrenueva Zaragoza, 2008).<\/p>\n","protected":false},"excerpt":{"rendered":"<p>La artista y profesora de la Facultad de Bellas Artes de la Universidad de La Laguna Tania Castellano est\u00e1 exponiendo&#8230;<\/p>\n","protected":false},"author":21,"featured_media":57927,"comment_status":"closed","ping_status":"closed","sticky":false,"template":"","format":"image","meta":{"inline_featured_image":false,"footnotes":""},"categories":[3154,344,345,4737,2765],"tags":[1201,7739,7740,7738],"acf":[],"yoast_head":"<!-- This site is optimized with the Yoast SEO plugin v21.3 - https:\/\/yoast.com\/wordpress\/plugins\/seo\/ -->\n<title>Tania Castellano expone en el Museo de Bellas Artes de Santa Cruz<\/title>\n<meta name=\"description\" content=\"La artista es profesora de la Facultad de Bellas Artes de la ULL y realizar\u00e1 una visita guiada el s\u00e1bado 7 de agosto a partir de las 11:00.\" \/>\n<meta name=\"robots\" content=\"index, follow, max-snippet:-1, max-image-preview:large, max-video-preview:-1\" \/>\n<link rel=\"canonical\" href=\"https:\/\/www.ull.es\/portal\/noticias\/2021\/tania-castellano-expone-museo-bellas-artes-santa-cruz\/\" \/>\n<meta property=\"og:locale\" content=\"es_ES\" \/>\n<meta property=\"og:type\" content=\"article\" \/>\n<meta property=\"og:title\" content=\"Tania Castellano expone en el Museo de Bellas Artes de Santa Cruz\" \/>\n<meta property=\"og:description\" content=\"La artista es profesora de la Facultad de Bellas Artes de la ULL y realizar\u00e1 una visita guiada el s\u00e1bado 7 de agosto a partir de las 11:00.\" \/>\n<meta property=\"og:url\" content=\"https:\/\/www.ull.es\/portal\/noticias\/2021\/tania-castellano-expone-museo-bellas-artes-santa-cruz\/\" \/>\n<meta property=\"og:site_name\" content=\"ULL - Noticias\" \/>\n<meta property=\"article:publisher\" content=\"https:\/\/www.facebook.com\/universidaddelalaguna\/\" \/>\n<meta property=\"article:published_time\" content=\"2021-08-03T08:18:45+00:00\" \/>\n<meta property=\"og:image\" content=\"https:\/\/www.ull.es\/portal\/noticias\/wp-content\/uploads\/sites\/13\/2021\/08\/tania-castellano-de-pliegue-en-pliegue-p.jpg\" \/>\n\t<meta property=\"og:image:width\" content=\"800\" \/>\n\t<meta property=\"og:image:height\" content=\"513\" \/>\n\t<meta property=\"og:image:type\" content=\"image\/jpeg\" \/>\n<meta name=\"author\" content=\"prensa2\" \/>\n<meta name=\"twitter:card\" content=\"summary_large_image\" \/>\n<meta name=\"twitter:creator\" content=\"@CanalULL\" \/>\n<meta name=\"twitter:site\" content=\"@CanalULL\" \/>\n<meta name=\"twitter:label1\" content=\"Escrito por\" \/>\n\t<meta name=\"twitter:data1\" content=\"prensa2\" \/>\n\t<meta name=\"twitter:label2\" content=\"Tiempo de lectura\" \/>\n\t<meta name=\"twitter:data2\" content=\"3 minutos\" \/>\n<script type=\"application\/ld+json\" class=\"yoast-schema-graph\">{\"@context\":\"https:\/\/schema.org\",\"@graph\":[{\"@type\":\"WebPage\",\"@id\":\"https:\/\/www.ull.es\/portal\/noticias\/2021\/tania-castellano-expone-museo-bellas-artes-santa-cruz\/\",\"url\":\"https:\/\/www.ull.es\/portal\/noticias\/2021\/tania-castellano-expone-museo-bellas-artes-santa-cruz\/\",\"name\":\"Tania Castellano expone en el Museo de Bellas Artes de Santa Cruz\",\"isPartOf\":{\"@id\":\"https:\/\/www.ull.es\/portal\/noticias\/#website\"},\"datePublished\":\"2021-08-03T08:18:45+00:00\",\"dateModified\":\"2021-08-03T08:18:45+00:00\",\"author\":{\"@id\":\"https:\/\/www.ull.es\/portal\/noticias\/#\/schema\/person\/c3b2aa857797592927a03740d6664376\"},\"description\":\"La artista es profesora de la Facultad de Bellas Artes de la ULL y realizar\u00e1 una visita guiada el s\u00e1bado 7 de agosto a partir de las 11:00.\",\"breadcrumb\":{\"@id\":\"https:\/\/www.ull.es\/portal\/noticias\/2021\/tania-castellano-expone-museo-bellas-artes-santa-cruz\/#breadcrumb\"},\"inLanguage\":\"es\",\"potentialAction\":[{\"@type\":\"ReadAction\",\"target\":[\"https:\/\/www.ull.es\/portal\/noticias\/2021\/tania-castellano-expone-museo-bellas-artes-santa-cruz\/\"]}]},{\"@type\":\"BreadcrumbList\",\"@id\":\"https:\/\/www.ull.es\/portal\/noticias\/2021\/tania-castellano-expone-museo-bellas-artes-santa-cruz\/#breadcrumb\",\"itemListElement\":[{\"@type\":\"ListItem\",\"position\":1,\"name\":\"Portada\",\"item\":\"https:\/\/www.ull.es\/portal\/noticias\/\"},{\"@type\":\"ListItem\",\"position\":2,\"name\":\"Tania Castellano, de la ULL, expone en el Museo de Bellas Artes de Santa Cruz con una visita guiada este s\u00e1bado\"}]},{\"@type\":\"WebSite\",\"@id\":\"https:\/\/www.ull.es\/portal\/noticias\/#website\",\"url\":\"https:\/\/www.ull.es\/portal\/noticias\/\",\"name\":\"ULL - Noticias\",\"description\":\"\",\"potentialAction\":[{\"@type\":\"SearchAction\",\"target\":{\"@type\":\"EntryPoint\",\"urlTemplate\":\"https:\/\/www.ull.es\/portal\/noticias\/?s={search_term_string}\"},\"query-input\":\"required name=search_term_string\"}],\"inLanguage\":\"es\"},{\"@type\":\"Person\",\"@id\":\"https:\/\/www.ull.es\/portal\/noticias\/#\/schema\/person\/c3b2aa857797592927a03740d6664376\",\"name\":\"prensa2\",\"image\":{\"@type\":\"ImageObject\",\"inLanguage\":\"es\",\"@id\":\"https:\/\/www.ull.es\/portal\/noticias\/#\/schema\/person\/image\/\",\"url\":\"https:\/\/secure.gravatar.com\/avatar\/b58f310a5de5feb33d1e026d2493f23c?s=96&d=mm&r=g\",\"contentUrl\":\"https:\/\/secure.gravatar.com\/avatar\/b58f310a5de5feb33d1e026d2493f23c?s=96&d=mm&r=g\",\"caption\":\"prensa2\"},\"url\":\"https:\/\/www.ull.es\/portal\/noticias\/author\/prensa2\/\"}]}<\/script>\n<!-- \/ Yoast SEO plugin. -->","yoast_head_json":{"title":"Tania Castellano expone en el Museo de Bellas Artes de Santa Cruz","description":"La artista es profesora de la Facultad de Bellas Artes de la ULL y realizar\u00e1 una visita guiada el s\u00e1bado 7 de agosto a partir de las 11:00.","robots":{"index":"index","follow":"follow","max-snippet":"max-snippet:-1","max-image-preview":"max-image-preview:large","max-video-preview":"max-video-preview:-1"},"canonical":"https:\/\/www.ull.es\/portal\/noticias\/2021\/tania-castellano-expone-museo-bellas-artes-santa-cruz\/","og_locale":"es_ES","og_type":"article","og_title":"Tania Castellano expone en el Museo de Bellas Artes de Santa Cruz","og_description":"La artista es profesora de la Facultad de Bellas Artes de la ULL y realizar\u00e1 una visita guiada el s\u00e1bado 7 de agosto a partir de las 11:00.","og_url":"https:\/\/www.ull.es\/portal\/noticias\/2021\/tania-castellano-expone-museo-bellas-artes-santa-cruz\/","og_site_name":"ULL - Noticias","article_publisher":"https:\/\/www.facebook.com\/universidaddelalaguna\/","article_published_time":"2021-08-03T08:18:45+00:00","og_image":[{"width":800,"height":513,"url":"https:\/\/www.ull.es\/portal\/noticias\/wp-content\/uploads\/sites\/13\/2021\/08\/tania-castellano-de-pliegue-en-pliegue-p.jpg","type":"image\/jpeg"}],"author":"prensa2","twitter_card":"summary_large_image","twitter_creator":"@CanalULL","twitter_site":"@CanalULL","twitter_misc":{"Escrito por":"prensa2","Tiempo de lectura":"3 minutos"},"schema":{"@context":"https:\/\/schema.org","@graph":[{"@type":"WebPage","@id":"https:\/\/www.ull.es\/portal\/noticias\/2021\/tania-castellano-expone-museo-bellas-artes-santa-cruz\/","url":"https:\/\/www.ull.es\/portal\/noticias\/2021\/tania-castellano-expone-museo-bellas-artes-santa-cruz\/","name":"Tania Castellano expone en el Museo de Bellas Artes de Santa Cruz","isPartOf":{"@id":"https:\/\/www.ull.es\/portal\/noticias\/#website"},"datePublished":"2021-08-03T08:18:45+00:00","dateModified":"2021-08-03T08:18:45+00:00","author":{"@id":"https:\/\/www.ull.es\/portal\/noticias\/#\/schema\/person\/c3b2aa857797592927a03740d6664376"},"description":"La artista es profesora de la Facultad de Bellas Artes de la ULL y realizar\u00e1 una visita guiada el s\u00e1bado 7 de agosto a partir de las 11:00.","breadcrumb":{"@id":"https:\/\/www.ull.es\/portal\/noticias\/2021\/tania-castellano-expone-museo-bellas-artes-santa-cruz\/#breadcrumb"},"inLanguage":"es","potentialAction":[{"@type":"ReadAction","target":["https:\/\/www.ull.es\/portal\/noticias\/2021\/tania-castellano-expone-museo-bellas-artes-santa-cruz\/"]}]},{"@type":"BreadcrumbList","@id":"https:\/\/www.ull.es\/portal\/noticias\/2021\/tania-castellano-expone-museo-bellas-artes-santa-cruz\/#breadcrumb","itemListElement":[{"@type":"ListItem","position":1,"name":"Portada","item":"https:\/\/www.ull.es\/portal\/noticias\/"},{"@type":"ListItem","position":2,"name":"Tania Castellano, de la ULL, expone en el Museo de Bellas Artes de Santa Cruz con una visita guiada este s\u00e1bado"}]},{"@type":"WebSite","@id":"https:\/\/www.ull.es\/portal\/noticias\/#website","url":"https:\/\/www.ull.es\/portal\/noticias\/","name":"ULL - Noticias","description":"","potentialAction":[{"@type":"SearchAction","target":{"@type":"EntryPoint","urlTemplate":"https:\/\/www.ull.es\/portal\/noticias\/?s={search_term_string}"},"query-input":"required name=search_term_string"}],"inLanguage":"es"},{"@type":"Person","@id":"https:\/\/www.ull.es\/portal\/noticias\/#\/schema\/person\/c3b2aa857797592927a03740d6664376","name":"prensa2","image":{"@type":"ImageObject","inLanguage":"es","@id":"https:\/\/www.ull.es\/portal\/noticias\/#\/schema\/person\/image\/","url":"https:\/\/secure.gravatar.com\/avatar\/b58f310a5de5feb33d1e026d2493f23c?s=96&d=mm&r=g","contentUrl":"https:\/\/secure.gravatar.com\/avatar\/b58f310a5de5feb33d1e026d2493f23c?s=96&d=mm&r=g","caption":"prensa2"},"url":"https:\/\/www.ull.es\/portal\/noticias\/author\/prensa2\/"}]}},"primary_category":{"id":345,"name":"Destacado","slug":"destacado","link":"https:\/\/www.ull.es\/portal\/noticias\/category\/destacado\/"},"featured_image_thumbnail_url":"https:\/\/www.ull.es\/portal\/noticias\/wp-content\/uploads\/sites\/13\/2021\/08\/tania-castellano-de-pliegue-en-pliegue-p-300x192.jpg","_links":{"self":[{"href":"https:\/\/www.ull.es\/portal\/noticias\/wp-json\/wp\/v2\/posts\/57925"}],"collection":[{"href":"https:\/\/www.ull.es\/portal\/noticias\/wp-json\/wp\/v2\/posts"}],"about":[{"href":"https:\/\/www.ull.es\/portal\/noticias\/wp-json\/wp\/v2\/types\/post"}],"author":[{"embeddable":true,"href":"https:\/\/www.ull.es\/portal\/noticias\/wp-json\/wp\/v2\/users\/21"}],"replies":[{"embeddable":true,"href":"https:\/\/www.ull.es\/portal\/noticias\/wp-json\/wp\/v2\/comments?post=57925"}],"version-history":[{"count":1,"href":"https:\/\/www.ull.es\/portal\/noticias\/wp-json\/wp\/v2\/posts\/57925\/revisions"}],"predecessor-version":[{"id":57928,"href":"https:\/\/www.ull.es\/portal\/noticias\/wp-json\/wp\/v2\/posts\/57925\/revisions\/57928"}],"wp:featuredmedia":[{"embeddable":true,"href":"https:\/\/www.ull.es\/portal\/noticias\/wp-json\/wp\/v2\/media\/57927"}],"wp:attachment":[{"href":"https:\/\/www.ull.es\/portal\/noticias\/wp-json\/wp\/v2\/media?parent=57925"}],"wp:term":[{"taxonomy":"category","embeddable":true,"href":"https:\/\/www.ull.es\/portal\/noticias\/wp-json\/wp\/v2\/categories?post=57925"},{"taxonomy":"post_tag","embeddable":true,"href":"https:\/\/www.ull.es\/portal\/noticias\/wp-json\/wp\/v2\/tags?post=57925"}],"curies":[{"name":"wp","href":"https:\/\/api.w.org\/{rel}","templated":true}]}}