{"id":58037,"date":"2021-08-27T13:09:43","date_gmt":"2021-08-27T13:09:43","guid":{"rendered":"https:\/\/www.ull.es\/portal\/noticias\/?p=58037"},"modified":"2021-09-08T12:50:07","modified_gmt":"2021-09-08T12:50:07","slug":"miguel_pastor-primer-estudiante-embajador","status":"publish","type":"post","link":"https:\/\/www.ull.es\/portal\/noticias\/2021\/miguel_pastor-primer-estudiante-embajador\/","title":{"rendered":"El primer estudiante embajador \u00a0\u00a0\u00a0\u00a0\u00a0\u00a0\u00a0"},"content":{"rendered":"<p>Fue una compa\u00f1era de la Universidad de Cantabria la que le coment\u00f3 la existencia del programa EU Careers Student Ambassadors, una iniciativa que le son\u00f3 a nueva a pesar de sus anteriores colaboraciones con algunos organismos de la Uni\u00f3n Europea (UE) y un confeso esp\u00edritu europe\u00edsta que manifiesta\u00a0 desenfadadamente, al otro lado del hilo telef\u00f3nico, a lo largo de esta entrevista.<\/p>\n<p>Y lo hace tras llegar de Alemania, pa\u00eds donde estuvo de erasmus este a\u00f1o, cursando tercero del <a href=\"https:\/\/www.ull.es\/grados\/derecho\/\" target=\"_blank\" rel=\"noopener\" target=\"_blank\" rel=\"noopener\">Grado en Derecho<\/a>. Lo hizo en Leipzig, la misma ciudad donde la canciller alemana \u00c1ngela Merkel se convirti\u00f3 en universitaria. All\u00ed no solo estudi\u00f3, sino que tuvo tiempo para hacer amigos, disfrutar de la vida en el campus (pese a las restricciones covid) y de su fabulosa Bibliotheca Alberthina, famosa por su colecci\u00f3n de libros de caballos y sus exposiciones.<\/p>\n<p>Ahora, a tan solo unas pocas semanas de comenzar su cuarto a\u00f1o de carrera, Miguel Pastor Moreno se ha convertido en el primer embajador para la Uni\u00f3n Europea de la Universidad de La Laguna, el \u00fanico centro acad\u00e9mico canario en contar con la figura del <a href=\"https:\/\/epso.europa.eu\/job-opportunities\/eu-careers-student-ambassadors_es\" target=\"_blank\" rel=\"noopener\" target=\"_blank\" rel=\"noopener\">EU Careers Ambasador<\/a>, un programa por el que ha apostado el <a href=\"https:\/\/www.ull.es\/la-universidad\/equipo-gobierno\/vicerrectorado-proyeccion-internacionalizacion-cooperacion\/#biografia\" target=\"_blank\" rel=\"noopener\" target=\"_blank\" rel=\"noopener\">Vicerrectorado de Proyecci\u00f3n, Internacionalizaci\u00f3n y Cooperaci\u00f3n<\/a> para mostrar al alumnado las numerosas y atractivas oportunidades laborales y formativas que ofrecen las instituciones europeas.<\/p>\n<p>\u201cAcabamos de tener una reuni\u00f3n con la vicerrectora, Lidia Cabrera P\u00e9rez, para preparar la presentaci\u00f3n del programa en el mes de septiembre. Lo que est\u00e1 previsto es que a comienzos de octubre comience la formaci\u00f3n y posteriormente las charlas que se ofrecer\u00e1n, que intentar\u00e9 compaginar con mi cuarto a\u00f1o de Derecho en la Universidad de La Laguna y con los estudios de Relaciones Internacionales que curso de forma online en la Universidad Internacional de Valencia (UNIV)\u201d, apunta.<\/p>\n<p><strong><a href=\"https:\/\/www.ull.es\/portal\/noticias\/wp-content\/uploads\/sites\/13\/2021\/08\/Internacional-03.jpg\" target=\"_blank\" rel=\"noopener\" target=\"_blank\" rel=\"noopener\"><img decoding=\"async\" loading=\"lazy\" class=\"alignleft wp-image-58038 size-medium\" src=\"https:\/\/www.ull.es\/portal\/noticias\/wp-content\/uploads\/sites\/13\/2021\/08\/Internacional-03-300x200.jpg\" alt=\"\" width=\"300\" height=\"200\" srcset=\"https:\/\/www.ull.es\/portal\/noticias\/wp-content\/uploads\/sites\/13\/2021\/08\/Internacional-03-300x200.jpg 300w, https:\/\/www.ull.es\/portal\/noticias\/wp-content\/uploads\/sites\/13\/2021\/08\/Internacional-03-768x512.jpg 768w, https:\/\/www.ull.es\/portal\/noticias\/wp-content\/uploads\/sites\/13\/2021\/08\/Internacional-03-375x250.jpg 375w, https:\/\/www.ull.es\/portal\/noticias\/wp-content\/uploads\/sites\/13\/2021\/08\/Internacional-03-750x500.jpg 750w, https:\/\/www.ull.es\/portal\/noticias\/wp-content\/uploads\/sites\/13\/2021\/08\/Internacional-03.jpg 1024w\" sizes=\"(max-width: 300px) 100vw, 300px\" \/><\/a>Talento canario exportable<\/strong><\/p>\n<p>A pesar de estar tan ocupado (cursar dos carreras a la vez no es nada f\u00e1cil) Miguel va a dedicar todo el tiempo que le sea posible a su nuevo cargo porque \u201cel talento canario se puede exportar y aprovechar\u201d. Tampoco duda en ensalzar la labor realizada por el vicerrectorado que capitanea Lidia Cabrera, que vio con claridad que la Universidad de La Laguna, en la que \u201chay much\u00edsimo talento porque se da una formaci\u00f3n excelente\u201d, ten\u00eda que postularse para este programa europeo.<\/p>\n<p>\u201cLa Universidad de La Laguna tiene puestas sus miras m\u00e1s all\u00e1 de las islas. La gente, el alumnado, tiene que saber que en la Uni\u00f3n Europea hay much\u00edsimas oportunidades laborales para todos los perfiles de egresados. Sin ir m\u00e1s lejos \u2012 aclara el estudiante\u2012 la Agencia Espacial Europea (ESA) posee base en Madrid, con lo que es indiscutible que se puede ser f\u00edsico y trabajar en la UE, algo que mucha gente desconoce\u201d.<\/p>\n<p>Cabrera y Pastor coinciden en la importancia de fomentar el esp\u00edritu europeo entre el estudiantado, algo que pes\u00f3 mucho en la decisi\u00f3n del Vicerrectorado de Proyecci\u00f3n, Internacionalizaci\u00f3n y Cooperaci\u00f3n de la Universidad de La Laguna al presentar la candidatura al programa de estudiantes embajadores EU Careers. Pero sin duda, la realidad de Canarias como regi\u00f3n ultraperif\u00e9rica fue un aspecto decisivo en esa postulaci\u00f3n. \u201cEstar en zonas ultraperif\u00e9ricas dificulta much\u00edsimo que la ciudadan\u00eda tenga una conciencia europea, por eso desde el vicerrectorado estamos trabajando para fomentarla entre el estudiantado\u201d.<\/p>\n<p>Porque a pesar de la lejan\u00eda geogr\u00e1fica (la distancia desde las Islas Canarias a nuestro pa\u00eds vecino, Francia, ronda los 3.000 kil\u00f3metros) \u201cnos afectan, indiscutiblemente, las decisiones que se toman en Europa, en el seno de sus instituciones, y no solo de cara a la poblaci\u00f3n, a la ciudadan\u00eda, sino al futuro desarrollo profesional de nuestros estudiantes. Por esta raz\u00f3n es fundamental que nuestro estudiantado tenga conciencia de que va a trabajar para Europa\u201d, insiste Cabrera.<\/p>\n<p><strong>Ser un ambassador EU Careers<\/strong><\/p>\n<p>Aunque Miguel cuenta con sobrada experiencia en el \u00e1mbito comunitario \u2012es desde hace tiempo voluntario en el Parlamento Europeo y ha sido presidente de la Asociaci\u00f3n Europea de Canarias (Juveucan)\u2012 tiene que formarse a conciencia para poder desempe\u00f1ar su labor al cien por cien. Los d\u00edas 2 y 3 de octubre asistir\u00e1 a unas jornadas de formaci\u00f3n impartidas por la <a href=\"https:\/\/epso.europa.eu\/home_es\" target=\"_blank\" rel=\"noopener\">European Personnel Selection Office (EPSO)<\/a>, la empresa encargada de seleccionar el personal para los distintos organismos europeos.<\/p>\n<p>Esos dos d\u00edas aprender\u00e1 todo lo que conlleva ser un estudiante embajador, c\u00f3mo desenvolverse en la formaci\u00f3n que va a impartir, c\u00f3mo y qu\u00e9 comunicar en las redes sociales\u2026 Y todo ello de una manera muy pr\u00e1ctica e instructiva. No tienen porqu\u00e9 ser charlas al uso. Ah\u00ed es donde entra su capacidad, desenvoltura y experiencia previa. \u201cVa a ser muy importante que se creen din\u00e1micas positivas. Mi intenci\u00f3n es que todas las facultades de la Universidad de La Laguna tengan la oportunidad de asistir a una charla y que quien quiera informarse lo haga, independientemente de su perfil acad\u00e9mico\u201d.<\/p>\n<p>Se trata de acercar al estudiantado el testimonio de los funcionarios de diferentes cuerpos y departamentos de la Comisi\u00f3n Europea. Las conferencias abordar\u00e1n las distintas salidas profesionales y el enfoque de las charlas variar\u00e1 en funci\u00f3n de las especialidades de grado. En este sentido, Pastor reconoce que su formaci\u00f3n en Derecho le ayuda bastante. De hecho, ha dado algunas ponencias y preparado presentaciones p\u00fablicas en Power Point.<\/p>\n<p><strong><a href=\"https:\/\/www.ull.es\/portal\/noticias\/wp-content\/uploads\/sites\/13\/2021\/08\/Internacional-02.jpg\" target=\"_blank\" rel=\"noopener\" target=\"_blank\" rel=\"noopener\"><img decoding=\"async\" loading=\"lazy\" class=\"alignright wp-image-58040 size-medium\" src=\"https:\/\/www.ull.es\/portal\/noticias\/wp-content\/uploads\/sites\/13\/2021\/08\/Internacional-02-300x200.jpg\" alt=\"\" width=\"300\" height=\"200\" srcset=\"https:\/\/www.ull.es\/portal\/noticias\/wp-content\/uploads\/sites\/13\/2021\/08\/Internacional-02-300x200.jpg 300w, https:\/\/www.ull.es\/portal\/noticias\/wp-content\/uploads\/sites\/13\/2021\/08\/Internacional-02-768x512.jpg 768w, https:\/\/www.ull.es\/portal\/noticias\/wp-content\/uploads\/sites\/13\/2021\/08\/Internacional-02-375x250.jpg 375w, https:\/\/www.ull.es\/portal\/noticias\/wp-content\/uploads\/sites\/13\/2021\/08\/Internacional-02-750x500.jpg 750w, https:\/\/www.ull.es\/portal\/noticias\/wp-content\/uploads\/sites\/13\/2021\/08\/Internacional-02.jpg 1024w\" sizes=\"(max-width: 300px) 100vw, 300px\" \/><\/a>Un reinado de 365 d\u00edas<\/strong><\/p>\n<p>Sabe de lo que habla cuando afirma que su puesto, que estrenar\u00e1 con el inicio del curso acad\u00e9mico, y que durar\u00e1 un a\u00f1o, le va a encantar. Y lo dice con entusiasmo, no solo porque se siente privilegiado debido a la confianza que el Vicerrectorado de Proyecci\u00f3n ha depositado en \u00e9l, sino porque tuvo ocasi\u00f3n de dar una charla en el centro de documentaci\u00f3n europea de la Universidad de Las Palmas de Gran Canaria que origin\u00f3 que varios de los estudiantes que asistieron fueran seleccionados tras presentarse a las pr\u00e1cticas convocadas por la Comisi\u00f3n Europea. Un subid\u00f3n y toda una inyecci\u00f3n de \u00e1nimo de cara a su nuevo papel.<\/p>\n<p>En este punto hay que preguntarse qu\u00e9 se espera de \u00e9l y qu\u00e9 puede ofrecer la Uni\u00f3n Europea al estudiantado y futuros profesionales del siglo XXI. La vicerrectora, Lidia Cabrera, explica que se busca incentivar la participaci\u00f3n ciudadana y el voluntariado estudiantil y, por ende, promover esa conciencia europea \u201ctan necesaria\u201d. Para ello, desde la Universidad de La Laguna se est\u00e1n preparando una serie de actividades que se desarrollar\u00e1n a lo largo del pr\u00f3ximo curso acad\u00e9mico.<\/p>\n<p>Para hacerse una idea acertada de los puestos de trabajo y salidas profesionales que ofrece la UE, lo primero que hay que hacer es desterrar de nuestras mentes que un trabajo comunitario se desarrolla solo en Luxemburgo o Bruselas. Para nada. Aunque es muy probable que se empiece por ah\u00ed, hay oficinas repartidas por varios pa\u00edses europeos (y otros continentes) donde tambi\u00e9n puede hacerse carrera. \u00bfPero qu\u00e9 carrera? Depende, porque hay m\u00faltiples posibilidades profesionales en el entorno comunitario.<\/p>\n<p>Hay plazas para fil\u00f3logos, abogados, periodistas, administrativos, economistas o inform\u00e1ticos (entre otros muchos perfiles). Y las hay en distintos puestos, ya sea como administradores o como asistentes. Eso s\u00ed, es imprescindible, en la mayor\u00eda de los casos, hablar dos idiomas comunitarios ya que la actividad laboral se desarrolla en entornos internacionales y multiculturales. Si hablamos de sueldos, hay que decir que oscilan entre los 2.300 euros mensuales (los m\u00e1s b\u00e1sicos) hasta los 16.000 euros en el caso de los denominados administradores de m\u00e1ximo nivel.<\/p>\n<p>No hay que olvidar las becas (Blue Book o Robert Schuman) y las pr\u00e1cticas a las que puede optarse, motivo por el que en las charlas no solo participar\u00e1n funcionarios comunitarios. Tambi\u00e9n se explicar\u00e1 al detalle en qu\u00e9 consiste el proceso de oposici\u00f3n, \u201cbastante alejado de la metodolog\u00eda de los grandes temarios de las oposiciones espa\u00f1olas, y que puede ser de gran inter\u00e9s para ampliar la visi\u00f3n de futuro de los estudiantes de la Universidad de La Laguna\u201d, aclara el nuevo ambassador canario.<\/p>\n<p><strong><a href=\"https:\/\/www.ull.es\/portal\/noticias\/wp-content\/uploads\/sites\/13\/2021\/08\/Internacional-01.jpg\" target=\"_blank\" rel=\"noopener\" target=\"_blank\" rel=\"noopener\"><img decoding=\"async\" loading=\"lazy\" class=\"alignleft wp-image-58041 size-medium\" src=\"https:\/\/www.ull.es\/portal\/noticias\/wp-content\/uploads\/sites\/13\/2021\/08\/Internacional-01-300x200.jpg\" alt=\"\" width=\"300\" height=\"200\" srcset=\"https:\/\/www.ull.es\/portal\/noticias\/wp-content\/uploads\/sites\/13\/2021\/08\/Internacional-01-300x200.jpg 300w, https:\/\/www.ull.es\/portal\/noticias\/wp-content\/uploads\/sites\/13\/2021\/08\/Internacional-01-768x512.jpg 768w, https:\/\/www.ull.es\/portal\/noticias\/wp-content\/uploads\/sites\/13\/2021\/08\/Internacional-01-375x250.jpg 375w, https:\/\/www.ull.es\/portal\/noticias\/wp-content\/uploads\/sites\/13\/2021\/08\/Internacional-01-750x500.jpg 750w, https:\/\/www.ull.es\/portal\/noticias\/wp-content\/uploads\/sites\/13\/2021\/08\/Internacional-01.jpg 1024w\" sizes=\"(max-width: 300px) 100vw, 300px\" \/><\/a>M\u00e1s embajadores por Europa<\/strong><\/p>\n<p>Este apasionado de la Uni\u00f3n Europea ha experimentado en vena el amor por las relaciones internacionales desde ni\u00f1o de la mano de su padre, un profesor de la <a href=\"https:\/\/www.uca.es\/\" target=\"_blank\" rel=\"noopener\" target=\"_blank\" rel=\"noopener\">Universidad de C\u00e1diz, <\/a>su madre, muy vinculada a proyectos europeos, y su abuelo, un ingeniero que vivi\u00f3 en Estados Unidos y que siempre le inculc\u00f3 la importancia de hablar idiomas. Ahora, en esta aventura que empieza no est\u00e1 solo. Junto a \u00e9l se embarcan otros embajadores en representaci\u00f3n de cuatro universidades espa\u00f1olas: la <a href=\"https:\/\/www.uc3m.es\/inicio\" target=\"_blank\" rel=\"noopener\" target=\"_blank\" rel=\"noopener\">Universidad Carlos III de Madrid<\/a>, la <a href=\"https:\/\/www.unir.net\/\" target=\"_blank\" rel=\"noopener\" target=\"_blank\" rel=\"noopener\">Universidad Internacional de la Rioja<\/a>, la <a href=\"https:\/\/www.upct.es\/\" target=\"_blank\" rel=\"noopener\" target=\"_blank\" rel=\"noopener\">Universidad Polit\u00e9cnica de Cartagena<\/a> y la <a href=\"https:\/\/www.uva.es\/export\/sites\/uva\/\" target=\"_blank\" rel=\"noopener\" target=\"_blank\" rel=\"noopener\">Universidad de Valladolid<\/a>.<\/p>\n<p>Y otras tantas repartidas por toda Europa que tambi\u00e9n se han postulado para el programa. En total, alrededor de 180 estudiantes que no dudaron en rellenar el formulario para presentarse al cargo, igual que Miguel, y que vivir\u00e1n esta experiencia al tiempo que estudian sus carreras y hacen vida normal. A pesar de que la pandemia de COVID-19, de momento, est\u00e1 limitando la movilidad y relegando las reuniones y encuentros al formato online, ya han tenido ocasi\u00f3n de conocerse.<\/p>\n<p>Fue en una reuni\u00f3n mantenida con la representaci\u00f3n permanente de Espa\u00f1a en la UE. Y aunque se vieron a trav\u00e9s de la pantalla del ordenador, fue suficiente para sentir el apoyo de las distintas delegaciones y del director de la oficina del Gobierno de Canarias ante la UE en Bruselas, Jos\u00e9 S\u00e1nchez Ruano. Adem\u00e1s de \u00e9l, Miguel sabe que desde el Vicerrectorado de Proyecci\u00f3n, Internacionalizaci\u00f3n y Cooperaci\u00f3n de la Universidad de La Laguna tambi\u00e9n estar\u00e1n ah\u00ed para apoyarlo en el desempe\u00f1o de sus funciones. Entre ellas, convertirse en el enlace perfecto para los estudiantes interesados en hacer carrera en el \u00e1mbito comunitario.<\/p>\n<p>Desde luego, ganas, empuje, preparaci\u00f3n, motivaci\u00f3n y altas dosis de entusiasmo desbordante no le faltan a este estudiante de Derecho de la Universidad de La Laguna que se siente \u201cmuy orgulloso\u201d de su universidad, que habla de la ciudadan\u00eda como \u201cquinto poder\u201d y que tiene claro que el \u00e9xito en este cargo que estrena en breve llegar\u00e1 cuando haya estudiantado y egresados que le cuenten que est\u00e1n haciendo pr\u00e1cticas en el Parlamento Europeo o en pleno proceso de selecci\u00f3n para un puesto. Entonces s\u00ed que puede decir eso de \u2018objetivo cumplido\u2019.<\/p>\n<p style=\"text-align: right\"><strong>Gabinete de Comunicaci\u00f3n<\/strong><\/p>\n<p>&nbsp;<\/p>\n","protected":false},"excerpt":{"rendered":"<p>Fue una compa\u00f1era de la Universidad de Cantabria la que le coment\u00f3 la existencia del programa EU Careers Student Ambassadors,&#8230;<\/p>\n","protected":false},"author":21,"featured_media":58039,"comment_status":"closed","ping_status":"closed","sticky":false,"template":"","format":"standard","meta":{"inline_featured_image":false,"footnotes":""},"categories":[3799,349,2750],"tags":[7760,1537,7759,2524,2550],"acf":[],"yoast_head":"<!-- This site is optimized with the Yoast SEO plugin v21.3 - https:\/\/yoast.com\/wordpress\/plugins\/seo\/ -->\n<title>Miguel Pastor, el primer estudiante embajador de la ULL<\/title>\n<meta name=\"description\" content=\"Este alumno de Derecho es el primer EU Careers Ambasador de la ULL en la Uni\u00f3n Europea, y busca despertar la conciencia europea en el centro.\" \/>\n<meta name=\"robots\" content=\"index, follow, max-snippet:-1, max-image-preview:large, max-video-preview:-1\" \/>\n<link rel=\"canonical\" href=\"https:\/\/www.ull.es\/portal\/noticias\/2021\/miguel_pastor-primer-estudiante-embajador\/\" \/>\n<meta property=\"og:locale\" content=\"es_ES\" \/>\n<meta property=\"og:type\" content=\"article\" \/>\n<meta property=\"og:title\" content=\"Miguel Pastor, el primer estudiante embajador de la ULL\" \/>\n<meta property=\"og:description\" content=\"Este alumno de Derecho es el primer EU Careers Ambasador de la ULL en la Uni\u00f3n Europea, y busca despertar la conciencia europea en el centro.\" \/>\n<meta property=\"og:url\" content=\"https:\/\/www.ull.es\/portal\/noticias\/2021\/miguel_pastor-primer-estudiante-embajador\/\" \/>\n<meta property=\"og:site_name\" content=\"ULL - Noticias\" \/>\n<meta property=\"article:publisher\" content=\"https:\/\/www.facebook.com\/universidaddelalaguna\/\" \/>\n<meta property=\"article:published_time\" content=\"2021-08-27T13:09:43+00:00\" \/>\n<meta property=\"article:modified_time\" content=\"2021-09-08T12:50:07+00:00\" \/>\n<meta property=\"og:image\" content=\"https:\/\/www.ull.es\/portal\/noticias\/wp-content\/uploads\/sites\/13\/2021\/08\/Internacional-04.jpg\" \/>\n\t<meta property=\"og:image:width\" content=\"1024\" \/>\n\t<meta property=\"og:image:height\" content=\"683\" \/>\n\t<meta property=\"og:image:type\" content=\"image\/jpeg\" \/>\n<meta name=\"author\" content=\"prensa2\" \/>\n<meta name=\"twitter:card\" content=\"summary_large_image\" \/>\n<meta name=\"twitter:creator\" content=\"@CanalULL\" \/>\n<meta name=\"twitter:site\" content=\"@CanalULL\" \/>\n<meta name=\"twitter:label1\" content=\"Escrito por\" \/>\n\t<meta name=\"twitter:data1\" content=\"prensa2\" \/>\n\t<meta name=\"twitter:label2\" content=\"Tiempo de lectura\" \/>\n\t<meta name=\"twitter:data2\" content=\"8 minutos\" \/>\n<script type=\"application\/ld+json\" class=\"yoast-schema-graph\">{\"@context\":\"https:\/\/schema.org\",\"@graph\":[{\"@type\":\"WebPage\",\"@id\":\"https:\/\/www.ull.es\/portal\/noticias\/2021\/miguel_pastor-primer-estudiante-embajador\/\",\"url\":\"https:\/\/www.ull.es\/portal\/noticias\/2021\/miguel_pastor-primer-estudiante-embajador\/\",\"name\":\"Miguel Pastor, el primer estudiante embajador de la ULL\",\"isPartOf\":{\"@id\":\"https:\/\/www.ull.es\/portal\/noticias\/#website\"},\"datePublished\":\"2021-08-27T13:09:43+00:00\",\"dateModified\":\"2021-09-08T12:50:07+00:00\",\"author\":{\"@id\":\"https:\/\/www.ull.es\/portal\/noticias\/#\/schema\/person\/c3b2aa857797592927a03740d6664376\"},\"description\":\"Este alumno de Derecho es el primer EU Careers Ambasador de la ULL en la Uni\u00f3n Europea, y busca despertar la conciencia europea en el centro.\",\"breadcrumb\":{\"@id\":\"https:\/\/www.ull.es\/portal\/noticias\/2021\/miguel_pastor-primer-estudiante-embajador\/#breadcrumb\"},\"inLanguage\":\"es\",\"potentialAction\":[{\"@type\":\"ReadAction\",\"target\":[\"https:\/\/www.ull.es\/portal\/noticias\/2021\/miguel_pastor-primer-estudiante-embajador\/\"]}]},{\"@type\":\"BreadcrumbList\",\"@id\":\"https:\/\/www.ull.es\/portal\/noticias\/2021\/miguel_pastor-primer-estudiante-embajador\/#breadcrumb\",\"itemListElement\":[{\"@type\":\"ListItem\",\"position\":1,\"name\":\"Portada\",\"item\":\"https:\/\/www.ull.es\/portal\/noticias\/\"},{\"@type\":\"ListItem\",\"position\":2,\"name\":\"El primer estudiante embajador \u00a0\u00a0\u00a0\u00a0\u00a0\u00a0\u00a0\"}]},{\"@type\":\"WebSite\",\"@id\":\"https:\/\/www.ull.es\/portal\/noticias\/#website\",\"url\":\"https:\/\/www.ull.es\/portal\/noticias\/\",\"name\":\"ULL - Noticias\",\"description\":\"\",\"potentialAction\":[{\"@type\":\"SearchAction\",\"target\":{\"@type\":\"EntryPoint\",\"urlTemplate\":\"https:\/\/www.ull.es\/portal\/noticias\/?s={search_term_string}\"},\"query-input\":\"required name=search_term_string\"}],\"inLanguage\":\"es\"},{\"@type\":\"Person\",\"@id\":\"https:\/\/www.ull.es\/portal\/noticias\/#\/schema\/person\/c3b2aa857797592927a03740d6664376\",\"name\":\"prensa2\",\"image\":{\"@type\":\"ImageObject\",\"inLanguage\":\"es\",\"@id\":\"https:\/\/www.ull.es\/portal\/noticias\/#\/schema\/person\/image\/\",\"url\":\"https:\/\/secure.gravatar.com\/avatar\/b58f310a5de5feb33d1e026d2493f23c?s=96&d=mm&r=g\",\"contentUrl\":\"https:\/\/secure.gravatar.com\/avatar\/b58f310a5de5feb33d1e026d2493f23c?s=96&d=mm&r=g\",\"caption\":\"prensa2\"},\"url\":\"https:\/\/www.ull.es\/portal\/noticias\/author\/prensa2\/\"}]}<\/script>\n<!-- \/ Yoast SEO plugin. -->","yoast_head_json":{"title":"Miguel Pastor, el primer estudiante embajador de la ULL","description":"Este alumno de Derecho es el primer EU Careers Ambasador de la ULL en la Uni\u00f3n Europea, y busca despertar la conciencia europea en el centro.","robots":{"index":"index","follow":"follow","max-snippet":"max-snippet:-1","max-image-preview":"max-image-preview:large","max-video-preview":"max-video-preview:-1"},"canonical":"https:\/\/www.ull.es\/portal\/noticias\/2021\/miguel_pastor-primer-estudiante-embajador\/","og_locale":"es_ES","og_type":"article","og_title":"Miguel Pastor, el primer estudiante embajador de la ULL","og_description":"Este alumno de Derecho es el primer EU Careers Ambasador de la ULL en la Uni\u00f3n Europea, y busca despertar la conciencia europea en el centro.","og_url":"https:\/\/www.ull.es\/portal\/noticias\/2021\/miguel_pastor-primer-estudiante-embajador\/","og_site_name":"ULL - Noticias","article_publisher":"https:\/\/www.facebook.com\/universidaddelalaguna\/","article_published_time":"2021-08-27T13:09:43+00:00","article_modified_time":"2021-09-08T12:50:07+00:00","og_image":[{"width":1024,"height":683,"url":"https:\/\/www.ull.es\/portal\/noticias\/wp-content\/uploads\/sites\/13\/2021\/08\/Internacional-04.jpg","type":"image\/jpeg"}],"author":"prensa2","twitter_card":"summary_large_image","twitter_creator":"@CanalULL","twitter_site":"@CanalULL","twitter_misc":{"Escrito por":"prensa2","Tiempo de lectura":"8 minutos"},"schema":{"@context":"https:\/\/schema.org","@graph":[{"@type":"WebPage","@id":"https:\/\/www.ull.es\/portal\/noticias\/2021\/miguel_pastor-primer-estudiante-embajador\/","url":"https:\/\/www.ull.es\/portal\/noticias\/2021\/miguel_pastor-primer-estudiante-embajador\/","name":"Miguel Pastor, el primer estudiante embajador de la ULL","isPartOf":{"@id":"https:\/\/www.ull.es\/portal\/noticias\/#website"},"datePublished":"2021-08-27T13:09:43+00:00","dateModified":"2021-09-08T12:50:07+00:00","author":{"@id":"https:\/\/www.ull.es\/portal\/noticias\/#\/schema\/person\/c3b2aa857797592927a03740d6664376"},"description":"Este alumno de Derecho es el primer EU Careers Ambasador de la ULL en la Uni\u00f3n Europea, y busca despertar la conciencia europea en el centro.","breadcrumb":{"@id":"https:\/\/www.ull.es\/portal\/noticias\/2021\/miguel_pastor-primer-estudiante-embajador\/#breadcrumb"},"inLanguage":"es","potentialAction":[{"@type":"ReadAction","target":["https:\/\/www.ull.es\/portal\/noticias\/2021\/miguel_pastor-primer-estudiante-embajador\/"]}]},{"@type":"BreadcrumbList","@id":"https:\/\/www.ull.es\/portal\/noticias\/2021\/miguel_pastor-primer-estudiante-embajador\/#breadcrumb","itemListElement":[{"@type":"ListItem","position":1,"name":"Portada","item":"https:\/\/www.ull.es\/portal\/noticias\/"},{"@type":"ListItem","position":2,"name":"El primer estudiante embajador \u00a0\u00a0\u00a0\u00a0\u00a0\u00a0\u00a0"}]},{"@type":"WebSite","@id":"https:\/\/www.ull.es\/portal\/noticias\/#website","url":"https:\/\/www.ull.es\/portal\/noticias\/","name":"ULL - Noticias","description":"","potentialAction":[{"@type":"SearchAction","target":{"@type":"EntryPoint","urlTemplate":"https:\/\/www.ull.es\/portal\/noticias\/?s={search_term_string}"},"query-input":"required name=search_term_string"}],"inLanguage":"es"},{"@type":"Person","@id":"https:\/\/www.ull.es\/portal\/noticias\/#\/schema\/person\/c3b2aa857797592927a03740d6664376","name":"prensa2","image":{"@type":"ImageObject","inLanguage":"es","@id":"https:\/\/www.ull.es\/portal\/noticias\/#\/schema\/person\/image\/","url":"https:\/\/secure.gravatar.com\/avatar\/b58f310a5de5feb33d1e026d2493f23c?s=96&d=mm&r=g","contentUrl":"https:\/\/secure.gravatar.com\/avatar\/b58f310a5de5feb33d1e026d2493f23c?s=96&d=mm&r=g","caption":"prensa2"},"url":"https:\/\/www.ull.es\/portal\/noticias\/author\/prensa2\/"}]}},"primary_category":{"id":349,"name":"Internacionalizaci\u00f3n","slug":"internacionalizacion","link":"https:\/\/www.ull.es\/portal\/noticias\/category\/internacionalizacion\/"},"featured_image_thumbnail_url":"https:\/\/www.ull.es\/portal\/noticias\/wp-content\/uploads\/sites\/13\/2021\/08\/Internacional-04-300x200.jpg","_links":{"self":[{"href":"https:\/\/www.ull.es\/portal\/noticias\/wp-json\/wp\/v2\/posts\/58037"}],"collection":[{"href":"https:\/\/www.ull.es\/portal\/noticias\/wp-json\/wp\/v2\/posts"}],"about":[{"href":"https:\/\/www.ull.es\/portal\/noticias\/wp-json\/wp\/v2\/types\/post"}],"author":[{"embeddable":true,"href":"https:\/\/www.ull.es\/portal\/noticias\/wp-json\/wp\/v2\/users\/21"}],"replies":[{"embeddable":true,"href":"https:\/\/www.ull.es\/portal\/noticias\/wp-json\/wp\/v2\/comments?post=58037"}],"version-history":[{"count":3,"href":"https:\/\/www.ull.es\/portal\/noticias\/wp-json\/wp\/v2\/posts\/58037\/revisions"}],"predecessor-version":[{"id":58173,"href":"https:\/\/www.ull.es\/portal\/noticias\/wp-json\/wp\/v2\/posts\/58037\/revisions\/58173"}],"wp:featuredmedia":[{"embeddable":true,"href":"https:\/\/www.ull.es\/portal\/noticias\/wp-json\/wp\/v2\/media\/58039"}],"wp:attachment":[{"href":"https:\/\/www.ull.es\/portal\/noticias\/wp-json\/wp\/v2\/media?parent=58037"}],"wp:term":[{"taxonomy":"category","embeddable":true,"href":"https:\/\/www.ull.es\/portal\/noticias\/wp-json\/wp\/v2\/categories?post=58037"},{"taxonomy":"post_tag","embeddable":true,"href":"https:\/\/www.ull.es\/portal\/noticias\/wp-json\/wp\/v2\/tags?post=58037"}],"curies":[{"name":"wp","href":"https:\/\/api.w.org\/{rel}","templated":true}]}}