{"id":58120,"date":"2021-09-02T12:29:20","date_gmt":"2021-09-02T12:29:20","guid":{"rendered":"https:\/\/www.ull.es\/portal\/noticias\/?p=58120"},"modified":"2021-09-02T12:29:20","modified_gmt":"2021-09-02T12:29:20","slug":"desvelan-impacto-jet-protoestelar-orion","status":"publish","type":"post","link":"https:\/\/www.ull.es\/portal\/noticias\/2021\/desvelan-impacto-jet-protoestelar-orion\/","title":{"rendered":"La ULL y el IAC desvelan el impacto de un jet protoestelar en la Nebulosa de Ori\u00f3n"},"content":{"rendered":"<p>Un equipo internacional liderado por investigadores del Instituto de Astrof\u00edsica de Canarias (IAC) y la Universidad de La Laguna ha desvelado, con un nivel de detalle in\u00e9dito, los efectos f\u00edsicos y qu\u00edmicos del impacto de un jet protoestelar en el interior de la Nebulosa de Ori\u00f3n. El estudio se ha realizado mediante observaciones del <em>Very Large Telescope<\/em> (VLT) y 20 a\u00f1os de im\u00e1genes del Telescopio Espacial Hubble (HST).<\/p>\n<p>Las observaciones muestran evidencias de compresi\u00f3n y calentamiento producidos por el frente de choque, as\u00ed como de la destrucci\u00f3n de part\u00edculas de polvo, que incrementan de forma espectacular la abundancia gaseosa de \u00e1tomos de hierro, n\u00edquel y otros elementos pesados en la Nebulosa de Ori\u00f3n. Los resultados se han publicado recientemente en la revista cient\u00edfica <em>The Astrophysical Journal<\/em>.<\/p>\n<p>La Nebulosa de Ori\u00f3n, uno de los objetos astron\u00f3micos m\u00e1s conocidos y brillantes del cielo nocturno, es la regi\u00f3n de formaci\u00f3n de estrellas masivas m\u00e1s cercana a la Tierra y muestra una estructura gaseosa compleja y extensa. Algunas de las estrellas reci\u00e9n nacidas que alberga emiten chorros de gas a alta velocidad, conocidos como <em>jets<\/em> que, al impactar sobre los alrededores, producen frentes de choque que comprimen y calientan el gas nebular.\u00a0 Estas zonas de impacto suelen adoptar una forma arqueada y se denominan objetos Herbig-Haro (HH), en honor a sus descubridores: George Herbig y Guillermo Haro.<\/p>\n<p>Estos objetos han sido observados en m\u00faltiples nebulosas oscuras, donde el gas fr\u00edo se encuentra en estado neutro y su fuente principal de energ\u00eda es el calor generado durante el choque. Sin embargo, los chorros de gas observados dentro de la Nebulosa de Ori\u00f3n se encuentran inmersos en el intenso campo de radiaci\u00f3n producido por sus estrellas m\u00e1s masivas: el Trapecio de Ori\u00f3n, ubicado en el centro de la nebulosa. Gracias a esta radiaci\u00f3n, tanto el gas situado en el frente de choque como el comprimido tras su paso, es calentado e ionizado, lo que nos permite desvelar con precisi\u00f3n las condiciones f\u00edsicas y la composici\u00f3n qu\u00edmica del jet.<\/p>\n<p>El trabajo realizado por el equipo de investigadores de Espa\u00f1a, M\u00e9xico y Estados Unidos y liderado por Jos\u00e9 Eduardo M\u00e9ndez Delgado, estudiante de doctorado del IAC y la Universidad de La Laguna, ha desvelado las complejas relaciones entre las abundancias i\u00f3nicas del gas y sus condiciones f\u00edsicas en HH204, uno de los objetos Herbig-Haro m\u00e1s prominentes de la Nebulosa de Ori\u00f3n.<\/p>\n<p>\u201cNuestro trabajo revela que en el frente de choque de HH204 las abundancias gaseosas de elementos pesados como hierro o n\u00edquel aumentan hasta en un 350% sobre lo que se encuentra normalmente en la Nebulosa de Ori\u00f3n y nos permite determinar la proporci\u00f3n de otros elementos qu\u00edmicos con una mayor precisi\u00f3n y, en definitiva, conocer mejor la evoluci\u00f3n qu\u00edmica de la vecindad solar\u201d, explica M\u00e9ndez Delgado, autor principal del estudio.<\/p>\n<p>\u201cAdem\u00e1s del enriquecimiento de elementos pesados en fase gaseosa, hemos observado una zona de calentamiento post-choque que afecta a una fracci\u00f3n muy peque\u00f1a del gas y que nos permite entender las distintas capas de la estructura del objeto Herbig-Haro generadas por el impacto del frente de choque\u201d, se\u00f1ala C\u00e9sar Esteban, investigador del IAC y coautor del estudio.<\/p>\n<p>\u201cEl origen de HH204 parece estar asociado con una de las zonas m\u00e1s brillantes y ricas en formaci\u00f3n estelar de la Nebulosa de Ori\u00f3n, la regi\u00f3n llamada Ori\u00f3n Sur, aunque hay muchas interacciones de gas que parecen alimentarlo de varias direcciones\u201d, agrega William Henney, investigador del Instituto de Radiastronom\u00eda y Astrof\u00edsica de la Universidad Nacional Aut\u00f3noma de M\u00e9xico y coautor del trabajo.<\/p>\n<p>\u201cGracias a las im\u00e1genes del Telescopio Espacial Hubble, hemos determinado que HH204 se propaga a un \u00e1ngulo de 32\u00ba del plano del cielo, lo que nos permite observar transversalmente la compresi\u00f3n del gas a medida que nos acercamos al frente de choque\u201d, puntualiza Karla Arellano C\u00f3rdova, investigadora de la Universidad de Texas en Austin y coautora del art\u00edculo.<\/p>\n<p>\u201cHemos visto que el impacto de estos objetos puede ser importante a la hora de determinar las condiciones f\u00edsicas locales de las nebulosas ionizadas. De hecho, el no considerar sus efectos puede llevar a una determinaci\u00f3n incorrecta de la composici\u00f3n qu\u00edmica de las nebulosas ionizadas, herramientas fundamentales en la comprensi\u00f3n de la evoluci\u00f3n qu\u00edmica del Universo\u201d, finaliza Jorge Garc\u00eda Rojas, investigador del IAC y coautor del trabajo.<\/p>\n","protected":false},"excerpt":{"rendered":"<p>Un equipo internacional liderado por investigadores del Instituto de Astrof\u00edsica de Canarias (IAC) y la Universidad de La Laguna ha&#8230;<\/p>\n","protected":false},"author":21,"featured_media":58121,"comment_status":"closed","ping_status":"closed","sticky":false,"template":"","format":"standard","meta":{"inline_featured_image":false,"footnotes":""},"categories":[345,350,2765],"tags":[561,1454,7772],"acf":[],"yoast_head":"<!-- This site is optimized with the Yoast SEO plugin v21.3 - https:\/\/yoast.com\/wordpress\/plugins\/seo\/ -->\n<title>Desvelan el impacto de un jet protoestelar en la Nebulosa de Ori\u00f3n<\/title>\n<meta name=\"description\" content=\"El estudio del IAC y la ULL se ha realizado mediante observaciones del Very Large Telescope e im\u00e1genes del Telescopio Espacial Hubble.\" \/>\n<meta name=\"robots\" content=\"index, follow, max-snippet:-1, max-image-preview:large, max-video-preview:-1\" \/>\n<link rel=\"canonical\" href=\"https:\/\/www.ull.es\/portal\/noticias\/2021\/desvelan-impacto-jet-protoestelar-orion\/\" \/>\n<meta property=\"og:locale\" content=\"es_ES\" \/>\n<meta property=\"og:type\" content=\"article\" \/>\n<meta property=\"og:title\" content=\"Desvelan el impacto de un jet protoestelar en la Nebulosa de Ori\u00f3n\" \/>\n<meta property=\"og:description\" content=\"El estudio del IAC y la ULL se ha realizado mediante observaciones del Very Large Telescope e im\u00e1genes del Telescopio Espacial Hubble.\" \/>\n<meta property=\"og:url\" content=\"https:\/\/www.ull.es\/portal\/noticias\/2021\/desvelan-impacto-jet-protoestelar-orion\/\" \/>\n<meta property=\"og:site_name\" content=\"ULL - Noticias\" \/>\n<meta property=\"article:publisher\" content=\"https:\/\/www.facebook.com\/universidaddelalaguna\/\" \/>\n<meta property=\"article:published_time\" content=\"2021-09-02T12:29:20+00:00\" \/>\n<meta property=\"og:image\" content=\"https:\/\/www.ull.es\/portal\/noticias\/wp-content\/uploads\/sites\/13\/2021\/09\/Orion_Nebula_HH204_HH203.jpg\" \/>\n\t<meta property=\"og:image:width\" content=\"1200\" \/>\n\t<meta property=\"og:image:height\" content=\"675\" \/>\n\t<meta property=\"og:image:type\" content=\"image\/jpeg\" \/>\n<meta name=\"author\" content=\"prensa2\" \/>\n<meta name=\"twitter:card\" content=\"summary_large_image\" \/>\n<meta name=\"twitter:creator\" content=\"@CanalULL\" \/>\n<meta name=\"twitter:site\" content=\"@CanalULL\" \/>\n<meta name=\"twitter:label1\" content=\"Escrito por\" \/>\n\t<meta name=\"twitter:data1\" content=\"prensa2\" \/>\n\t<meta name=\"twitter:label2\" content=\"Tiempo de lectura\" \/>\n\t<meta name=\"twitter:data2\" content=\"4 minutos\" \/>\n<script type=\"application\/ld+json\" class=\"yoast-schema-graph\">{\"@context\":\"https:\/\/schema.org\",\"@graph\":[{\"@type\":\"WebPage\",\"@id\":\"https:\/\/www.ull.es\/portal\/noticias\/2021\/desvelan-impacto-jet-protoestelar-orion\/\",\"url\":\"https:\/\/www.ull.es\/portal\/noticias\/2021\/desvelan-impacto-jet-protoestelar-orion\/\",\"name\":\"Desvelan el impacto de un jet protoestelar en la Nebulosa de Ori\u00f3n\",\"isPartOf\":{\"@id\":\"https:\/\/www.ull.es\/portal\/noticias\/#website\"},\"datePublished\":\"2021-09-02T12:29:20+00:00\",\"dateModified\":\"2021-09-02T12:29:20+00:00\",\"author\":{\"@id\":\"https:\/\/www.ull.es\/portal\/noticias\/#\/schema\/person\/c3b2aa857797592927a03740d6664376\"},\"description\":\"El estudio del IAC y la ULL se ha realizado mediante observaciones del Very Large Telescope e im\u00e1genes del Telescopio Espacial Hubble.\",\"breadcrumb\":{\"@id\":\"https:\/\/www.ull.es\/portal\/noticias\/2021\/desvelan-impacto-jet-protoestelar-orion\/#breadcrumb\"},\"inLanguage\":\"es\",\"potentialAction\":[{\"@type\":\"ReadAction\",\"target\":[\"https:\/\/www.ull.es\/portal\/noticias\/2021\/desvelan-impacto-jet-protoestelar-orion\/\"]}]},{\"@type\":\"BreadcrumbList\",\"@id\":\"https:\/\/www.ull.es\/portal\/noticias\/2021\/desvelan-impacto-jet-protoestelar-orion\/#breadcrumb\",\"itemListElement\":[{\"@type\":\"ListItem\",\"position\":1,\"name\":\"Portada\",\"item\":\"https:\/\/www.ull.es\/portal\/noticias\/\"},{\"@type\":\"ListItem\",\"position\":2,\"name\":\"La ULL y el IAC desvelan el impacto de un jet protoestelar en la Nebulosa de Ori\u00f3n\"}]},{\"@type\":\"WebSite\",\"@id\":\"https:\/\/www.ull.es\/portal\/noticias\/#website\",\"url\":\"https:\/\/www.ull.es\/portal\/noticias\/\",\"name\":\"ULL - Noticias\",\"description\":\"\",\"potentialAction\":[{\"@type\":\"SearchAction\",\"target\":{\"@type\":\"EntryPoint\",\"urlTemplate\":\"https:\/\/www.ull.es\/portal\/noticias\/?s={search_term_string}\"},\"query-input\":\"required name=search_term_string\"}],\"inLanguage\":\"es\"},{\"@type\":\"Person\",\"@id\":\"https:\/\/www.ull.es\/portal\/noticias\/#\/schema\/person\/c3b2aa857797592927a03740d6664376\",\"name\":\"prensa2\",\"image\":{\"@type\":\"ImageObject\",\"inLanguage\":\"es\",\"@id\":\"https:\/\/www.ull.es\/portal\/noticias\/#\/schema\/person\/image\/\",\"url\":\"https:\/\/secure.gravatar.com\/avatar\/b58f310a5de5feb33d1e026d2493f23c?s=96&d=mm&r=g\",\"contentUrl\":\"https:\/\/secure.gravatar.com\/avatar\/b58f310a5de5feb33d1e026d2493f23c?s=96&d=mm&r=g\",\"caption\":\"prensa2\"},\"url\":\"https:\/\/www.ull.es\/portal\/noticias\/author\/prensa2\/\"}]}<\/script>\n<!-- \/ Yoast SEO plugin. -->","yoast_head_json":{"title":"Desvelan el impacto de un jet protoestelar en la Nebulosa de Ori\u00f3n","description":"El estudio del IAC y la ULL se ha realizado mediante observaciones del Very Large Telescope e im\u00e1genes del Telescopio Espacial Hubble.","robots":{"index":"index","follow":"follow","max-snippet":"max-snippet:-1","max-image-preview":"max-image-preview:large","max-video-preview":"max-video-preview:-1"},"canonical":"https:\/\/www.ull.es\/portal\/noticias\/2021\/desvelan-impacto-jet-protoestelar-orion\/","og_locale":"es_ES","og_type":"article","og_title":"Desvelan el impacto de un jet protoestelar en la Nebulosa de Ori\u00f3n","og_description":"El estudio del IAC y la ULL se ha realizado mediante observaciones del Very Large Telescope e im\u00e1genes del Telescopio Espacial Hubble.","og_url":"https:\/\/www.ull.es\/portal\/noticias\/2021\/desvelan-impacto-jet-protoestelar-orion\/","og_site_name":"ULL - Noticias","article_publisher":"https:\/\/www.facebook.com\/universidaddelalaguna\/","article_published_time":"2021-09-02T12:29:20+00:00","og_image":[{"width":1200,"height":675,"url":"https:\/\/www.ull.es\/portal\/noticias\/wp-content\/uploads\/sites\/13\/2021\/09\/Orion_Nebula_HH204_HH203.jpg","type":"image\/jpeg"}],"author":"prensa2","twitter_card":"summary_large_image","twitter_creator":"@CanalULL","twitter_site":"@CanalULL","twitter_misc":{"Escrito por":"prensa2","Tiempo de lectura":"4 minutos"},"schema":{"@context":"https:\/\/schema.org","@graph":[{"@type":"WebPage","@id":"https:\/\/www.ull.es\/portal\/noticias\/2021\/desvelan-impacto-jet-protoestelar-orion\/","url":"https:\/\/www.ull.es\/portal\/noticias\/2021\/desvelan-impacto-jet-protoestelar-orion\/","name":"Desvelan el impacto de un jet protoestelar en la Nebulosa de Ori\u00f3n","isPartOf":{"@id":"https:\/\/www.ull.es\/portal\/noticias\/#website"},"datePublished":"2021-09-02T12:29:20+00:00","dateModified":"2021-09-02T12:29:20+00:00","author":{"@id":"https:\/\/www.ull.es\/portal\/noticias\/#\/schema\/person\/c3b2aa857797592927a03740d6664376"},"description":"El estudio del IAC y la ULL se ha realizado mediante observaciones del Very Large Telescope e im\u00e1genes del Telescopio Espacial Hubble.","breadcrumb":{"@id":"https:\/\/www.ull.es\/portal\/noticias\/2021\/desvelan-impacto-jet-protoestelar-orion\/#breadcrumb"},"inLanguage":"es","potentialAction":[{"@type":"ReadAction","target":["https:\/\/www.ull.es\/portal\/noticias\/2021\/desvelan-impacto-jet-protoestelar-orion\/"]}]},{"@type":"BreadcrumbList","@id":"https:\/\/www.ull.es\/portal\/noticias\/2021\/desvelan-impacto-jet-protoestelar-orion\/#breadcrumb","itemListElement":[{"@type":"ListItem","position":1,"name":"Portada","item":"https:\/\/www.ull.es\/portal\/noticias\/"},{"@type":"ListItem","position":2,"name":"La ULL y el IAC desvelan el impacto de un jet protoestelar en la Nebulosa de Ori\u00f3n"}]},{"@type":"WebSite","@id":"https:\/\/www.ull.es\/portal\/noticias\/#website","url":"https:\/\/www.ull.es\/portal\/noticias\/","name":"ULL - Noticias","description":"","potentialAction":[{"@type":"SearchAction","target":{"@type":"EntryPoint","urlTemplate":"https:\/\/www.ull.es\/portal\/noticias\/?s={search_term_string}"},"query-input":"required name=search_term_string"}],"inLanguage":"es"},{"@type":"Person","@id":"https:\/\/www.ull.es\/portal\/noticias\/#\/schema\/person\/c3b2aa857797592927a03740d6664376","name":"prensa2","image":{"@type":"ImageObject","inLanguage":"es","@id":"https:\/\/www.ull.es\/portal\/noticias\/#\/schema\/person\/image\/","url":"https:\/\/secure.gravatar.com\/avatar\/b58f310a5de5feb33d1e026d2493f23c?s=96&d=mm&r=g","contentUrl":"https:\/\/secure.gravatar.com\/avatar\/b58f310a5de5feb33d1e026d2493f23c?s=96&d=mm&r=g","caption":"prensa2"},"url":"https:\/\/www.ull.es\/portal\/noticias\/author\/prensa2\/"}]}},"primary_category":{"id":345,"name":"Destacado","slug":"destacado","link":"https:\/\/www.ull.es\/portal\/noticias\/category\/destacado\/"},"featured_image_thumbnail_url":"https:\/\/www.ull.es\/portal\/noticias\/wp-content\/uploads\/sites\/13\/2021\/09\/Orion_Nebula_HH204_HH203-300x169.jpg","_links":{"self":[{"href":"https:\/\/www.ull.es\/portal\/noticias\/wp-json\/wp\/v2\/posts\/58120"}],"collection":[{"href":"https:\/\/www.ull.es\/portal\/noticias\/wp-json\/wp\/v2\/posts"}],"about":[{"href":"https:\/\/www.ull.es\/portal\/noticias\/wp-json\/wp\/v2\/types\/post"}],"author":[{"embeddable":true,"href":"https:\/\/www.ull.es\/portal\/noticias\/wp-json\/wp\/v2\/users\/21"}],"replies":[{"embeddable":true,"href":"https:\/\/www.ull.es\/portal\/noticias\/wp-json\/wp\/v2\/comments?post=58120"}],"version-history":[{"count":2,"href":"https:\/\/www.ull.es\/portal\/noticias\/wp-json\/wp\/v2\/posts\/58120\/revisions"}],"predecessor-version":[{"id":58123,"href":"https:\/\/www.ull.es\/portal\/noticias\/wp-json\/wp\/v2\/posts\/58120\/revisions\/58123"}],"wp:featuredmedia":[{"embeddable":true,"href":"https:\/\/www.ull.es\/portal\/noticias\/wp-json\/wp\/v2\/media\/58121"}],"wp:attachment":[{"href":"https:\/\/www.ull.es\/portal\/noticias\/wp-json\/wp\/v2\/media?parent=58120"}],"wp:term":[{"taxonomy":"category","embeddable":true,"href":"https:\/\/www.ull.es\/portal\/noticias\/wp-json\/wp\/v2\/categories?post=58120"},{"taxonomy":"post_tag","embeddable":true,"href":"https:\/\/www.ull.es\/portal\/noticias\/wp-json\/wp\/v2\/tags?post=58120"}],"curies":[{"name":"wp","href":"https:\/\/api.w.org\/{rel}","templated":true}]}}