{"id":58163,"date":"2021-09-08T10:50:52","date_gmt":"2021-09-08T10:50:52","guid":{"rendered":"https:\/\/www.ull.es\/portal\/noticias\/?p=58163"},"modified":"2021-09-08T10:53:28","modified_gmt":"2021-09-08T10:53:28","slug":"el-herbario-de-la-universidad-de-la-laguna-amplia-y-mejora-sus-instalaciones","status":"publish","type":"post","link":"https:\/\/www.ull.es\/portal\/noticias\/2021\/el-herbario-de-la-universidad-de-la-laguna-amplia-y-mejora-sus-instalaciones\/","title":{"rendered":"El Herbario de la Universidad de La Laguna ampl\u00eda y mejora sus instalaciones"},"content":{"rendered":"<p>El <a href=\"https:\/\/www.ull.es\/servicios\/segai\/servicios\/herbario-tfc\/\" target=\"_blank\" rel=\"noopener\">Herbario<\/a> de la Universidad de La Laguna, adscrito al <a href=\"https:\/\/www.ull.es\/servicios\/segai\/\" target=\"_blank\" rel=\"noopener\">Servicio General de Apoyo a la Investigaci\u00f3n<\/a> (SEGAI) y ubicado en varias dependencias de la <a href=\"https:\/\/www.ull.es\/centros\/facultad-farmacia\/\" target=\"_blank\" rel=\"noopener\">Facultad de Farmacia<\/a>, ha estado inmerso durante los \u00faltimos meses en un proceso de ampliaci\u00f3n y mejora de sus instalaciones cuya finalizaci\u00f3n est\u00e1 prevista para finales de este a\u00f1o. Ha sido posible gracias a los 41.037,53 euros concedidos por la Agencia Canaria de Investigaci\u00f3n, Innovaci\u00f3n y Sociedad de la Informaci\u00f3n (ACIISI) del Gobierno de Canarias, a trav\u00e9s de la convocatoria de expresiones de inter\u00e9s para subvenciones no reembolsables en equipamiento e infraestructuras de I+D p\u00fablicas, con una tasa de cofinanciaci\u00f3n del 85%, en el marco del Programa Operativo FEDER Canarias 2014-2020.<\/p>\n<p style=\"text-align: center\"><a href=\"https:\/\/drive.google.com\/drive\/folders\/12GEv8lwjrVwBTFTfKOOWh0KVXXVgiibM\" target=\"_blank\" rel=\"noopener\"><strong>Galer\u00eda gr\u00e1fica<\/strong><\/a><\/p>\n<p>Esta infraestructura es la m\u00e1s variada y completa de las que se hallan en Canarias, pues posee 131.300 ejemplares, en su mayor\u00eda de especies vegetales y de hongos de las islas, pero tambi\u00e9n del resto del mundo. Se trata de un material muy fr\u00e1gil, pues cada especie ha sido previamente secada y prensada mediante t\u00e9cnicas diversas, para posteriormente ser montada sobre diferentes soportes y guardada en sobres y cajas dentro de armarios herm\u00e9ticos, en salas bien aisladas y con control de temperatura y humedad.<\/p>\n<p>En la actualidad no hay espacio suficiente para albergar todas las colecciones en condiciones \u00f3ptimas, por lo que gracias a esta ayuda se ha podido adaptar dos salas m\u00e1s de la Facultad de Farmacia y dotarlas de mobiliario espec\u00edfico. Una de ellas se dedicar\u00e1 a m\u00e1s armarios para conservaci\u00f3n de ejemplares de plantas no vasculares, mientras que otra est\u00e1 destinada a algas conservadas en formolina, que requieren otro tipo de almacenamiento en tubos de cristal individuales. Tambi\u00e9n se han mejorado las instalaciones preexistentes, como la sala de microscop\u00eda, donde se encuentran las preparaciones de polen (palinoteca) y de Mycetozoa, a la cual se le ha incorporado un sistema de aire acondicionado.<\/p>\n<div id=\"attachment_58165\" style=\"width: 310px\" class=\"wp-caption alignleft\"><img aria-describedby=\"caption-attachment-58165\" decoding=\"async\" loading=\"lazy\" class=\"size-medium wp-image-58165\" src=\"https:\/\/www.ull.es\/portal\/noticias\/wp-content\/uploads\/sites\/13\/2021\/09\/herbario-cristina-montelongo-marta-sanson-300x200.jpg\" alt=\"\" width=\"300\" height=\"200\" srcset=\"https:\/\/www.ull.es\/portal\/noticias\/wp-content\/uploads\/sites\/13\/2021\/09\/herbario-cristina-montelongo-marta-sanson-300x200.jpg 300w, https:\/\/www.ull.es\/portal\/noticias\/wp-content\/uploads\/sites\/13\/2021\/09\/herbario-cristina-montelongo-marta-sanson-768x512.jpg 768w, https:\/\/www.ull.es\/portal\/noticias\/wp-content\/uploads\/sites\/13\/2021\/09\/herbario-cristina-montelongo-marta-sanson-375x250.jpg 375w, https:\/\/www.ull.es\/portal\/noticias\/wp-content\/uploads\/sites\/13\/2021\/09\/herbario-cristina-montelongo-marta-sanson-750x500.jpg 750w, https:\/\/www.ull.es\/portal\/noticias\/wp-content\/uploads\/sites\/13\/2021\/09\/herbario-cristina-montelongo-marta-sanson.jpg 1024w\" sizes=\"(max-width: 300px) 100vw, 300px\" \/><p id=\"caption-attachment-58165\" class=\"wp-caption-text\">Cristina Gonz\u00e1lez y Marta Sans\u00f3n<\/p><\/div>\n<p><strong>Herbario de la ULL<\/strong><\/p>\n<p>Hist\u00f3ricamente, el Herbario de la Universidad de La Laguna ha estado adscrito al Departamento de Bot\u00e1nica, Ecolog\u00eda y Fisiolog\u00eda Vegetal pero no cuenta con un curador o una persona espec\u00edficamente a su cargo, sino que las tareas son asumidas por los integrantes del departamento. Tal es el caso de la profesora titular Marta Sans\u00f3n Acedo, quien explica que la gran mayor\u00eda de ejemplares guardados en estas instalaciones provienen de los trabajos del personal investigador de la instituci\u00f3n y son mayoritariamente de a partir de los a\u00f1os 60, si bien tambi\u00e9n se conservan colecciones donadas por particulares y hay algunos ejemplares mucho m\u00e1s antiguos, hasta de 1804.<\/p>\n<p>Actualmente, esta infraestructura tambi\u00e9n cuenta con el trabajo de Cristina Gonz\u00e1lez Montelongo, una t\u00e9cnica contratada por el SEGAI para desarrollar un proyecto espec\u00edfico de informatizaci\u00f3n de la colecci\u00f3n de l\u00edquenes, es decir, introducir en una base de datos inform\u00e1tica el contenido de las fichas en papel que acompa\u00f1a a cada ejemplar, que contienen informaci\u00f3n sobre su denominaci\u00f3n, su localizaci\u00f3n original, qui\u00e9nes encontraron el ejemplar y sus fechas de recolecci\u00f3n y de identificaci\u00f3n, que pueden diferir porque en ocasiones se recogen plantas que son identificadas a\u00f1os despu\u00e9s. Un paso m\u00e1s ser\u00eda digitalizar las colecciones, es decir, escanear o fotografiar en alta resoluci\u00f3n cada ejemplar para que pueda verse telem\u00e1ticamente, un proceso caro y delicado que no se ha acometido todav\u00eda salvo en casos muy concretos.<\/p>\n<p>La informatizaci\u00f3n es necesaria para permitir la consulta de los datos de las fichas de cada ejemplar del Herbario a trav\u00e9s de medios inform\u00e1ticos, y va desarroll\u00e1ndose poco a poco: as\u00ed, de algas<img decoding=\"async\" loading=\"lazy\" class=\"alignright size-medium wp-image-58167\" src=\"https:\/\/www.ull.es\/portal\/noticias\/wp-content\/uploads\/sites\/13\/2021\/09\/herbario-3-300x200.jpg\" alt=\"\" width=\"300\" height=\"200\" srcset=\"https:\/\/www.ull.es\/portal\/noticias\/wp-content\/uploads\/sites\/13\/2021\/09\/herbario-3-300x200.jpg 300w, https:\/\/www.ull.es\/portal\/noticias\/wp-content\/uploads\/sites\/13\/2021\/09\/herbario-3-768x512.jpg 768w, https:\/\/www.ull.es\/portal\/noticias\/wp-content\/uploads\/sites\/13\/2021\/09\/herbario-3-375x250.jpg 375w, https:\/\/www.ull.es\/portal\/noticias\/wp-content\/uploads\/sites\/13\/2021\/09\/herbario-3-750x500.jpg 750w, https:\/\/www.ull.es\/portal\/noticias\/wp-content\/uploads\/sites\/13\/2021\/09\/herbario-3.jpg 1024w\" sizes=\"(max-width: 300px) 100vw, 300px\" \/> hay 15.200 espec\u00edmenes y de ellos, 6.900 informatizados; de hongos, 24.900 en total y 18.000 informatizados; 16.000 l\u00edquenes, con 8.400 que han recibido tratamiento inform\u00e1tico; y la totalidad de los 22.000 ejemplares de bri\u00f3fitos est\u00e1n informatizados. En el caso de las plantas vasculares (helechos y plantas con semillas), es el grupo m\u00e1s numeroso y de sus 53.200 espec\u00edmenes, adem\u00e1s de 1.200 informatizados, tambi\u00e9n hay 260 digitalizados, gracias a la colaboraci\u00f3n, por un lado, de un proyecto de investigaci\u00f3n de la Universidad de Santiago de Compostela y, por otra, la financiaci\u00f3n de la asociaci\u00f3n Alumni ULL.<\/p>\n<p>A\u00fan as\u00ed, tanto Sans\u00f3n Aledo como Gonz\u00e1lez Montelongo reconocen que la situaci\u00f3n ideal del Herbario ser\u00eda contar con un edifico espec\u00edfico o, al menos, un ala lo suficientemente grande como para albergar todo el material en un mismo espacio y no tener la disgregaci\u00f3n actual. Hay que considerar que los diferentes tipos de especies requieren m\u00e9todos de almacenaje distintos: as\u00ed, las plantas vasculares se montan sobre papel, algunas algas se guardan en botes y ciertos ejemplares de l\u00edquenes y hongos se guardan con la roca, rama o superficie en la que hallaron, por lo cual requieren cajas de peque\u00f1o tama\u00f1o o sobres.<\/p>\n<p><img decoding=\"async\" loading=\"lazy\" class=\"alignleft size-medium wp-image-58169\" src=\"https:\/\/www.ull.es\/portal\/noticias\/wp-content\/uploads\/sites\/13\/2021\/09\/herbario-5-300x200.jpg\" alt=\"\" width=\"300\" height=\"200\" srcset=\"https:\/\/www.ull.es\/portal\/noticias\/wp-content\/uploads\/sites\/13\/2021\/09\/herbario-5-300x200.jpg 300w, https:\/\/www.ull.es\/portal\/noticias\/wp-content\/uploads\/sites\/13\/2021\/09\/herbario-5-768x512.jpg 768w, https:\/\/www.ull.es\/portal\/noticias\/wp-content\/uploads\/sites\/13\/2021\/09\/herbario-5-375x250.jpg 375w, https:\/\/www.ull.es\/portal\/noticias\/wp-content\/uploads\/sites\/13\/2021\/09\/herbario-5-750x500.jpg 750w, https:\/\/www.ull.es\/portal\/noticias\/wp-content\/uploads\/sites\/13\/2021\/09\/herbario-5.jpg 1024w\" sizes=\"(max-width: 300px) 100vw, 300px\" \/>En todo caso, gracias a estos trabajos de ampliaci\u00f3n y mejora, la situaci\u00f3n de este rico patrimonio cient\u00edfico que atesora la Universidad de La Laguna mejorar\u00e1 notablemente sus condiciones de conservaci\u00f3n. Guardar estos ejemplares es primordial para, por ejemplo, conocer c\u00f3mo ha evolucionado y variado una especie a lo largo de los a\u00f1os, pues se conservan ejemplos de una misma especie en diferentes periodos. Tambi\u00e9n es especialmente relevante la conservaci\u00f3n de los denominados \u201ctypus\u201d, que son los ejemplares en base a los cuales se realizan las descripciones de nuevas especies.<\/p>\n","protected":false},"excerpt":{"rendered":"<p>El Herbario de la Universidad de La Laguna, adscrito al Servicio General de Apoyo a la Investigaci\u00f3n (SEGAI) y ubicado&#8230;<\/p>\n","protected":false},"author":23,"featured_media":58168,"comment_status":"closed","ping_status":"closed","sticky":false,"template":"","format":"standard","meta":{"inline_featured_image":false,"footnotes":""},"categories":[3785,345,350,2765],"tags":[3293],"acf":[],"yoast_head":"<!-- This site is optimized with the Yoast SEO plugin v21.3 - https:\/\/yoast.com\/wordpress\/plugins\/seo\/ -->\n<title>El Herbario de la Universidad de La Laguna ampl\u00eda y mejora sus instalaciones - ULL - Noticias<\/title>\n<meta name=\"robots\" content=\"index, follow, max-snippet:-1, max-image-preview:large, max-video-preview:-1\" \/>\n<link rel=\"canonical\" href=\"https:\/\/www.ull.es\/portal\/noticias\/2021\/el-herbario-de-la-universidad-de-la-laguna-amplia-y-mejora-sus-instalaciones\/\" \/>\n<meta property=\"og:locale\" content=\"es_ES\" \/>\n<meta property=\"og:type\" content=\"article\" \/>\n<meta property=\"og:title\" content=\"El Herbario de la Universidad de La Laguna ampl\u00eda y mejora sus instalaciones - ULL - Noticias\" \/>\n<meta property=\"og:description\" content=\"El Herbario de la Universidad de La Laguna, adscrito al Servicio General de Apoyo a la Investigaci\u00f3n (SEGAI) y ubicado...\" \/>\n<meta property=\"og:url\" content=\"https:\/\/www.ull.es\/portal\/noticias\/2021\/el-herbario-de-la-universidad-de-la-laguna-amplia-y-mejora-sus-instalaciones\/\" \/>\n<meta property=\"og:site_name\" content=\"ULL - Noticias\" \/>\n<meta property=\"article:publisher\" content=\"https:\/\/www.facebook.com\/universidaddelalaguna\/\" \/>\n<meta property=\"article:published_time\" content=\"2021-09-08T10:50:52+00:00\" \/>\n<meta property=\"article:modified_time\" content=\"2021-09-08T10:53:28+00:00\" \/>\n<meta property=\"og:image\" content=\"https:\/\/www.ull.es\/portal\/noticias\/wp-content\/uploads\/sites\/13\/2021\/09\/herbario-4.jpg\" \/>\n\t<meta property=\"og:image:width\" content=\"1024\" \/>\n\t<meta property=\"og:image:height\" content=\"683\" \/>\n\t<meta property=\"og:image:type\" content=\"image\/jpeg\" \/>\n<meta name=\"author\" content=\"gaprsa\" \/>\n<meta name=\"twitter:card\" content=\"summary_large_image\" \/>\n<meta name=\"twitter:creator\" content=\"@CanalULL\" \/>\n<meta name=\"twitter:site\" content=\"@CanalULL\" \/>\n<meta name=\"twitter:label1\" content=\"Escrito por\" \/>\n\t<meta name=\"twitter:data1\" content=\"gaprsa\" \/>\n\t<meta name=\"twitter:label2\" content=\"Tiempo de lectura\" \/>\n\t<meta name=\"twitter:data2\" content=\"5 minutos\" \/>\n<script type=\"application\/ld+json\" class=\"yoast-schema-graph\">{\"@context\":\"https:\/\/schema.org\",\"@graph\":[{\"@type\":\"WebPage\",\"@id\":\"https:\/\/www.ull.es\/portal\/noticias\/2021\/el-herbario-de-la-universidad-de-la-laguna-amplia-y-mejora-sus-instalaciones\/\",\"url\":\"https:\/\/www.ull.es\/portal\/noticias\/2021\/el-herbario-de-la-universidad-de-la-laguna-amplia-y-mejora-sus-instalaciones\/\",\"name\":\"El Herbario de la Universidad de La Laguna ampl\u00eda y mejora sus instalaciones - ULL - Noticias\",\"isPartOf\":{\"@id\":\"https:\/\/www.ull.es\/portal\/noticias\/#website\"},\"datePublished\":\"2021-09-08T10:50:52+00:00\",\"dateModified\":\"2021-09-08T10:53:28+00:00\",\"author\":{\"@id\":\"https:\/\/www.ull.es\/portal\/noticias\/#\/schema\/person\/b2b1a89d43ffa609e591f7df8ef3e817\"},\"breadcrumb\":{\"@id\":\"https:\/\/www.ull.es\/portal\/noticias\/2021\/el-herbario-de-la-universidad-de-la-laguna-amplia-y-mejora-sus-instalaciones\/#breadcrumb\"},\"inLanguage\":\"es\",\"potentialAction\":[{\"@type\":\"ReadAction\",\"target\":[\"https:\/\/www.ull.es\/portal\/noticias\/2021\/el-herbario-de-la-universidad-de-la-laguna-amplia-y-mejora-sus-instalaciones\/\"]}]},{\"@type\":\"BreadcrumbList\",\"@id\":\"https:\/\/www.ull.es\/portal\/noticias\/2021\/el-herbario-de-la-universidad-de-la-laguna-amplia-y-mejora-sus-instalaciones\/#breadcrumb\",\"itemListElement\":[{\"@type\":\"ListItem\",\"position\":1,\"name\":\"Portada\",\"item\":\"https:\/\/www.ull.es\/portal\/noticias\/\"},{\"@type\":\"ListItem\",\"position\":2,\"name\":\"El Herbario de la Universidad de La Laguna ampl\u00eda y mejora sus instalaciones\"}]},{\"@type\":\"WebSite\",\"@id\":\"https:\/\/www.ull.es\/portal\/noticias\/#website\",\"url\":\"https:\/\/www.ull.es\/portal\/noticias\/\",\"name\":\"ULL - Noticias\",\"description\":\"\",\"potentialAction\":[{\"@type\":\"SearchAction\",\"target\":{\"@type\":\"EntryPoint\",\"urlTemplate\":\"https:\/\/www.ull.es\/portal\/noticias\/?s={search_term_string}\"},\"query-input\":\"required name=search_term_string\"}],\"inLanguage\":\"es\"},{\"@type\":\"Person\",\"@id\":\"https:\/\/www.ull.es\/portal\/noticias\/#\/schema\/person\/b2b1a89d43ffa609e591f7df8ef3e817\",\"name\":\"gaprsa\",\"image\":{\"@type\":\"ImageObject\",\"inLanguage\":\"es\",\"@id\":\"https:\/\/www.ull.es\/portal\/noticias\/#\/schema\/person\/image\/\",\"url\":\"https:\/\/secure.gravatar.com\/avatar\/443820550921091458b4823867723b3d?s=96&d=mm&r=g\",\"contentUrl\":\"https:\/\/secure.gravatar.com\/avatar\/443820550921091458b4823867723b3d?s=96&d=mm&r=g\",\"caption\":\"gaprsa\"},\"url\":\"https:\/\/www.ull.es\/portal\/noticias\/author\/gaprsa\/\"}]}<\/script>\n<!-- \/ Yoast SEO plugin. -->","yoast_head_json":{"title":"El Herbario de la Universidad de La Laguna ampl\u00eda y mejora sus instalaciones - ULL - Noticias","robots":{"index":"index","follow":"follow","max-snippet":"max-snippet:-1","max-image-preview":"max-image-preview:large","max-video-preview":"max-video-preview:-1"},"canonical":"https:\/\/www.ull.es\/portal\/noticias\/2021\/el-herbario-de-la-universidad-de-la-laguna-amplia-y-mejora-sus-instalaciones\/","og_locale":"es_ES","og_type":"article","og_title":"El Herbario de la Universidad de La Laguna ampl\u00eda y mejora sus instalaciones - ULL - Noticias","og_description":"El Herbario de la Universidad de La Laguna, adscrito al Servicio General de Apoyo a la Investigaci\u00f3n (SEGAI) y ubicado...","og_url":"https:\/\/www.ull.es\/portal\/noticias\/2021\/el-herbario-de-la-universidad-de-la-laguna-amplia-y-mejora-sus-instalaciones\/","og_site_name":"ULL - Noticias","article_publisher":"https:\/\/www.facebook.com\/universidaddelalaguna\/","article_published_time":"2021-09-08T10:50:52+00:00","article_modified_time":"2021-09-08T10:53:28+00:00","og_image":[{"width":1024,"height":683,"url":"https:\/\/www.ull.es\/portal\/noticias\/wp-content\/uploads\/sites\/13\/2021\/09\/herbario-4.jpg","type":"image\/jpeg"}],"author":"gaprsa","twitter_card":"summary_large_image","twitter_creator":"@CanalULL","twitter_site":"@CanalULL","twitter_misc":{"Escrito por":"gaprsa","Tiempo de lectura":"5 minutos"},"schema":{"@context":"https:\/\/schema.org","@graph":[{"@type":"WebPage","@id":"https:\/\/www.ull.es\/portal\/noticias\/2021\/el-herbario-de-la-universidad-de-la-laguna-amplia-y-mejora-sus-instalaciones\/","url":"https:\/\/www.ull.es\/portal\/noticias\/2021\/el-herbario-de-la-universidad-de-la-laguna-amplia-y-mejora-sus-instalaciones\/","name":"El Herbario de la Universidad de La Laguna ampl\u00eda y mejora sus instalaciones - ULL - Noticias","isPartOf":{"@id":"https:\/\/www.ull.es\/portal\/noticias\/#website"},"datePublished":"2021-09-08T10:50:52+00:00","dateModified":"2021-09-08T10:53:28+00:00","author":{"@id":"https:\/\/www.ull.es\/portal\/noticias\/#\/schema\/person\/b2b1a89d43ffa609e591f7df8ef3e817"},"breadcrumb":{"@id":"https:\/\/www.ull.es\/portal\/noticias\/2021\/el-herbario-de-la-universidad-de-la-laguna-amplia-y-mejora-sus-instalaciones\/#breadcrumb"},"inLanguage":"es","potentialAction":[{"@type":"ReadAction","target":["https:\/\/www.ull.es\/portal\/noticias\/2021\/el-herbario-de-la-universidad-de-la-laguna-amplia-y-mejora-sus-instalaciones\/"]}]},{"@type":"BreadcrumbList","@id":"https:\/\/www.ull.es\/portal\/noticias\/2021\/el-herbario-de-la-universidad-de-la-laguna-amplia-y-mejora-sus-instalaciones\/#breadcrumb","itemListElement":[{"@type":"ListItem","position":1,"name":"Portada","item":"https:\/\/www.ull.es\/portal\/noticias\/"},{"@type":"ListItem","position":2,"name":"El Herbario de la Universidad de La Laguna ampl\u00eda y mejora sus instalaciones"}]},{"@type":"WebSite","@id":"https:\/\/www.ull.es\/portal\/noticias\/#website","url":"https:\/\/www.ull.es\/portal\/noticias\/","name":"ULL - Noticias","description":"","potentialAction":[{"@type":"SearchAction","target":{"@type":"EntryPoint","urlTemplate":"https:\/\/www.ull.es\/portal\/noticias\/?s={search_term_string}"},"query-input":"required name=search_term_string"}],"inLanguage":"es"},{"@type":"Person","@id":"https:\/\/www.ull.es\/portal\/noticias\/#\/schema\/person\/b2b1a89d43ffa609e591f7df8ef3e817","name":"gaprsa","image":{"@type":"ImageObject","inLanguage":"es","@id":"https:\/\/www.ull.es\/portal\/noticias\/#\/schema\/person\/image\/","url":"https:\/\/secure.gravatar.com\/avatar\/443820550921091458b4823867723b3d?s=96&d=mm&r=g","contentUrl":"https:\/\/secure.gravatar.com\/avatar\/443820550921091458b4823867723b3d?s=96&d=mm&r=g","caption":"gaprsa"},"url":"https:\/\/www.ull.es\/portal\/noticias\/author\/gaprsa\/"}]}},"primary_category":{"id":2765,"name":"Portada ULL","slug":"portada-ull","link":"https:\/\/www.ull.es\/portal\/noticias\/category\/portada-ull\/"},"featured_image_thumbnail_url":"https:\/\/www.ull.es\/portal\/noticias\/wp-content\/uploads\/sites\/13\/2021\/09\/herbario-4-300x200.jpg","_links":{"self":[{"href":"https:\/\/www.ull.es\/portal\/noticias\/wp-json\/wp\/v2\/posts\/58163"}],"collection":[{"href":"https:\/\/www.ull.es\/portal\/noticias\/wp-json\/wp\/v2\/posts"}],"about":[{"href":"https:\/\/www.ull.es\/portal\/noticias\/wp-json\/wp\/v2\/types\/post"}],"author":[{"embeddable":true,"href":"https:\/\/www.ull.es\/portal\/noticias\/wp-json\/wp\/v2\/users\/23"}],"replies":[{"embeddable":true,"href":"https:\/\/www.ull.es\/portal\/noticias\/wp-json\/wp\/v2\/comments?post=58163"}],"version-history":[{"count":3,"href":"https:\/\/www.ull.es\/portal\/noticias\/wp-json\/wp\/v2\/posts\/58163\/revisions"}],"predecessor-version":[{"id":58171,"href":"https:\/\/www.ull.es\/portal\/noticias\/wp-json\/wp\/v2\/posts\/58163\/revisions\/58171"}],"wp:featuredmedia":[{"embeddable":true,"href":"https:\/\/www.ull.es\/portal\/noticias\/wp-json\/wp\/v2\/media\/58168"}],"wp:attachment":[{"href":"https:\/\/www.ull.es\/portal\/noticias\/wp-json\/wp\/v2\/media?parent=58163"}],"wp:term":[{"taxonomy":"category","embeddable":true,"href":"https:\/\/www.ull.es\/portal\/noticias\/wp-json\/wp\/v2\/categories?post=58163"},{"taxonomy":"post_tag","embeddable":true,"href":"https:\/\/www.ull.es\/portal\/noticias\/wp-json\/wp\/v2\/tags?post=58163"}],"curies":[{"name":"wp","href":"https:\/\/api.w.org\/{rel}","templated":true}]}}