{"id":58236,"date":"2021-09-10T14:04:19","date_gmt":"2021-09-10T14:04:19","guid":{"rendered":"https:\/\/www.ull.es\/portal\/noticias\/?p=58236"},"modified":"2021-09-10T14:04:19","modified_gmt":"2021-09-10T14:04:19","slug":"jornadas-propiedad-industrial","status":"publish","type":"post","link":"https:\/\/www.ull.es\/portal\/noticias\/2021\/jornadas-propiedad-industrial\/","title":{"rendered":"Las universidades p\u00fablicas canarias organizan unas jornadas sobre propiedad industrial"},"content":{"rendered":"<p>La Universidad de La Laguna y la Universidad de Las Palmas de Gran Canaria han dise\u00f1ado, en colaboraci\u00f3n con la Oficina Espa\u00f1ola de Patentes y Marcas (OEPM), las <a href=\"https:\/\/www.ull.es\/portal\/agenda\/evento\/publicas-o-tambien-patentas-jornadas-de-propiedad-industrial-en-las-universidades-publicas-canarias-oepm-ull-ulpgc\/\" target=\"_blank\" rel=\"noopener\" target=\"_blank\" rel=\"noopener\">I Jornadas de Propiedad Industrial en las Universidades P\u00fablicas Canarias<\/a> que se celebrar\u00e1n a partir del 28 de septiembre.<\/p>\n<p>El objetivo es proporcionar al personal investigador un conocimiento especializado te\u00f3rico-pr\u00e1ctico sobre propiedad industrial, con el fin de favorecer la investigaci\u00f3n, el desarrollo y la transferencia de tecnolog\u00eda en la Universidad. Es una formaci\u00f3n de alto nivel impartida por profesionales de la OEPM cuya inscripci\u00f3n ser\u00e1 gratuita.<\/p>\n<p>Estas jornadas se componen de una primera sesi\u00f3n introductoria de la propiedad industrial que se desarrollar\u00e1 en formato online. A continuaci\u00f3n habr\u00e1 cuatro sesiones monogr\u00e1ficas, tambi\u00e9n online, distribuidas entre octubre y diciembre, donde se entrar\u00e1 en detalle en distintos tipos de patentes y sus particularidades, as\u00ed como en la transferencia de resultados.<\/p>\n<p>Finalmente, en diciembre tendr\u00e1 lugar un taller de b\u00fasqueda de patentes, que se realizar\u00e1 de manera presencial y con solo 18 plazas por cada universidad, donde el personal investigador conocer\u00e1 las distintas bases de datos gratuitas de patentes y c\u00f3mo realizar las b\u00fasquedas en ellas, teniendo acceso as\u00ed a una gran cantidad de informaci\u00f3n complementaria a la de los art\u00edculos cient\u00edficos.<\/p>\n<p>El acceso a las jornadas online se realizar\u00e1 a trav\u00e9s de la plataforma Google MEET. Se enviar\u00e1 link de conexi\u00f3n el d\u00eda antes de cada jornada a todos los inscritos.<\/p>\n<p>En la web institucional ya est\u00e1 disponible el <a href=\"https:\/\/drive.google.com\/file\/d\/1hhBUZVL2rsWfNkX54y41s1Yi5dkkLxEC\/view?usp=sharing\" target=\"_blank\" rel=\"noopener\" target=\"_blank\" rel=\"noopener\">programa detallado<\/a> de las jornadas con las fechas y las horas de las diferentes sesiones, as\u00ed como el enlace para registrarse en las <a href=\"https:\/\/forms.gle\/AaMeXJ3GebVVdsPq7\" target=\"_blank\" rel=\"noopener\" target=\"_blank\" rel=\"noopener\">sesiones online<\/a> y en el taller <a href=\"https:\/\/forms.gle\/Zfsd9i39mbvAx5aGA\" target=\"_blank\" rel=\"noopener\" target=\"_blank\" rel=\"noopener\">presencial<\/a>.<\/p>\n","protected":false},"excerpt":{"rendered":"<p>La Universidad de La Laguna y la Universidad de Las Palmas de Gran Canaria han dise\u00f1ado, en colaboraci\u00f3n con la&#8230;<\/p>\n","protected":false},"author":21,"featured_media":58237,"comment_status":"closed","ping_status":"closed","sticky":false,"template":"","format":"standard","meta":{"inline_featured_image":false,"footnotes":""},"categories":[345,350,4403,2765],"tags":[7788,4244,6133],"acf":[],"yoast_head":"<!-- This site is optimized with the Yoast SEO plugin v21.3 - https:\/\/yoast.com\/wordpress\/plugins\/seo\/ -->\n<title>Las universidades p\u00fablicas organizan jornadas de propiedad industrial<\/title>\n<meta name=\"description\" content=\"En colaboraci\u00f3n con la Oficina Espa\u00f1ola de Patentes y Marcas, se celebrar\u00e1n a partir del 28 de septiembre con sesiones online y presenciales.\" \/>\n<meta name=\"robots\" content=\"index, follow, max-snippet:-1, max-image-preview:large, max-video-preview:-1\" \/>\n<link rel=\"canonical\" href=\"https:\/\/www.ull.es\/portal\/noticias\/2021\/jornadas-propiedad-industrial\/\" \/>\n<meta property=\"og:locale\" content=\"es_ES\" \/>\n<meta property=\"og:type\" content=\"article\" \/>\n<meta property=\"og:title\" content=\"Las universidades p\u00fablicas organizan jornadas de propiedad industrial\" \/>\n<meta property=\"og:description\" content=\"En colaboraci\u00f3n con la Oficina Espa\u00f1ola de Patentes y Marcas, se celebrar\u00e1n a partir del 28 de septiembre con sesiones online y presenciales.\" \/>\n<meta property=\"og:url\" content=\"https:\/\/www.ull.es\/portal\/noticias\/2021\/jornadas-propiedad-industrial\/\" \/>\n<meta property=\"og:site_name\" content=\"ULL - Noticias\" \/>\n<meta property=\"article:publisher\" content=\"https:\/\/www.facebook.com\/universidaddelalaguna\/\" \/>\n<meta property=\"article:published_time\" content=\"2021-09-10T14:04:19+00:00\" \/>\n<meta property=\"og:image\" content=\"https:\/\/www.ull.es\/portal\/noticias\/wp-content\/uploads\/sites\/13\/2021\/09\/Banner-700x350-2.jpg\" \/>\n\t<meta property=\"og:image:width\" content=\"700\" \/>\n\t<meta property=\"og:image:height\" content=\"350\" \/>\n\t<meta property=\"og:image:type\" content=\"image\/jpeg\" \/>\n<meta name=\"author\" content=\"prensa2\" \/>\n<meta name=\"twitter:card\" content=\"summary_large_image\" \/>\n<meta name=\"twitter:creator\" content=\"@CanalULL\" \/>\n<meta name=\"twitter:site\" content=\"@CanalULL\" \/>\n<meta name=\"twitter:label1\" content=\"Escrito por\" \/>\n\t<meta name=\"twitter:data1\" content=\"prensa2\" \/>\n\t<meta name=\"twitter:label2\" content=\"Tiempo de lectura\" \/>\n\t<meta name=\"twitter:data2\" content=\"2 minutos\" \/>\n<script type=\"application\/ld+json\" class=\"yoast-schema-graph\">{\"@context\":\"https:\/\/schema.org\",\"@graph\":[{\"@type\":\"WebPage\",\"@id\":\"https:\/\/www.ull.es\/portal\/noticias\/2021\/jornadas-propiedad-industrial\/\",\"url\":\"https:\/\/www.ull.es\/portal\/noticias\/2021\/jornadas-propiedad-industrial\/\",\"name\":\"Las universidades p\u00fablicas organizan jornadas de propiedad industrial\",\"isPartOf\":{\"@id\":\"https:\/\/www.ull.es\/portal\/noticias\/#website\"},\"datePublished\":\"2021-09-10T14:04:19+00:00\",\"dateModified\":\"2021-09-10T14:04:19+00:00\",\"author\":{\"@id\":\"https:\/\/www.ull.es\/portal\/noticias\/#\/schema\/person\/c3b2aa857797592927a03740d6664376\"},\"description\":\"En colaboraci\u00f3n con la Oficina Espa\u00f1ola de Patentes y Marcas, se celebrar\u00e1n a partir del 28 de septiembre con sesiones online y presenciales.\",\"breadcrumb\":{\"@id\":\"https:\/\/www.ull.es\/portal\/noticias\/2021\/jornadas-propiedad-industrial\/#breadcrumb\"},\"inLanguage\":\"es\",\"potentialAction\":[{\"@type\":\"ReadAction\",\"target\":[\"https:\/\/www.ull.es\/portal\/noticias\/2021\/jornadas-propiedad-industrial\/\"]}]},{\"@type\":\"BreadcrumbList\",\"@id\":\"https:\/\/www.ull.es\/portal\/noticias\/2021\/jornadas-propiedad-industrial\/#breadcrumb\",\"itemListElement\":[{\"@type\":\"ListItem\",\"position\":1,\"name\":\"Portada\",\"item\":\"https:\/\/www.ull.es\/portal\/noticias\/\"},{\"@type\":\"ListItem\",\"position\":2,\"name\":\"Las universidades p\u00fablicas canarias organizan unas jornadas sobre propiedad industrial\"}]},{\"@type\":\"WebSite\",\"@id\":\"https:\/\/www.ull.es\/portal\/noticias\/#website\",\"url\":\"https:\/\/www.ull.es\/portal\/noticias\/\",\"name\":\"ULL - Noticias\",\"description\":\"\",\"potentialAction\":[{\"@type\":\"SearchAction\",\"target\":{\"@type\":\"EntryPoint\",\"urlTemplate\":\"https:\/\/www.ull.es\/portal\/noticias\/?s={search_term_string}\"},\"query-input\":\"required name=search_term_string\"}],\"inLanguage\":\"es\"},{\"@type\":\"Person\",\"@id\":\"https:\/\/www.ull.es\/portal\/noticias\/#\/schema\/person\/c3b2aa857797592927a03740d6664376\",\"name\":\"prensa2\",\"image\":{\"@type\":\"ImageObject\",\"inLanguage\":\"es\",\"@id\":\"https:\/\/www.ull.es\/portal\/noticias\/#\/schema\/person\/image\/\",\"url\":\"https:\/\/secure.gravatar.com\/avatar\/b58f310a5de5feb33d1e026d2493f23c?s=96&d=mm&r=g\",\"contentUrl\":\"https:\/\/secure.gravatar.com\/avatar\/b58f310a5de5feb33d1e026d2493f23c?s=96&d=mm&r=g\",\"caption\":\"prensa2\"},\"url\":\"https:\/\/www.ull.es\/portal\/noticias\/author\/prensa2\/\"}]}<\/script>\n<!-- \/ Yoast SEO plugin. -->","yoast_head_json":{"title":"Las universidades p\u00fablicas organizan jornadas de propiedad industrial","description":"En colaboraci\u00f3n con la Oficina Espa\u00f1ola de Patentes y Marcas, se celebrar\u00e1n a partir del 28 de septiembre con sesiones online y presenciales.","robots":{"index":"index","follow":"follow","max-snippet":"max-snippet:-1","max-image-preview":"max-image-preview:large","max-video-preview":"max-video-preview:-1"},"canonical":"https:\/\/www.ull.es\/portal\/noticias\/2021\/jornadas-propiedad-industrial\/","og_locale":"es_ES","og_type":"article","og_title":"Las universidades p\u00fablicas organizan jornadas de propiedad industrial","og_description":"En colaboraci\u00f3n con la Oficina Espa\u00f1ola de Patentes y Marcas, se celebrar\u00e1n a partir del 28 de septiembre con sesiones online y presenciales.","og_url":"https:\/\/www.ull.es\/portal\/noticias\/2021\/jornadas-propiedad-industrial\/","og_site_name":"ULL - Noticias","article_publisher":"https:\/\/www.facebook.com\/universidaddelalaguna\/","article_published_time":"2021-09-10T14:04:19+00:00","og_image":[{"width":700,"height":350,"url":"https:\/\/www.ull.es\/portal\/noticias\/wp-content\/uploads\/sites\/13\/2021\/09\/Banner-700x350-2.jpg","type":"image\/jpeg"}],"author":"prensa2","twitter_card":"summary_large_image","twitter_creator":"@CanalULL","twitter_site":"@CanalULL","twitter_misc":{"Escrito por":"prensa2","Tiempo de lectura":"2 minutos"},"schema":{"@context":"https:\/\/schema.org","@graph":[{"@type":"WebPage","@id":"https:\/\/www.ull.es\/portal\/noticias\/2021\/jornadas-propiedad-industrial\/","url":"https:\/\/www.ull.es\/portal\/noticias\/2021\/jornadas-propiedad-industrial\/","name":"Las universidades p\u00fablicas organizan jornadas de propiedad industrial","isPartOf":{"@id":"https:\/\/www.ull.es\/portal\/noticias\/#website"},"datePublished":"2021-09-10T14:04:19+00:00","dateModified":"2021-09-10T14:04:19+00:00","author":{"@id":"https:\/\/www.ull.es\/portal\/noticias\/#\/schema\/person\/c3b2aa857797592927a03740d6664376"},"description":"En colaboraci\u00f3n con la Oficina Espa\u00f1ola de Patentes y Marcas, se celebrar\u00e1n a partir del 28 de septiembre con sesiones online y presenciales.","breadcrumb":{"@id":"https:\/\/www.ull.es\/portal\/noticias\/2021\/jornadas-propiedad-industrial\/#breadcrumb"},"inLanguage":"es","potentialAction":[{"@type":"ReadAction","target":["https:\/\/www.ull.es\/portal\/noticias\/2021\/jornadas-propiedad-industrial\/"]}]},{"@type":"BreadcrumbList","@id":"https:\/\/www.ull.es\/portal\/noticias\/2021\/jornadas-propiedad-industrial\/#breadcrumb","itemListElement":[{"@type":"ListItem","position":1,"name":"Portada","item":"https:\/\/www.ull.es\/portal\/noticias\/"},{"@type":"ListItem","position":2,"name":"Las universidades p\u00fablicas canarias organizan unas jornadas sobre propiedad industrial"}]},{"@type":"WebSite","@id":"https:\/\/www.ull.es\/portal\/noticias\/#website","url":"https:\/\/www.ull.es\/portal\/noticias\/","name":"ULL - Noticias","description":"","potentialAction":[{"@type":"SearchAction","target":{"@type":"EntryPoint","urlTemplate":"https:\/\/www.ull.es\/portal\/noticias\/?s={search_term_string}"},"query-input":"required name=search_term_string"}],"inLanguage":"es"},{"@type":"Person","@id":"https:\/\/www.ull.es\/portal\/noticias\/#\/schema\/person\/c3b2aa857797592927a03740d6664376","name":"prensa2","image":{"@type":"ImageObject","inLanguage":"es","@id":"https:\/\/www.ull.es\/portal\/noticias\/#\/schema\/person\/image\/","url":"https:\/\/secure.gravatar.com\/avatar\/b58f310a5de5feb33d1e026d2493f23c?s=96&d=mm&r=g","contentUrl":"https:\/\/secure.gravatar.com\/avatar\/b58f310a5de5feb33d1e026d2493f23c?s=96&d=mm&r=g","caption":"prensa2"},"url":"https:\/\/www.ull.es\/portal\/noticias\/author\/prensa2\/"}]}},"primary_category":{"id":345,"name":"Destacado","slug":"destacado","link":"https:\/\/www.ull.es\/portal\/noticias\/category\/destacado\/"},"featured_image_thumbnail_url":"https:\/\/www.ull.es\/portal\/noticias\/wp-content\/uploads\/sites\/13\/2021\/09\/Banner-700x350-2-300x150.jpg","_links":{"self":[{"href":"https:\/\/www.ull.es\/portal\/noticias\/wp-json\/wp\/v2\/posts\/58236"}],"collection":[{"href":"https:\/\/www.ull.es\/portal\/noticias\/wp-json\/wp\/v2\/posts"}],"about":[{"href":"https:\/\/www.ull.es\/portal\/noticias\/wp-json\/wp\/v2\/types\/post"}],"author":[{"embeddable":true,"href":"https:\/\/www.ull.es\/portal\/noticias\/wp-json\/wp\/v2\/users\/21"}],"replies":[{"embeddable":true,"href":"https:\/\/www.ull.es\/portal\/noticias\/wp-json\/wp\/v2\/comments?post=58236"}],"version-history":[{"count":1,"href":"https:\/\/www.ull.es\/portal\/noticias\/wp-json\/wp\/v2\/posts\/58236\/revisions"}],"predecessor-version":[{"id":58238,"href":"https:\/\/www.ull.es\/portal\/noticias\/wp-json\/wp\/v2\/posts\/58236\/revisions\/58238"}],"wp:featuredmedia":[{"embeddable":true,"href":"https:\/\/www.ull.es\/portal\/noticias\/wp-json\/wp\/v2\/media\/58237"}],"wp:attachment":[{"href":"https:\/\/www.ull.es\/portal\/noticias\/wp-json\/wp\/v2\/media?parent=58236"}],"wp:term":[{"taxonomy":"category","embeddable":true,"href":"https:\/\/www.ull.es\/portal\/noticias\/wp-json\/wp\/v2\/categories?post=58236"},{"taxonomy":"post_tag","embeddable":true,"href":"https:\/\/www.ull.es\/portal\/noticias\/wp-json\/wp\/v2\/tags?post=58236"}],"curies":[{"name":"wp","href":"https:\/\/api.w.org\/{rel}","templated":true}]}}