{"id":58251,"date":"2021-09-13T11:01:26","date_gmt":"2021-09-13T11:01:26","guid":{"rendered":"https:\/\/www.ull.es\/portal\/noticias\/?p=58251"},"modified":"2021-09-13T11:01:26","modified_gmt":"2021-09-13T11:01:26","slug":"ull-renuevan-apoyo-catedra-tecnologia-educacion","status":"publish","type":"post","link":"https:\/\/www.ull.es\/portal\/noticias\/2021\/ull-renuevan-apoyo-catedra-tecnologia-educacion\/","title":{"rendered":"La Universidad de La Laguna y Fundaci\u00f3n Mapfre Guanarteme renuevan su apoyo a la C\u00e1tedra de Tecnolog\u00eda y Educaci\u00f3n"},"content":{"rendered":"<p>La Universidad de La Laguna y la <a href=\"https:\/\/www.fundacionmapfreguanarteme.org\/\" target=\"_blank\" rel=\"noopener\">Fundaci\u00f3n Mapfre Guanarteme<\/a> han firmado hoy, lunes 13 de septiembre, el convenio gracias la cual ambas instituciones renuevan su apoyo mutuo para seguir impulsado la <a href=\"https:\/\/tecnoedu.webs.ull.es\/\" target=\"_blank\" rel=\"noopener\" target=\"_blank\" rel=\"noopener\">c\u00e1tedra institucional de Tecnolog\u00eda y Educaci\u00f3n<\/a>, originalmente creada en 2017 y que, desde entonces, ha desarrollado una fecunda actividad de difusi\u00f3n y formaci\u00f3n en el \u00e1mbito del uso innovador de las herramientas telem\u00e1ticas en el proceso de ense\u00f1anza-aprendizaje.<\/p>\n<p>Por parte de la instituci\u00f3n acad\u00e9mica ha firmado el acuerdo su rectora, Rosa Aguilar Chinea, mientras que por la fundaci\u00f3n ha hecho lo propio su directora, Esther Martel Gil. En el acto de firma tambi\u00e9n estuvo el director e impulsor de la c\u00e1tedra, el catedr\u00e1tico del Departamento de Did\u00e1ctica e Investigaci\u00f3n Educativa <a href=\"https:\/\/portalciencia.ull.es\/investigadores\/81363\/detalle\" target=\"_blank\" rel=\"noopener\" target=\"_blank\" rel=\"noopener\">Manuel Area Moreira<\/a>.<\/p>\n<p>Este convenio tiene una duraci\u00f3n inicial de un a\u00f1o e incluye financiaci\u00f3n para el desarrollo de diversas actividades de la c\u00e1tedra, como los seminarios, jornadas, publicaciones y otras iniciativas que se incorporen al plan de trabajo que dise\u00f1e la direcci\u00f3n y apruebe la comisi\u00f3n mixta de la entidad, en la que participan integrantes tanto de la instituci\u00f3n acad\u00e9mica como de la entidad sin \u00e1nimo de lucro.<\/p>\n<div id=\"attachment_58253\" style=\"width: 310px\" class=\"wp-caption alignleft\"><a href=\"https:\/\/www.ull.es\/portal\/noticias\/wp-content\/uploads\/sites\/13\/2021\/09\/guanarteme-2.jpg\" target=\"_blank\" rel=\"noopener\"><img aria-describedby=\"caption-attachment-58253\" decoding=\"async\" loading=\"lazy\" class=\"wp-image-58253 size-medium\" src=\"https:\/\/www.ull.es\/portal\/noticias\/wp-content\/uploads\/sites\/13\/2021\/09\/guanarteme-2-300x200.jpg\" alt=\"\" width=\"300\" height=\"200\" srcset=\"https:\/\/www.ull.es\/portal\/noticias\/wp-content\/uploads\/sites\/13\/2021\/09\/guanarteme-2-300x200.jpg 300w, https:\/\/www.ull.es\/portal\/noticias\/wp-content\/uploads\/sites\/13\/2021\/09\/guanarteme-2-1024x683.jpg 1024w, https:\/\/www.ull.es\/portal\/noticias\/wp-content\/uploads\/sites\/13\/2021\/09\/guanarteme-2-768x512.jpg 768w, https:\/\/www.ull.es\/portal\/noticias\/wp-content\/uploads\/sites\/13\/2021\/09\/guanarteme-2-375x250.jpg 375w, https:\/\/www.ull.es\/portal\/noticias\/wp-content\/uploads\/sites\/13\/2021\/09\/guanarteme-2-750x500.jpg 750w, https:\/\/www.ull.es\/portal\/noticias\/wp-content\/uploads\/sites\/13\/2021\/09\/guanarteme-2-1140x760.jpg 1140w, https:\/\/www.ull.es\/portal\/noticias\/wp-content\/uploads\/sites\/13\/2021\/09\/guanarteme-2.jpg 1200w\" sizes=\"(max-width: 300px) 100vw, 300px\" \/><\/a><p id=\"caption-attachment-58253\" class=\"wp-caption-text\">Rosa Aguilar, rectora de la ULL, junto a la directora de la Fundaci\u00f3n Mapfre Guanarteme, Esther Martel Gil.<\/p><\/div>\n<p>Este a\u00f1o se ha decidido no convocar los premios Tecnoedu a la innovaci\u00f3n con tecnolog\u00eda educativa, pero en su lugar se organizar\u00e1 una ambiciosa Feria de Innovaci\u00f3n en la misma materia, que tendr\u00e1 un formato h\u00edbrido, es decir, eminentemente virtual pero con actos presenciales, la cual presumiblemente se organizar\u00e1 durante el primer cuatrimestre de 2022. Adem\u00e1s, se tratar\u00e1 de impulsar la organizaci\u00f3n de m\u00e1s conferencias en islas no capitalinas.<\/p>\n<p>La rectora destac\u00f3 tras la firma que la de Tecnolog\u00eda y Educaci\u00f3n es una de las c\u00e1tedras m\u00e1s activas y que, con la pandemia, ha adquirido una relevancia mayor y reforzado el modelo de formaci\u00f3n h\u00edbrida que marcar\u00e1 el futuro de la instituci\u00f3n, sin nunca perder la perspectiva de que, por encima de la tecnolog\u00eda, importan las personas. Aguilar tambi\u00e9n agradeci\u00f3 la implicaci\u00f3n de la Fundaci\u00f3n Mapfre, a la cual consider\u00f3 una socia estrat\u00e9gica por su apoyo no solo a esta c\u00e1tedra, sino a otras iniciativas relacionadas con ayudas para el estudio al alumnado, as\u00ed como al programa de intercambio Erasmus+.<\/p>\n<p>La directora de la fundaci\u00f3n, por su parte, alab\u00f3 tambi\u00e9n la actividad de una c\u00e1tedra que, en su \u00faltimo a\u00f1o \u201cha cumplido con creces\u201d sus objetivos y ha alcanzado una gran difusi\u00f3n de sus actividades no solo en el \u00e1mbito espa\u00f1ol, sino americano. Puso este convenio como ejemplo de la necesaria colaboraci\u00f3n entre la sociedad civil y la academia, y resalt\u00f3 el compromiso de su entidad con la formaci\u00f3n, materia a la dedica un 55% de presupuesto y enfoca especialmente en el alumnado de todos los niveles.<\/p>\n<p>El director de la c\u00e1tedra tambi\u00e9n intervino para se\u00f1alar el \u00e9xito que han cosechado los seminarios online organizados durante el \u00faltimo curso, con una media de 250 inscritos en cada sesi\u00f3n. Y record\u00f3 que, aunque la crisis del coronavirus ha acelerado el proceso de digitalizaci\u00f3n educativa, esta c\u00e1tedra era una firme defensora de ese modelo educativo h\u00edbrido ya desde antes de la pandemia. \u201cEstamos en una sociedad digital y debemos preparar a la ciudadan\u00eda para vivir en ella\u201d.<\/p>\n","protected":false},"excerpt":{"rendered":"<p>La Universidad de La Laguna y la Fundaci\u00f3n Mapfre Guanarteme han firmado hoy, lunes 13 de septiembre, el convenio gracias&#8230;<\/p>\n","protected":false},"author":21,"featured_media":58252,"comment_status":"closed","ping_status":"closed","sticky":false,"template":"","format":"standard","meta":{"inline_featured_image":false,"footnotes":""},"categories":[345,348,2765],"tags":[3885,7010,1337,1806,3678],"acf":[],"yoast_head":"<!-- This site is optimized with the Yoast SEO plugin v21.3 - https:\/\/yoast.com\/wordpress\/plugins\/seo\/ -->\n<title>Renovado el convenio que sustenta la c\u00e1tedra de Tecnolog\u00eda y Educaci\u00f3n<\/title>\n<meta name=\"description\" content=\"La ULL y la Fundaci\u00f3n MAPFRE Guanarteme renuevan su convenio para asegurar un a\u00f1o m\u00e1s la actividad de esta c\u00e1tedra dirigida por Manuel Area.\" \/>\n<meta name=\"robots\" content=\"index, follow, max-snippet:-1, max-image-preview:large, max-video-preview:-1\" \/>\n<link rel=\"canonical\" href=\"https:\/\/www.ull.es\/portal\/noticias\/2021\/ull-renuevan-apoyo-catedra-tecnologia-educacion\/\" \/>\n<meta property=\"og:locale\" content=\"es_ES\" \/>\n<meta property=\"og:type\" content=\"article\" \/>\n<meta property=\"og:title\" content=\"Renovado el convenio que sustenta la c\u00e1tedra de Tecnolog\u00eda y Educaci\u00f3n\" \/>\n<meta property=\"og:description\" content=\"La ULL y la Fundaci\u00f3n MAPFRE Guanarteme renuevan su convenio para asegurar un a\u00f1o m\u00e1s la actividad de esta c\u00e1tedra dirigida por Manuel Area.\" \/>\n<meta property=\"og:url\" content=\"https:\/\/www.ull.es\/portal\/noticias\/2021\/ull-renuevan-apoyo-catedra-tecnologia-educacion\/\" \/>\n<meta property=\"og:site_name\" content=\"ULL - Noticias\" \/>\n<meta property=\"article:publisher\" content=\"https:\/\/www.facebook.com\/universidaddelalaguna\/\" \/>\n<meta property=\"article:published_time\" content=\"2021-09-13T11:01:26+00:00\" \/>\n<meta property=\"og:image\" content=\"https:\/\/www.ull.es\/portal\/noticias\/wp-content\/uploads\/sites\/13\/2021\/09\/guanarteme-1.jpg\" \/>\n\t<meta property=\"og:image:width\" content=\"1200\" \/>\n\t<meta property=\"og:image:height\" content=\"800\" \/>\n\t<meta property=\"og:image:type\" content=\"image\/jpeg\" \/>\n<meta name=\"author\" content=\"prensa2\" \/>\n<meta name=\"twitter:card\" content=\"summary_large_image\" \/>\n<meta name=\"twitter:creator\" content=\"@CanalULL\" \/>\n<meta name=\"twitter:site\" content=\"@CanalULL\" \/>\n<meta name=\"twitter:label1\" content=\"Escrito por\" \/>\n\t<meta name=\"twitter:data1\" content=\"prensa2\" \/>\n\t<meta name=\"twitter:label2\" content=\"Tiempo de lectura\" \/>\n\t<meta name=\"twitter:data2\" content=\"3 minutos\" \/>\n<script type=\"application\/ld+json\" class=\"yoast-schema-graph\">{\"@context\":\"https:\/\/schema.org\",\"@graph\":[{\"@type\":\"WebPage\",\"@id\":\"https:\/\/www.ull.es\/portal\/noticias\/2021\/ull-renuevan-apoyo-catedra-tecnologia-educacion\/\",\"url\":\"https:\/\/www.ull.es\/portal\/noticias\/2021\/ull-renuevan-apoyo-catedra-tecnologia-educacion\/\",\"name\":\"Renovado el convenio que sustenta la c\u00e1tedra de Tecnolog\u00eda y Educaci\u00f3n\",\"isPartOf\":{\"@id\":\"https:\/\/www.ull.es\/portal\/noticias\/#website\"},\"datePublished\":\"2021-09-13T11:01:26+00:00\",\"dateModified\":\"2021-09-13T11:01:26+00:00\",\"author\":{\"@id\":\"https:\/\/www.ull.es\/portal\/noticias\/#\/schema\/person\/c3b2aa857797592927a03740d6664376\"},\"description\":\"La ULL y la Fundaci\u00f3n MAPFRE Guanarteme renuevan su convenio para asegurar un a\u00f1o m\u00e1s la actividad de esta c\u00e1tedra dirigida por Manuel Area.\",\"breadcrumb\":{\"@id\":\"https:\/\/www.ull.es\/portal\/noticias\/2021\/ull-renuevan-apoyo-catedra-tecnologia-educacion\/#breadcrumb\"},\"inLanguage\":\"es\",\"potentialAction\":[{\"@type\":\"ReadAction\",\"target\":[\"https:\/\/www.ull.es\/portal\/noticias\/2021\/ull-renuevan-apoyo-catedra-tecnologia-educacion\/\"]}]},{\"@type\":\"BreadcrumbList\",\"@id\":\"https:\/\/www.ull.es\/portal\/noticias\/2021\/ull-renuevan-apoyo-catedra-tecnologia-educacion\/#breadcrumb\",\"itemListElement\":[{\"@type\":\"ListItem\",\"position\":1,\"name\":\"Portada\",\"item\":\"https:\/\/www.ull.es\/portal\/noticias\/\"},{\"@type\":\"ListItem\",\"position\":2,\"name\":\"La Universidad de La Laguna y Fundaci\u00f3n Mapfre Guanarteme renuevan su apoyo a la C\u00e1tedra de Tecnolog\u00eda y Educaci\u00f3n\"}]},{\"@type\":\"WebSite\",\"@id\":\"https:\/\/www.ull.es\/portal\/noticias\/#website\",\"url\":\"https:\/\/www.ull.es\/portal\/noticias\/\",\"name\":\"ULL - Noticias\",\"description\":\"\",\"potentialAction\":[{\"@type\":\"SearchAction\",\"target\":{\"@type\":\"EntryPoint\",\"urlTemplate\":\"https:\/\/www.ull.es\/portal\/noticias\/?s={search_term_string}\"},\"query-input\":\"required name=search_term_string\"}],\"inLanguage\":\"es\"},{\"@type\":\"Person\",\"@id\":\"https:\/\/www.ull.es\/portal\/noticias\/#\/schema\/person\/c3b2aa857797592927a03740d6664376\",\"name\":\"prensa2\",\"image\":{\"@type\":\"ImageObject\",\"inLanguage\":\"es\",\"@id\":\"https:\/\/www.ull.es\/portal\/noticias\/#\/schema\/person\/image\/\",\"url\":\"https:\/\/secure.gravatar.com\/avatar\/b58f310a5de5feb33d1e026d2493f23c?s=96&d=mm&r=g\",\"contentUrl\":\"https:\/\/secure.gravatar.com\/avatar\/b58f310a5de5feb33d1e026d2493f23c?s=96&d=mm&r=g\",\"caption\":\"prensa2\"},\"url\":\"https:\/\/www.ull.es\/portal\/noticias\/author\/prensa2\/\"}]}<\/script>\n<!-- \/ Yoast SEO plugin. -->","yoast_head_json":{"title":"Renovado el convenio que sustenta la c\u00e1tedra de Tecnolog\u00eda y Educaci\u00f3n","description":"La ULL y la Fundaci\u00f3n MAPFRE Guanarteme renuevan su convenio para asegurar un a\u00f1o m\u00e1s la actividad de esta c\u00e1tedra dirigida por Manuel Area.","robots":{"index":"index","follow":"follow","max-snippet":"max-snippet:-1","max-image-preview":"max-image-preview:large","max-video-preview":"max-video-preview:-1"},"canonical":"https:\/\/www.ull.es\/portal\/noticias\/2021\/ull-renuevan-apoyo-catedra-tecnologia-educacion\/","og_locale":"es_ES","og_type":"article","og_title":"Renovado el convenio que sustenta la c\u00e1tedra de Tecnolog\u00eda y Educaci\u00f3n","og_description":"La ULL y la Fundaci\u00f3n MAPFRE Guanarteme renuevan su convenio para asegurar un a\u00f1o m\u00e1s la actividad de esta c\u00e1tedra dirigida por Manuel Area.","og_url":"https:\/\/www.ull.es\/portal\/noticias\/2021\/ull-renuevan-apoyo-catedra-tecnologia-educacion\/","og_site_name":"ULL - Noticias","article_publisher":"https:\/\/www.facebook.com\/universidaddelalaguna\/","article_published_time":"2021-09-13T11:01:26+00:00","og_image":[{"width":1200,"height":800,"url":"https:\/\/www.ull.es\/portal\/noticias\/wp-content\/uploads\/sites\/13\/2021\/09\/guanarteme-1.jpg","type":"image\/jpeg"}],"author":"prensa2","twitter_card":"summary_large_image","twitter_creator":"@CanalULL","twitter_site":"@CanalULL","twitter_misc":{"Escrito por":"prensa2","Tiempo de lectura":"3 minutos"},"schema":{"@context":"https:\/\/schema.org","@graph":[{"@type":"WebPage","@id":"https:\/\/www.ull.es\/portal\/noticias\/2021\/ull-renuevan-apoyo-catedra-tecnologia-educacion\/","url":"https:\/\/www.ull.es\/portal\/noticias\/2021\/ull-renuevan-apoyo-catedra-tecnologia-educacion\/","name":"Renovado el convenio que sustenta la c\u00e1tedra de Tecnolog\u00eda y Educaci\u00f3n","isPartOf":{"@id":"https:\/\/www.ull.es\/portal\/noticias\/#website"},"datePublished":"2021-09-13T11:01:26+00:00","dateModified":"2021-09-13T11:01:26+00:00","author":{"@id":"https:\/\/www.ull.es\/portal\/noticias\/#\/schema\/person\/c3b2aa857797592927a03740d6664376"},"description":"La ULL y la Fundaci\u00f3n MAPFRE Guanarteme renuevan su convenio para asegurar un a\u00f1o m\u00e1s la actividad de esta c\u00e1tedra dirigida por Manuel Area.","breadcrumb":{"@id":"https:\/\/www.ull.es\/portal\/noticias\/2021\/ull-renuevan-apoyo-catedra-tecnologia-educacion\/#breadcrumb"},"inLanguage":"es","potentialAction":[{"@type":"ReadAction","target":["https:\/\/www.ull.es\/portal\/noticias\/2021\/ull-renuevan-apoyo-catedra-tecnologia-educacion\/"]}]},{"@type":"BreadcrumbList","@id":"https:\/\/www.ull.es\/portal\/noticias\/2021\/ull-renuevan-apoyo-catedra-tecnologia-educacion\/#breadcrumb","itemListElement":[{"@type":"ListItem","position":1,"name":"Portada","item":"https:\/\/www.ull.es\/portal\/noticias\/"},{"@type":"ListItem","position":2,"name":"La Universidad de La Laguna y Fundaci\u00f3n Mapfre Guanarteme renuevan su apoyo a la C\u00e1tedra de Tecnolog\u00eda y Educaci\u00f3n"}]},{"@type":"WebSite","@id":"https:\/\/www.ull.es\/portal\/noticias\/#website","url":"https:\/\/www.ull.es\/portal\/noticias\/","name":"ULL - Noticias","description":"","potentialAction":[{"@type":"SearchAction","target":{"@type":"EntryPoint","urlTemplate":"https:\/\/www.ull.es\/portal\/noticias\/?s={search_term_string}"},"query-input":"required name=search_term_string"}],"inLanguage":"es"},{"@type":"Person","@id":"https:\/\/www.ull.es\/portal\/noticias\/#\/schema\/person\/c3b2aa857797592927a03740d6664376","name":"prensa2","image":{"@type":"ImageObject","inLanguage":"es","@id":"https:\/\/www.ull.es\/portal\/noticias\/#\/schema\/person\/image\/","url":"https:\/\/secure.gravatar.com\/avatar\/b58f310a5de5feb33d1e026d2493f23c?s=96&d=mm&r=g","contentUrl":"https:\/\/secure.gravatar.com\/avatar\/b58f310a5de5feb33d1e026d2493f23c?s=96&d=mm&r=g","caption":"prensa2"},"url":"https:\/\/www.ull.es\/portal\/noticias\/author\/prensa2\/"}]}},"primary_category":{"id":345,"name":"Destacado","slug":"destacado","link":"https:\/\/www.ull.es\/portal\/noticias\/category\/destacado\/"},"featured_image_thumbnail_url":"https:\/\/www.ull.es\/portal\/noticias\/wp-content\/uploads\/sites\/13\/2021\/09\/guanarteme-1-300x200.jpg","_links":{"self":[{"href":"https:\/\/www.ull.es\/portal\/noticias\/wp-json\/wp\/v2\/posts\/58251"}],"collection":[{"href":"https:\/\/www.ull.es\/portal\/noticias\/wp-json\/wp\/v2\/posts"}],"about":[{"href":"https:\/\/www.ull.es\/portal\/noticias\/wp-json\/wp\/v2\/types\/post"}],"author":[{"embeddable":true,"href":"https:\/\/www.ull.es\/portal\/noticias\/wp-json\/wp\/v2\/users\/21"}],"replies":[{"embeddable":true,"href":"https:\/\/www.ull.es\/portal\/noticias\/wp-json\/wp\/v2\/comments?post=58251"}],"version-history":[{"count":1,"href":"https:\/\/www.ull.es\/portal\/noticias\/wp-json\/wp\/v2\/posts\/58251\/revisions"}],"predecessor-version":[{"id":58254,"href":"https:\/\/www.ull.es\/portal\/noticias\/wp-json\/wp\/v2\/posts\/58251\/revisions\/58254"}],"wp:featuredmedia":[{"embeddable":true,"href":"https:\/\/www.ull.es\/portal\/noticias\/wp-json\/wp\/v2\/media\/58252"}],"wp:attachment":[{"href":"https:\/\/www.ull.es\/portal\/noticias\/wp-json\/wp\/v2\/media?parent=58251"}],"wp:term":[{"taxonomy":"category","embeddable":true,"href":"https:\/\/www.ull.es\/portal\/noticias\/wp-json\/wp\/v2\/categories?post=58251"},{"taxonomy":"post_tag","embeddable":true,"href":"https:\/\/www.ull.es\/portal\/noticias\/wp-json\/wp\/v2\/tags?post=58251"}],"curies":[{"name":"wp","href":"https:\/\/api.w.org\/{rel}","templated":true}]}}