{"id":58351,"date":"2021-09-17T13:31:09","date_gmt":"2021-09-17T13:31:09","guid":{"rendered":"https:\/\/www.ull.es\/portal\/noticias\/?p=58351"},"modified":"2021-09-17T14:14:53","modified_gmt":"2021-09-17T14:14:53","slug":"una-veintena-de-personas-participan-en-una-recogida-de-microplasticos-impulsada-por-la-ull-y-el-cabildo-de-tenerife","status":"publish","type":"post","link":"https:\/\/www.ull.es\/portal\/noticias\/2021\/una-veintena-de-personas-participan-en-una-recogida-de-microplasticos-impulsada-por-la-ull-y-el-cabildo-de-tenerife\/","title":{"rendered":"Una treintena de personas participan en una recogida de micropl\u00e1sticos impulsada por la ULL y el Cabildo de Tenerife"},"content":{"rendered":"<p>La Universidad de La Laguna y el Cabildo de Tenerife han llevado a cabo durante la ma\u00f1ana de hoy, viernes 17 de septiembre, una actividad de concienciaci\u00f3n ambiental en Playa Grande, en el municipio de Arico. Esta acci\u00f3n, que gir\u00f3 en torno el problema de los micropl\u00e1sticos en el medio ambiente, buscaba fomentar en la comunidad universitaria y la sociedad en general el respeto por el espacio natural a trav\u00e9s del conocimiento de los principales retos a los que se enfrenta la isla en esta materia.<\/p>\n<p style=\"text-align: center\"><a href=\"https:\/\/drive.google.com\/drive\/folders\/1UbBmUAnz0q5_7Nn7hbCbeiS1mXBwI6tD?usp=sharing\" target=\"_blank\" rel=\"noopener\" target=\"_blank\" rel=\"noopener\"><strong>Galer\u00eda fotogr\u00e1fica<\/strong><\/a><\/p>\n<p>El profesor del \u00c1rea de Qu\u00edmica Anal\u00edtica Javier Hern\u00e1ndez Borges y la profesora ayudante doctora del \u00c1rea de Medicina Preventiva y Salud P\u00fablica de la Universidad de La Laguna Cintia Hern\u00e1ndez S\u00e1nchez, han sido los encargados de dirigir una recogida de micropl\u00e1sticos por toda la costa. Tras recopilar estos residuos, los expertos han impartido un taller en el que los participantes han podido aprender a clasificar cada uno de los desechos recolectados y que, a la postre, perjudican el entorno. Cabe resaltar que Playa Grande es un punto negro de llegada masiva de micropl\u00e1sticos en Canarias por su orientaci\u00f3n noreste, por su forma, as\u00ed como por las corrientes y el viento que recibe la zona.<\/p>\n<div id=\"attachment_58353\" style=\"width: 310px\" class=\"wp-caption alignleft\"><a href=\"https:\/\/www.ull.es\/portal\/noticias\/wp-content\/uploads\/sites\/13\/2021\/09\/MG_9305.jpg\" target=\"_blank\" rel=\"noopener\"><img aria-describedby=\"caption-attachment-58353\" decoding=\"async\" loading=\"lazy\" class=\"wp-image-58353 size-medium\" src=\"https:\/\/www.ull.es\/portal\/noticias\/wp-content\/uploads\/sites\/13\/2021\/09\/MG_9305-300x200.jpg\" alt=\"\" width=\"300\" height=\"200\" srcset=\"https:\/\/www.ull.es\/portal\/noticias\/wp-content\/uploads\/sites\/13\/2021\/09\/MG_9305-300x200.jpg 300w, https:\/\/www.ull.es\/portal\/noticias\/wp-content\/uploads\/sites\/13\/2021\/09\/MG_9305-768x512.jpg 768w, https:\/\/www.ull.es\/portal\/noticias\/wp-content\/uploads\/sites\/13\/2021\/09\/MG_9305-375x250.jpg 375w, https:\/\/www.ull.es\/portal\/noticias\/wp-content\/uploads\/sites\/13\/2021\/09\/MG_9305-750x500.jpg 750w, https:\/\/www.ull.es\/portal\/noticias\/wp-content\/uploads\/sites\/13\/2021\/09\/MG_9305.jpg 1024w\" sizes=\"(max-width: 300px) 100vw, 300px\" \/><\/a><p id=\"caption-attachment-58353\" class=\"wp-caption-text\">Javier Rodr\u00edguez, consejero de Desarrollo Sostenible y Lucha contra el Cambio Clim\u00e1tico del Cabildo de Tenerife, junto a Montserrat Acosta, vicerrectora de Infraestructuras y Sostenibilidad, y, Rosa Aguilar, rectora de la ULL.<\/p><\/div>\n<p>Hasta Playa Grande se desplaz\u00f3 m\u00e1s de una treintena de personas que no solo tuvo tiempo para participar en el taller de micropl\u00e1sticos, sino que pudo asistir a la suelta de varias tortugas. Entre ellas se encontraba la rectora de la Universidad de La Laguna, Rosa Aguilar, la vicerrectora de Infraestructuras y Sostenibilidad, Montserrat Acosta; el vicerrector de Investigaci\u00f3n y Transferencia, Ernesto Pereda; el consejero de Desarrollo Sostenible y Lucha contra el Cambio Clim\u00e1tico del Cabildo de Tenerife, Javier Rodr\u00edguez Medina; el alcalde de Arico, Sebasti\u00e1n Mart\u00edn, Alcalde de Arico; y la senadora Olivia Mar\u00eda Delgado Oval.<\/p>\n<p>Esta acci\u00f3n hab\u00eda comenzado en la jornada previa con la realizaci\u00f3n del seminario digital \u201cLos micropl\u00e1sticos: una amenaza silenciosa\u201d, impartido por Hern\u00e1ndez Borges. De esta manera, se pone en marcha un programa que pretende continuar su curso en los pr\u00f3ximos meses de octubre y noviembre, buscando abordar problem\u00e1ticas diversas como las especies ex\u00f3ticas invasoras y la mejora el conocimiento y cuidado de la fauna silvestre, as\u00ed como el entorno forestal de Tenerife.<\/p>\n","protected":false},"excerpt":{"rendered":"<p>La Universidad de La Laguna y el Cabildo de Tenerife han llevado a cabo durante la ma\u00f1ana de hoy, viernes&#8230;<\/p>\n","protected":false},"author":67,"featured_media":58352,"comment_status":"closed","ping_status":"closed","sticky":false,"template":"","format":"standard","meta":{"inline_featured_image":false,"footnotes":""},"categories":[345,348,2765],"tags":[665,5733],"acf":[],"yoast_head":"<!-- This site is optimized with the Yoast SEO plugin v21.3 - https:\/\/yoast.com\/wordpress\/plugins\/seo\/ -->\n<title>Una treintena de personas participan en una recogida de micropl\u00e1sticos impulsada por la ULL y el Cabildo de Tenerife<\/title>\n<meta name=\"description\" content=\"La Universidad de La Laguna y el Cabildo de Tenerife han llevado a cabo durante la ma\u00f1ana de hoy, viernes 17 de septiembre, una actividad de concienciaci\u00f3n ambiental en Playa Grande, en el municipio de Arico.\" \/>\n<meta name=\"robots\" content=\"index, follow, max-snippet:-1, max-image-preview:large, max-video-preview:-1\" \/>\n<link rel=\"canonical\" href=\"https:\/\/www.ull.es\/portal\/noticias\/2021\/una-veintena-de-personas-participan-en-una-recogida-de-microplasticos-impulsada-por-la-ull-y-el-cabildo-de-tenerife\/\" \/>\n<meta property=\"og:locale\" content=\"es_ES\" \/>\n<meta property=\"og:type\" content=\"article\" \/>\n<meta property=\"og:title\" content=\"Una treintena de personas participan en una recogida de micropl\u00e1sticos impulsada por la ULL y el Cabildo de Tenerife\" \/>\n<meta property=\"og:description\" content=\"La Universidad de La Laguna y el Cabildo de Tenerife han llevado a cabo durante la ma\u00f1ana de hoy, viernes 17 de septiembre, una actividad de concienciaci\u00f3n ambiental en Playa Grande, en el municipio de Arico.\" \/>\n<meta property=\"og:url\" content=\"https:\/\/www.ull.es\/portal\/noticias\/2021\/una-veintena-de-personas-participan-en-una-recogida-de-microplasticos-impulsada-por-la-ull-y-el-cabildo-de-tenerife\/\" \/>\n<meta property=\"og:site_name\" content=\"ULL - Noticias\" \/>\n<meta property=\"article:publisher\" content=\"https:\/\/www.facebook.com\/universidaddelalaguna\/\" \/>\n<meta property=\"article:published_time\" content=\"2021-09-17T13:31:09+00:00\" \/>\n<meta property=\"article:modified_time\" content=\"2021-09-17T14:14:53+00:00\" \/>\n<meta property=\"og:image\" content=\"https:\/\/www.ull.es\/portal\/noticias\/wp-content\/uploads\/sites\/13\/2021\/09\/MG_9321.jpg\" \/>\n\t<meta property=\"og:image:width\" content=\"1024\" \/>\n\t<meta property=\"og:image:height\" content=\"682\" \/>\n\t<meta property=\"og:image:type\" content=\"image\/jpeg\" \/>\n<meta name=\"author\" content=\"gcom5\" \/>\n<meta name=\"twitter:card\" content=\"summary_large_image\" \/>\n<meta name=\"twitter:creator\" content=\"@CanalULL\" \/>\n<meta name=\"twitter:site\" content=\"@CanalULL\" \/>\n<meta name=\"twitter:label1\" content=\"Escrito por\" \/>\n\t<meta name=\"twitter:data1\" content=\"gcom5\" \/>\n\t<meta name=\"twitter:label2\" content=\"Tiempo de lectura\" \/>\n\t<meta name=\"twitter:data2\" content=\"2 minutos\" \/>\n<script type=\"application\/ld+json\" class=\"yoast-schema-graph\">{\"@context\":\"https:\/\/schema.org\",\"@graph\":[{\"@type\":\"WebPage\",\"@id\":\"https:\/\/www.ull.es\/portal\/noticias\/2021\/una-veintena-de-personas-participan-en-una-recogida-de-microplasticos-impulsada-por-la-ull-y-el-cabildo-de-tenerife\/\",\"url\":\"https:\/\/www.ull.es\/portal\/noticias\/2021\/una-veintena-de-personas-participan-en-una-recogida-de-microplasticos-impulsada-por-la-ull-y-el-cabildo-de-tenerife\/\",\"name\":\"Una treintena de personas participan en una recogida de micropl\u00e1sticos impulsada por la ULL y el Cabildo de Tenerife\",\"isPartOf\":{\"@id\":\"https:\/\/www.ull.es\/portal\/noticias\/#website\"},\"datePublished\":\"2021-09-17T13:31:09+00:00\",\"dateModified\":\"2021-09-17T14:14:53+00:00\",\"author\":{\"@id\":\"https:\/\/www.ull.es\/portal\/noticias\/#\/schema\/person\/8027c6c4687adc2c90dc1532715d34df\"},\"description\":\"La Universidad de La Laguna y el Cabildo de Tenerife han llevado a cabo durante la ma\u00f1ana de hoy, viernes 17 de septiembre, una actividad de concienciaci\u00f3n ambiental en Playa Grande, en el municipio de Arico.\",\"breadcrumb\":{\"@id\":\"https:\/\/www.ull.es\/portal\/noticias\/2021\/una-veintena-de-personas-participan-en-una-recogida-de-microplasticos-impulsada-por-la-ull-y-el-cabildo-de-tenerife\/#breadcrumb\"},\"inLanguage\":\"es\",\"potentialAction\":[{\"@type\":\"ReadAction\",\"target\":[\"https:\/\/www.ull.es\/portal\/noticias\/2021\/una-veintena-de-personas-participan-en-una-recogida-de-microplasticos-impulsada-por-la-ull-y-el-cabildo-de-tenerife\/\"]}]},{\"@type\":\"BreadcrumbList\",\"@id\":\"https:\/\/www.ull.es\/portal\/noticias\/2021\/una-veintena-de-personas-participan-en-una-recogida-de-microplasticos-impulsada-por-la-ull-y-el-cabildo-de-tenerife\/#breadcrumb\",\"itemListElement\":[{\"@type\":\"ListItem\",\"position\":1,\"name\":\"Portada\",\"item\":\"https:\/\/www.ull.es\/portal\/noticias\/\"},{\"@type\":\"ListItem\",\"position\":2,\"name\":\"Una treintena de personas participan en una recogida de micropl\u00e1sticos impulsada por la ULL y el Cabildo de Tenerife\"}]},{\"@type\":\"WebSite\",\"@id\":\"https:\/\/www.ull.es\/portal\/noticias\/#website\",\"url\":\"https:\/\/www.ull.es\/portal\/noticias\/\",\"name\":\"ULL - Noticias\",\"description\":\"\",\"potentialAction\":[{\"@type\":\"SearchAction\",\"target\":{\"@type\":\"EntryPoint\",\"urlTemplate\":\"https:\/\/www.ull.es\/portal\/noticias\/?s={search_term_string}\"},\"query-input\":\"required name=search_term_string\"}],\"inLanguage\":\"es\"},{\"@type\":\"Person\",\"@id\":\"https:\/\/www.ull.es\/portal\/noticias\/#\/schema\/person\/8027c6c4687adc2c90dc1532715d34df\",\"name\":\"gcom5\",\"image\":{\"@type\":\"ImageObject\",\"inLanguage\":\"es\",\"@id\":\"https:\/\/www.ull.es\/portal\/noticias\/#\/schema\/person\/image\/\",\"url\":\"https:\/\/secure.gravatar.com\/avatar\/8b3777f8048001fa57b88338ce5605b9?s=96&d=mm&r=g\",\"contentUrl\":\"https:\/\/secure.gravatar.com\/avatar\/8b3777f8048001fa57b88338ce5605b9?s=96&d=mm&r=g\",\"caption\":\"gcom5\"},\"url\":\"https:\/\/www.ull.es\/portal\/noticias\/author\/gcom5\/\"}]}<\/script>\n<!-- \/ Yoast SEO plugin. -->","yoast_head_json":{"title":"Una treintena de personas participan en una recogida de micropl\u00e1sticos impulsada por la ULL y el Cabildo de Tenerife","description":"La Universidad de La Laguna y el Cabildo de Tenerife han llevado a cabo durante la ma\u00f1ana de hoy, viernes 17 de septiembre, una actividad de concienciaci\u00f3n ambiental en Playa Grande, en el municipio de Arico.","robots":{"index":"index","follow":"follow","max-snippet":"max-snippet:-1","max-image-preview":"max-image-preview:large","max-video-preview":"max-video-preview:-1"},"canonical":"https:\/\/www.ull.es\/portal\/noticias\/2021\/una-veintena-de-personas-participan-en-una-recogida-de-microplasticos-impulsada-por-la-ull-y-el-cabildo-de-tenerife\/","og_locale":"es_ES","og_type":"article","og_title":"Una treintena de personas participan en una recogida de micropl\u00e1sticos impulsada por la ULL y el Cabildo de Tenerife","og_description":"La Universidad de La Laguna y el Cabildo de Tenerife han llevado a cabo durante la ma\u00f1ana de hoy, viernes 17 de septiembre, una actividad de concienciaci\u00f3n ambiental en Playa Grande, en el municipio de Arico.","og_url":"https:\/\/www.ull.es\/portal\/noticias\/2021\/una-veintena-de-personas-participan-en-una-recogida-de-microplasticos-impulsada-por-la-ull-y-el-cabildo-de-tenerife\/","og_site_name":"ULL - Noticias","article_publisher":"https:\/\/www.facebook.com\/universidaddelalaguna\/","article_published_time":"2021-09-17T13:31:09+00:00","article_modified_time":"2021-09-17T14:14:53+00:00","og_image":[{"width":1024,"height":682,"url":"https:\/\/www.ull.es\/portal\/noticias\/wp-content\/uploads\/sites\/13\/2021\/09\/MG_9321.jpg","type":"image\/jpeg"}],"author":"gcom5","twitter_card":"summary_large_image","twitter_creator":"@CanalULL","twitter_site":"@CanalULL","twitter_misc":{"Escrito por":"gcom5","Tiempo de lectura":"2 minutos"},"schema":{"@context":"https:\/\/schema.org","@graph":[{"@type":"WebPage","@id":"https:\/\/www.ull.es\/portal\/noticias\/2021\/una-veintena-de-personas-participan-en-una-recogida-de-microplasticos-impulsada-por-la-ull-y-el-cabildo-de-tenerife\/","url":"https:\/\/www.ull.es\/portal\/noticias\/2021\/una-veintena-de-personas-participan-en-una-recogida-de-microplasticos-impulsada-por-la-ull-y-el-cabildo-de-tenerife\/","name":"Una treintena de personas participan en una recogida de micropl\u00e1sticos impulsada por la ULL y el Cabildo de Tenerife","isPartOf":{"@id":"https:\/\/www.ull.es\/portal\/noticias\/#website"},"datePublished":"2021-09-17T13:31:09+00:00","dateModified":"2021-09-17T14:14:53+00:00","author":{"@id":"https:\/\/www.ull.es\/portal\/noticias\/#\/schema\/person\/8027c6c4687adc2c90dc1532715d34df"},"description":"La Universidad de La Laguna y el Cabildo de Tenerife han llevado a cabo durante la ma\u00f1ana de hoy, viernes 17 de septiembre, una actividad de concienciaci\u00f3n ambiental en Playa Grande, en el municipio de Arico.","breadcrumb":{"@id":"https:\/\/www.ull.es\/portal\/noticias\/2021\/una-veintena-de-personas-participan-en-una-recogida-de-microplasticos-impulsada-por-la-ull-y-el-cabildo-de-tenerife\/#breadcrumb"},"inLanguage":"es","potentialAction":[{"@type":"ReadAction","target":["https:\/\/www.ull.es\/portal\/noticias\/2021\/una-veintena-de-personas-participan-en-una-recogida-de-microplasticos-impulsada-por-la-ull-y-el-cabildo-de-tenerife\/"]}]},{"@type":"BreadcrumbList","@id":"https:\/\/www.ull.es\/portal\/noticias\/2021\/una-veintena-de-personas-participan-en-una-recogida-de-microplasticos-impulsada-por-la-ull-y-el-cabildo-de-tenerife\/#breadcrumb","itemListElement":[{"@type":"ListItem","position":1,"name":"Portada","item":"https:\/\/www.ull.es\/portal\/noticias\/"},{"@type":"ListItem","position":2,"name":"Una treintena de personas participan en una recogida de micropl\u00e1sticos impulsada por la ULL y el Cabildo de Tenerife"}]},{"@type":"WebSite","@id":"https:\/\/www.ull.es\/portal\/noticias\/#website","url":"https:\/\/www.ull.es\/portal\/noticias\/","name":"ULL - Noticias","description":"","potentialAction":[{"@type":"SearchAction","target":{"@type":"EntryPoint","urlTemplate":"https:\/\/www.ull.es\/portal\/noticias\/?s={search_term_string}"},"query-input":"required name=search_term_string"}],"inLanguage":"es"},{"@type":"Person","@id":"https:\/\/www.ull.es\/portal\/noticias\/#\/schema\/person\/8027c6c4687adc2c90dc1532715d34df","name":"gcom5","image":{"@type":"ImageObject","inLanguage":"es","@id":"https:\/\/www.ull.es\/portal\/noticias\/#\/schema\/person\/image\/","url":"https:\/\/secure.gravatar.com\/avatar\/8b3777f8048001fa57b88338ce5605b9?s=96&d=mm&r=g","contentUrl":"https:\/\/secure.gravatar.com\/avatar\/8b3777f8048001fa57b88338ce5605b9?s=96&d=mm&r=g","caption":"gcom5"},"url":"https:\/\/www.ull.es\/portal\/noticias\/author\/gcom5\/"}]}},"primary_category":{"id":2765,"name":"Portada ULL","slug":"portada-ull","link":"https:\/\/www.ull.es\/portal\/noticias\/category\/portada-ull\/"},"featured_image_thumbnail_url":"https:\/\/www.ull.es\/portal\/noticias\/wp-content\/uploads\/sites\/13\/2021\/09\/MG_9321-300x200.jpg","_links":{"self":[{"href":"https:\/\/www.ull.es\/portal\/noticias\/wp-json\/wp\/v2\/posts\/58351"}],"collection":[{"href":"https:\/\/www.ull.es\/portal\/noticias\/wp-json\/wp\/v2\/posts"}],"about":[{"href":"https:\/\/www.ull.es\/portal\/noticias\/wp-json\/wp\/v2\/types\/post"}],"author":[{"embeddable":true,"href":"https:\/\/www.ull.es\/portal\/noticias\/wp-json\/wp\/v2\/users\/67"}],"replies":[{"embeddable":true,"href":"https:\/\/www.ull.es\/portal\/noticias\/wp-json\/wp\/v2\/comments?post=58351"}],"version-history":[{"count":5,"href":"https:\/\/www.ull.es\/portal\/noticias\/wp-json\/wp\/v2\/posts\/58351\/revisions"}],"predecessor-version":[{"id":58360,"href":"https:\/\/www.ull.es\/portal\/noticias\/wp-json\/wp\/v2\/posts\/58351\/revisions\/58360"}],"wp:featuredmedia":[{"embeddable":true,"href":"https:\/\/www.ull.es\/portal\/noticias\/wp-json\/wp\/v2\/media\/58352"}],"wp:attachment":[{"href":"https:\/\/www.ull.es\/portal\/noticias\/wp-json\/wp\/v2\/media?parent=58351"}],"wp:term":[{"taxonomy":"category","embeddable":true,"href":"https:\/\/www.ull.es\/portal\/noticias\/wp-json\/wp\/v2\/categories?post=58351"},{"taxonomy":"post_tag","embeddable":true,"href":"https:\/\/www.ull.es\/portal\/noticias\/wp-json\/wp\/v2\/tags?post=58351"}],"curies":[{"name":"wp","href":"https:\/\/api.w.org\/{rel}","templated":true}]}}