{"id":58367,"date":"2021-09-20T10:52:58","date_gmt":"2021-09-20T10:52:58","guid":{"rendered":"https:\/\/www.ull.es\/portal\/noticias\/?p=58367"},"modified":"2021-09-20T10:52:58","modified_gmt":"2021-09-20T10:52:58","slug":"la-universidad-de-la-laguna-adquiere-un-repositorio-en-abierto-para-compartir-datos-de-investigacion","status":"publish","type":"post","link":"https:\/\/www.ull.es\/portal\/noticias\/2021\/la-universidad-de-la-laguna-adquiere-un-repositorio-en-abierto-para-compartir-datos-de-investigacion\/","title":{"rendered":"La Universidad de La Laguna adquiere un repositorio en abierto para compartir datos de investigaci\u00f3n"},"content":{"rendered":"<p>La Universidad de La Laguna presentar\u00e1 este jueves 23 de septiembre su repositorio de datos de investigaci\u00f3n, <a href=\"https:\/\/research-data.ull.es\/\" target=\"_blank\" rel=\"noopener\">Research Data ULL<\/a>, una herramienta basada en Digital Commons, de la empresa Elsevier, que tiene como finalidad gestionar y compartir de forma segura datos de investigaci\u00f3n. Se trata de un repositorio de datos abierto para crear y hacer uso com\u00fan de datos FAIR (<em>Findable<\/em>, <em>Accesible<\/em>, <em>Interoperable<\/em>, <em>Reusable<\/em>), siguiendo las recomendaciones de la Uni\u00f3n Europea en materia de publicaci\u00f3n de datos cient\u00edficos.<\/p>\n<p>El acr\u00f3nimo y los principios fueron introducidos en el art\u00edculo \u201c<em>The FAIR Guiding Principles for scientific data management and stewardship<\/em>\u201d, publicado en la revista <em>Scientific Data<\/em> en marzo de 2016, a\u00f1o en el que la Comisi\u00f3n Europea establece las directrices sobre gesti\u00f3n de datos FAIR para sus programas de investigaci\u00f3n.<\/p>\n<p>Se dispone de los cuatro m\u00f3dulos integrados en Digital Commons, que son repositorio, gesti\u00f3n, b\u00fasqueda y monitorizaci\u00f3n de datos. En el repositorio, los investigadores pueden almacenar hasta 100 GB de datos de distinto tipo organizados en carpetas por conjunto de datos. Asimismo, los conjuntos de datos dispondr\u00e1n de un etiquetado de metadatos y DOIs, lo que permitir\u00e1 que sean citados de forma adecuada. Estos datos estar\u00e1n disponibles de forma permanente, aun cuando la soluci\u00f3n deje de estar disponible para la Universidad de La Laguna.<\/p>\n<p>El Gestor de Datos permite la colaboraci\u00f3n en privado de los miembros de un grupo de investigaci\u00f3n, tanto de la Universidad de La Laguna, como de otras instituciones. El m\u00f3dulo de B\u00fasqueda permite buscar datos de investigaci\u00f3n mediante palabras clave y otros conceptos. Por \u00faltimo, el de Monitorizaci\u00f3n favorece a la instituci\u00f3n visibilizar los datos de investigaci\u00f3n de su personal publicados en repositorios locales o de terceros.<\/p>\n<p>El pr\u00f3ximo jueves, 23 de septiembre, a las 12:00 horas, Elsevier ofrecer\u00e1 una jornada formativa sobre esta soluci\u00f3n para el profesorado de la Universidad de La Laguna a trav\u00e9s del siguiente <a href=\"https:\/\/stream.meet.google.com\/stream\/9650b417-dcd5-47b6-a884-59cd4f563984\" target=\"_blank\" rel=\"noopener\">enlace<\/a>.<\/p>\n","protected":false},"excerpt":{"rendered":"<p>La Universidad de La Laguna presentar\u00e1 este jueves 23 de septiembre su repositorio de datos de investigaci\u00f3n, Research Data ULL,&#8230;<\/p>\n","protected":false},"author":23,"featured_media":58369,"comment_status":"closed","ping_status":"closed","sticky":false,"template":"","format":"standard","meta":{"inline_featured_image":false,"footnotes":""},"categories":[345,350,2765],"tags":[7800],"acf":[],"yoast_head":"<!-- This site is optimized with the Yoast SEO plugin v21.3 - https:\/\/yoast.com\/wordpress\/plugins\/seo\/ -->\n<title>La Universidad de La Laguna adquiere un repositorio en abierto para compartir datos de investigaci\u00f3n - ULL - Noticias<\/title>\n<meta name=\"robots\" content=\"index, follow, max-snippet:-1, max-image-preview:large, max-video-preview:-1\" \/>\n<link rel=\"canonical\" href=\"https:\/\/www.ull.es\/portal\/noticias\/2021\/la-universidad-de-la-laguna-adquiere-un-repositorio-en-abierto-para-compartir-datos-de-investigacion\/\" \/>\n<meta property=\"og:locale\" content=\"es_ES\" \/>\n<meta property=\"og:type\" content=\"article\" \/>\n<meta property=\"og:title\" content=\"La Universidad de La Laguna adquiere un repositorio en abierto para compartir datos de investigaci\u00f3n - ULL - Noticias\" \/>\n<meta property=\"og:description\" content=\"La Universidad de La Laguna presentar\u00e1 este jueves 23 de septiembre su repositorio de datos de investigaci\u00f3n, Research Data ULL,...\" \/>\n<meta property=\"og:url\" content=\"https:\/\/www.ull.es\/portal\/noticias\/2021\/la-universidad-de-la-laguna-adquiere-un-repositorio-en-abierto-para-compartir-datos-de-investigacion\/\" \/>\n<meta property=\"og:site_name\" content=\"ULL - Noticias\" \/>\n<meta property=\"article:publisher\" content=\"https:\/\/www.facebook.com\/universidaddelalaguna\/\" \/>\n<meta property=\"article:published_time\" content=\"2021-09-20T10:52:58+00:00\" \/>\n<meta property=\"og:image\" content=\"https:\/\/www.ull.es\/portal\/noticias\/wp-content\/uploads\/sites\/13\/2021\/09\/repositorio-investigacion.jpg\" \/>\n\t<meta property=\"og:image:width\" content=\"1600\" \/>\n\t<meta property=\"og:image:height\" content=\"1000\" \/>\n\t<meta property=\"og:image:type\" content=\"image\/jpeg\" \/>\n<meta name=\"author\" content=\"gaprsa\" \/>\n<meta name=\"twitter:card\" content=\"summary_large_image\" \/>\n<meta name=\"twitter:creator\" content=\"@CanalULL\" \/>\n<meta name=\"twitter:site\" content=\"@CanalULL\" \/>\n<meta name=\"twitter:label1\" content=\"Escrito por\" \/>\n\t<meta name=\"twitter:data1\" content=\"gaprsa\" \/>\n\t<meta name=\"twitter:label2\" content=\"Tiempo de lectura\" \/>\n\t<meta name=\"twitter:data2\" content=\"2 minutos\" \/>\n<script type=\"application\/ld+json\" class=\"yoast-schema-graph\">{\"@context\":\"https:\/\/schema.org\",\"@graph\":[{\"@type\":\"WebPage\",\"@id\":\"https:\/\/www.ull.es\/portal\/noticias\/2021\/la-universidad-de-la-laguna-adquiere-un-repositorio-en-abierto-para-compartir-datos-de-investigacion\/\",\"url\":\"https:\/\/www.ull.es\/portal\/noticias\/2021\/la-universidad-de-la-laguna-adquiere-un-repositorio-en-abierto-para-compartir-datos-de-investigacion\/\",\"name\":\"La Universidad de La Laguna adquiere un repositorio en abierto para compartir datos de investigaci\u00f3n - ULL - Noticias\",\"isPartOf\":{\"@id\":\"https:\/\/www.ull.es\/portal\/noticias\/#website\"},\"datePublished\":\"2021-09-20T10:52:58+00:00\",\"dateModified\":\"2021-09-20T10:52:58+00:00\",\"author\":{\"@id\":\"https:\/\/www.ull.es\/portal\/noticias\/#\/schema\/person\/b2b1a89d43ffa609e591f7df8ef3e817\"},\"breadcrumb\":{\"@id\":\"https:\/\/www.ull.es\/portal\/noticias\/2021\/la-universidad-de-la-laguna-adquiere-un-repositorio-en-abierto-para-compartir-datos-de-investigacion\/#breadcrumb\"},\"inLanguage\":\"es\",\"potentialAction\":[{\"@type\":\"ReadAction\",\"target\":[\"https:\/\/www.ull.es\/portal\/noticias\/2021\/la-universidad-de-la-laguna-adquiere-un-repositorio-en-abierto-para-compartir-datos-de-investigacion\/\"]}]},{\"@type\":\"BreadcrumbList\",\"@id\":\"https:\/\/www.ull.es\/portal\/noticias\/2021\/la-universidad-de-la-laguna-adquiere-un-repositorio-en-abierto-para-compartir-datos-de-investigacion\/#breadcrumb\",\"itemListElement\":[{\"@type\":\"ListItem\",\"position\":1,\"name\":\"Portada\",\"item\":\"https:\/\/www.ull.es\/portal\/noticias\/\"},{\"@type\":\"ListItem\",\"position\":2,\"name\":\"La Universidad de La Laguna adquiere un repositorio en abierto para compartir datos de investigaci\u00f3n\"}]},{\"@type\":\"WebSite\",\"@id\":\"https:\/\/www.ull.es\/portal\/noticias\/#website\",\"url\":\"https:\/\/www.ull.es\/portal\/noticias\/\",\"name\":\"ULL - Noticias\",\"description\":\"\",\"potentialAction\":[{\"@type\":\"SearchAction\",\"target\":{\"@type\":\"EntryPoint\",\"urlTemplate\":\"https:\/\/www.ull.es\/portal\/noticias\/?s={search_term_string}\"},\"query-input\":\"required name=search_term_string\"}],\"inLanguage\":\"es\"},{\"@type\":\"Person\",\"@id\":\"https:\/\/www.ull.es\/portal\/noticias\/#\/schema\/person\/b2b1a89d43ffa609e591f7df8ef3e817\",\"name\":\"gaprsa\",\"image\":{\"@type\":\"ImageObject\",\"inLanguage\":\"es\",\"@id\":\"https:\/\/www.ull.es\/portal\/noticias\/#\/schema\/person\/image\/\",\"url\":\"https:\/\/secure.gravatar.com\/avatar\/443820550921091458b4823867723b3d?s=96&d=mm&r=g\",\"contentUrl\":\"https:\/\/secure.gravatar.com\/avatar\/443820550921091458b4823867723b3d?s=96&d=mm&r=g\",\"caption\":\"gaprsa\"},\"url\":\"https:\/\/www.ull.es\/portal\/noticias\/author\/gaprsa\/\"}]}<\/script>\n<!-- \/ Yoast SEO plugin. -->","yoast_head_json":{"title":"La Universidad de La Laguna adquiere un repositorio en abierto para compartir datos de investigaci\u00f3n - ULL - Noticias","robots":{"index":"index","follow":"follow","max-snippet":"max-snippet:-1","max-image-preview":"max-image-preview:large","max-video-preview":"max-video-preview:-1"},"canonical":"https:\/\/www.ull.es\/portal\/noticias\/2021\/la-universidad-de-la-laguna-adquiere-un-repositorio-en-abierto-para-compartir-datos-de-investigacion\/","og_locale":"es_ES","og_type":"article","og_title":"La Universidad de La Laguna adquiere un repositorio en abierto para compartir datos de investigaci\u00f3n - ULL - Noticias","og_description":"La Universidad de La Laguna presentar\u00e1 este jueves 23 de septiembre su repositorio de datos de investigaci\u00f3n, Research Data ULL,...","og_url":"https:\/\/www.ull.es\/portal\/noticias\/2021\/la-universidad-de-la-laguna-adquiere-un-repositorio-en-abierto-para-compartir-datos-de-investigacion\/","og_site_name":"ULL - Noticias","article_publisher":"https:\/\/www.facebook.com\/universidaddelalaguna\/","article_published_time":"2021-09-20T10:52:58+00:00","og_image":[{"width":1600,"height":1000,"url":"https:\/\/www.ull.es\/portal\/noticias\/wp-content\/uploads\/sites\/13\/2021\/09\/repositorio-investigacion.jpg","type":"image\/jpeg"}],"author":"gaprsa","twitter_card":"summary_large_image","twitter_creator":"@CanalULL","twitter_site":"@CanalULL","twitter_misc":{"Escrito por":"gaprsa","Tiempo de lectura":"2 minutos"},"schema":{"@context":"https:\/\/schema.org","@graph":[{"@type":"WebPage","@id":"https:\/\/www.ull.es\/portal\/noticias\/2021\/la-universidad-de-la-laguna-adquiere-un-repositorio-en-abierto-para-compartir-datos-de-investigacion\/","url":"https:\/\/www.ull.es\/portal\/noticias\/2021\/la-universidad-de-la-laguna-adquiere-un-repositorio-en-abierto-para-compartir-datos-de-investigacion\/","name":"La Universidad de La Laguna adquiere un repositorio en abierto para compartir datos de investigaci\u00f3n - ULL - Noticias","isPartOf":{"@id":"https:\/\/www.ull.es\/portal\/noticias\/#website"},"datePublished":"2021-09-20T10:52:58+00:00","dateModified":"2021-09-20T10:52:58+00:00","author":{"@id":"https:\/\/www.ull.es\/portal\/noticias\/#\/schema\/person\/b2b1a89d43ffa609e591f7df8ef3e817"},"breadcrumb":{"@id":"https:\/\/www.ull.es\/portal\/noticias\/2021\/la-universidad-de-la-laguna-adquiere-un-repositorio-en-abierto-para-compartir-datos-de-investigacion\/#breadcrumb"},"inLanguage":"es","potentialAction":[{"@type":"ReadAction","target":["https:\/\/www.ull.es\/portal\/noticias\/2021\/la-universidad-de-la-laguna-adquiere-un-repositorio-en-abierto-para-compartir-datos-de-investigacion\/"]}]},{"@type":"BreadcrumbList","@id":"https:\/\/www.ull.es\/portal\/noticias\/2021\/la-universidad-de-la-laguna-adquiere-un-repositorio-en-abierto-para-compartir-datos-de-investigacion\/#breadcrumb","itemListElement":[{"@type":"ListItem","position":1,"name":"Portada","item":"https:\/\/www.ull.es\/portal\/noticias\/"},{"@type":"ListItem","position":2,"name":"La Universidad de La Laguna adquiere un repositorio en abierto para compartir datos de investigaci\u00f3n"}]},{"@type":"WebSite","@id":"https:\/\/www.ull.es\/portal\/noticias\/#website","url":"https:\/\/www.ull.es\/portal\/noticias\/","name":"ULL - Noticias","description":"","potentialAction":[{"@type":"SearchAction","target":{"@type":"EntryPoint","urlTemplate":"https:\/\/www.ull.es\/portal\/noticias\/?s={search_term_string}"},"query-input":"required name=search_term_string"}],"inLanguage":"es"},{"@type":"Person","@id":"https:\/\/www.ull.es\/portal\/noticias\/#\/schema\/person\/b2b1a89d43ffa609e591f7df8ef3e817","name":"gaprsa","image":{"@type":"ImageObject","inLanguage":"es","@id":"https:\/\/www.ull.es\/portal\/noticias\/#\/schema\/person\/image\/","url":"https:\/\/secure.gravatar.com\/avatar\/443820550921091458b4823867723b3d?s=96&d=mm&r=g","contentUrl":"https:\/\/secure.gravatar.com\/avatar\/443820550921091458b4823867723b3d?s=96&d=mm&r=g","caption":"gaprsa"},"url":"https:\/\/www.ull.es\/portal\/noticias\/author\/gaprsa\/"}]}},"primary_category":{"id":345,"name":"Destacado","slug":"destacado","link":"https:\/\/www.ull.es\/portal\/noticias\/category\/destacado\/"},"featured_image_thumbnail_url":"https:\/\/www.ull.es\/portal\/noticias\/wp-content\/uploads\/sites\/13\/2021\/09\/repositorio-investigacion-300x188.jpg","_links":{"self":[{"href":"https:\/\/www.ull.es\/portal\/noticias\/wp-json\/wp\/v2\/posts\/58367"}],"collection":[{"href":"https:\/\/www.ull.es\/portal\/noticias\/wp-json\/wp\/v2\/posts"}],"about":[{"href":"https:\/\/www.ull.es\/portal\/noticias\/wp-json\/wp\/v2\/types\/post"}],"author":[{"embeddable":true,"href":"https:\/\/www.ull.es\/portal\/noticias\/wp-json\/wp\/v2\/users\/23"}],"replies":[{"embeddable":true,"href":"https:\/\/www.ull.es\/portal\/noticias\/wp-json\/wp\/v2\/comments?post=58367"}],"version-history":[{"count":1,"href":"https:\/\/www.ull.es\/portal\/noticias\/wp-json\/wp\/v2\/posts\/58367\/revisions"}],"predecessor-version":[{"id":58368,"href":"https:\/\/www.ull.es\/portal\/noticias\/wp-json\/wp\/v2\/posts\/58367\/revisions\/58368"}],"wp:featuredmedia":[{"embeddable":true,"href":"https:\/\/www.ull.es\/portal\/noticias\/wp-json\/wp\/v2\/media\/58369"}],"wp:attachment":[{"href":"https:\/\/www.ull.es\/portal\/noticias\/wp-json\/wp\/v2\/media?parent=58367"}],"wp:term":[{"taxonomy":"category","embeddable":true,"href":"https:\/\/www.ull.es\/portal\/noticias\/wp-json\/wp\/v2\/categories?post=58367"},{"taxonomy":"post_tag","embeddable":true,"href":"https:\/\/www.ull.es\/portal\/noticias\/wp-json\/wp\/v2\/tags?post=58367"}],"curies":[{"name":"wp","href":"https:\/\/api.w.org\/{rel}","templated":true}]}}