{"id":58412,"date":"2021-09-21T11:05:34","date_gmt":"2021-09-21T11:05:34","guid":{"rendered":"https:\/\/www.ull.es\/portal\/noticias\/?p=58412"},"modified":"2021-09-21T11:05:34","modified_gmt":"2021-09-21T11:05:34","slug":"jornada-de-presentacion-del-curso-2021-22-del-master-en-investigacion-y-diagnostico-de-enfermedades-tropicales","status":"publish","type":"post","link":"https:\/\/www.ull.es\/portal\/noticias\/2021\/jornada-de-presentacion-del-curso-2021-22-del-master-en-investigacion-y-diagnostico-de-enfermedades-tropicales\/","title":{"rendered":"Jornada de Presentaci\u00f3n del curso 2021-22 del M\u00e1ster en Investigaci\u00f3n y Diagn\u00f3stico de Enfermedades Tropicales."},"content":{"rendered":"<p>El pr\u00f3ximo 27 de septiembre tendr\u00e1 lugar la<strong> Jornada de Presentaci\u00f3n del M\u00e1ster en Investigaci\u00f3n y Diagn\u00f3stico de Enfermedades Tropicales<\/strong> para el curso 22021-2022. Ser\u00e1 a las <span style=\"text-decoration: underline;\">16 horas en el aula 11 de la Facultad de Farmacia.<\/span><\/p>\n<p>A continuaci\u00f3n, a las 17 horas, el profesor <strong>Dr. Oscar Noya Gonz\u00e1lez<\/strong>, director del Laboratorio de Biohelmintiasis del Instituto de Medicina Tropical de la Universidad Central de Venezuela impartir\u00e1 la conferencia inaugural de este curso acad\u00e9mico, denominada <em>\u201cImpacto socio- y eco-sanitario de la miner\u00eda en el \u00e1rea amaz\u00f3nica\u00bb.<\/em><\/p>\n<p>El Dr. Noya es Profesor de la C\u00e1tedra de Parasitolog\u00eda de la Escuela de Medicina \u00abLuis Razetti\u00bb de la Facultad de Medicina de la UCV desde el 2002 hasta la actualidad. Coordinador del Centro para Estudios sobre Malaria del Instituto de Altos Estudios en Salud \u201cDr. Arnoldo Gabald\u00f3n\u201d del Ministerio del Poder Popular para la Salud desde 1992. Director del Postgrado Nacional de Parasitolog\u00eda de la Facultad de Medicina de la Universidad Central de Venezuela desde septiembre de 2010.<\/p>\n<p>Posee m\u00e1s de 30 a\u00f1os de experiencia cient\u00edfica en el campo de la Medicina Tropical, con m\u00e1s de 200 art\u00edculos en revistas indexadas, autor de m\u00e1s de 50 cap\u00edtulos de libros e innumerables Tesis doctorales dirigidas.<\/p>\n<p>La conferencia ser\u00e1 impartida en l\u00ednea, y podr\u00e1 ser seguida mediante <a href=\"http:\/\/meet.google.com\/fbs-rdzb-rsi\" target=\"_blank\" rel=\"noopener\" target=\"_blank\" rel=\"noopener\">Google Meet<\/a> y en <a href=\"https:\/\/stream.meet.google.com\/stream\/6b699243-742c-43b4-98cd-8d1d7b57a64a\" target=\"_blank\" rel=\"noopener\" target=\"_blank\" rel=\"noopener\">streaming<\/a>.<\/p>\n","protected":false},"excerpt":{"rendered":"<p>El pr\u00f3ximo 27 de septiembre tendr\u00e1 lugar la Jornada de Presentaci\u00f3n del M\u00e1ster en Investigaci\u00f3n y Diagn\u00f3stico de Enfermedades Tropicales&#8230;<\/p>\n","protected":false},"author":65,"featured_media":58413,"comment_status":"closed","ping_status":"closed","sticky":false,"template":"","format":"standard","meta":{"inline_featured_image":false,"footnotes":""},"categories":[3973],"tags":[],"acf":[],"yoast_head":"<!-- This site is optimized with the Yoast SEO plugin v21.3 - https:\/\/yoast.com\/wordpress\/plugins\/seo\/ -->\n<title>Jornada de Presentaci\u00f3n del curso 2021-22 del M\u00e1ster en Investigaci\u00f3n y Diagn\u00f3stico de Enfermedades Tropicales. - ULL - Noticias<\/title>\n<meta name=\"robots\" content=\"index, follow, max-snippet:-1, max-image-preview:large, max-video-preview:-1\" \/>\n<link rel=\"canonical\" href=\"https:\/\/www.ull.es\/portal\/noticias\/2021\/jornada-de-presentacion-del-curso-2021-22-del-master-en-investigacion-y-diagnostico-de-enfermedades-tropicales\/\" \/>\n<meta property=\"og:locale\" content=\"es_ES\" \/>\n<meta property=\"og:type\" content=\"article\" \/>\n<meta property=\"og:title\" content=\"Jornada de Presentaci\u00f3n del curso 2021-22 del M\u00e1ster en Investigaci\u00f3n y Diagn\u00f3stico de Enfermedades Tropicales. - ULL - Noticias\" \/>\n<meta property=\"og:description\" content=\"El pr\u00f3ximo 27 de septiembre tendr\u00e1 lugar la Jornada de Presentaci\u00f3n del M\u00e1ster en Investigaci\u00f3n y Diagn\u00f3stico de Enfermedades Tropicales...\" \/>\n<meta property=\"og:url\" content=\"https:\/\/www.ull.es\/portal\/noticias\/2021\/jornada-de-presentacion-del-curso-2021-22-del-master-en-investigacion-y-diagnostico-de-enfermedades-tropicales\/\" \/>\n<meta property=\"og:site_name\" content=\"ULL - Noticias\" \/>\n<meta property=\"article:publisher\" content=\"https:\/\/www.facebook.com\/universidaddelalaguna\/\" \/>\n<meta property=\"article:published_time\" content=\"2021-09-21T11:05:34+00:00\" \/>\n<meta property=\"og:image\" content=\"https:\/\/www.ull.es\/portal\/noticias\/wp-content\/uploads\/sites\/13\/2021\/09\/Inauguracion-curso-academico.jpg\" \/>\n\t<meta property=\"og:image:width\" content=\"700\" \/>\n\t<meta property=\"og:image:height\" content=\"350\" \/>\n\t<meta property=\"og:image:type\" content=\"image\/jpeg\" \/>\n<meta name=\"author\" content=\"gcom4\" \/>\n<meta name=\"twitter:card\" content=\"summary_large_image\" \/>\n<meta name=\"twitter:creator\" content=\"@CanalULL\" \/>\n<meta name=\"twitter:site\" content=\"@CanalULL\" \/>\n<meta name=\"twitter:label1\" content=\"Escrito por\" \/>\n\t<meta name=\"twitter:data1\" content=\"gcom4\" \/>\n\t<meta name=\"twitter:label2\" content=\"Tiempo de lectura\" \/>\n\t<meta name=\"twitter:data2\" content=\"1 minuto\" \/>\n<script type=\"application\/ld+json\" class=\"yoast-schema-graph\">{\"@context\":\"https:\/\/schema.org\",\"@graph\":[{\"@type\":\"WebPage\",\"@id\":\"https:\/\/www.ull.es\/portal\/noticias\/2021\/jornada-de-presentacion-del-curso-2021-22-del-master-en-investigacion-y-diagnostico-de-enfermedades-tropicales\/\",\"url\":\"https:\/\/www.ull.es\/portal\/noticias\/2021\/jornada-de-presentacion-del-curso-2021-22-del-master-en-investigacion-y-diagnostico-de-enfermedades-tropicales\/\",\"name\":\"Jornada de Presentaci\u00f3n del curso 2021-22 del M\u00e1ster en Investigaci\u00f3n y Diagn\u00f3stico de Enfermedades Tropicales. - ULL - Noticias\",\"isPartOf\":{\"@id\":\"https:\/\/www.ull.es\/portal\/noticias\/#website\"},\"datePublished\":\"2021-09-21T11:05:34+00:00\",\"dateModified\":\"2021-09-21T11:05:34+00:00\",\"author\":{\"@id\":\"https:\/\/www.ull.es\/portal\/noticias\/#\/schema\/person\/9924518fb1ad37d4428e7b5d6f311773\"},\"breadcrumb\":{\"@id\":\"https:\/\/www.ull.es\/portal\/noticias\/2021\/jornada-de-presentacion-del-curso-2021-22-del-master-en-investigacion-y-diagnostico-de-enfermedades-tropicales\/#breadcrumb\"},\"inLanguage\":\"es\",\"potentialAction\":[{\"@type\":\"ReadAction\",\"target\":[\"https:\/\/www.ull.es\/portal\/noticias\/2021\/jornada-de-presentacion-del-curso-2021-22-del-master-en-investigacion-y-diagnostico-de-enfermedades-tropicales\/\"]}]},{\"@type\":\"BreadcrumbList\",\"@id\":\"https:\/\/www.ull.es\/portal\/noticias\/2021\/jornada-de-presentacion-del-curso-2021-22-del-master-en-investigacion-y-diagnostico-de-enfermedades-tropicales\/#breadcrumb\",\"itemListElement\":[{\"@type\":\"ListItem\",\"position\":1,\"name\":\"Portada\",\"item\":\"https:\/\/www.ull.es\/portal\/noticias\/\"},{\"@type\":\"ListItem\",\"position\":2,\"name\":\"Jornada de Presentaci\u00f3n del curso 2021-22 del M\u00e1ster en Investigaci\u00f3n y Diagn\u00f3stico de Enfermedades Tropicales.\"}]},{\"@type\":\"WebSite\",\"@id\":\"https:\/\/www.ull.es\/portal\/noticias\/#website\",\"url\":\"https:\/\/www.ull.es\/portal\/noticias\/\",\"name\":\"ULL - Noticias\",\"description\":\"\",\"potentialAction\":[{\"@type\":\"SearchAction\",\"target\":{\"@type\":\"EntryPoint\",\"urlTemplate\":\"https:\/\/www.ull.es\/portal\/noticias\/?s={search_term_string}\"},\"query-input\":\"required name=search_term_string\"}],\"inLanguage\":\"es\"},{\"@type\":\"Person\",\"@id\":\"https:\/\/www.ull.es\/portal\/noticias\/#\/schema\/person\/9924518fb1ad37d4428e7b5d6f311773\",\"name\":\"gcom4\",\"image\":{\"@type\":\"ImageObject\",\"inLanguage\":\"es\",\"@id\":\"https:\/\/www.ull.es\/portal\/noticias\/#\/schema\/person\/image\/\",\"url\":\"https:\/\/secure.gravatar.com\/avatar\/a5d1f5573f10617ccfcc209aaf6aa7fb?s=96&d=mm&r=g\",\"contentUrl\":\"https:\/\/secure.gravatar.com\/avatar\/a5d1f5573f10617ccfcc209aaf6aa7fb?s=96&d=mm&r=g\",\"caption\":\"gcom4\"},\"url\":\"https:\/\/www.ull.es\/portal\/noticias\/author\/gcom4\/\"}]}<\/script>\n<!-- \/ Yoast SEO plugin. -->","yoast_head_json":{"title":"Jornada de Presentaci\u00f3n del curso 2021-22 del M\u00e1ster en Investigaci\u00f3n y Diagn\u00f3stico de Enfermedades Tropicales. - ULL - Noticias","robots":{"index":"index","follow":"follow","max-snippet":"max-snippet:-1","max-image-preview":"max-image-preview:large","max-video-preview":"max-video-preview:-1"},"canonical":"https:\/\/www.ull.es\/portal\/noticias\/2021\/jornada-de-presentacion-del-curso-2021-22-del-master-en-investigacion-y-diagnostico-de-enfermedades-tropicales\/","og_locale":"es_ES","og_type":"article","og_title":"Jornada de Presentaci\u00f3n del curso 2021-22 del M\u00e1ster en Investigaci\u00f3n y Diagn\u00f3stico de Enfermedades Tropicales. - ULL - Noticias","og_description":"El pr\u00f3ximo 27 de septiembre tendr\u00e1 lugar la Jornada de Presentaci\u00f3n del M\u00e1ster en Investigaci\u00f3n y Diagn\u00f3stico de Enfermedades Tropicales...","og_url":"https:\/\/www.ull.es\/portal\/noticias\/2021\/jornada-de-presentacion-del-curso-2021-22-del-master-en-investigacion-y-diagnostico-de-enfermedades-tropicales\/","og_site_name":"ULL - Noticias","article_publisher":"https:\/\/www.facebook.com\/universidaddelalaguna\/","article_published_time":"2021-09-21T11:05:34+00:00","og_image":[{"width":700,"height":350,"url":"https:\/\/www.ull.es\/portal\/noticias\/wp-content\/uploads\/sites\/13\/2021\/09\/Inauguracion-curso-academico.jpg","type":"image\/jpeg"}],"author":"gcom4","twitter_card":"summary_large_image","twitter_creator":"@CanalULL","twitter_site":"@CanalULL","twitter_misc":{"Escrito por":"gcom4","Tiempo de lectura":"1 minuto"},"schema":{"@context":"https:\/\/schema.org","@graph":[{"@type":"WebPage","@id":"https:\/\/www.ull.es\/portal\/noticias\/2021\/jornada-de-presentacion-del-curso-2021-22-del-master-en-investigacion-y-diagnostico-de-enfermedades-tropicales\/","url":"https:\/\/www.ull.es\/portal\/noticias\/2021\/jornada-de-presentacion-del-curso-2021-22-del-master-en-investigacion-y-diagnostico-de-enfermedades-tropicales\/","name":"Jornada de Presentaci\u00f3n del curso 2021-22 del M\u00e1ster en Investigaci\u00f3n y Diagn\u00f3stico de Enfermedades Tropicales. - ULL - Noticias","isPartOf":{"@id":"https:\/\/www.ull.es\/portal\/noticias\/#website"},"datePublished":"2021-09-21T11:05:34+00:00","dateModified":"2021-09-21T11:05:34+00:00","author":{"@id":"https:\/\/www.ull.es\/portal\/noticias\/#\/schema\/person\/9924518fb1ad37d4428e7b5d6f311773"},"breadcrumb":{"@id":"https:\/\/www.ull.es\/portal\/noticias\/2021\/jornada-de-presentacion-del-curso-2021-22-del-master-en-investigacion-y-diagnostico-de-enfermedades-tropicales\/#breadcrumb"},"inLanguage":"es","potentialAction":[{"@type":"ReadAction","target":["https:\/\/www.ull.es\/portal\/noticias\/2021\/jornada-de-presentacion-del-curso-2021-22-del-master-en-investigacion-y-diagnostico-de-enfermedades-tropicales\/"]}]},{"@type":"BreadcrumbList","@id":"https:\/\/www.ull.es\/portal\/noticias\/2021\/jornada-de-presentacion-del-curso-2021-22-del-master-en-investigacion-y-diagnostico-de-enfermedades-tropicales\/#breadcrumb","itemListElement":[{"@type":"ListItem","position":1,"name":"Portada","item":"https:\/\/www.ull.es\/portal\/noticias\/"},{"@type":"ListItem","position":2,"name":"Jornada de Presentaci\u00f3n del curso 2021-22 del M\u00e1ster en Investigaci\u00f3n y Diagn\u00f3stico de Enfermedades Tropicales."}]},{"@type":"WebSite","@id":"https:\/\/www.ull.es\/portal\/noticias\/#website","url":"https:\/\/www.ull.es\/portal\/noticias\/","name":"ULL - Noticias","description":"","potentialAction":[{"@type":"SearchAction","target":{"@type":"EntryPoint","urlTemplate":"https:\/\/www.ull.es\/portal\/noticias\/?s={search_term_string}"},"query-input":"required name=search_term_string"}],"inLanguage":"es"},{"@type":"Person","@id":"https:\/\/www.ull.es\/portal\/noticias\/#\/schema\/person\/9924518fb1ad37d4428e7b5d6f311773","name":"gcom4","image":{"@type":"ImageObject","inLanguage":"es","@id":"https:\/\/www.ull.es\/portal\/noticias\/#\/schema\/person\/image\/","url":"https:\/\/secure.gravatar.com\/avatar\/a5d1f5573f10617ccfcc209aaf6aa7fb?s=96&d=mm&r=g","contentUrl":"https:\/\/secure.gravatar.com\/avatar\/a5d1f5573f10617ccfcc209aaf6aa7fb?s=96&d=mm&r=g","caption":"gcom4"},"url":"https:\/\/www.ull.es\/portal\/noticias\/author\/gcom4\/"}]}},"primary_category":{"id":3973,"name":"M\u00e1ster Universitario en Investigaci\u00f3n y Diagn\u00f3stico de Enfermedades Tropicales","slug":"master-universitario-en-investigacion-y-diagnostico-de-enfermedades-tropicales","link":"https:\/\/www.ull.es\/portal\/noticias\/category\/noticias-masteres\/master-universitario-en-investigacion-y-diagnostico-de-enfermedades-tropicales\/"},"featured_image_thumbnail_url":"https:\/\/www.ull.es\/portal\/noticias\/wp-content\/uploads\/sites\/13\/2021\/09\/Inauguracion-curso-academico-300x150.jpg","_links":{"self":[{"href":"https:\/\/www.ull.es\/portal\/noticias\/wp-json\/wp\/v2\/posts\/58412"}],"collection":[{"href":"https:\/\/www.ull.es\/portal\/noticias\/wp-json\/wp\/v2\/posts"}],"about":[{"href":"https:\/\/www.ull.es\/portal\/noticias\/wp-json\/wp\/v2\/types\/post"}],"author":[{"embeddable":true,"href":"https:\/\/www.ull.es\/portal\/noticias\/wp-json\/wp\/v2\/users\/65"}],"replies":[{"embeddable":true,"href":"https:\/\/www.ull.es\/portal\/noticias\/wp-json\/wp\/v2\/comments?post=58412"}],"version-history":[{"count":1,"href":"https:\/\/www.ull.es\/portal\/noticias\/wp-json\/wp\/v2\/posts\/58412\/revisions"}],"predecessor-version":[{"id":58414,"href":"https:\/\/www.ull.es\/portal\/noticias\/wp-json\/wp\/v2\/posts\/58412\/revisions\/58414"}],"wp:featuredmedia":[{"embeddable":true,"href":"https:\/\/www.ull.es\/portal\/noticias\/wp-json\/wp\/v2\/media\/58413"}],"wp:attachment":[{"href":"https:\/\/www.ull.es\/portal\/noticias\/wp-json\/wp\/v2\/media?parent=58412"}],"wp:term":[{"taxonomy":"category","embeddable":true,"href":"https:\/\/www.ull.es\/portal\/noticias\/wp-json\/wp\/v2\/categories?post=58412"},{"taxonomy":"post_tag","embeddable":true,"href":"https:\/\/www.ull.es\/portal\/noticias\/wp-json\/wp\/v2\/tags?post=58412"}],"curies":[{"name":"wp","href":"https:\/\/api.w.org\/{rel}","templated":true}]}}