{"id":58552,"date":"2021-09-28T10:57:23","date_gmt":"2021-09-28T10:57:23","guid":{"rendered":"https:\/\/www.ull.es\/portal\/noticias\/?p=58552"},"modified":"2021-09-28T10:59:28","modified_gmt":"2021-09-28T10:59:28","slug":"varias-ayudas-asistenciales-de-la-ull-para-estudiantes-estan-proximas-a-cerrar-sus-plazos-de-solicitud","status":"publish","type":"post","link":"https:\/\/www.ull.es\/portal\/noticias\/2021\/varias-ayudas-asistenciales-de-la-ull-para-estudiantes-estan-proximas-a-cerrar-sus-plazos-de-solicitud\/","title":{"rendered":"Varias ayudas asistenciales de la ULL para estudiantes est\u00e1n pr\u00f3ximas a cerrar sus plazos de solicitud"},"content":{"rendered":"<p>La Universidad de La Laguna, a trav\u00e9s de su Vicerrectorado de Estudiantes y Empleabilidad, convoca anualmente varias ayudas asistenciales dirigidas al alumnado, cuyos plazos de solicitud expiran entre finales de septiembre y mediados del mes de octubre. Se trata, concretamente, de convocatorias para apoyar el asociacionismo estudiantil, los bonos de comedor, los gastos de guarder\u00eda, las necesidades espec\u00edficas de apoyo educativo y los gastos de desplazamiento a eventos de participaci\u00f3n estudiantil para representantes del alumnado. Todas ellas est\u00e1n disponibles en el <a href=\"https:\/\/www.ull.es\/portal\/convocatorias\/\" target=\"_blank\" rel=\"noopener\">portal de convocatorias<\/a> de la instituci\u00f3n acad\u00e9mica y se solicitan de manera telem\u00e1tica.<\/p>\n<p>Las ayudas m\u00e1s pr\u00f3ximas a finalizar su plazo de solicitud son las de <a href=\"https:\/\/www.ull.es\/portal\/convocatorias\/convocatoria\/asociacionismo\/\" target=\"_blank\" rel=\"noopener\">Asociacionismo Estudiantil<\/a>, ya que las instancias ser\u00e1n admitidas hasta el pr\u00f3ximo hasta el 30 de septiembre. Esta convocatoria se articula en tres fases a lo largo del a\u00f1o y ahora termina el periodo para concurrir a la tercera de ellas, destinada a financiar proyectos promovidos por asociaciones de estudiantes que se desarrollen entre el 1 de septiembre y el 15 de noviembre, sobre materias como cultura, deportes y recreaci\u00f3n, responsabilidad social o trabajo extracurricular, entre otras. Las cuant\u00edas concedidas pueden oscilar entre 600 y 1.500 euros, seg\u00fan sea la audiencia de estudiantes prevista al evento solicitado.<\/p>\n<p>Las ayudas para <a href=\"https:\/\/www.ull.es\/portal\/convocatorias\/convocatoria\/convocatoria-de-ayudas-de-bonos-de-comedor-alumnado-2021\/\" target=\"_blank\" rel=\"noopener\">Bonos de Comedor<\/a> pueden solicitarse hasta el pr\u00f3ximo 8 de octubre y de nuevo es una convocatoria divid\u00eda en fases que finaliza ahora, y facilitar\u00e1 el disfrute de estas ayudas desde el comienzo de las clases en septiembre hasta el 17 de diciembre. Para esta segunda tanda de ayudas hay un cr\u00e9dito de 30.000 euros, con el que se sufraga un bono de almuerzo de 1,50 euros por d\u00eda para cada beneficiario, siempre que la renta per-c\u00e1pita de los solicitantes no supere los 15.000 euros y se cumplan determinados requisitos acad\u00e9micos contemplados es las bases.<\/p>\n<p>El tercer grupo de ayudas financia los <a href=\"https:\/\/www.ull.es\/portal\/convocatorias\/convocatoria\/convocatoria-de-ayudas-para-gastos-de-guarderia-del-alumnado-2021\/\" target=\"_blank\" rel=\"noopener\">Gastos de Guarder\u00eda<\/a> del alumnado que tenga descendencia, para ayudar a sufragar tanto los costes de guarder\u00eda o escuela infantil hasta los 3 a\u00f1os de edad, o los servicios de comedor del centro de escolarizaci\u00f3n hasta los 5 a\u00f1os, por un importe m\u00e1ximo de 90 euros mensuales. Se pueden solicitar hasta el 8 de octubre y se adjudicar\u00e1n atendiendo criterios como la renta per c\u00e1pita de quienes la soliciten.<\/p>\n<p>El alumno con <a href=\"https:\/\/www.ull.es\/portal\/convocatorias\/convocatoria\/convocatoria-de-ayudas-para-alumando-con-necesidades-especificas-de-apoyo-educativo-2021\/\" target=\"_blank\" rel=\"noopener\">Necesidades Espec\u00edficas de Apoyo Educativo<\/a> que est\u00e9 inscrito en el Programa PAED y una discapacidad reconocida de, al menos, el 33%, podr\u00e1 solicitar hasta el 15 de octubre diferentes tipos de asistencias seg\u00fan sea su discapacidad, en relaci\u00f3n a transporte, int\u00e9rpretes de lengua de signos, ayudas t\u00e9cnicas personalizadas y otras medidas que faciliten su acceso, permanencia e integraci\u00f3n en la instituci\u00f3n,<\/p>\n<p>Finalmente, los estudiantes que sean representantes de sus colectivos en distintos \u00f3rganos podr\u00e1n ser\u00e1 posible solicitar hasta el 30 de octubre algunas de las <a href=\"https:\/\/www.ull.es\/portal\/convocatorias\/convocatoria\/convocatoria-de-ayudas-para-asistencia-de-representantes-alumnado-a-eventos-de-participacion-estudiantil-2021\/\" target=\"_blank\" rel=\"noopener\">ayudas para la asistencia a eventos de participaci\u00f3n estudiantil<\/a> que se desarrollen entre el 1 de septiembre y el 15 de noviembre, que sufragar\u00e1n gastos justificados de desplazamiento, alojamiento hasta 65,97 euros diarios, y dietas por un m\u00e1ximo de 37,40 euros al d\u00eda.<\/p>\n<p>Al margen de estas ayudas que convoca la entidad, el Vicerrectorado de Estudiantes y Empleabilidad tambi\u00e9n gestiona en la universidad de La Laguna las becas-premio que la <a href=\"https:\/\/www.ull.es\/portal\/convocatorias\/convocatoria\/convocatoria-de-becas-premio-fundacio-privada-p-i-p-pizarroso-para-estudiantes-universitarios-matriculados-en-el-curso-2021-2022\/\" target=\"_blank\" rel=\"noopener\">Fundaci\u00f3n P. i. P. Pizarroso<\/a> para estudiantes de Medicina, Farmacia y Enfermer\u00eda. Se trata de unas ayudas de 7.000 euros cada una, con la particularidad de que sus beneficiarios reciben a principios de curso el 40% de la ayuda en concepto de beca y el 60% restante solamente a final de curso solamente si logra determinados requisitos acad\u00e9micos. Puede solicitarse hasta el 1 de octubre.<\/p>\n","protected":false},"excerpt":{"rendered":"<p>La Universidad de La Laguna, a trav\u00e9s de su Vicerrectorado de Estudiantes y Empleabilidad, convoca anualmente varias ayudas asistenciales dirigidas&#8230;<\/p>\n","protected":false},"author":23,"featured_media":58554,"comment_status":"closed","ping_status":"closed","sticky":false,"template":"","format":"standard","meta":{"inline_featured_image":false,"footnotes":""},"categories":[343,345,2765],"tags":[2896],"acf":[],"yoast_head":"<!-- This site is optimized with the Yoast SEO plugin v21.3 - https:\/\/yoast.com\/wordpress\/plugins\/seo\/ -->\n<title>Varias ayudas asistenciales de la ULL para estudiantes est\u00e1n pr\u00f3ximas a cerrar sus plazos de solicitud - ULL - Noticias<\/title>\n<meta name=\"robots\" content=\"index, follow, max-snippet:-1, max-image-preview:large, max-video-preview:-1\" \/>\n<link rel=\"canonical\" href=\"https:\/\/www.ull.es\/portal\/noticias\/2021\/varias-ayudas-asistenciales-de-la-ull-para-estudiantes-estan-proximas-a-cerrar-sus-plazos-de-solicitud\/\" \/>\n<meta property=\"og:locale\" content=\"es_ES\" \/>\n<meta property=\"og:type\" content=\"article\" \/>\n<meta property=\"og:title\" content=\"Varias ayudas asistenciales de la ULL para estudiantes est\u00e1n pr\u00f3ximas a cerrar sus plazos de solicitud - ULL - Noticias\" \/>\n<meta property=\"og:description\" content=\"La Universidad de La Laguna, a trav\u00e9s de su Vicerrectorado de Estudiantes y Empleabilidad, convoca anualmente varias ayudas asistenciales dirigidas...\" \/>\n<meta property=\"og:url\" content=\"https:\/\/www.ull.es\/portal\/noticias\/2021\/varias-ayudas-asistenciales-de-la-ull-para-estudiantes-estan-proximas-a-cerrar-sus-plazos-de-solicitud\/\" \/>\n<meta property=\"og:site_name\" content=\"ULL - Noticias\" \/>\n<meta property=\"article:publisher\" content=\"https:\/\/www.facebook.com\/universidaddelalaguna\/\" \/>\n<meta property=\"article:published_time\" content=\"2021-09-28T10:57:23+00:00\" \/>\n<meta property=\"article:modified_time\" content=\"2021-09-28T10:59:28+00:00\" \/>\n<meta property=\"og:image\" content=\"https:\/\/www.ull.es\/portal\/noticias\/wp-content\/uploads\/sites\/13\/2021\/09\/Presencialidad-38.jpg\" \/>\n\t<meta property=\"og:image:width\" content=\"1024\" \/>\n\t<meta property=\"og:image:height\" content=\"683\" \/>\n\t<meta property=\"og:image:type\" content=\"image\/jpeg\" \/>\n<meta name=\"author\" content=\"gaprsa\" \/>\n<meta name=\"twitter:card\" content=\"summary_large_image\" \/>\n<meta name=\"twitter:creator\" content=\"@CanalULL\" \/>\n<meta name=\"twitter:site\" content=\"@CanalULL\" \/>\n<meta name=\"twitter:label1\" content=\"Escrito por\" \/>\n\t<meta name=\"twitter:data1\" content=\"gaprsa\" \/>\n\t<meta name=\"twitter:label2\" content=\"Tiempo de lectura\" \/>\n\t<meta name=\"twitter:data2\" content=\"3 minutos\" \/>\n<script type=\"application\/ld+json\" class=\"yoast-schema-graph\">{\"@context\":\"https:\/\/schema.org\",\"@graph\":[{\"@type\":\"WebPage\",\"@id\":\"https:\/\/www.ull.es\/portal\/noticias\/2021\/varias-ayudas-asistenciales-de-la-ull-para-estudiantes-estan-proximas-a-cerrar-sus-plazos-de-solicitud\/\",\"url\":\"https:\/\/www.ull.es\/portal\/noticias\/2021\/varias-ayudas-asistenciales-de-la-ull-para-estudiantes-estan-proximas-a-cerrar-sus-plazos-de-solicitud\/\",\"name\":\"Varias ayudas asistenciales de la ULL para estudiantes est\u00e1n pr\u00f3ximas a cerrar sus plazos de solicitud - ULL - Noticias\",\"isPartOf\":{\"@id\":\"https:\/\/www.ull.es\/portal\/noticias\/#website\"},\"datePublished\":\"2021-09-28T10:57:23+00:00\",\"dateModified\":\"2021-09-28T10:59:28+00:00\",\"author\":{\"@id\":\"https:\/\/www.ull.es\/portal\/noticias\/#\/schema\/person\/b2b1a89d43ffa609e591f7df8ef3e817\"},\"breadcrumb\":{\"@id\":\"https:\/\/www.ull.es\/portal\/noticias\/2021\/varias-ayudas-asistenciales-de-la-ull-para-estudiantes-estan-proximas-a-cerrar-sus-plazos-de-solicitud\/#breadcrumb\"},\"inLanguage\":\"es\",\"potentialAction\":[{\"@type\":\"ReadAction\",\"target\":[\"https:\/\/www.ull.es\/portal\/noticias\/2021\/varias-ayudas-asistenciales-de-la-ull-para-estudiantes-estan-proximas-a-cerrar-sus-plazos-de-solicitud\/\"]}]},{\"@type\":\"BreadcrumbList\",\"@id\":\"https:\/\/www.ull.es\/portal\/noticias\/2021\/varias-ayudas-asistenciales-de-la-ull-para-estudiantes-estan-proximas-a-cerrar-sus-plazos-de-solicitud\/#breadcrumb\",\"itemListElement\":[{\"@type\":\"ListItem\",\"position\":1,\"name\":\"Portada\",\"item\":\"https:\/\/www.ull.es\/portal\/noticias\/\"},{\"@type\":\"ListItem\",\"position\":2,\"name\":\"Varias ayudas asistenciales de la ULL para estudiantes est\u00e1n pr\u00f3ximas a cerrar sus plazos de solicitud\"}]},{\"@type\":\"WebSite\",\"@id\":\"https:\/\/www.ull.es\/portal\/noticias\/#website\",\"url\":\"https:\/\/www.ull.es\/portal\/noticias\/\",\"name\":\"ULL - Noticias\",\"description\":\"\",\"potentialAction\":[{\"@type\":\"SearchAction\",\"target\":{\"@type\":\"EntryPoint\",\"urlTemplate\":\"https:\/\/www.ull.es\/portal\/noticias\/?s={search_term_string}\"},\"query-input\":\"required name=search_term_string\"}],\"inLanguage\":\"es\"},{\"@type\":\"Person\",\"@id\":\"https:\/\/www.ull.es\/portal\/noticias\/#\/schema\/person\/b2b1a89d43ffa609e591f7df8ef3e817\",\"name\":\"gaprsa\",\"image\":{\"@type\":\"ImageObject\",\"inLanguage\":\"es\",\"@id\":\"https:\/\/www.ull.es\/portal\/noticias\/#\/schema\/person\/image\/\",\"url\":\"https:\/\/secure.gravatar.com\/avatar\/443820550921091458b4823867723b3d?s=96&d=mm&r=g\",\"contentUrl\":\"https:\/\/secure.gravatar.com\/avatar\/443820550921091458b4823867723b3d?s=96&d=mm&r=g\",\"caption\":\"gaprsa\"},\"url\":\"https:\/\/www.ull.es\/portal\/noticias\/author\/gaprsa\/\"}]}<\/script>\n<!-- \/ Yoast SEO plugin. -->","yoast_head_json":{"title":"Varias ayudas asistenciales de la ULL para estudiantes est\u00e1n pr\u00f3ximas a cerrar sus plazos de solicitud - ULL - Noticias","robots":{"index":"index","follow":"follow","max-snippet":"max-snippet:-1","max-image-preview":"max-image-preview:large","max-video-preview":"max-video-preview:-1"},"canonical":"https:\/\/www.ull.es\/portal\/noticias\/2021\/varias-ayudas-asistenciales-de-la-ull-para-estudiantes-estan-proximas-a-cerrar-sus-plazos-de-solicitud\/","og_locale":"es_ES","og_type":"article","og_title":"Varias ayudas asistenciales de la ULL para estudiantes est\u00e1n pr\u00f3ximas a cerrar sus plazos de solicitud - ULL - Noticias","og_description":"La Universidad de La Laguna, a trav\u00e9s de su Vicerrectorado de Estudiantes y Empleabilidad, convoca anualmente varias ayudas asistenciales dirigidas...","og_url":"https:\/\/www.ull.es\/portal\/noticias\/2021\/varias-ayudas-asistenciales-de-la-ull-para-estudiantes-estan-proximas-a-cerrar-sus-plazos-de-solicitud\/","og_site_name":"ULL - Noticias","article_publisher":"https:\/\/www.facebook.com\/universidaddelalaguna\/","article_published_time":"2021-09-28T10:57:23+00:00","article_modified_time":"2021-09-28T10:59:28+00:00","og_image":[{"width":1024,"height":683,"url":"https:\/\/www.ull.es\/portal\/noticias\/wp-content\/uploads\/sites\/13\/2021\/09\/Presencialidad-38.jpg","type":"image\/jpeg"}],"author":"gaprsa","twitter_card":"summary_large_image","twitter_creator":"@CanalULL","twitter_site":"@CanalULL","twitter_misc":{"Escrito por":"gaprsa","Tiempo de lectura":"3 minutos"},"schema":{"@context":"https:\/\/schema.org","@graph":[{"@type":"WebPage","@id":"https:\/\/www.ull.es\/portal\/noticias\/2021\/varias-ayudas-asistenciales-de-la-ull-para-estudiantes-estan-proximas-a-cerrar-sus-plazos-de-solicitud\/","url":"https:\/\/www.ull.es\/portal\/noticias\/2021\/varias-ayudas-asistenciales-de-la-ull-para-estudiantes-estan-proximas-a-cerrar-sus-plazos-de-solicitud\/","name":"Varias ayudas asistenciales de la ULL para estudiantes est\u00e1n pr\u00f3ximas a cerrar sus plazos de solicitud - ULL - Noticias","isPartOf":{"@id":"https:\/\/www.ull.es\/portal\/noticias\/#website"},"datePublished":"2021-09-28T10:57:23+00:00","dateModified":"2021-09-28T10:59:28+00:00","author":{"@id":"https:\/\/www.ull.es\/portal\/noticias\/#\/schema\/person\/b2b1a89d43ffa609e591f7df8ef3e817"},"breadcrumb":{"@id":"https:\/\/www.ull.es\/portal\/noticias\/2021\/varias-ayudas-asistenciales-de-la-ull-para-estudiantes-estan-proximas-a-cerrar-sus-plazos-de-solicitud\/#breadcrumb"},"inLanguage":"es","potentialAction":[{"@type":"ReadAction","target":["https:\/\/www.ull.es\/portal\/noticias\/2021\/varias-ayudas-asistenciales-de-la-ull-para-estudiantes-estan-proximas-a-cerrar-sus-plazos-de-solicitud\/"]}]},{"@type":"BreadcrumbList","@id":"https:\/\/www.ull.es\/portal\/noticias\/2021\/varias-ayudas-asistenciales-de-la-ull-para-estudiantes-estan-proximas-a-cerrar-sus-plazos-de-solicitud\/#breadcrumb","itemListElement":[{"@type":"ListItem","position":1,"name":"Portada","item":"https:\/\/www.ull.es\/portal\/noticias\/"},{"@type":"ListItem","position":2,"name":"Varias ayudas asistenciales de la ULL para estudiantes est\u00e1n pr\u00f3ximas a cerrar sus plazos de solicitud"}]},{"@type":"WebSite","@id":"https:\/\/www.ull.es\/portal\/noticias\/#website","url":"https:\/\/www.ull.es\/portal\/noticias\/","name":"ULL - Noticias","description":"","potentialAction":[{"@type":"SearchAction","target":{"@type":"EntryPoint","urlTemplate":"https:\/\/www.ull.es\/portal\/noticias\/?s={search_term_string}"},"query-input":"required name=search_term_string"}],"inLanguage":"es"},{"@type":"Person","@id":"https:\/\/www.ull.es\/portal\/noticias\/#\/schema\/person\/b2b1a89d43ffa609e591f7df8ef3e817","name":"gaprsa","image":{"@type":"ImageObject","inLanguage":"es","@id":"https:\/\/www.ull.es\/portal\/noticias\/#\/schema\/person\/image\/","url":"https:\/\/secure.gravatar.com\/avatar\/443820550921091458b4823867723b3d?s=96&d=mm&r=g","contentUrl":"https:\/\/secure.gravatar.com\/avatar\/443820550921091458b4823867723b3d?s=96&d=mm&r=g","caption":"gaprsa"},"url":"https:\/\/www.ull.es\/portal\/noticias\/author\/gaprsa\/"}]}},"primary_category":{"id":343,"name":"Alumnado","slug":"alumnado","link":"https:\/\/www.ull.es\/portal\/noticias\/category\/alumnado\/"},"featured_image_thumbnail_url":"https:\/\/www.ull.es\/portal\/noticias\/wp-content\/uploads\/sites\/13\/2021\/09\/Presencialidad-38-300x200.jpg","_links":{"self":[{"href":"https:\/\/www.ull.es\/portal\/noticias\/wp-json\/wp\/v2\/posts\/58552"}],"collection":[{"href":"https:\/\/www.ull.es\/portal\/noticias\/wp-json\/wp\/v2\/posts"}],"about":[{"href":"https:\/\/www.ull.es\/portal\/noticias\/wp-json\/wp\/v2\/types\/post"}],"author":[{"embeddable":true,"href":"https:\/\/www.ull.es\/portal\/noticias\/wp-json\/wp\/v2\/users\/23"}],"replies":[{"embeddable":true,"href":"https:\/\/www.ull.es\/portal\/noticias\/wp-json\/wp\/v2\/comments?post=58552"}],"version-history":[{"count":2,"href":"https:\/\/www.ull.es\/portal\/noticias\/wp-json\/wp\/v2\/posts\/58552\/revisions"}],"predecessor-version":[{"id":58555,"href":"https:\/\/www.ull.es\/portal\/noticias\/wp-json\/wp\/v2\/posts\/58552\/revisions\/58555"}],"wp:featuredmedia":[{"embeddable":true,"href":"https:\/\/www.ull.es\/portal\/noticias\/wp-json\/wp\/v2\/media\/58554"}],"wp:attachment":[{"href":"https:\/\/www.ull.es\/portal\/noticias\/wp-json\/wp\/v2\/media?parent=58552"}],"wp:term":[{"taxonomy":"category","embeddable":true,"href":"https:\/\/www.ull.es\/portal\/noticias\/wp-json\/wp\/v2\/categories?post=58552"},{"taxonomy":"post_tag","embeddable":true,"href":"https:\/\/www.ull.es\/portal\/noticias\/wp-json\/wp\/v2\/tags?post=58552"}],"curies":[{"name":"wp","href":"https:\/\/api.w.org\/{rel}","templated":true}]}}