{"id":58596,"date":"2021-09-29T10:54:50","date_gmt":"2021-09-29T10:54:50","guid":{"rendered":"https:\/\/www.ull.es\/portal\/noticias\/?p=58596"},"modified":"2021-09-29T10:54:50","modified_gmt":"2021-09-29T10:54:50","slug":"la-ull-recibira-manana-a-cerca-de-300-estudiantes-erasmus-del-primer-semestre","status":"publish","type":"post","link":"https:\/\/www.ull.es\/portal\/noticias\/2021\/la-ull-recibira-manana-a-cerca-de-300-estudiantes-erasmus-del-primer-semestre\/","title":{"rendered":"La ULL recibir\u00e1 ma\u00f1ana a cerca de 300 estudiantes Erasmus del primer semestre"},"content":{"rendered":"<p>La Universidad de La Laguna inicia su curso 2021\/22 con una de sus actos m\u00e1s habituales, la sesi\u00f3n de bienvenida a los estudiantes europeos de movilidad del programa Erasmus+, que ser\u00e1n recibidos ma\u00f1ana jueves 30 de septiembre en el Aula Magna del campus de Guajara a las 17,30 horas.<\/p>\n<p>Se trata, concretamente, de un amplio abanico de alumnos que vienen a cursar o bien un semestre o bien el a\u00f1o completo en esta instituci\u00f3n. Proceden de todo el continente, pero destacan pa\u00edses como Alemania, Austria, Francia, Italia, Suiza, Reino Unido o Polonia, entre otros.<\/p>\n<p>Este colectivo, a los que falta sumar los que acudan en el segundo cuatrimestre, han optado por titulaciones como Biolog\u00eda, N\u00e1utica, Econom\u00eda, Administraci\u00f3n y Direcci\u00f3n de Empresas, Turismo, Sociolog\u00eda, Periodismo, Filolog\u00eda o Psicolog\u00eda.<\/p>\n<p>La sesi\u00f3n comenzar\u00e1 con una breve bienvenida de la rectora, Rosa Aguilar, y de la vicerrectora de Proyecci\u00f3n, Internacionalizaci\u00f3n y Cooperaci\u00f3n, Lidia Cabrera. Seguidamente se presentar\u00e1 la Oficia de Relaciones Internacionales y seguidamente habr\u00e1 lugar para que otros servicios hagan lo propio, tal es el caso del Servicio de Deportes, el Servicio de Idiomas, el Consejo de Estudiantes y de la Asociaci\u00f3n de Estudiantes Europeos AEGEE. El programa finalizar\u00e1 con una actuaci\u00f3n musical.<\/p>\n","protected":false},"excerpt":{"rendered":"<p>La Universidad de La Laguna inicia su curso 2021\/22 con una de sus actos m\u00e1s habituales, la sesi\u00f3n de bienvenida&#8230;<\/p>\n","protected":false},"author":23,"featured_media":55518,"comment_status":"closed","ping_status":"closed","sticky":false,"template":"","format":"standard","meta":{"inline_featured_image":false,"footnotes":""},"categories":[345,349,2765],"tags":[1149],"acf":[],"yoast_head":"<!-- This site is optimized with the Yoast SEO plugin v21.3 - https:\/\/yoast.com\/wordpress\/plugins\/seo\/ -->\n<title>La ULL recibir\u00e1 ma\u00f1ana a cerca de 300 estudiantes Erasmus del primer semestre - ULL - Noticias<\/title>\n<meta name=\"robots\" content=\"index, follow, max-snippet:-1, max-image-preview:large, max-video-preview:-1\" \/>\n<link rel=\"canonical\" href=\"https:\/\/www.ull.es\/portal\/noticias\/2021\/la-ull-recibira-manana-a-cerca-de-300-estudiantes-erasmus-del-primer-semestre\/\" \/>\n<meta property=\"og:locale\" content=\"es_ES\" \/>\n<meta property=\"og:type\" content=\"article\" \/>\n<meta property=\"og:title\" content=\"La ULL recibir\u00e1 ma\u00f1ana a cerca de 300 estudiantes Erasmus del primer semestre - ULL - Noticias\" \/>\n<meta property=\"og:description\" content=\"La Universidad de La Laguna inicia su curso 2021\/22 con una de sus actos m\u00e1s habituales, la sesi\u00f3n de bienvenida...\" \/>\n<meta property=\"og:url\" content=\"https:\/\/www.ull.es\/portal\/noticias\/2021\/la-ull-recibira-manana-a-cerca-de-300-estudiantes-erasmus-del-primer-semestre\/\" \/>\n<meta property=\"og:site_name\" content=\"ULL - Noticias\" \/>\n<meta property=\"article:publisher\" content=\"https:\/\/www.facebook.com\/universidaddelalaguna\/\" \/>\n<meta property=\"article:published_time\" content=\"2021-09-29T10:54:50+00:00\" \/>\n<meta property=\"og:image\" content=\"https:\/\/www.ull.es\/portal\/noticias\/wp-content\/uploads\/sites\/13\/2021\/04\/Bienv-Erasmus-feb20-01.jpg\" \/>\n\t<meta property=\"og:image:width\" content=\"1024\" \/>\n\t<meta property=\"og:image:height\" content=\"573\" \/>\n\t<meta property=\"og:image:type\" content=\"image\/jpeg\" \/>\n<meta name=\"author\" content=\"gaprsa\" \/>\n<meta name=\"twitter:card\" content=\"summary_large_image\" \/>\n<meta name=\"twitter:creator\" content=\"@CanalULL\" \/>\n<meta name=\"twitter:site\" content=\"@CanalULL\" \/>\n<meta name=\"twitter:label1\" content=\"Escrito por\" \/>\n\t<meta name=\"twitter:data1\" content=\"gaprsa\" \/>\n\t<meta name=\"twitter:label2\" content=\"Tiempo de lectura\" \/>\n\t<meta name=\"twitter:data2\" content=\"1 minuto\" \/>\n<script type=\"application\/ld+json\" class=\"yoast-schema-graph\">{\"@context\":\"https:\/\/schema.org\",\"@graph\":[{\"@type\":\"WebPage\",\"@id\":\"https:\/\/www.ull.es\/portal\/noticias\/2021\/la-ull-recibira-manana-a-cerca-de-300-estudiantes-erasmus-del-primer-semestre\/\",\"url\":\"https:\/\/www.ull.es\/portal\/noticias\/2021\/la-ull-recibira-manana-a-cerca-de-300-estudiantes-erasmus-del-primer-semestre\/\",\"name\":\"La ULL recibir\u00e1 ma\u00f1ana a cerca de 300 estudiantes Erasmus del primer semestre - ULL - Noticias\",\"isPartOf\":{\"@id\":\"https:\/\/www.ull.es\/portal\/noticias\/#website\"},\"datePublished\":\"2021-09-29T10:54:50+00:00\",\"dateModified\":\"2021-09-29T10:54:50+00:00\",\"author\":{\"@id\":\"https:\/\/www.ull.es\/portal\/noticias\/#\/schema\/person\/b2b1a89d43ffa609e591f7df8ef3e817\"},\"breadcrumb\":{\"@id\":\"https:\/\/www.ull.es\/portal\/noticias\/2021\/la-ull-recibira-manana-a-cerca-de-300-estudiantes-erasmus-del-primer-semestre\/#breadcrumb\"},\"inLanguage\":\"es\",\"potentialAction\":[{\"@type\":\"ReadAction\",\"target\":[\"https:\/\/www.ull.es\/portal\/noticias\/2021\/la-ull-recibira-manana-a-cerca-de-300-estudiantes-erasmus-del-primer-semestre\/\"]}]},{\"@type\":\"BreadcrumbList\",\"@id\":\"https:\/\/www.ull.es\/portal\/noticias\/2021\/la-ull-recibira-manana-a-cerca-de-300-estudiantes-erasmus-del-primer-semestre\/#breadcrumb\",\"itemListElement\":[{\"@type\":\"ListItem\",\"position\":1,\"name\":\"Portada\",\"item\":\"https:\/\/www.ull.es\/portal\/noticias\/\"},{\"@type\":\"ListItem\",\"position\":2,\"name\":\"La ULL recibir\u00e1 ma\u00f1ana a cerca de 300 estudiantes Erasmus del primer semestre\"}]},{\"@type\":\"WebSite\",\"@id\":\"https:\/\/www.ull.es\/portal\/noticias\/#website\",\"url\":\"https:\/\/www.ull.es\/portal\/noticias\/\",\"name\":\"ULL - Noticias\",\"description\":\"\",\"potentialAction\":[{\"@type\":\"SearchAction\",\"target\":{\"@type\":\"EntryPoint\",\"urlTemplate\":\"https:\/\/www.ull.es\/portal\/noticias\/?s={search_term_string}\"},\"query-input\":\"required name=search_term_string\"}],\"inLanguage\":\"es\"},{\"@type\":\"Person\",\"@id\":\"https:\/\/www.ull.es\/portal\/noticias\/#\/schema\/person\/b2b1a89d43ffa609e591f7df8ef3e817\",\"name\":\"gaprsa\",\"image\":{\"@type\":\"ImageObject\",\"inLanguage\":\"es\",\"@id\":\"https:\/\/www.ull.es\/portal\/noticias\/#\/schema\/person\/image\/\",\"url\":\"https:\/\/secure.gravatar.com\/avatar\/443820550921091458b4823867723b3d?s=96&d=mm&r=g\",\"contentUrl\":\"https:\/\/secure.gravatar.com\/avatar\/443820550921091458b4823867723b3d?s=96&d=mm&r=g\",\"caption\":\"gaprsa\"},\"url\":\"https:\/\/www.ull.es\/portal\/noticias\/author\/gaprsa\/\"}]}<\/script>\n<!-- \/ Yoast SEO plugin. -->","yoast_head_json":{"title":"La ULL recibir\u00e1 ma\u00f1ana a cerca de 300 estudiantes Erasmus del primer semestre - ULL - Noticias","robots":{"index":"index","follow":"follow","max-snippet":"max-snippet:-1","max-image-preview":"max-image-preview:large","max-video-preview":"max-video-preview:-1"},"canonical":"https:\/\/www.ull.es\/portal\/noticias\/2021\/la-ull-recibira-manana-a-cerca-de-300-estudiantes-erasmus-del-primer-semestre\/","og_locale":"es_ES","og_type":"article","og_title":"La ULL recibir\u00e1 ma\u00f1ana a cerca de 300 estudiantes Erasmus del primer semestre - ULL - Noticias","og_description":"La Universidad de La Laguna inicia su curso 2021\/22 con una de sus actos m\u00e1s habituales, la sesi\u00f3n de bienvenida...","og_url":"https:\/\/www.ull.es\/portal\/noticias\/2021\/la-ull-recibira-manana-a-cerca-de-300-estudiantes-erasmus-del-primer-semestre\/","og_site_name":"ULL - Noticias","article_publisher":"https:\/\/www.facebook.com\/universidaddelalaguna\/","article_published_time":"2021-09-29T10:54:50+00:00","og_image":[{"width":1024,"height":573,"url":"https:\/\/www.ull.es\/portal\/noticias\/wp-content\/uploads\/sites\/13\/2021\/04\/Bienv-Erasmus-feb20-01.jpg","type":"image\/jpeg"}],"author":"gaprsa","twitter_card":"summary_large_image","twitter_creator":"@CanalULL","twitter_site":"@CanalULL","twitter_misc":{"Escrito por":"gaprsa","Tiempo de lectura":"1 minuto"},"schema":{"@context":"https:\/\/schema.org","@graph":[{"@type":"WebPage","@id":"https:\/\/www.ull.es\/portal\/noticias\/2021\/la-ull-recibira-manana-a-cerca-de-300-estudiantes-erasmus-del-primer-semestre\/","url":"https:\/\/www.ull.es\/portal\/noticias\/2021\/la-ull-recibira-manana-a-cerca-de-300-estudiantes-erasmus-del-primer-semestre\/","name":"La ULL recibir\u00e1 ma\u00f1ana a cerca de 300 estudiantes Erasmus del primer semestre - ULL - Noticias","isPartOf":{"@id":"https:\/\/www.ull.es\/portal\/noticias\/#website"},"datePublished":"2021-09-29T10:54:50+00:00","dateModified":"2021-09-29T10:54:50+00:00","author":{"@id":"https:\/\/www.ull.es\/portal\/noticias\/#\/schema\/person\/b2b1a89d43ffa609e591f7df8ef3e817"},"breadcrumb":{"@id":"https:\/\/www.ull.es\/portal\/noticias\/2021\/la-ull-recibira-manana-a-cerca-de-300-estudiantes-erasmus-del-primer-semestre\/#breadcrumb"},"inLanguage":"es","potentialAction":[{"@type":"ReadAction","target":["https:\/\/www.ull.es\/portal\/noticias\/2021\/la-ull-recibira-manana-a-cerca-de-300-estudiantes-erasmus-del-primer-semestre\/"]}]},{"@type":"BreadcrumbList","@id":"https:\/\/www.ull.es\/portal\/noticias\/2021\/la-ull-recibira-manana-a-cerca-de-300-estudiantes-erasmus-del-primer-semestre\/#breadcrumb","itemListElement":[{"@type":"ListItem","position":1,"name":"Portada","item":"https:\/\/www.ull.es\/portal\/noticias\/"},{"@type":"ListItem","position":2,"name":"La ULL recibir\u00e1 ma\u00f1ana a cerca de 300 estudiantes Erasmus del primer semestre"}]},{"@type":"WebSite","@id":"https:\/\/www.ull.es\/portal\/noticias\/#website","url":"https:\/\/www.ull.es\/portal\/noticias\/","name":"ULL - Noticias","description":"","potentialAction":[{"@type":"SearchAction","target":{"@type":"EntryPoint","urlTemplate":"https:\/\/www.ull.es\/portal\/noticias\/?s={search_term_string}"},"query-input":"required name=search_term_string"}],"inLanguage":"es"},{"@type":"Person","@id":"https:\/\/www.ull.es\/portal\/noticias\/#\/schema\/person\/b2b1a89d43ffa609e591f7df8ef3e817","name":"gaprsa","image":{"@type":"ImageObject","inLanguage":"es","@id":"https:\/\/www.ull.es\/portal\/noticias\/#\/schema\/person\/image\/","url":"https:\/\/secure.gravatar.com\/avatar\/443820550921091458b4823867723b3d?s=96&d=mm&r=g","contentUrl":"https:\/\/secure.gravatar.com\/avatar\/443820550921091458b4823867723b3d?s=96&d=mm&r=g","caption":"gaprsa"},"url":"https:\/\/www.ull.es\/portal\/noticias\/author\/gaprsa\/"}]}},"primary_category":{"id":345,"name":"Destacado","slug":"destacado","link":"https:\/\/www.ull.es\/portal\/noticias\/category\/destacado\/"},"featured_image_thumbnail_url":"https:\/\/www.ull.es\/portal\/noticias\/wp-content\/uploads\/sites\/13\/2021\/04\/Bienv-Erasmus-feb20-01-300x168.jpg","_links":{"self":[{"href":"https:\/\/www.ull.es\/portal\/noticias\/wp-json\/wp\/v2\/posts\/58596"}],"collection":[{"href":"https:\/\/www.ull.es\/portal\/noticias\/wp-json\/wp\/v2\/posts"}],"about":[{"href":"https:\/\/www.ull.es\/portal\/noticias\/wp-json\/wp\/v2\/types\/post"}],"author":[{"embeddable":true,"href":"https:\/\/www.ull.es\/portal\/noticias\/wp-json\/wp\/v2\/users\/23"}],"replies":[{"embeddable":true,"href":"https:\/\/www.ull.es\/portal\/noticias\/wp-json\/wp\/v2\/comments?post=58596"}],"version-history":[{"count":1,"href":"https:\/\/www.ull.es\/portal\/noticias\/wp-json\/wp\/v2\/posts\/58596\/revisions"}],"predecessor-version":[{"id":58597,"href":"https:\/\/www.ull.es\/portal\/noticias\/wp-json\/wp\/v2\/posts\/58596\/revisions\/58597"}],"wp:featuredmedia":[{"embeddable":true,"href":"https:\/\/www.ull.es\/portal\/noticias\/wp-json\/wp\/v2\/media\/55518"}],"wp:attachment":[{"href":"https:\/\/www.ull.es\/portal\/noticias\/wp-json\/wp\/v2\/media?parent=58596"}],"wp:term":[{"taxonomy":"category","embeddable":true,"href":"https:\/\/www.ull.es\/portal\/noticias\/wp-json\/wp\/v2\/categories?post=58596"},{"taxonomy":"post_tag","embeddable":true,"href":"https:\/\/www.ull.es\/portal\/noticias\/wp-json\/wp\/v2\/tags?post=58596"}],"curies":[{"name":"wp","href":"https:\/\/api.w.org\/{rel}","templated":true}]}}