{"id":58639,"date":"2021-09-30T12:59:05","date_gmt":"2021-09-30T12:59:05","guid":{"rendered":"https:\/\/www.ull.es\/portal\/noticias\/?p=58639"},"modified":"2021-09-30T12:59:45","modified_gmt":"2021-09-30T12:59:45","slug":"ull-orotava-jornadas-migracion","status":"publish","type":"post","link":"https:\/\/www.ull.es\/portal\/noticias\/2021\/ull-orotava-jornadas-migracion\/","title":{"rendered":"La ULL y el Ayuntamiento de La Orotava organizan unas jornadas ben\u00e9ficas sobre la migraci\u00f3n"},"content":{"rendered":"<p>Las concejal\u00edas de Bienestar Social y de Participaci\u00f3n Ciudadana del Ayuntamiento de La Orotava, que dirigen las concejalas Bel\u00e9n Gonz\u00e1lez y Delia Escobar, respectivamente, organizan en colaboraci\u00f3n con el Vicerrectorado de Proyecci\u00f3n, Internacionalizaci\u00f3n y Cooperaci\u00f3n de la Universidad de La Laguna, las jornadas \u201cAqu\u00ed estamos. Boca a boca, coraz\u00f3n a coraz\u00f3n\u201d, un proyecto nacido a propuesta de un grupo de personas con la voluntad de concienciar y cooperar en los diferentes aspectos vinculados al fen\u00f3meno de la migraci\u00f3n. Las entradas a los diferentes eventos del prgrama, cuya recaudaci\u00f3n ser\u00e1 donada, pueden adquirirse en la plataforma <a href=\"https:\/\/entradas.tickety.es\/es\/organizers\/asociacion-maye-asociacion-por-la-autogestion-y-la-educacion\" target=\"_blank\" rel=\"noopener\" target=\"_blank\" rel=\"noopener\">Tickety<\/a>.<\/p>\n<p>Las actividades, programadas entre el 4 y el 9 de octubre, se desarrollar\u00e1n en el Paraninfo de la Universidad de La Laguna y el Auditorio Teobaldo Power, la Plaza de la Constituci\u00f3n y la Casa de la Juventud de La Orotava. El objetivo del proyecto es doble: por un lado, sensibilizar sobre las causas y consecuencias de la migraci\u00f3n y, por otro lado, apoyar el desarrollo de un proyecto en Diogo (Senegal) para la construcci\u00f3n de un centro de salud a partir de las donaciones y recaudaci\u00f3n conseguidas durante el evento. Aunque tambi\u00e9n se prev\u00e9 ayudar a las familias afectadas por el volc\u00e1n de La Palma.<\/p>\n<p>Las jornadas han sido presentadas en el ayuntamiento de La Orotava de la mano del alcalde, Francisco Linares; la concejala de Participaci\u00f3n Ciudadana, Delia Escobar; la Vicerrectora de Proyecci\u00f3n, Internacionalizaci\u00f3n y Cooperaci\u00f3n de la Universidad de La Laguna, Lidia Cabrera P\u00e9re; y Fran Ledesma y Abdou Kane, colaboradores en el proyecto.<\/p>\n<p>El programa de actividades comienza el lunes 4 de octubre, en la Plaza de la Constituci\u00f3n en la villa, con la exposici\u00f3n \u201c<em>Ra\u00edces<\/em>\u201d de Luz Sosa. La sesi\u00f3n de tarde se llevar\u00e1 a cabo en el Paraninfo de la Universidad de La Laguna, con la proyecci\u00f3n del v\u00eddeo \u2018Aqu\u00ed estamos\u2019, de Juan Carlos Mart\u00edn. A continuaci\u00f3n, se realizar\u00e1 la disertaci\u00f3n \u2018Por qu\u00e9 estamos aqu\u00ed\u2019, a cargo de Jeza Mej\u00edas y Fran Ledesma, y se proyectar\u00e1 el documental \u2018Stolen fisch\u2019, de Gosia Juszczak. Luego se abrir\u00e1 el coloquio \u2018El origen\u2019, moderada por Marina Barreto y con la participaci\u00f3n de Abou Saine, Loueila Mint El Mamy y Armando Hern\u00e1ndez. Cerrar\u00e1 la jornada la lectura del manifiesto \u2018Aqu\u00ed estamos\u2019 de la mano de Margarita Hern\u00e1ndez.<\/p>\n<p>El martes 5 de octubre, el programa continuar\u00e1 desarroll\u00e1ndose en La Laguna y retorna a La Orotava el mi\u00e9rcoles 6 de octubre, al auditorio Teobaldo Power. Se proyectar\u00e1 el documental \u2018Aqu\u00ed estamos\u2019 y se contar\u00e1 con la intervenci\u00f3n de la concejala de Participaci\u00f3n Ciudadana de la corporaci\u00f3n villera, Delia Escobar, acompa\u00f1ada por Fer Mora. Posteriormente se mostrar\u00e1 el documental \u2018Stolen fisch\u2019, y se continuar\u00e1 con \u2018El Origen\u2019, que moderar\u00e1 Jorge Ber\u00e1stegui, y en el que participan Sukeina Ndiaye, Abou Saine y Carmen Delia Hern\u00e1ndez del Castillo. Demelza Felipe ser\u00e1 la encargada de cerrar la jornada con la lectura del manifiesto \u2018Aqu\u00ed estamos\u2019.<\/p>\n<p>El jueves 7 de octubre, en el mismo escenario, se proyectar\u00e1 el documental \u2018Aqu\u00ed estamos\u2019 y se continuar\u00e1 con el coloquio sobre \u2018Acogida y denuncia\u2019 con la participaci\u00f3n de Abdou Kane, Patricia Fern\u00e1ndez y David Meli\u00e1n, moderado por Eric Pestano. Y se cerrar\u00e1 la jornada con la intervenci\u00f3n de V\u00edctor Mart\u00edn. El viernes 8 se emitir\u00e1 el documental \u2018Sue\u00f1os de Senegal\u2019, y a continuaci\u00f3n tendr\u00e1 lugar el coloquio denominado \u2018Volver a casa\u2019, con Sani Lada, Abdou Kane y Khaly Thioune, moderando Natalia Oldano. Cerrar\u00e1n la jornada Fran Ledesma, Abdou Kane y Fer Mora.<\/p>\n<p>Para finalizar el programa de actividades, el s\u00e1bado 9 de octubre se realizar\u00e1 una ruta tur\u00edstica por La Orotava, a cargo del Museo Sacro el Tesoro de La Concepci\u00f3n, guiada por Natalia \u00c1lvarez. Mientras, en la Casa de la Juventud se desarrollar\u00e1 el taller para familias \u2018Mu\u00f1ecas Ndelebe\u2019, impartido por Claudia Gait\u00e1n y Ra\u00fal Cabrera, as\u00ed como \u2018Telares decorativos y de cintas\u2019, organizado por la EDAC. El precio de estas iniciativas es de 10 euros por persona.<\/p>\n<p>Por otro lado, en el Auditorio Teobaldo Power se ofrecer\u00e1 la pel\u00edcula-documental: \u2018Cartas mojadas\u2019, de Paula Palacios, de entrada, gratuita. Y por la noche, a partir de las 20:00 horas, en el mismo recinto, se celebrar\u00e1 el concierto \u2018Aqu\u00ed estamos\u2019, que presentar\u00e1 Carlos Pedr\u00f3s, y en el que intervendr\u00e1n Andr\u00e9s Molina, Caracoles, Emilio Cedr\u00e9s, el grupo de teatro de la Fundaci\u00f3n Canaria \u2018El buen samaritano\u2019; Ida Suzal, Kuaremb\u00f3, Luisa Machado, Mar\u2019a, OnoFreeFadar, Rogelio Botanz y cerrar\u00e1 con la canci\u00f3n coral \u2018Aqu\u00ed estamos\u2019.<\/p>\n<p><strong>Los or\u00edgenes <\/strong><\/p>\n<p>\u201cAqu\u00ed Estamos\u201d es un grupo surgido de manera espont\u00e1nea con la voluntad de facilitar espacios de entendimiento y colaborar con gestos sencillos con las personas migrantes. La iniciativa comenz\u00f3 recogiendo ropa de abrigo y la respuesta fue inmensa, de tal modo que a partir de ese momento han ido surgiendo propuestas de apoyo en el terreno y se ha ido asentando la idea de apoyar proyectos en origen para facilitar la estabilidad y frenar la emigraci\u00f3n forzada.<\/p>\n<p>Adicionalmente, dada la nueva emergencia surgida en La Palma con motivo de la erupci\u00f3n volc\u00e1nica, \u201cAqu\u00ed Estamos\u201d tiene previsto destinar una parte de la recaudaci\u00f3n de la venta de las entradas de cada uno de los eventos a las personas afectadas por esta crisis.<\/p>\n","protected":false},"excerpt":{"rendered":"<p>Las concejal\u00edas de Bienestar Social y de Participaci\u00f3n Ciudadana del Ayuntamiento de La Orotava, que dirigen las concejalas Bel\u00e9n Gonz\u00e1lez&#8230;<\/p>\n","protected":false},"author":21,"featured_media":58640,"comment_status":"closed","ping_status":"closed","sticky":false,"template":"","format":"standard","meta":{"inline_featured_image":false,"footnotes":""},"categories":[345,348,2765],"tags":[4514,3992,2370,2414,7816],"acf":[],"yoast_head":"<!-- This site is optimized with the Yoast SEO plugin v21.3 - https:\/\/yoast.com\/wordpress\/plugins\/seo\/ -->\n<title>La ULL y La Orotava organizan unas jornadas ben\u00e9ficas sobre migraci\u00f3n<\/title>\n<meta name=\"description\" content=\"La recaudaci\u00f3n de los actos se empelar\u00e1n para un centro de salud en Senegal y tambi\u00e9n para los damnificados por el volc\u00e1n de La Palma.\" \/>\n<meta name=\"robots\" content=\"index, follow, max-snippet:-1, max-image-preview:large, max-video-preview:-1\" \/>\n<link rel=\"canonical\" href=\"https:\/\/www.ull.es\/portal\/noticias\/2021\/ull-orotava-jornadas-migracion\/\" \/>\n<meta property=\"og:locale\" content=\"es_ES\" \/>\n<meta property=\"og:type\" content=\"article\" \/>\n<meta property=\"og:title\" content=\"La ULL y La Orotava organizan unas jornadas ben\u00e9ficas sobre migraci\u00f3n\" \/>\n<meta property=\"og:description\" content=\"La recaudaci\u00f3n de los actos se empelar\u00e1n para un centro de salud en Senegal y tambi\u00e9n para los damnificados por el volc\u00e1n de La Palma.\" \/>\n<meta property=\"og:url\" content=\"https:\/\/www.ull.es\/portal\/noticias\/2021\/ull-orotava-jornadas-migracion\/\" \/>\n<meta property=\"og:site_name\" content=\"ULL - Noticias\" \/>\n<meta property=\"article:publisher\" content=\"https:\/\/www.facebook.com\/universidaddelalaguna\/\" \/>\n<meta property=\"article:published_time\" content=\"2021-09-30T12:59:05+00:00\" \/>\n<meta property=\"article:modified_time\" content=\"2021-09-30T12:59:45+00:00\" \/>\n<meta property=\"og:image\" content=\"https:\/\/www.ull.es\/portal\/noticias\/wp-content\/uploads\/sites\/13\/2021\/09\/presentacion-aqui-estamos.jpg\" \/>\n\t<meta property=\"og:image:width\" content=\"1200\" \/>\n\t<meta property=\"og:image:height\" content=\"728\" \/>\n\t<meta property=\"og:image:type\" content=\"image\/jpeg\" \/>\n<meta name=\"author\" content=\"prensa2\" \/>\n<meta name=\"twitter:card\" content=\"summary_large_image\" \/>\n<meta name=\"twitter:creator\" content=\"@CanalULL\" \/>\n<meta name=\"twitter:site\" content=\"@CanalULL\" \/>\n<meta name=\"twitter:label1\" content=\"Escrito por\" \/>\n\t<meta name=\"twitter:data1\" content=\"prensa2\" \/>\n\t<meta name=\"twitter:label2\" content=\"Tiempo de lectura\" \/>\n\t<meta name=\"twitter:data2\" content=\"4 minutos\" \/>\n<script type=\"application\/ld+json\" class=\"yoast-schema-graph\">{\"@context\":\"https:\/\/schema.org\",\"@graph\":[{\"@type\":\"WebPage\",\"@id\":\"https:\/\/www.ull.es\/portal\/noticias\/2021\/ull-orotava-jornadas-migracion\/\",\"url\":\"https:\/\/www.ull.es\/portal\/noticias\/2021\/ull-orotava-jornadas-migracion\/\",\"name\":\"La ULL y La Orotava organizan unas jornadas ben\u00e9ficas sobre migraci\u00f3n\",\"isPartOf\":{\"@id\":\"https:\/\/www.ull.es\/portal\/noticias\/#website\"},\"datePublished\":\"2021-09-30T12:59:05+00:00\",\"dateModified\":\"2021-09-30T12:59:45+00:00\",\"author\":{\"@id\":\"https:\/\/www.ull.es\/portal\/noticias\/#\/schema\/person\/c3b2aa857797592927a03740d6664376\"},\"description\":\"La recaudaci\u00f3n de los actos se empelar\u00e1n para un centro de salud en Senegal y tambi\u00e9n para los damnificados por el volc\u00e1n de La Palma.\",\"breadcrumb\":{\"@id\":\"https:\/\/www.ull.es\/portal\/noticias\/2021\/ull-orotava-jornadas-migracion\/#breadcrumb\"},\"inLanguage\":\"es\",\"potentialAction\":[{\"@type\":\"ReadAction\",\"target\":[\"https:\/\/www.ull.es\/portal\/noticias\/2021\/ull-orotava-jornadas-migracion\/\"]}]},{\"@type\":\"BreadcrumbList\",\"@id\":\"https:\/\/www.ull.es\/portal\/noticias\/2021\/ull-orotava-jornadas-migracion\/#breadcrumb\",\"itemListElement\":[{\"@type\":\"ListItem\",\"position\":1,\"name\":\"Portada\",\"item\":\"https:\/\/www.ull.es\/portal\/noticias\/\"},{\"@type\":\"ListItem\",\"position\":2,\"name\":\"La ULL y el Ayuntamiento de La Orotava organizan unas jornadas ben\u00e9ficas sobre la migraci\u00f3n\"}]},{\"@type\":\"WebSite\",\"@id\":\"https:\/\/www.ull.es\/portal\/noticias\/#website\",\"url\":\"https:\/\/www.ull.es\/portal\/noticias\/\",\"name\":\"ULL - Noticias\",\"description\":\"\",\"potentialAction\":[{\"@type\":\"SearchAction\",\"target\":{\"@type\":\"EntryPoint\",\"urlTemplate\":\"https:\/\/www.ull.es\/portal\/noticias\/?s={search_term_string}\"},\"query-input\":\"required name=search_term_string\"}],\"inLanguage\":\"es\"},{\"@type\":\"Person\",\"@id\":\"https:\/\/www.ull.es\/portal\/noticias\/#\/schema\/person\/c3b2aa857797592927a03740d6664376\",\"name\":\"prensa2\",\"image\":{\"@type\":\"ImageObject\",\"inLanguage\":\"es\",\"@id\":\"https:\/\/www.ull.es\/portal\/noticias\/#\/schema\/person\/image\/\",\"url\":\"https:\/\/secure.gravatar.com\/avatar\/b58f310a5de5feb33d1e026d2493f23c?s=96&d=mm&r=g\",\"contentUrl\":\"https:\/\/secure.gravatar.com\/avatar\/b58f310a5de5feb33d1e026d2493f23c?s=96&d=mm&r=g\",\"caption\":\"prensa2\"},\"url\":\"https:\/\/www.ull.es\/portal\/noticias\/author\/prensa2\/\"}]}<\/script>\n<!-- \/ Yoast SEO plugin. -->","yoast_head_json":{"title":"La ULL y La Orotava organizan unas jornadas ben\u00e9ficas sobre migraci\u00f3n","description":"La recaudaci\u00f3n de los actos se empelar\u00e1n para un centro de salud en Senegal y tambi\u00e9n para los damnificados por el volc\u00e1n de La Palma.","robots":{"index":"index","follow":"follow","max-snippet":"max-snippet:-1","max-image-preview":"max-image-preview:large","max-video-preview":"max-video-preview:-1"},"canonical":"https:\/\/www.ull.es\/portal\/noticias\/2021\/ull-orotava-jornadas-migracion\/","og_locale":"es_ES","og_type":"article","og_title":"La ULL y La Orotava organizan unas jornadas ben\u00e9ficas sobre migraci\u00f3n","og_description":"La recaudaci\u00f3n de los actos se empelar\u00e1n para un centro de salud en Senegal y tambi\u00e9n para los damnificados por el volc\u00e1n de La Palma.","og_url":"https:\/\/www.ull.es\/portal\/noticias\/2021\/ull-orotava-jornadas-migracion\/","og_site_name":"ULL - Noticias","article_publisher":"https:\/\/www.facebook.com\/universidaddelalaguna\/","article_published_time":"2021-09-30T12:59:05+00:00","article_modified_time":"2021-09-30T12:59:45+00:00","og_image":[{"width":1200,"height":728,"url":"https:\/\/www.ull.es\/portal\/noticias\/wp-content\/uploads\/sites\/13\/2021\/09\/presentacion-aqui-estamos.jpg","type":"image\/jpeg"}],"author":"prensa2","twitter_card":"summary_large_image","twitter_creator":"@CanalULL","twitter_site":"@CanalULL","twitter_misc":{"Escrito por":"prensa2","Tiempo de lectura":"4 minutos"},"schema":{"@context":"https:\/\/schema.org","@graph":[{"@type":"WebPage","@id":"https:\/\/www.ull.es\/portal\/noticias\/2021\/ull-orotava-jornadas-migracion\/","url":"https:\/\/www.ull.es\/portal\/noticias\/2021\/ull-orotava-jornadas-migracion\/","name":"La ULL y La Orotava organizan unas jornadas ben\u00e9ficas sobre migraci\u00f3n","isPartOf":{"@id":"https:\/\/www.ull.es\/portal\/noticias\/#website"},"datePublished":"2021-09-30T12:59:05+00:00","dateModified":"2021-09-30T12:59:45+00:00","author":{"@id":"https:\/\/www.ull.es\/portal\/noticias\/#\/schema\/person\/c3b2aa857797592927a03740d6664376"},"description":"La recaudaci\u00f3n de los actos se empelar\u00e1n para un centro de salud en Senegal y tambi\u00e9n para los damnificados por el volc\u00e1n de La Palma.","breadcrumb":{"@id":"https:\/\/www.ull.es\/portal\/noticias\/2021\/ull-orotava-jornadas-migracion\/#breadcrumb"},"inLanguage":"es","potentialAction":[{"@type":"ReadAction","target":["https:\/\/www.ull.es\/portal\/noticias\/2021\/ull-orotava-jornadas-migracion\/"]}]},{"@type":"BreadcrumbList","@id":"https:\/\/www.ull.es\/portal\/noticias\/2021\/ull-orotava-jornadas-migracion\/#breadcrumb","itemListElement":[{"@type":"ListItem","position":1,"name":"Portada","item":"https:\/\/www.ull.es\/portal\/noticias\/"},{"@type":"ListItem","position":2,"name":"La ULL y el Ayuntamiento de La Orotava organizan unas jornadas ben\u00e9ficas sobre la migraci\u00f3n"}]},{"@type":"WebSite","@id":"https:\/\/www.ull.es\/portal\/noticias\/#website","url":"https:\/\/www.ull.es\/portal\/noticias\/","name":"ULL - Noticias","description":"","potentialAction":[{"@type":"SearchAction","target":{"@type":"EntryPoint","urlTemplate":"https:\/\/www.ull.es\/portal\/noticias\/?s={search_term_string}"},"query-input":"required name=search_term_string"}],"inLanguage":"es"},{"@type":"Person","@id":"https:\/\/www.ull.es\/portal\/noticias\/#\/schema\/person\/c3b2aa857797592927a03740d6664376","name":"prensa2","image":{"@type":"ImageObject","inLanguage":"es","@id":"https:\/\/www.ull.es\/portal\/noticias\/#\/schema\/person\/image\/","url":"https:\/\/secure.gravatar.com\/avatar\/b58f310a5de5feb33d1e026d2493f23c?s=96&d=mm&r=g","contentUrl":"https:\/\/secure.gravatar.com\/avatar\/b58f310a5de5feb33d1e026d2493f23c?s=96&d=mm&r=g","caption":"prensa2"},"url":"https:\/\/www.ull.es\/portal\/noticias\/author\/prensa2\/"}]}},"primary_category":{"id":345,"name":"Destacado","slug":"destacado","link":"https:\/\/www.ull.es\/portal\/noticias\/category\/destacado\/"},"featured_image_thumbnail_url":"https:\/\/www.ull.es\/portal\/noticias\/wp-content\/uploads\/sites\/13\/2021\/09\/presentacion-aqui-estamos-300x182.jpg","_links":{"self":[{"href":"https:\/\/www.ull.es\/portal\/noticias\/wp-json\/wp\/v2\/posts\/58639"}],"collection":[{"href":"https:\/\/www.ull.es\/portal\/noticias\/wp-json\/wp\/v2\/posts"}],"about":[{"href":"https:\/\/www.ull.es\/portal\/noticias\/wp-json\/wp\/v2\/types\/post"}],"author":[{"embeddable":true,"href":"https:\/\/www.ull.es\/portal\/noticias\/wp-json\/wp\/v2\/users\/21"}],"replies":[{"embeddable":true,"href":"https:\/\/www.ull.es\/portal\/noticias\/wp-json\/wp\/v2\/comments?post=58639"}],"version-history":[{"count":1,"href":"https:\/\/www.ull.es\/portal\/noticias\/wp-json\/wp\/v2\/posts\/58639\/revisions"}],"predecessor-version":[{"id":58641,"href":"https:\/\/www.ull.es\/portal\/noticias\/wp-json\/wp\/v2\/posts\/58639\/revisions\/58641"}],"wp:featuredmedia":[{"embeddable":true,"href":"https:\/\/www.ull.es\/portal\/noticias\/wp-json\/wp\/v2\/media\/58640"}],"wp:attachment":[{"href":"https:\/\/www.ull.es\/portal\/noticias\/wp-json\/wp\/v2\/media?parent=58639"}],"wp:term":[{"taxonomy":"category","embeddable":true,"href":"https:\/\/www.ull.es\/portal\/noticias\/wp-json\/wp\/v2\/categories?post=58639"},{"taxonomy":"post_tag","embeddable":true,"href":"https:\/\/www.ull.es\/portal\/noticias\/wp-json\/wp\/v2\/tags?post=58639"}],"curies":[{"name":"wp","href":"https:\/\/api.w.org\/{rel}","templated":true}]}}