{"id":58718,"date":"2021-10-05T13:38:59","date_gmt":"2021-10-05T13:38:59","guid":{"rendered":"https:\/\/www.ull.es\/portal\/noticias\/?p=58718"},"modified":"2021-10-05T13:38:59","modified_gmt":"2021-10-05T13:38:59","slug":"el-consejo-de-gobierno-designa-al-romanista-fernandez-de-bujan-como-doctor-honoris-causa-por-la-ull","status":"publish","type":"post","link":"https:\/\/www.ull.es\/portal\/noticias\/2021\/el-consejo-de-gobierno-designa-al-romanista-fernandez-de-bujan-como-doctor-honoris-causa-por-la-ull\/","title":{"rendered":"El Consejo de Gobierno designa al romanista Fern\u00e1ndez de Buj\u00e1n como Doctor Honoris Causa por la ULL"},"content":{"rendered":"<p>La Universidad de La Laguna nombrar\u00e1 al catedr\u00e1tico de Derecho Romano Antonio Fern\u00e1ndez de Buj\u00e1n y Fern\u00e1ndez como doctor Honoris Causa por este centro acad\u00e9mico, tras ser presentada su candidatura hoy 5 de octubre ante el Consejo de Gobierno por parte de la profesora Etelvina de las Casas y obtener el voto favorable de sus miembros, a falta de conocer el parecer del Claustro de la instituci\u00f3n docente. El homenajeado es un profundo conocedor de esta instituci\u00f3n, no en vano ha sido profesor invitado en seminarios de derecho comparado, para luego convertirse en un permanente apoyo al \u00e1rea de Derecho Romano, una especialidad con mucha influencia en la legislaci\u00f3n espa\u00f1ola y europea.<\/p>\n<p>\u201cHar\u00edan falta dos vidas acad\u00e9micas para acometer su producci\u00f3n cient\u00edfica y sus logros acad\u00e9micos\u201d, sostuvo De las Casas en su presentaci\u00f3n. Con tan solo 29 a\u00f1os ya era catedr\u00e1tico en de Derecho Romano en la Universidad de C\u00e1diz, para luego trasladarse a la Aut\u00f3noma de Madrid, compatibilizando su docencia con otros centros acad\u00e9micos y tambi\u00e9n con su trabajo como evaluador externo de proyectos de investigaci\u00f3n. En paralelo, su actividad investigadora ha sido ingente, editando manuales de referencia para todos los universitarios, algunos de los cuales han superado con creces la vig\u00e9sima edici\u00f3n. Ha publicado un total de 19 libros de autor\u00eda individual y 257 art\u00edculos de investigaci\u00f3n.<\/p>\n<p>Fern\u00e1ndez de Buj\u00e1n ha dirigido quince tesis doctorales y en la actualidad tiene once m\u00e1s a su cargo. Tiene reconocidos seis sexenios de investigaci\u00f3n y forma parte de m\u00e1s de treinta consejos de direcci\u00f3n de revistas especializadas. Es adem\u00e1s Premio Nacional de Ciencias Sociales y Jur\u00eddicas. El romanista, que cuenta en su haber con cinco doctorados honoris causa, fue calificado por De las Casas como un docente de gran calidad humana y amplitud de miras.<\/p>\n<p><strong><img decoding=\"async\" loading=\"lazy\" class=\"alignleft size-medium wp-image-58719\" src=\"https:\/\/www.ull.es\/portal\/noticias\/wp-content\/uploads\/sites\/13\/2021\/10\/Cons-Gobierno-5-11-11-300x200.jpg\" alt=\"\" width=\"300\" height=\"200\" srcset=\"https:\/\/www.ull.es\/portal\/noticias\/wp-content\/uploads\/sites\/13\/2021\/10\/Cons-Gobierno-5-11-11-300x200.jpg 300w, https:\/\/www.ull.es\/portal\/noticias\/wp-content\/uploads\/sites\/13\/2021\/10\/Cons-Gobierno-5-11-11-768x512.jpg 768w, https:\/\/www.ull.es\/portal\/noticias\/wp-content\/uploads\/sites\/13\/2021\/10\/Cons-Gobierno-5-11-11-375x250.jpg 375w, https:\/\/www.ull.es\/portal\/noticias\/wp-content\/uploads\/sites\/13\/2021\/10\/Cons-Gobierno-5-11-11-750x500.jpg 750w, https:\/\/www.ull.es\/portal\/noticias\/wp-content\/uploads\/sites\/13\/2021\/10\/Cons-Gobierno-5-11-11.jpg 1024w\" sizes=\"(max-width: 300px) 100vw, 300px\" \/>Estudiantes palmeros<\/strong><\/p>\n<p>En otro orden de cosas, la rectora del centro universitario comunic\u00f3 a los miembros del Consejo de Gobierno la l\u00ednea de ayudas que de forma inminente se va a abrir para los estudiantes universitarios palmeros afectados por la erupci\u00f3n volc\u00e1nica. La idea es abrir una convocatoria de cerca de medio mill\u00f3n de euros para sufragar gastos de matr\u00edcula, alojamiento o material acad\u00e9mico para aquellos alumnos y alumnas que se hayan visto seriamente perjudicados por el desastre natural, de tal forma que hayan perdido sus casas o la fuente de ingresos familiar.<\/p>\n<p>La convocatoria est\u00e1 a punto de salir, toda vez que tenga los informes favorables de la asesor\u00eda jur\u00eddica y del servicio de intervenci\u00f3n. El prop\u00f3sito es que sea una ayuda directa, pero con la contraprestaci\u00f3n de no abandonar los estudios universitarios y aprobar, al final de curso, al menos una asignatura. Ser\u00e1 el Cabildo de La Palma quien corrobore los datos aportados por los estudiantes para acceder o no a la prestaci\u00f3n econ\u00f3mica.<\/p>\n<p>Tambi\u00e9n se ha solicitado a los decanatos mayor flexibilidad en la organizaci\u00f3n de la evaluaci\u00f3n continua en las primeras semanas del curso para este colectivo. Igualmente, un grupo de profesores de la Facultad de Psicolog\u00eda se ha ofrecido voluntario para prestar ayuda psicol\u00f3gica a estos alumnos, en el caso de que fuera necesario.<\/p>\n<p><strong>Aula Cultural Diversidad LGBTIQ+<\/strong><\/p>\n<p>Otro de los asuntos tratados en la sesi\u00f3n fue la creaci\u00f3n de un Aula Cultural Diversidad LGBTIQ+, a propuesta del profesor Antonio Adelfo Delgado N\u00fa\u00f1ez, como director, y del alumno Sergio Siverio, en calidad de secretario. La diversidad sexual, de g\u00e9nero y familiar ser\u00e1 la tem\u00e1tica de esta aula, en un entorno universitario que sirva para detectar posibles impedimentos a estos derechos y fomentar su expresi\u00f3n en distintas facetas. Favorecer actividades culturales relacionadas con esta tem\u00e1tica, la creaci\u00f3n de espacios de encuentro y de socializaci\u00f3n y llevar a cabo acciones para rescatar la memoria hist\u00f3rica del colectivo, al tiempo que crear sinergias con entidades an\u00e1logas, son algunos de sus prop\u00f3sitos.<\/p>\n<p>En la sesi\u00f3n de esta ma\u00f1ana tambi\u00e9n recibieron el visto bueno dos nuevos t\u00edtulos de posgrado: M\u00e1ster Universitario en Estudios Literarios Hisp\u00e1nicos y el t\u00edtulo propio de Experto Universitario en Direcci\u00f3n de Intervenci\u00f3n Policial. Igualmente, se ha aprobado la creaci\u00f3n de un Departamento de Ingenier\u00eda Agraria y del Medio Rural, una cuesti\u00f3n en la que adem\u00e1s ha apoyado la propia Consejer\u00eda de Agricultura, Ganader\u00eda y Pesca del Gobierno de Canarias.<\/p>\n<p>Por su parte, el gerente de la Universidad de La Laguna, Juan Manuel Plasencia, present\u00f3 en la sesi\u00f3n un contrato de suministro de la licencia campus para el uso de una plataforma de informaci\u00f3n geogr\u00e1fica, solicitada por varios centros y que queda ahora centralizada en un contrato de mayor cuant\u00eda, reduciendo costes y tareas de gesti\u00f3n.<\/p>\n<p>La renovaci\u00f3n de la Comisi\u00f3n de Estudios de Posgrado, la modificaci\u00f3n del r\u00e9gimen de funcionamiento interno de la Facultad de Ciencias, las propuestas de nombramiento para el Consejo Escolar de Canarias y la aprobaci\u00f3n de complementos retributivos al personal docente e investigador fueron los asuntos expuestos por la secretaria general, Elvira Afonso, que recibieron la conformidad del \u00f3rgano colegiado.<\/p>\n","protected":false},"excerpt":{"rendered":"<p>La Universidad de La Laguna nombrar\u00e1 al catedr\u00e1tico de Derecho Romano Antonio Fern\u00e1ndez de Buj\u00e1n y Fern\u00e1ndez como doctor Honoris&#8230;<\/p>\n","protected":false},"author":23,"featured_media":58720,"comment_status":"closed","ping_status":"closed","sticky":false,"template":"","format":"standard","meta":{"inline_featured_image":false,"footnotes":""},"categories":[345,3799,348,2765],"tags":[7857,903],"acf":[],"yoast_head":"<!-- This site is optimized with the Yoast SEO plugin v21.3 - https:\/\/yoast.com\/wordpress\/plugins\/seo\/ -->\n<title>El Consejo de Gobierno designa al romanista Fern\u00e1ndez de Buj\u00e1n como Doctor Honoris Causa por la ULL - ULL - Noticias<\/title>\n<meta name=\"robots\" content=\"index, follow, max-snippet:-1, max-image-preview:large, max-video-preview:-1\" \/>\n<link rel=\"canonical\" href=\"https:\/\/www.ull.es\/portal\/noticias\/2021\/el-consejo-de-gobierno-designa-al-romanista-fernandez-de-bujan-como-doctor-honoris-causa-por-la-ull\/\" \/>\n<meta property=\"og:locale\" content=\"es_ES\" \/>\n<meta property=\"og:type\" content=\"article\" \/>\n<meta property=\"og:title\" content=\"El Consejo de Gobierno designa al romanista Fern\u00e1ndez de Buj\u00e1n como Doctor Honoris Causa por la ULL - ULL - Noticias\" \/>\n<meta property=\"og:description\" content=\"La Universidad de La Laguna nombrar\u00e1 al catedr\u00e1tico de Derecho Romano Antonio Fern\u00e1ndez de Buj\u00e1n y Fern\u00e1ndez como doctor Honoris...\" \/>\n<meta property=\"og:url\" content=\"https:\/\/www.ull.es\/portal\/noticias\/2021\/el-consejo-de-gobierno-designa-al-romanista-fernandez-de-bujan-como-doctor-honoris-causa-por-la-ull\/\" \/>\n<meta property=\"og:site_name\" content=\"ULL - Noticias\" \/>\n<meta property=\"article:publisher\" content=\"https:\/\/www.facebook.com\/universidaddelalaguna\/\" \/>\n<meta property=\"article:published_time\" content=\"2021-10-05T13:38:59+00:00\" \/>\n<meta property=\"og:image\" content=\"https:\/\/www.ull.es\/portal\/noticias\/wp-content\/uploads\/sites\/13\/2021\/10\/Cons-Gobierno-5-11-06.jpg\" \/>\n\t<meta property=\"og:image:width\" content=\"1024\" \/>\n\t<meta property=\"og:image:height\" content=\"683\" \/>\n\t<meta property=\"og:image:type\" content=\"image\/jpeg\" \/>\n<meta name=\"author\" content=\"gaprsa\" \/>\n<meta name=\"twitter:card\" content=\"summary_large_image\" \/>\n<meta name=\"twitter:creator\" content=\"@CanalULL\" \/>\n<meta name=\"twitter:site\" content=\"@CanalULL\" \/>\n<meta name=\"twitter:label1\" content=\"Escrito por\" \/>\n\t<meta name=\"twitter:data1\" content=\"gaprsa\" \/>\n\t<meta name=\"twitter:label2\" content=\"Tiempo de lectura\" \/>\n\t<meta name=\"twitter:data2\" content=\"4 minutos\" \/>\n<script type=\"application\/ld+json\" class=\"yoast-schema-graph\">{\"@context\":\"https:\/\/schema.org\",\"@graph\":[{\"@type\":\"WebPage\",\"@id\":\"https:\/\/www.ull.es\/portal\/noticias\/2021\/el-consejo-de-gobierno-designa-al-romanista-fernandez-de-bujan-como-doctor-honoris-causa-por-la-ull\/\",\"url\":\"https:\/\/www.ull.es\/portal\/noticias\/2021\/el-consejo-de-gobierno-designa-al-romanista-fernandez-de-bujan-como-doctor-honoris-causa-por-la-ull\/\",\"name\":\"El Consejo de Gobierno designa al romanista Fern\u00e1ndez de Buj\u00e1n como Doctor Honoris Causa por la ULL - ULL - Noticias\",\"isPartOf\":{\"@id\":\"https:\/\/www.ull.es\/portal\/noticias\/#website\"},\"datePublished\":\"2021-10-05T13:38:59+00:00\",\"dateModified\":\"2021-10-05T13:38:59+00:00\",\"author\":{\"@id\":\"https:\/\/www.ull.es\/portal\/noticias\/#\/schema\/person\/b2b1a89d43ffa609e591f7df8ef3e817\"},\"breadcrumb\":{\"@id\":\"https:\/\/www.ull.es\/portal\/noticias\/2021\/el-consejo-de-gobierno-designa-al-romanista-fernandez-de-bujan-como-doctor-honoris-causa-por-la-ull\/#breadcrumb\"},\"inLanguage\":\"es\",\"potentialAction\":[{\"@type\":\"ReadAction\",\"target\":[\"https:\/\/www.ull.es\/portal\/noticias\/2021\/el-consejo-de-gobierno-designa-al-romanista-fernandez-de-bujan-como-doctor-honoris-causa-por-la-ull\/\"]}]},{\"@type\":\"BreadcrumbList\",\"@id\":\"https:\/\/www.ull.es\/portal\/noticias\/2021\/el-consejo-de-gobierno-designa-al-romanista-fernandez-de-bujan-como-doctor-honoris-causa-por-la-ull\/#breadcrumb\",\"itemListElement\":[{\"@type\":\"ListItem\",\"position\":1,\"name\":\"Portada\",\"item\":\"https:\/\/www.ull.es\/portal\/noticias\/\"},{\"@type\":\"ListItem\",\"position\":2,\"name\":\"El Consejo de Gobierno designa al romanista Fern\u00e1ndez de Buj\u00e1n como Doctor Honoris Causa por la ULL\"}]},{\"@type\":\"WebSite\",\"@id\":\"https:\/\/www.ull.es\/portal\/noticias\/#website\",\"url\":\"https:\/\/www.ull.es\/portal\/noticias\/\",\"name\":\"ULL - Noticias\",\"description\":\"\",\"potentialAction\":[{\"@type\":\"SearchAction\",\"target\":{\"@type\":\"EntryPoint\",\"urlTemplate\":\"https:\/\/www.ull.es\/portal\/noticias\/?s={search_term_string}\"},\"query-input\":\"required name=search_term_string\"}],\"inLanguage\":\"es\"},{\"@type\":\"Person\",\"@id\":\"https:\/\/www.ull.es\/portal\/noticias\/#\/schema\/person\/b2b1a89d43ffa609e591f7df8ef3e817\",\"name\":\"gaprsa\",\"image\":{\"@type\":\"ImageObject\",\"inLanguage\":\"es\",\"@id\":\"https:\/\/www.ull.es\/portal\/noticias\/#\/schema\/person\/image\/\",\"url\":\"https:\/\/secure.gravatar.com\/avatar\/443820550921091458b4823867723b3d?s=96&d=mm&r=g\",\"contentUrl\":\"https:\/\/secure.gravatar.com\/avatar\/443820550921091458b4823867723b3d?s=96&d=mm&r=g\",\"caption\":\"gaprsa\"},\"url\":\"https:\/\/www.ull.es\/portal\/noticias\/author\/gaprsa\/\"}]}<\/script>\n<!-- \/ Yoast SEO plugin. -->","yoast_head_json":{"title":"El Consejo de Gobierno designa al romanista Fern\u00e1ndez de Buj\u00e1n como Doctor Honoris Causa por la ULL - ULL - Noticias","robots":{"index":"index","follow":"follow","max-snippet":"max-snippet:-1","max-image-preview":"max-image-preview:large","max-video-preview":"max-video-preview:-1"},"canonical":"https:\/\/www.ull.es\/portal\/noticias\/2021\/el-consejo-de-gobierno-designa-al-romanista-fernandez-de-bujan-como-doctor-honoris-causa-por-la-ull\/","og_locale":"es_ES","og_type":"article","og_title":"El Consejo de Gobierno designa al romanista Fern\u00e1ndez de Buj\u00e1n como Doctor Honoris Causa por la ULL - ULL - Noticias","og_description":"La Universidad de La Laguna nombrar\u00e1 al catedr\u00e1tico de Derecho Romano Antonio Fern\u00e1ndez de Buj\u00e1n y Fern\u00e1ndez como doctor Honoris...","og_url":"https:\/\/www.ull.es\/portal\/noticias\/2021\/el-consejo-de-gobierno-designa-al-romanista-fernandez-de-bujan-como-doctor-honoris-causa-por-la-ull\/","og_site_name":"ULL - Noticias","article_publisher":"https:\/\/www.facebook.com\/universidaddelalaguna\/","article_published_time":"2021-10-05T13:38:59+00:00","og_image":[{"width":1024,"height":683,"url":"https:\/\/www.ull.es\/portal\/noticias\/wp-content\/uploads\/sites\/13\/2021\/10\/Cons-Gobierno-5-11-06.jpg","type":"image\/jpeg"}],"author":"gaprsa","twitter_card":"summary_large_image","twitter_creator":"@CanalULL","twitter_site":"@CanalULL","twitter_misc":{"Escrito por":"gaprsa","Tiempo de lectura":"4 minutos"},"schema":{"@context":"https:\/\/schema.org","@graph":[{"@type":"WebPage","@id":"https:\/\/www.ull.es\/portal\/noticias\/2021\/el-consejo-de-gobierno-designa-al-romanista-fernandez-de-bujan-como-doctor-honoris-causa-por-la-ull\/","url":"https:\/\/www.ull.es\/portal\/noticias\/2021\/el-consejo-de-gobierno-designa-al-romanista-fernandez-de-bujan-como-doctor-honoris-causa-por-la-ull\/","name":"El Consejo de Gobierno designa al romanista Fern\u00e1ndez de Buj\u00e1n como Doctor Honoris Causa por la ULL - ULL - Noticias","isPartOf":{"@id":"https:\/\/www.ull.es\/portal\/noticias\/#website"},"datePublished":"2021-10-05T13:38:59+00:00","dateModified":"2021-10-05T13:38:59+00:00","author":{"@id":"https:\/\/www.ull.es\/portal\/noticias\/#\/schema\/person\/b2b1a89d43ffa609e591f7df8ef3e817"},"breadcrumb":{"@id":"https:\/\/www.ull.es\/portal\/noticias\/2021\/el-consejo-de-gobierno-designa-al-romanista-fernandez-de-bujan-como-doctor-honoris-causa-por-la-ull\/#breadcrumb"},"inLanguage":"es","potentialAction":[{"@type":"ReadAction","target":["https:\/\/www.ull.es\/portal\/noticias\/2021\/el-consejo-de-gobierno-designa-al-romanista-fernandez-de-bujan-como-doctor-honoris-causa-por-la-ull\/"]}]},{"@type":"BreadcrumbList","@id":"https:\/\/www.ull.es\/portal\/noticias\/2021\/el-consejo-de-gobierno-designa-al-romanista-fernandez-de-bujan-como-doctor-honoris-causa-por-la-ull\/#breadcrumb","itemListElement":[{"@type":"ListItem","position":1,"name":"Portada","item":"https:\/\/www.ull.es\/portal\/noticias\/"},{"@type":"ListItem","position":2,"name":"El Consejo de Gobierno designa al romanista Fern\u00e1ndez de Buj\u00e1n como Doctor Honoris Causa por la ULL"}]},{"@type":"WebSite","@id":"https:\/\/www.ull.es\/portal\/noticias\/#website","url":"https:\/\/www.ull.es\/portal\/noticias\/","name":"ULL - Noticias","description":"","potentialAction":[{"@type":"SearchAction","target":{"@type":"EntryPoint","urlTemplate":"https:\/\/www.ull.es\/portal\/noticias\/?s={search_term_string}"},"query-input":"required name=search_term_string"}],"inLanguage":"es"},{"@type":"Person","@id":"https:\/\/www.ull.es\/portal\/noticias\/#\/schema\/person\/b2b1a89d43ffa609e591f7df8ef3e817","name":"gaprsa","image":{"@type":"ImageObject","inLanguage":"es","@id":"https:\/\/www.ull.es\/portal\/noticias\/#\/schema\/person\/image\/","url":"https:\/\/secure.gravatar.com\/avatar\/443820550921091458b4823867723b3d?s=96&d=mm&r=g","contentUrl":"https:\/\/secure.gravatar.com\/avatar\/443820550921091458b4823867723b3d?s=96&d=mm&r=g","caption":"gaprsa"},"url":"https:\/\/www.ull.es\/portal\/noticias\/author\/gaprsa\/"}]}},"primary_category":{"id":345,"name":"Destacado","slug":"destacado","link":"https:\/\/www.ull.es\/portal\/noticias\/category\/destacado\/"},"featured_image_thumbnail_url":"https:\/\/www.ull.es\/portal\/noticias\/wp-content\/uploads\/sites\/13\/2021\/10\/Cons-Gobierno-5-11-06-300x200.jpg","_links":{"self":[{"href":"https:\/\/www.ull.es\/portal\/noticias\/wp-json\/wp\/v2\/posts\/58718"}],"collection":[{"href":"https:\/\/www.ull.es\/portal\/noticias\/wp-json\/wp\/v2\/posts"}],"about":[{"href":"https:\/\/www.ull.es\/portal\/noticias\/wp-json\/wp\/v2\/types\/post"}],"author":[{"embeddable":true,"href":"https:\/\/www.ull.es\/portal\/noticias\/wp-json\/wp\/v2\/users\/23"}],"replies":[{"embeddable":true,"href":"https:\/\/www.ull.es\/portal\/noticias\/wp-json\/wp\/v2\/comments?post=58718"}],"version-history":[{"count":1,"href":"https:\/\/www.ull.es\/portal\/noticias\/wp-json\/wp\/v2\/posts\/58718\/revisions"}],"predecessor-version":[{"id":58721,"href":"https:\/\/www.ull.es\/portal\/noticias\/wp-json\/wp\/v2\/posts\/58718\/revisions\/58721"}],"wp:featuredmedia":[{"embeddable":true,"href":"https:\/\/www.ull.es\/portal\/noticias\/wp-json\/wp\/v2\/media\/58720"}],"wp:attachment":[{"href":"https:\/\/www.ull.es\/portal\/noticias\/wp-json\/wp\/v2\/media?parent=58718"}],"wp:term":[{"taxonomy":"category","embeddable":true,"href":"https:\/\/www.ull.es\/portal\/noticias\/wp-json\/wp\/v2\/categories?post=58718"},{"taxonomy":"post_tag","embeddable":true,"href":"https:\/\/www.ull.es\/portal\/noticias\/wp-json\/wp\/v2\/tags?post=58718"}],"curies":[{"name":"wp","href":"https:\/\/api.w.org\/{rel}","templated":true}]}}