{"id":58977,"date":"2021-10-15T12:43:24","date_gmt":"2021-10-15T12:43:24","guid":{"rendered":"https:\/\/www.ull.es\/portal\/noticias\/?p=58977"},"modified":"2021-10-15T13:38:47","modified_gmt":"2021-10-15T13:38:47","slug":"un-estudio-de-la-ull-y-el-cabildo-evidencia-las-repercusiones-sociolaborales-tras-5-anos-con-cancer-de-mama","status":"publish","type":"post","link":"https:\/\/www.ull.es\/portal\/noticias\/2021\/un-estudio-de-la-ull-y-el-cabildo-evidencia-las-repercusiones-sociolaborales-tras-5-anos-con-cancer-de-mama\/","title":{"rendered":"Un estudio de la ULL y el Cabildo evidencia las repercusiones sociolaborales tras 5 a\u00f1os con c\u00e1ncer de mama"},"content":{"rendered":"<p>El Cabildo de Tenerife, a trav\u00e9s de la Consejer\u00eda delegada de Igualdad y Prevenci\u00f3n de la Violencia de G\u00e9nero y Sinpromi, ha financiado el estudio <em>Las repercusiones del c\u00e1ncer de mama en la vida de las mujeres. Los efectos tras a\u00f1os de diagn\u00f3stico<\/em>, elaborado por la Universidad de La Laguna y realizado en colaboraci\u00f3n con la Asociaci\u00f3n de C\u00e1ncer de Mama de Tenerife (\u00c1mate), que evidencia las consecuencias sociales, laborales y psicol\u00f3gicas de esta enfermedad y sus tratamientos pasados cinco a\u00f1os.\u00a0La consejera insular del \u00e1rea, Priscila de Le\u00f3n, explic\u00f3 que \u201cel objetivo de esta iniciativa ha sido proporcionar resultados detallados sobre c\u00f3mo es la vida de las mujeres que han sido diagnosticadas con c\u00e1ncer de mama, con el fin de identificar los efectos de esta enfermedad, conocer necesidades y oportunidades\u201d. Gracias a este estudio, se ha podido conocer en profundidad la realidad de muchas mujeres que aparecen en la sociedad como supervivientes del c\u00e1ncer \u00abpero que se enfrentan a situaciones muy pocas veces visibilizadas\u201d, se\u00f1al\u00f3.<\/p>\n<p>De Le\u00f3n a\u00f1adi\u00f3 que la carencia de informaci\u00f3n sobre lo que sucede pasados varios a\u00f1os desde que se produce el diagn\u00f3stico hizo pensar en la necesidad de cubrir ese hueco y as\u00ed poder plantear propuestas de actuaci\u00f3n bien encaminadas. \u00abNuestra intenci\u00f3n ha sido tambi\u00e9n consolidar la colaboraci\u00f3n que ya mantenemos con entidades como \u00c1mate, cuya labor es indispensable, atendiendo a las necesidades que nos transmiten y que conocen de primera mano, para ayudar a que la calidad de vida de las personas sea mejor\u201d.<\/p>\n<p>La directora insular de Innovaci\u00f3n, Planificaci\u00f3n y Estrategia de la Acci\u00f3n Social, Ascensi\u00f3n Bacallado, asegur\u00f3 que \u201cel gran valor que tiene este trabajo es dar visibilidad a la realidad de las personas afectadas, a las que se acompa\u00f1a durante el proceso pero despu\u00e9s no lo suficientemente en su vida posterior, algo que el estudio focaliza muy bien\u201d. Adem\u00e1s, agradeci\u00f3, desde Simpromi, \u201cel foco que se ha puesto en la parte de la discapacidad, en la inserci\u00f3n laboral de las personas afectadas, por las que desarrollamos todas nuestras acciones, as\u00ed como la necesidad de la adaptaci\u00f3n de los puestos de trabajo, sobre lo que tambi\u00e9n se pone el foco en este estudio, y que es tan importante\u201d.<a href=\"https:\/\/www.ull.es\/portal\/noticias\/wp-content\/uploads\/sites\/13\/2021\/10\/20211014-cabildo-amate-ull-017.jpg\" target=\"_blank\" rel=\"noopener\"><img decoding=\"async\" loading=\"lazy\" class=\"alignleft wp-image-58979 size-medium\" src=\"https:\/\/www.ull.es\/portal\/noticias\/wp-content\/uploads\/sites\/13\/2021\/10\/20211014-cabildo-amate-ull-017-300x200.jpg\" alt=\"\" width=\"300\" height=\"200\" srcset=\"https:\/\/www.ull.es\/portal\/noticias\/wp-content\/uploads\/sites\/13\/2021\/10\/20211014-cabildo-amate-ull-017-300x200.jpg 300w, https:\/\/www.ull.es\/portal\/noticias\/wp-content\/uploads\/sites\/13\/2021\/10\/20211014-cabildo-amate-ull-017-1024x683.jpg 1024w, https:\/\/www.ull.es\/portal\/noticias\/wp-content\/uploads\/sites\/13\/2021\/10\/20211014-cabildo-amate-ull-017-768x512.jpg 768w, https:\/\/www.ull.es\/portal\/noticias\/wp-content\/uploads\/sites\/13\/2021\/10\/20211014-cabildo-amate-ull-017-1536x1024.jpg 1536w, https:\/\/www.ull.es\/portal\/noticias\/wp-content\/uploads\/sites\/13\/2021\/10\/20211014-cabildo-amate-ull-017-375x250.jpg 375w, https:\/\/www.ull.es\/portal\/noticias\/wp-content\/uploads\/sites\/13\/2021\/10\/20211014-cabildo-amate-ull-017-750x500.jpg 750w, https:\/\/www.ull.es\/portal\/noticias\/wp-content\/uploads\/sites\/13\/2021\/10\/20211014-cabildo-amate-ull-017-1140x760.jpg 1140w, https:\/\/www.ull.es\/portal\/noticias\/wp-content\/uploads\/sites\/13\/2021\/10\/20211014-cabildo-amate-ull-017.jpg 1600w\" sizes=\"(max-width: 300px) 100vw, 300px\" \/><\/a><\/p>\n<p>Asimismo, la presidenta de \u00c1mate, Mar\u00eda del Carmen Bonfante, se\u00f1al\u00f3 las dificultades que afrontan las mujeres a las que se diagnostica un c\u00e1ncer de mama. \u201cM\u00e1s del 25 % de las mujeres son abandonadas por su pareja porque, seg\u00fan ellos, no pueden con esa situaci\u00f3n; muchas pierden su vivienda, la tutela de los hijos, su puesto de trabajo\u2026\u00a0 Si hoy d\u00eda es dif\u00edcil conseguir un puesto de trabajo, una mujer con c\u00e1ncer de mama lo tiene mucho m\u00e1s dif\u00edcil\u201d, dijo. Bonfante destac\u00f3 la predisposici\u00f3n \u201cfundamental\u201d de la Universidad de La Laguna, el Cabildo, el IASS y Sinpromi para llevar a cabo esta investigaci\u00f3n y se\u00f1al\u00f3 la necesidad de que se difunda para visibilizar y dar a conocer a la sociedad la realidad que afrontan las mujeres.<\/p>\n<p><strong>Principales conclusiones<\/strong><\/p>\n<p>La profesora titular de Sociolog\u00eda de la Universidad de La Laguna, Carmen Nieves P\u00e9rez, detall\u00f3 las claves de este estudio, entre las que destac\u00f3 el hecho de que la situaci\u00f3n econ\u00f3mica para 4 de cada 10 mujeres empeor\u00f3 despu\u00e9s del c\u00e1ncer, una situaci\u00f3n que empeora en funci\u00f3n del nivel de estudios y las categor\u00edas laborales.\u00a0P\u00e9rez explic\u00f3 que a casi la mitad de las encuestadas (48%) se les ha reconocido alg\u00fan grado de discapacidad, ya que el c\u00e1ncer de mama deja secuelas que provocan discapacidades para trabajar y para desarrollar las tareas cotidianas. En este punto, se constat\u00f3 que el grado de reconocimiento no siempre conlleva mejoras en la inserci\u00f3n laboral. Otro dato que sobresale es que las mujeres desempleadas que participaron en el estudio (el 60%) consideran que el c\u00e1ncer ha supuesto un obst\u00e1culo para su inserci\u00f3n laboral. Las experiencias descritas en las entrevistas sugieren que el g\u00e9nero y la edad son factores claramente discriminantes a la hora de encontrar empleo.<\/p>\n<p>Solo para el 35% de las mujeres que estaban trabajando cuando se les diagnostic\u00f3 el c\u00e1ncer, las condiciones de trabajo se han adaptado a sus nuevas circunstancias. Durante las entrevistas se recogieron las diferentes dificultades a las que estas mujeres se enfrentan para mantener el ritmo laboral, como la desprotecci\u00f3n en el caso de las trabajadoras aut\u00f3nomas; los estigmas por parte de las empresas; los despidos o no renovaciones; y el acoso laboral.<a href=\"https:\/\/www.ull.es\/portal\/noticias\/wp-content\/uploads\/sites\/13\/2021\/10\/20211014-cabildo-amate-ull-007.jpg\" target=\"_blank\" rel=\"noopener\"><img decoding=\"async\" loading=\"lazy\" class=\"alignright size-medium wp-image-58980\" src=\"https:\/\/www.ull.es\/portal\/noticias\/wp-content\/uploads\/sites\/13\/2021\/10\/20211014-cabildo-amate-ull-007-300x200.jpg\" alt=\"\" width=\"300\" height=\"200\" srcset=\"https:\/\/www.ull.es\/portal\/noticias\/wp-content\/uploads\/sites\/13\/2021\/10\/20211014-cabildo-amate-ull-007-300x200.jpg 300w, https:\/\/www.ull.es\/portal\/noticias\/wp-content\/uploads\/sites\/13\/2021\/10\/20211014-cabildo-amate-ull-007-1024x683.jpg 1024w, https:\/\/www.ull.es\/portal\/noticias\/wp-content\/uploads\/sites\/13\/2021\/10\/20211014-cabildo-amate-ull-007-768x512.jpg 768w, https:\/\/www.ull.es\/portal\/noticias\/wp-content\/uploads\/sites\/13\/2021\/10\/20211014-cabildo-amate-ull-007-1536x1024.jpg 1536w, https:\/\/www.ull.es\/portal\/noticias\/wp-content\/uploads\/sites\/13\/2021\/10\/20211014-cabildo-amate-ull-007-375x250.jpg 375w, https:\/\/www.ull.es\/portal\/noticias\/wp-content\/uploads\/sites\/13\/2021\/10\/20211014-cabildo-amate-ull-007-750x500.jpg 750w, https:\/\/www.ull.es\/portal\/noticias\/wp-content\/uploads\/sites\/13\/2021\/10\/20211014-cabildo-amate-ull-007-1140x760.jpg 1140w, https:\/\/www.ull.es\/portal\/noticias\/wp-content\/uploads\/sites\/13\/2021\/10\/20211014-cabildo-amate-ull-007.jpg 1600w\" sizes=\"(max-width: 300px) 100vw, 300px\" \/><\/a><\/p>\n<p>Carmen Nieves P\u00e9rez asegur\u00f3 que el 80% de las mujeres se han tratado con quimioterapia y hormonoterapia, los dos tratamientos m\u00e1s frecuentes, que generan numerosos efectos secundarios y afectan a la vida de las pacientes. Las secuelas de un tratamiento prolongado como es la hormonoterapia se apunta como un factor que condiciona sus vidas.<\/p>\n<p>El estudio ha incluido, adem\u00e1s, una serie de recomendaciones, como la necesidad de cambios que permitan una mayor coordinaci\u00f3n entre los distintos agentes, rapidez en las evaluaciones y mejoras en las adaptaciones laborales, nuevas pol\u00edticas laborales y econ\u00f3micas que ayuden a la inserci\u00f3n en el mercado de trabajo de todas las mujeres desempleadas.<\/p>\n<p>La necesidad, por parte de los servicios sanitarios p\u00fablicos, de m\u00e1s recursos especializados en la prevenci\u00f3n, tratamiento y cuidado es otra de las recomendaciones que se resalta en el an\u00e1lisis, ya que las pacientes se encuentran con muchas dificultades para la realizaci\u00f3n de las tareas dom\u00e9sticas y para mantener su puesto de trabajo.\u00a0Para realizar esta investigaci\u00f3n se realizaron cuestionarios a\u00a0 256 mujeres residentes en Tenerife, entre los meses de enero y noviembre de 2020, as\u00ed como 13 entrevistas a mujeres con distintos perfiles sociolaborales y m\u00e9dicos.<\/p>\n<p>(Nota de prensa y fotograf\u00edas cedidas).<\/p>\n","protected":false},"excerpt":{"rendered":"<p>El Cabildo de Tenerife, a trav\u00e9s de la Consejer\u00eda delegada de Igualdad y Prevenci\u00f3n de la Violencia de G\u00e9nero y&#8230;<\/p>\n","protected":false},"author":67,"featured_media":58978,"comment_status":"closed","ping_status":"closed","sticky":false,"template":"","format":"standard","meta":{"inline_featured_image":false,"footnotes":""},"categories":[345,348,350,2765],"tags":[],"acf":[],"yoast_head":"<!-- This site is optimized with the Yoast SEO plugin v21.3 - https:\/\/yoast.com\/wordpress\/plugins\/seo\/ -->\n<title>Un estudio de la ULL y el Cabildo evidencia las repercusiones sociolaborales tras 5 a\u00f1os con c\u00e1ncer de mama - ULL - Noticias<\/title>\n<meta name=\"description\" content=\"El Cabildo de Tenerife, a trav\u00e9s de la Consejer\u00eda delegada de Igualdad y Prevenci\u00f3n de la Violencia de G\u00e9nero y Sinpromi, ha financiado el estudio Las repercusiones del c\u00e1ncer de mama en la vida de las mujeres. Los efectos tras a\u00f1os de diagn\u00f3stico, encargado a la Universidad de La Laguna y realizado en colaboraci\u00f3n con la Asociaci\u00f3n de C\u00e1ncer de Mama de Tenerife (\u00c1mate), que evidencia las consecuencias sociales, laborales y psicol\u00f3gicas de esta enfermedad y sus tratamientos pasados cinco a\u00f1os.\" \/>\n<meta name=\"robots\" content=\"index, follow, max-snippet:-1, max-image-preview:large, max-video-preview:-1\" \/>\n<link rel=\"canonical\" href=\"https:\/\/www.ull.es\/portal\/noticias\/2021\/un-estudio-de-la-ull-y-el-cabildo-evidencia-las-repercusiones-sociolaborales-tras-5-anos-con-cancer-de-mama\/\" \/>\n<meta property=\"og:locale\" content=\"es_ES\" \/>\n<meta property=\"og:type\" content=\"article\" \/>\n<meta property=\"og:title\" content=\"Un estudio de la ULL y el Cabildo evidencia las repercusiones sociolaborales tras 5 a\u00f1os con c\u00e1ncer de mama - ULL - Noticias\" \/>\n<meta property=\"og:description\" content=\"El Cabildo de Tenerife, a trav\u00e9s de la Consejer\u00eda delegada de Igualdad y Prevenci\u00f3n de la Violencia de G\u00e9nero y Sinpromi, ha financiado el estudio Las repercusiones del c\u00e1ncer de mama en la vida de las mujeres. Los efectos tras a\u00f1os de diagn\u00f3stico, encargado a la Universidad de La Laguna y realizado en colaboraci\u00f3n con la Asociaci\u00f3n de C\u00e1ncer de Mama de Tenerife (\u00c1mate), que evidencia las consecuencias sociales, laborales y psicol\u00f3gicas de esta enfermedad y sus tratamientos pasados cinco a\u00f1os.\" \/>\n<meta property=\"og:url\" content=\"https:\/\/www.ull.es\/portal\/noticias\/2021\/un-estudio-de-la-ull-y-el-cabildo-evidencia-las-repercusiones-sociolaborales-tras-5-anos-con-cancer-de-mama\/\" \/>\n<meta property=\"og:site_name\" content=\"ULL - Noticias\" \/>\n<meta property=\"article:publisher\" content=\"https:\/\/www.facebook.com\/universidaddelalaguna\/\" \/>\n<meta property=\"article:published_time\" content=\"2021-10-15T12:43:24+00:00\" \/>\n<meta property=\"article:modified_time\" content=\"2021-10-15T13:38:47+00:00\" \/>\n<meta property=\"og:image\" content=\"https:\/\/www.ull.es\/portal\/noticias\/wp-content\/uploads\/sites\/13\/2021\/10\/20211014-cabildo-amate-ull-012.jpg\" \/>\n\t<meta property=\"og:image:width\" content=\"1600\" \/>\n\t<meta property=\"og:image:height\" content=\"1067\" \/>\n\t<meta property=\"og:image:type\" content=\"image\/jpeg\" \/>\n<meta name=\"author\" content=\"gcom5\" \/>\n<meta name=\"twitter:card\" content=\"summary_large_image\" \/>\n<meta name=\"twitter:creator\" content=\"@CanalULL\" \/>\n<meta name=\"twitter:site\" content=\"@CanalULL\" \/>\n<meta name=\"twitter:label1\" content=\"Escrito por\" \/>\n\t<meta name=\"twitter:data1\" content=\"gcom5\" \/>\n\t<meta name=\"twitter:label2\" content=\"Tiempo de lectura\" \/>\n\t<meta name=\"twitter:data2\" content=\"5 minutos\" \/>\n<script type=\"application\/ld+json\" class=\"yoast-schema-graph\">{\"@context\":\"https:\/\/schema.org\",\"@graph\":[{\"@type\":\"WebPage\",\"@id\":\"https:\/\/www.ull.es\/portal\/noticias\/2021\/un-estudio-de-la-ull-y-el-cabildo-evidencia-las-repercusiones-sociolaborales-tras-5-anos-con-cancer-de-mama\/\",\"url\":\"https:\/\/www.ull.es\/portal\/noticias\/2021\/un-estudio-de-la-ull-y-el-cabildo-evidencia-las-repercusiones-sociolaborales-tras-5-anos-con-cancer-de-mama\/\",\"name\":\"Un estudio de la ULL y el Cabildo evidencia las repercusiones sociolaborales tras 5 a\u00f1os con c\u00e1ncer de mama - ULL - Noticias\",\"isPartOf\":{\"@id\":\"https:\/\/www.ull.es\/portal\/noticias\/#website\"},\"datePublished\":\"2021-10-15T12:43:24+00:00\",\"dateModified\":\"2021-10-15T13:38:47+00:00\",\"author\":{\"@id\":\"https:\/\/www.ull.es\/portal\/noticias\/#\/schema\/person\/8027c6c4687adc2c90dc1532715d34df\"},\"description\":\"El Cabildo de Tenerife, a trav\u00e9s de la Consejer\u00eda delegada de Igualdad y Prevenci\u00f3n de la Violencia de G\u00e9nero y Sinpromi, ha financiado el estudio Las repercusiones del c\u00e1ncer de mama en la vida de las mujeres. Los efectos tras a\u00f1os de diagn\u00f3stico, encargado a la Universidad de La Laguna y realizado en colaboraci\u00f3n con la Asociaci\u00f3n de C\u00e1ncer de Mama de Tenerife (\u00c1mate), que evidencia las consecuencias sociales, laborales y psicol\u00f3gicas de esta enfermedad y sus tratamientos pasados cinco a\u00f1os.\",\"breadcrumb\":{\"@id\":\"https:\/\/www.ull.es\/portal\/noticias\/2021\/un-estudio-de-la-ull-y-el-cabildo-evidencia-las-repercusiones-sociolaborales-tras-5-anos-con-cancer-de-mama\/#breadcrumb\"},\"inLanguage\":\"es\",\"potentialAction\":[{\"@type\":\"ReadAction\",\"target\":[\"https:\/\/www.ull.es\/portal\/noticias\/2021\/un-estudio-de-la-ull-y-el-cabildo-evidencia-las-repercusiones-sociolaborales-tras-5-anos-con-cancer-de-mama\/\"]}]},{\"@type\":\"BreadcrumbList\",\"@id\":\"https:\/\/www.ull.es\/portal\/noticias\/2021\/un-estudio-de-la-ull-y-el-cabildo-evidencia-las-repercusiones-sociolaborales-tras-5-anos-con-cancer-de-mama\/#breadcrumb\",\"itemListElement\":[{\"@type\":\"ListItem\",\"position\":1,\"name\":\"Portada\",\"item\":\"https:\/\/www.ull.es\/portal\/noticias\/\"},{\"@type\":\"ListItem\",\"position\":2,\"name\":\"Un estudio de la ULL y el Cabildo evidencia las repercusiones sociolaborales tras 5 a\u00f1os con c\u00e1ncer de mama\"}]},{\"@type\":\"WebSite\",\"@id\":\"https:\/\/www.ull.es\/portal\/noticias\/#website\",\"url\":\"https:\/\/www.ull.es\/portal\/noticias\/\",\"name\":\"ULL - Noticias\",\"description\":\"\",\"potentialAction\":[{\"@type\":\"SearchAction\",\"target\":{\"@type\":\"EntryPoint\",\"urlTemplate\":\"https:\/\/www.ull.es\/portal\/noticias\/?s={search_term_string}\"},\"query-input\":\"required name=search_term_string\"}],\"inLanguage\":\"es\"},{\"@type\":\"Person\",\"@id\":\"https:\/\/www.ull.es\/portal\/noticias\/#\/schema\/person\/8027c6c4687adc2c90dc1532715d34df\",\"name\":\"gcom5\",\"image\":{\"@type\":\"ImageObject\",\"inLanguage\":\"es\",\"@id\":\"https:\/\/www.ull.es\/portal\/noticias\/#\/schema\/person\/image\/\",\"url\":\"https:\/\/secure.gravatar.com\/avatar\/8b3777f8048001fa57b88338ce5605b9?s=96&d=mm&r=g\",\"contentUrl\":\"https:\/\/secure.gravatar.com\/avatar\/8b3777f8048001fa57b88338ce5605b9?s=96&d=mm&r=g\",\"caption\":\"gcom5\"},\"url\":\"https:\/\/www.ull.es\/portal\/noticias\/author\/gcom5\/\"}]}<\/script>\n<!-- \/ Yoast SEO plugin. -->","yoast_head_json":{"title":"Un estudio de la ULL y el Cabildo evidencia las repercusiones sociolaborales tras 5 a\u00f1os con c\u00e1ncer de mama - ULL - Noticias","description":"El Cabildo de Tenerife, a trav\u00e9s de la Consejer\u00eda delegada de Igualdad y Prevenci\u00f3n de la Violencia de G\u00e9nero y Sinpromi, ha financiado el estudio Las repercusiones del c\u00e1ncer de mama en la vida de las mujeres. Los efectos tras a\u00f1os de diagn\u00f3stico, encargado a la Universidad de La Laguna y realizado en colaboraci\u00f3n con la Asociaci\u00f3n de C\u00e1ncer de Mama de Tenerife (\u00c1mate), que evidencia las consecuencias sociales, laborales y psicol\u00f3gicas de esta enfermedad y sus tratamientos pasados cinco a\u00f1os.","robots":{"index":"index","follow":"follow","max-snippet":"max-snippet:-1","max-image-preview":"max-image-preview:large","max-video-preview":"max-video-preview:-1"},"canonical":"https:\/\/www.ull.es\/portal\/noticias\/2021\/un-estudio-de-la-ull-y-el-cabildo-evidencia-las-repercusiones-sociolaborales-tras-5-anos-con-cancer-de-mama\/","og_locale":"es_ES","og_type":"article","og_title":"Un estudio de la ULL y el Cabildo evidencia las repercusiones sociolaborales tras 5 a\u00f1os con c\u00e1ncer de mama - ULL - Noticias","og_description":"El Cabildo de Tenerife, a trav\u00e9s de la Consejer\u00eda delegada de Igualdad y Prevenci\u00f3n de la Violencia de G\u00e9nero y Sinpromi, ha financiado el estudio Las repercusiones del c\u00e1ncer de mama en la vida de las mujeres. Los efectos tras a\u00f1os de diagn\u00f3stico, encargado a la Universidad de La Laguna y realizado en colaboraci\u00f3n con la Asociaci\u00f3n de C\u00e1ncer de Mama de Tenerife (\u00c1mate), que evidencia las consecuencias sociales, laborales y psicol\u00f3gicas de esta enfermedad y sus tratamientos pasados cinco a\u00f1os.","og_url":"https:\/\/www.ull.es\/portal\/noticias\/2021\/un-estudio-de-la-ull-y-el-cabildo-evidencia-las-repercusiones-sociolaborales-tras-5-anos-con-cancer-de-mama\/","og_site_name":"ULL - Noticias","article_publisher":"https:\/\/www.facebook.com\/universidaddelalaguna\/","article_published_time":"2021-10-15T12:43:24+00:00","article_modified_time":"2021-10-15T13:38:47+00:00","og_image":[{"width":1600,"height":1067,"url":"https:\/\/www.ull.es\/portal\/noticias\/wp-content\/uploads\/sites\/13\/2021\/10\/20211014-cabildo-amate-ull-012.jpg","type":"image\/jpeg"}],"author":"gcom5","twitter_card":"summary_large_image","twitter_creator":"@CanalULL","twitter_site":"@CanalULL","twitter_misc":{"Escrito por":"gcom5","Tiempo de lectura":"5 minutos"},"schema":{"@context":"https:\/\/schema.org","@graph":[{"@type":"WebPage","@id":"https:\/\/www.ull.es\/portal\/noticias\/2021\/un-estudio-de-la-ull-y-el-cabildo-evidencia-las-repercusiones-sociolaborales-tras-5-anos-con-cancer-de-mama\/","url":"https:\/\/www.ull.es\/portal\/noticias\/2021\/un-estudio-de-la-ull-y-el-cabildo-evidencia-las-repercusiones-sociolaborales-tras-5-anos-con-cancer-de-mama\/","name":"Un estudio de la ULL y el Cabildo evidencia las repercusiones sociolaborales tras 5 a\u00f1os con c\u00e1ncer de mama - ULL - Noticias","isPartOf":{"@id":"https:\/\/www.ull.es\/portal\/noticias\/#website"},"datePublished":"2021-10-15T12:43:24+00:00","dateModified":"2021-10-15T13:38:47+00:00","author":{"@id":"https:\/\/www.ull.es\/portal\/noticias\/#\/schema\/person\/8027c6c4687adc2c90dc1532715d34df"},"description":"El Cabildo de Tenerife, a trav\u00e9s de la Consejer\u00eda delegada de Igualdad y Prevenci\u00f3n de la Violencia de G\u00e9nero y Sinpromi, ha financiado el estudio Las repercusiones del c\u00e1ncer de mama en la vida de las mujeres. Los efectos tras a\u00f1os de diagn\u00f3stico, encargado a la Universidad de La Laguna y realizado en colaboraci\u00f3n con la Asociaci\u00f3n de C\u00e1ncer de Mama de Tenerife (\u00c1mate), que evidencia las consecuencias sociales, laborales y psicol\u00f3gicas de esta enfermedad y sus tratamientos pasados cinco a\u00f1os.","breadcrumb":{"@id":"https:\/\/www.ull.es\/portal\/noticias\/2021\/un-estudio-de-la-ull-y-el-cabildo-evidencia-las-repercusiones-sociolaborales-tras-5-anos-con-cancer-de-mama\/#breadcrumb"},"inLanguage":"es","potentialAction":[{"@type":"ReadAction","target":["https:\/\/www.ull.es\/portal\/noticias\/2021\/un-estudio-de-la-ull-y-el-cabildo-evidencia-las-repercusiones-sociolaborales-tras-5-anos-con-cancer-de-mama\/"]}]},{"@type":"BreadcrumbList","@id":"https:\/\/www.ull.es\/portal\/noticias\/2021\/un-estudio-de-la-ull-y-el-cabildo-evidencia-las-repercusiones-sociolaborales-tras-5-anos-con-cancer-de-mama\/#breadcrumb","itemListElement":[{"@type":"ListItem","position":1,"name":"Portada","item":"https:\/\/www.ull.es\/portal\/noticias\/"},{"@type":"ListItem","position":2,"name":"Un estudio de la ULL y el Cabildo evidencia las repercusiones sociolaborales tras 5 a\u00f1os con c\u00e1ncer de mama"}]},{"@type":"WebSite","@id":"https:\/\/www.ull.es\/portal\/noticias\/#website","url":"https:\/\/www.ull.es\/portal\/noticias\/","name":"ULL - Noticias","description":"","potentialAction":[{"@type":"SearchAction","target":{"@type":"EntryPoint","urlTemplate":"https:\/\/www.ull.es\/portal\/noticias\/?s={search_term_string}"},"query-input":"required name=search_term_string"}],"inLanguage":"es"},{"@type":"Person","@id":"https:\/\/www.ull.es\/portal\/noticias\/#\/schema\/person\/8027c6c4687adc2c90dc1532715d34df","name":"gcom5","image":{"@type":"ImageObject","inLanguage":"es","@id":"https:\/\/www.ull.es\/portal\/noticias\/#\/schema\/person\/image\/","url":"https:\/\/secure.gravatar.com\/avatar\/8b3777f8048001fa57b88338ce5605b9?s=96&d=mm&r=g","contentUrl":"https:\/\/secure.gravatar.com\/avatar\/8b3777f8048001fa57b88338ce5605b9?s=96&d=mm&r=g","caption":"gcom5"},"url":"https:\/\/www.ull.es\/portal\/noticias\/author\/gcom5\/"}]}},"primary_category":{"id":348,"name":"Instituci\u00f3n","slug":"institucion","link":"https:\/\/www.ull.es\/portal\/noticias\/category\/institucion\/"},"featured_image_thumbnail_url":"https:\/\/www.ull.es\/portal\/noticias\/wp-content\/uploads\/sites\/13\/2021\/10\/20211014-cabildo-amate-ull-012-300x200.jpg","_links":{"self":[{"href":"https:\/\/www.ull.es\/portal\/noticias\/wp-json\/wp\/v2\/posts\/58977"}],"collection":[{"href":"https:\/\/www.ull.es\/portal\/noticias\/wp-json\/wp\/v2\/posts"}],"about":[{"href":"https:\/\/www.ull.es\/portal\/noticias\/wp-json\/wp\/v2\/types\/post"}],"author":[{"embeddable":true,"href":"https:\/\/www.ull.es\/portal\/noticias\/wp-json\/wp\/v2\/users\/67"}],"replies":[{"embeddable":true,"href":"https:\/\/www.ull.es\/portal\/noticias\/wp-json\/wp\/v2\/comments?post=58977"}],"version-history":[{"count":6,"href":"https:\/\/www.ull.es\/portal\/noticias\/wp-json\/wp\/v2\/posts\/58977\/revisions"}],"predecessor-version":[{"id":58999,"href":"https:\/\/www.ull.es\/portal\/noticias\/wp-json\/wp\/v2\/posts\/58977\/revisions\/58999"}],"wp:featuredmedia":[{"embeddable":true,"href":"https:\/\/www.ull.es\/portal\/noticias\/wp-json\/wp\/v2\/media\/58978"}],"wp:attachment":[{"href":"https:\/\/www.ull.es\/portal\/noticias\/wp-json\/wp\/v2\/media?parent=58977"}],"wp:term":[{"taxonomy":"category","embeddable":true,"href":"https:\/\/www.ull.es\/portal\/noticias\/wp-json\/wp\/v2\/categories?post=58977"},{"taxonomy":"post_tag","embeddable":true,"href":"https:\/\/www.ull.es\/portal\/noticias\/wp-json\/wp\/v2\/tags?post=58977"}],"curies":[{"name":"wp","href":"https:\/\/api.w.org\/{rel}","templated":true}]}}