{"id":59046,"date":"2021-10-19T08:32:06","date_gmt":"2021-10-19T08:32:06","guid":{"rendered":"https:\/\/www.ull.es\/portal\/noticias\/?p=59046"},"modified":"2021-10-19T08:32:06","modified_gmt":"2021-10-19T08:32:06","slug":"cabildo-y-universidad-ponen-en-marcha-el-proyecto-ponos-para-potenciar-la-empleabilidad-de-los-jovenes","status":"publish","type":"post","link":"https:\/\/www.ull.es\/portal\/noticias\/2021\/cabildo-y-universidad-ponen-en-marcha-el-proyecto-ponos-para-potenciar-la-empleabilidad-de-los-jovenes\/","title":{"rendered":"Cabildo y Universidad ponen en marcha el proyecto P\u00d3NOS para potenciar la empleabilidad de los j\u00f3venes"},"content":{"rendered":"<p>El Cabildo de Tenerife pone en marcha, en colaboraci\u00f3n con la Fundaci\u00f3n General de la Universidad de La Laguna, el programa <em>P\u00d3NOS<\/em> de orientaci\u00f3n y primera oportunidad de empleo para j\u00f3venes. La consejera de Juventud, Concepci\u00f3n Rivero, y la de Empleo, Carmen Luz Basso, junto con la rectora de la Universidad de La Laguna, Rosa Aguilar, y la directora insular de Juventud, Isabel Bello, presentaron los detalles del proyecto, que pretende impulsar el \u00e9xito en la b\u00fasqueda de empleo para j\u00f3venes de 16 a 35 a\u00f1os residentes en la isla que quieren identificar su objetivo profesional y requieren orientaci\u00f3n para reforzar competencias personales o profesionales que mejoren la empleabilidad a fin de lograr una primera oportunidad de empleo.<\/p>\n<p>El programa tiene un alcance informativo de 4.000 j\u00f3venes al a\u00f1o y 1.500 beneficiarios directos que ser\u00e1n atendidos o derivados a otros recursos y servicios, as\u00ed como 1.900 que recibir\u00e1n formaci\u00f3n para mejorar la empleabilidad y 600 que completar\u00e1n itinerarios de inserci\u00f3n. Adem\u00e1s, se llevar\u00e1n a cabo 200 seguimientos de inserci\u00f3n, se tutorizar\u00e1 a un centenar de j\u00f3venes con becas laborales y otro centenar se beneficiar\u00e1 de estrategias de autoempleo.<\/p>\n<p>Concepci\u00f3n Rivero se\u00f1al\u00f3 \u201cla constante preocupaci\u00f3n del Cabildo por la alta tasa de desempleo entre el colectivo juvenil, por lo que se trabaja de manera coordinada entre distintas \u00e1reas con el objetivo de incorporar cada d\u00eda a m\u00e1s j\u00f3venes al mercado laboral\u201d. Adem\u00e1s, la consejera insular de Juventud explic\u00f3 que \u201c<em>P\u00d3NOS<\/em> da respuestas personalizadas, de asesoramiento, formaci\u00f3n, inserci\u00f3n y acompa\u00f1amiento, para lo que se ha realizado una inversi\u00f3n de un mill\u00f3n de euros; todo ello con una metodolog\u00eda innovadora que estar\u00e1 validada por la Fundaci\u00f3n General de la Universidad de La Laguna\u201d.<\/p>\n<p>Por su parte, Carmen Luz Basso indic\u00f3 que este programa que se pone en marcha ahora desde Juventud, sumado a los que lo har\u00e1n de manera inmediata por parte del \u00c1rea de Empleo y Desarrollo Econ\u00f3mico y los que ya se est\u00e1n ejecutando, suponen una inversi\u00f3n de 2,5 millones de euros en proyectos espec\u00edficos para j\u00f3venes por parte del Cabildo. Y la consejera insular record\u00f3 que dentro del Plan de Empleo que se desarrolla en el Cabildo de Tenerife por un importe de nueve millones de euros, el 50% de las personas contratadas tienen que ser j\u00f3venes.<\/p>\n<p>Rosa Aguilar destac\u00f3 \u201cla amplia experiencia que tiene la Fundaci\u00f3n General para validar los procesos de intervenci\u00f3n y desarrollar este programa de orientaci\u00f3n e inserci\u00f3n laboral\u201d. La rectora valor\u00f3 este programa porque \u201cda en la diana del desempleo juvenil, de manera especial para atender a j\u00f3venes con escasa o ninguna clase de formaci\u00f3n o experiencia laboral previa\u201d.<\/p>\n<p>La directora insular detall\u00f3 que aunque <em>P\u00d3NOS<\/em> se desarrollar\u00e1 de manera itinerante por toda la isla a trav\u00e9s de las diferentes casas de la juventud, tendr\u00e1 cinco sedes: Arona en la zona sur, Gu\u00eda de Isora en la comarca suroeste, Los Realejos en el norte, Candelaria en el \u00e1rea metropolitana y Santa Cruz para atender a los municipios de Santa Cruz y de la Laguna.<\/p>\n<p>Adem\u00e1s, Isabel Bello se\u00f1al\u00f3 que, pese a que el programa est\u00e1 abierto para todos los j\u00f3venes de entre 16 y 35 a\u00f1os que est\u00e9n desempleados, pondr\u00e1 especial atenci\u00f3n a aquellos que carezcan de formaci\u00f3n, a los que se les dar\u00e1 asesoramiento y orientaci\u00f3n. El proyecto, asegur\u00f3, \u201cquiere terminar con el c\u00edrculo vicioso de no conseguir un empleo por carecer de experiencia, pero no tener experiencia por no lograr una primera oportunidad de empleo\u201d.<\/p>\n<p>Para poder ejecutar este proyecto, de trece meses de duraci\u00f3n, se ha contratado a doce profesionales: seis orientadores, cuatro t\u00e9cnicos de integraci\u00f3n social, un coordinador y una persona de apoyo administrativo.\u00a0La inscripci\u00f3n para formar parte de este programa se puede hacer a trav\u00e9s de <a href=\"https:\/\/www.consiguecurroconponos.com\/\" target=\"_blank\" rel=\"noopener\">https:\/\/www.consiguecurroconponos.com\/<\/a>, donde tambi\u00e9n se encuentra toda la informaci\u00f3n relacionada con este programa juvenil.<\/p>\n<p>(Texto e imagen cedidos).<\/p>\n","protected":false},"excerpt":{"rendered":"<p>El Cabildo de Tenerife pone en marcha, en colaboraci\u00f3n con la Fundaci\u00f3n General de la Universidad de La Laguna, el&#8230;<\/p>\n","protected":false},"author":23,"featured_media":59048,"comment_status":"closed","ping_status":"closed","sticky":false,"template":"","format":"standard","meta":{"inline_featured_image":false,"footnotes":""},"categories":[343,345,348,2765],"tags":[1330,7898],"acf":[],"yoast_head":"<!-- This site is optimized with the Yoast SEO plugin v21.3 - https:\/\/yoast.com\/wordpress\/plugins\/seo\/ -->\n<title>Cabildo y Universidad ponen en marcha el proyecto P\u00d3NOS para potenciar la empleabilidad de los j\u00f3venes - ULL - Noticias<\/title>\n<meta name=\"robots\" content=\"index, follow, max-snippet:-1, max-image-preview:large, max-video-preview:-1\" \/>\n<link rel=\"canonical\" href=\"https:\/\/www.ull.es\/portal\/noticias\/2021\/cabildo-y-universidad-ponen-en-marcha-el-proyecto-ponos-para-potenciar-la-empleabilidad-de-los-jovenes\/\" \/>\n<meta property=\"og:locale\" content=\"es_ES\" \/>\n<meta property=\"og:type\" content=\"article\" \/>\n<meta property=\"og:title\" content=\"Cabildo y Universidad ponen en marcha el proyecto P\u00d3NOS para potenciar la empleabilidad de los j\u00f3venes - ULL - Noticias\" \/>\n<meta property=\"og:description\" content=\"El Cabildo de Tenerife pone en marcha, en colaboraci\u00f3n con la Fundaci\u00f3n General de la Universidad de La Laguna, el...\" \/>\n<meta property=\"og:url\" content=\"https:\/\/www.ull.es\/portal\/noticias\/2021\/cabildo-y-universidad-ponen-en-marcha-el-proyecto-ponos-para-potenciar-la-empleabilidad-de-los-jovenes\/\" \/>\n<meta property=\"og:site_name\" content=\"ULL - Noticias\" \/>\n<meta property=\"article:publisher\" content=\"https:\/\/www.facebook.com\/universidaddelalaguna\/\" \/>\n<meta property=\"article:published_time\" content=\"2021-10-19T08:32:06+00:00\" \/>\n<meta property=\"og:image\" content=\"https:\/\/www.ull.es\/portal\/noticias\/wp-content\/uploads\/sites\/13\/2021\/10\/proyecto_ponos.jpg\" \/>\n\t<meta property=\"og:image:width\" content=\"1600\" \/>\n\t<meta property=\"og:image:height\" content=\"1067\" \/>\n\t<meta property=\"og:image:type\" content=\"image\/jpeg\" \/>\n<meta name=\"author\" content=\"gaprsa\" \/>\n<meta name=\"twitter:card\" content=\"summary_large_image\" \/>\n<meta name=\"twitter:creator\" content=\"@CanalULL\" \/>\n<meta name=\"twitter:site\" content=\"@CanalULL\" \/>\n<meta name=\"twitter:label1\" content=\"Escrito por\" \/>\n\t<meta name=\"twitter:data1\" content=\"gaprsa\" \/>\n\t<meta name=\"twitter:label2\" content=\"Tiempo de lectura\" \/>\n\t<meta name=\"twitter:data2\" content=\"3 minutos\" \/>\n<script type=\"application\/ld+json\" class=\"yoast-schema-graph\">{\"@context\":\"https:\/\/schema.org\",\"@graph\":[{\"@type\":\"WebPage\",\"@id\":\"https:\/\/www.ull.es\/portal\/noticias\/2021\/cabildo-y-universidad-ponen-en-marcha-el-proyecto-ponos-para-potenciar-la-empleabilidad-de-los-jovenes\/\",\"url\":\"https:\/\/www.ull.es\/portal\/noticias\/2021\/cabildo-y-universidad-ponen-en-marcha-el-proyecto-ponos-para-potenciar-la-empleabilidad-de-los-jovenes\/\",\"name\":\"Cabildo y Universidad ponen en marcha el proyecto P\u00d3NOS para potenciar la empleabilidad de los j\u00f3venes - ULL - Noticias\",\"isPartOf\":{\"@id\":\"https:\/\/www.ull.es\/portal\/noticias\/#website\"},\"datePublished\":\"2021-10-19T08:32:06+00:00\",\"dateModified\":\"2021-10-19T08:32:06+00:00\",\"author\":{\"@id\":\"https:\/\/www.ull.es\/portal\/noticias\/#\/schema\/person\/b2b1a89d43ffa609e591f7df8ef3e817\"},\"breadcrumb\":{\"@id\":\"https:\/\/www.ull.es\/portal\/noticias\/2021\/cabildo-y-universidad-ponen-en-marcha-el-proyecto-ponos-para-potenciar-la-empleabilidad-de-los-jovenes\/#breadcrumb\"},\"inLanguage\":\"es\",\"potentialAction\":[{\"@type\":\"ReadAction\",\"target\":[\"https:\/\/www.ull.es\/portal\/noticias\/2021\/cabildo-y-universidad-ponen-en-marcha-el-proyecto-ponos-para-potenciar-la-empleabilidad-de-los-jovenes\/\"]}]},{\"@type\":\"BreadcrumbList\",\"@id\":\"https:\/\/www.ull.es\/portal\/noticias\/2021\/cabildo-y-universidad-ponen-en-marcha-el-proyecto-ponos-para-potenciar-la-empleabilidad-de-los-jovenes\/#breadcrumb\",\"itemListElement\":[{\"@type\":\"ListItem\",\"position\":1,\"name\":\"Portada\",\"item\":\"https:\/\/www.ull.es\/portal\/noticias\/\"},{\"@type\":\"ListItem\",\"position\":2,\"name\":\"Cabildo y Universidad ponen en marcha el proyecto P\u00d3NOS para potenciar la empleabilidad de los j\u00f3venes\"}]},{\"@type\":\"WebSite\",\"@id\":\"https:\/\/www.ull.es\/portal\/noticias\/#website\",\"url\":\"https:\/\/www.ull.es\/portal\/noticias\/\",\"name\":\"ULL - Noticias\",\"description\":\"\",\"potentialAction\":[{\"@type\":\"SearchAction\",\"target\":{\"@type\":\"EntryPoint\",\"urlTemplate\":\"https:\/\/www.ull.es\/portal\/noticias\/?s={search_term_string}\"},\"query-input\":\"required name=search_term_string\"}],\"inLanguage\":\"es\"},{\"@type\":\"Person\",\"@id\":\"https:\/\/www.ull.es\/portal\/noticias\/#\/schema\/person\/b2b1a89d43ffa609e591f7df8ef3e817\",\"name\":\"gaprsa\",\"image\":{\"@type\":\"ImageObject\",\"inLanguage\":\"es\",\"@id\":\"https:\/\/www.ull.es\/portal\/noticias\/#\/schema\/person\/image\/\",\"url\":\"https:\/\/secure.gravatar.com\/avatar\/443820550921091458b4823867723b3d?s=96&d=mm&r=g\",\"contentUrl\":\"https:\/\/secure.gravatar.com\/avatar\/443820550921091458b4823867723b3d?s=96&d=mm&r=g\",\"caption\":\"gaprsa\"},\"url\":\"https:\/\/www.ull.es\/portal\/noticias\/author\/gaprsa\/\"}]}<\/script>\n<!-- \/ Yoast SEO plugin. -->","yoast_head_json":{"title":"Cabildo y Universidad ponen en marcha el proyecto P\u00d3NOS para potenciar la empleabilidad de los j\u00f3venes - ULL - Noticias","robots":{"index":"index","follow":"follow","max-snippet":"max-snippet:-1","max-image-preview":"max-image-preview:large","max-video-preview":"max-video-preview:-1"},"canonical":"https:\/\/www.ull.es\/portal\/noticias\/2021\/cabildo-y-universidad-ponen-en-marcha-el-proyecto-ponos-para-potenciar-la-empleabilidad-de-los-jovenes\/","og_locale":"es_ES","og_type":"article","og_title":"Cabildo y Universidad ponen en marcha el proyecto P\u00d3NOS para potenciar la empleabilidad de los j\u00f3venes - ULL - Noticias","og_description":"El Cabildo de Tenerife pone en marcha, en colaboraci\u00f3n con la Fundaci\u00f3n General de la Universidad de La Laguna, el...","og_url":"https:\/\/www.ull.es\/portal\/noticias\/2021\/cabildo-y-universidad-ponen-en-marcha-el-proyecto-ponos-para-potenciar-la-empleabilidad-de-los-jovenes\/","og_site_name":"ULL - Noticias","article_publisher":"https:\/\/www.facebook.com\/universidaddelalaguna\/","article_published_time":"2021-10-19T08:32:06+00:00","og_image":[{"width":1600,"height":1067,"url":"https:\/\/www.ull.es\/portal\/noticias\/wp-content\/uploads\/sites\/13\/2021\/10\/proyecto_ponos.jpg","type":"image\/jpeg"}],"author":"gaprsa","twitter_card":"summary_large_image","twitter_creator":"@CanalULL","twitter_site":"@CanalULL","twitter_misc":{"Escrito por":"gaprsa","Tiempo de lectura":"3 minutos"},"schema":{"@context":"https:\/\/schema.org","@graph":[{"@type":"WebPage","@id":"https:\/\/www.ull.es\/portal\/noticias\/2021\/cabildo-y-universidad-ponen-en-marcha-el-proyecto-ponos-para-potenciar-la-empleabilidad-de-los-jovenes\/","url":"https:\/\/www.ull.es\/portal\/noticias\/2021\/cabildo-y-universidad-ponen-en-marcha-el-proyecto-ponos-para-potenciar-la-empleabilidad-de-los-jovenes\/","name":"Cabildo y Universidad ponen en marcha el proyecto P\u00d3NOS para potenciar la empleabilidad de los j\u00f3venes - ULL - Noticias","isPartOf":{"@id":"https:\/\/www.ull.es\/portal\/noticias\/#website"},"datePublished":"2021-10-19T08:32:06+00:00","dateModified":"2021-10-19T08:32:06+00:00","author":{"@id":"https:\/\/www.ull.es\/portal\/noticias\/#\/schema\/person\/b2b1a89d43ffa609e591f7df8ef3e817"},"breadcrumb":{"@id":"https:\/\/www.ull.es\/portal\/noticias\/2021\/cabildo-y-universidad-ponen-en-marcha-el-proyecto-ponos-para-potenciar-la-empleabilidad-de-los-jovenes\/#breadcrumb"},"inLanguage":"es","potentialAction":[{"@type":"ReadAction","target":["https:\/\/www.ull.es\/portal\/noticias\/2021\/cabildo-y-universidad-ponen-en-marcha-el-proyecto-ponos-para-potenciar-la-empleabilidad-de-los-jovenes\/"]}]},{"@type":"BreadcrumbList","@id":"https:\/\/www.ull.es\/portal\/noticias\/2021\/cabildo-y-universidad-ponen-en-marcha-el-proyecto-ponos-para-potenciar-la-empleabilidad-de-los-jovenes\/#breadcrumb","itemListElement":[{"@type":"ListItem","position":1,"name":"Portada","item":"https:\/\/www.ull.es\/portal\/noticias\/"},{"@type":"ListItem","position":2,"name":"Cabildo y Universidad ponen en marcha el proyecto P\u00d3NOS para potenciar la empleabilidad de los j\u00f3venes"}]},{"@type":"WebSite","@id":"https:\/\/www.ull.es\/portal\/noticias\/#website","url":"https:\/\/www.ull.es\/portal\/noticias\/","name":"ULL - Noticias","description":"","potentialAction":[{"@type":"SearchAction","target":{"@type":"EntryPoint","urlTemplate":"https:\/\/www.ull.es\/portal\/noticias\/?s={search_term_string}"},"query-input":"required name=search_term_string"}],"inLanguage":"es"},{"@type":"Person","@id":"https:\/\/www.ull.es\/portal\/noticias\/#\/schema\/person\/b2b1a89d43ffa609e591f7df8ef3e817","name":"gaprsa","image":{"@type":"ImageObject","inLanguage":"es","@id":"https:\/\/www.ull.es\/portal\/noticias\/#\/schema\/person\/image\/","url":"https:\/\/secure.gravatar.com\/avatar\/443820550921091458b4823867723b3d?s=96&d=mm&r=g","contentUrl":"https:\/\/secure.gravatar.com\/avatar\/443820550921091458b4823867723b3d?s=96&d=mm&r=g","caption":"gaprsa"},"url":"https:\/\/www.ull.es\/portal\/noticias\/author\/gaprsa\/"}]}},"primary_category":{"id":345,"name":"Destacado","slug":"destacado","link":"https:\/\/www.ull.es\/portal\/noticias\/category\/destacado\/"},"featured_image_thumbnail_url":"https:\/\/www.ull.es\/portal\/noticias\/wp-content\/uploads\/sites\/13\/2021\/10\/proyecto_ponos-300x200.jpg","_links":{"self":[{"href":"https:\/\/www.ull.es\/portal\/noticias\/wp-json\/wp\/v2\/posts\/59046"}],"collection":[{"href":"https:\/\/www.ull.es\/portal\/noticias\/wp-json\/wp\/v2\/posts"}],"about":[{"href":"https:\/\/www.ull.es\/portal\/noticias\/wp-json\/wp\/v2\/types\/post"}],"author":[{"embeddable":true,"href":"https:\/\/www.ull.es\/portal\/noticias\/wp-json\/wp\/v2\/users\/23"}],"replies":[{"embeddable":true,"href":"https:\/\/www.ull.es\/portal\/noticias\/wp-json\/wp\/v2\/comments?post=59046"}],"version-history":[{"count":2,"href":"https:\/\/www.ull.es\/portal\/noticias\/wp-json\/wp\/v2\/posts\/59046\/revisions"}],"predecessor-version":[{"id":59049,"href":"https:\/\/www.ull.es\/portal\/noticias\/wp-json\/wp\/v2\/posts\/59046\/revisions\/59049"}],"wp:featuredmedia":[{"embeddable":true,"href":"https:\/\/www.ull.es\/portal\/noticias\/wp-json\/wp\/v2\/media\/59048"}],"wp:attachment":[{"href":"https:\/\/www.ull.es\/portal\/noticias\/wp-json\/wp\/v2\/media?parent=59046"}],"wp:term":[{"taxonomy":"category","embeddable":true,"href":"https:\/\/www.ull.es\/portal\/noticias\/wp-json\/wp\/v2\/categories?post=59046"},{"taxonomy":"post_tag","embeddable":true,"href":"https:\/\/www.ull.es\/portal\/noticias\/wp-json\/wp\/v2\/tags?post=59046"}],"curies":[{"name":"wp","href":"https:\/\/api.w.org\/{rel}","templated":true}]}}