{"id":59148,"date":"2021-10-22T13:40:56","date_gmt":"2021-10-22T13:40:56","guid":{"rendered":"https:\/\/www.ull.es\/portal\/noticias\/?p=59148"},"modified":"2022-01-25T11:13:40","modified_gmt":"2022-01-25T11:13:40","slug":"un-programa-de-la-universidad-de-la-laguna-y-el-cabildo-fomenta-el-aprendizaje-realizando-un-servicio-a-la-comunidad","status":"publish","type":"post","link":"https:\/\/www.ull.es\/portal\/noticias\/2021\/un-programa-de-la-universidad-de-la-laguna-y-el-cabildo-fomenta-el-aprendizaje-realizando-un-servicio-a-la-comunidad\/","title":{"rendered":"Un programa de la Universidad de La Laguna y el Cabildo fomenta el aprendizaje realizando un servicio a la comunidad"},"content":{"rendered":"<p>La Universidad de La Laguna y el Cabildo de Tenerife han iniciado un programa colaborativo, a trav\u00e9s de Tenerife Joven y Educa y la Fundaci\u00f3n General del centro universitario, que acompa\u00f1ar\u00e1 a docentes, entidades y alumnado en el desarrollo de proyectos de aprendizaje-servicio.\u00a0Esta metodolog\u00eda educativa est\u00e1 basada en la idea de que el verdadero \u00e9xito de la educaci\u00f3n consiste en formar una ciudadan\u00eda capaz de mejorar la sociedad, y no s\u00f3lo de realizar un curr\u00edculo personal. Se ha comprobado que unir el compromiso social con el aprendizaje es uno de los m\u00e9todos de adquisici\u00f3n de conocimientos m\u00e1s eficaces, porque el alumnado encuentra un sentido a lo que estudia cuando trabaja en necesidades reales del entorno.<\/p>\n<p>El programa, por tanto, trata de impulsar esta propuesta educativa que combina procesos de aprendizaje y servicio a la comunidad en un solo proyecto, lo que la convierte tambi\u00e9n en una estrategia de desarrollo comunitario muy ligada a los Objetivos de Desarrollo Sostenible.\u00a0El programa, coordinado por el profesor del Departamento de Econom\u00eda, Contabilidad y Finanzas de la Universidad de La Laguna Francisco Javier Amador, ha comenzado con el curso <em>C\u00f3mo iniciar un proyecto aprendizaje-servicio.<\/em> Para llevar a cabo esta primera actividad formativa se ha contado con la colaboraci\u00f3n de la <a href=\"https:\/\/www.aprendizajeservicio.net\/\" target=\"_blank\" rel=\"noopener\">Red Espa\u00f1ola de Aprendizaje-Servicio<\/a>, que ha dise\u00f1ado el contenido del curso, y tambi\u00e9n con la <a href=\"https:\/\/aprendizaje-servicio.wixsite.com\/acaps\" target=\"_blank\" rel=\"noopener\">Asociaci\u00f3n Canaria de Aprendizaje Servicio<\/a>, que aporta varios de los docentes que llevar\u00e1n a cabo la tutorizaci\u00f3n del alumnado del curso.<\/p>\n<p>Como ejemplo de aprendizaje-servicio, <a href=\"https:\/\/roserbatlle.net\/perfil\/curriculum\/\" target=\"_blank\" rel=\"noopener\">Roser Batll\u00e9<\/a>, pedagoga y referente a nivel nacional en la difusi\u00f3n del aprendizaje-servicio, fundadora de la Red Espa\u00f1ola de Aprendizaje-Servicio y autora de numerosas publicaciones, inaugur\u00f3 el curso explicando un proyecto surgido a ra\u00edz de una erupci\u00f3n volc\u00e1nica en Bariloche en 2011, en el que los j\u00f3venes que participaban en un programa de formaci\u00f3n profesional desarrollaron competencias aprendiendo a fabricar ladrillos para reconstruir las casas de las familias de bajo ingreso usando la ceniza del volc\u00e1n.<\/p>\n<p>A este primer curso asisten 56 personas, de las cuales 24 son t\u00e9cnicos de entidades y administraciones p\u00fablicas,\u00a024 son docentes no universitarios,\u00a0y el resto pertenecen al profesorado universitario. La duraci\u00f3n prevista del mismo es de 6 semanas, concluyendo con la presentaci\u00f3n de los proyectos dise\u00f1ados en el curso el 25 de noviembre de 2021. Durante este periodo el alumnado trabajar\u00e1 en el dise\u00f1o de proyectos educativos con utilidad social en los que se fusionan, una intencionalidad pedag\u00f3gica y una intencionalidad solidaria.<\/p>\n","protected":false},"excerpt":{"rendered":"<p>La Universidad de La Laguna y el Cabildo de Tenerife han iniciado un programa colaborativo, a trav\u00e9s de Tenerife Joven&#8230;<\/p>\n","protected":false},"author":23,"featured_media":59152,"comment_status":"closed","ping_status":"closed","sticky":false,"template":"","format":"standard","meta":{"inline_featured_image":false,"footnotes":""},"categories":[8225,345,348,2765],"tags":[7913,3420,7912],"acf":[],"yoast_head":"<!-- This site is optimized with the Yoast SEO plugin v21.3 - https:\/\/yoast.com\/wordpress\/plugins\/seo\/ -->\n<title>Un programa de la Universidad de La Laguna y el Cabildo fomenta el aprendizaje realizando un servicio a la comunidad - ULL - Noticias<\/title>\n<meta name=\"robots\" content=\"index, follow, max-snippet:-1, max-image-preview:large, max-video-preview:-1\" \/>\n<link rel=\"canonical\" href=\"https:\/\/www.ull.es\/portal\/noticias\/2021\/un-programa-de-la-universidad-de-la-laguna-y-el-cabildo-fomenta-el-aprendizaje-realizando-un-servicio-a-la-comunidad\/\" \/>\n<meta property=\"og:locale\" content=\"es_ES\" \/>\n<meta property=\"og:type\" content=\"article\" \/>\n<meta property=\"og:title\" content=\"Un programa de la Universidad de La Laguna y el Cabildo fomenta el aprendizaje realizando un servicio a la comunidad - ULL - Noticias\" \/>\n<meta property=\"og:description\" content=\"La Universidad de La Laguna y el Cabildo de Tenerife han iniciado un programa colaborativo, a trav\u00e9s de Tenerife Joven...\" \/>\n<meta property=\"og:url\" content=\"https:\/\/www.ull.es\/portal\/noticias\/2021\/un-programa-de-la-universidad-de-la-laguna-y-el-cabildo-fomenta-el-aprendizaje-realizando-un-servicio-a-la-comunidad\/\" \/>\n<meta property=\"og:site_name\" content=\"ULL - Noticias\" \/>\n<meta property=\"article:publisher\" content=\"https:\/\/www.facebook.com\/universidaddelalaguna\/\" \/>\n<meta property=\"article:published_time\" content=\"2021-10-22T13:40:56+00:00\" \/>\n<meta property=\"article:modified_time\" content=\"2022-01-25T11:13:40+00:00\" \/>\n<meta property=\"og:image\" content=\"https:\/\/www.ull.es\/portal\/noticias\/wp-content\/uploads\/sites\/13\/2021\/10\/BATLLE.jpg\" \/>\n\t<meta property=\"og:image:width\" content=\"1200\" \/>\n\t<meta property=\"og:image:height\" content=\"800\" \/>\n\t<meta property=\"og:image:type\" content=\"image\/jpeg\" \/>\n<meta name=\"author\" content=\"gaprsa\" \/>\n<meta name=\"twitter:card\" content=\"summary_large_image\" \/>\n<meta name=\"twitter:creator\" content=\"@CanalULL\" \/>\n<meta name=\"twitter:site\" content=\"@CanalULL\" \/>\n<meta name=\"twitter:label1\" content=\"Escrito por\" \/>\n\t<meta name=\"twitter:data1\" content=\"gaprsa\" \/>\n\t<meta name=\"twitter:label2\" content=\"Tiempo de lectura\" \/>\n\t<meta name=\"twitter:data2\" content=\"2 minutos\" \/>\n<script type=\"application\/ld+json\" class=\"yoast-schema-graph\">{\"@context\":\"https:\/\/schema.org\",\"@graph\":[{\"@type\":\"WebPage\",\"@id\":\"https:\/\/www.ull.es\/portal\/noticias\/2021\/un-programa-de-la-universidad-de-la-laguna-y-el-cabildo-fomenta-el-aprendizaje-realizando-un-servicio-a-la-comunidad\/\",\"url\":\"https:\/\/www.ull.es\/portal\/noticias\/2021\/un-programa-de-la-universidad-de-la-laguna-y-el-cabildo-fomenta-el-aprendizaje-realizando-un-servicio-a-la-comunidad\/\",\"name\":\"Un programa de la Universidad de La Laguna y el Cabildo fomenta el aprendizaje realizando un servicio a la comunidad - ULL - Noticias\",\"isPartOf\":{\"@id\":\"https:\/\/www.ull.es\/portal\/noticias\/#website\"},\"datePublished\":\"2021-10-22T13:40:56+00:00\",\"dateModified\":\"2022-01-25T11:13:40+00:00\",\"author\":{\"@id\":\"https:\/\/www.ull.es\/portal\/noticias\/#\/schema\/person\/b2b1a89d43ffa609e591f7df8ef3e817\"},\"breadcrumb\":{\"@id\":\"https:\/\/www.ull.es\/portal\/noticias\/2021\/un-programa-de-la-universidad-de-la-laguna-y-el-cabildo-fomenta-el-aprendizaje-realizando-un-servicio-a-la-comunidad\/#breadcrumb\"},\"inLanguage\":\"es\",\"potentialAction\":[{\"@type\":\"ReadAction\",\"target\":[\"https:\/\/www.ull.es\/portal\/noticias\/2021\/un-programa-de-la-universidad-de-la-laguna-y-el-cabildo-fomenta-el-aprendizaje-realizando-un-servicio-a-la-comunidad\/\"]}]},{\"@type\":\"BreadcrumbList\",\"@id\":\"https:\/\/www.ull.es\/portal\/noticias\/2021\/un-programa-de-la-universidad-de-la-laguna-y-el-cabildo-fomenta-el-aprendizaje-realizando-un-servicio-a-la-comunidad\/#breadcrumb\",\"itemListElement\":[{\"@type\":\"ListItem\",\"position\":1,\"name\":\"Portada\",\"item\":\"https:\/\/www.ull.es\/portal\/noticias\/\"},{\"@type\":\"ListItem\",\"position\":2,\"name\":\"Un programa de la Universidad de La Laguna y el Cabildo fomenta el aprendizaje realizando un servicio a la comunidad\"}]},{\"@type\":\"WebSite\",\"@id\":\"https:\/\/www.ull.es\/portal\/noticias\/#website\",\"url\":\"https:\/\/www.ull.es\/portal\/noticias\/\",\"name\":\"ULL - Noticias\",\"description\":\"\",\"potentialAction\":[{\"@type\":\"SearchAction\",\"target\":{\"@type\":\"EntryPoint\",\"urlTemplate\":\"https:\/\/www.ull.es\/portal\/noticias\/?s={search_term_string}\"},\"query-input\":\"required name=search_term_string\"}],\"inLanguage\":\"es\"},{\"@type\":\"Person\",\"@id\":\"https:\/\/www.ull.es\/portal\/noticias\/#\/schema\/person\/b2b1a89d43ffa609e591f7df8ef3e817\",\"name\":\"gaprsa\",\"image\":{\"@type\":\"ImageObject\",\"inLanguage\":\"es\",\"@id\":\"https:\/\/www.ull.es\/portal\/noticias\/#\/schema\/person\/image\/\",\"url\":\"https:\/\/secure.gravatar.com\/avatar\/443820550921091458b4823867723b3d?s=96&d=mm&r=g\",\"contentUrl\":\"https:\/\/secure.gravatar.com\/avatar\/443820550921091458b4823867723b3d?s=96&d=mm&r=g\",\"caption\":\"gaprsa\"},\"url\":\"https:\/\/www.ull.es\/portal\/noticias\/author\/gaprsa\/\"}]}<\/script>\n<!-- \/ Yoast SEO plugin. -->","yoast_head_json":{"title":"Un programa de la Universidad de La Laguna y el Cabildo fomenta el aprendizaje realizando un servicio a la comunidad - ULL - Noticias","robots":{"index":"index","follow":"follow","max-snippet":"max-snippet:-1","max-image-preview":"max-image-preview:large","max-video-preview":"max-video-preview:-1"},"canonical":"https:\/\/www.ull.es\/portal\/noticias\/2021\/un-programa-de-la-universidad-de-la-laguna-y-el-cabildo-fomenta-el-aprendizaje-realizando-un-servicio-a-la-comunidad\/","og_locale":"es_ES","og_type":"article","og_title":"Un programa de la Universidad de La Laguna y el Cabildo fomenta el aprendizaje realizando un servicio a la comunidad - ULL - Noticias","og_description":"La Universidad de La Laguna y el Cabildo de Tenerife han iniciado un programa colaborativo, a trav\u00e9s de Tenerife Joven...","og_url":"https:\/\/www.ull.es\/portal\/noticias\/2021\/un-programa-de-la-universidad-de-la-laguna-y-el-cabildo-fomenta-el-aprendizaje-realizando-un-servicio-a-la-comunidad\/","og_site_name":"ULL - Noticias","article_publisher":"https:\/\/www.facebook.com\/universidaddelalaguna\/","article_published_time":"2021-10-22T13:40:56+00:00","article_modified_time":"2022-01-25T11:13:40+00:00","og_image":[{"width":1200,"height":800,"url":"https:\/\/www.ull.es\/portal\/noticias\/wp-content\/uploads\/sites\/13\/2021\/10\/BATLLE.jpg","type":"image\/jpeg"}],"author":"gaprsa","twitter_card":"summary_large_image","twitter_creator":"@CanalULL","twitter_site":"@CanalULL","twitter_misc":{"Escrito por":"gaprsa","Tiempo de lectura":"2 minutos"},"schema":{"@context":"https:\/\/schema.org","@graph":[{"@type":"WebPage","@id":"https:\/\/www.ull.es\/portal\/noticias\/2021\/un-programa-de-la-universidad-de-la-laguna-y-el-cabildo-fomenta-el-aprendizaje-realizando-un-servicio-a-la-comunidad\/","url":"https:\/\/www.ull.es\/portal\/noticias\/2021\/un-programa-de-la-universidad-de-la-laguna-y-el-cabildo-fomenta-el-aprendizaje-realizando-un-servicio-a-la-comunidad\/","name":"Un programa de la Universidad de La Laguna y el Cabildo fomenta el aprendizaje realizando un servicio a la comunidad - ULL - Noticias","isPartOf":{"@id":"https:\/\/www.ull.es\/portal\/noticias\/#website"},"datePublished":"2021-10-22T13:40:56+00:00","dateModified":"2022-01-25T11:13:40+00:00","author":{"@id":"https:\/\/www.ull.es\/portal\/noticias\/#\/schema\/person\/b2b1a89d43ffa609e591f7df8ef3e817"},"breadcrumb":{"@id":"https:\/\/www.ull.es\/portal\/noticias\/2021\/un-programa-de-la-universidad-de-la-laguna-y-el-cabildo-fomenta-el-aprendizaje-realizando-un-servicio-a-la-comunidad\/#breadcrumb"},"inLanguage":"es","potentialAction":[{"@type":"ReadAction","target":["https:\/\/www.ull.es\/portal\/noticias\/2021\/un-programa-de-la-universidad-de-la-laguna-y-el-cabildo-fomenta-el-aprendizaje-realizando-un-servicio-a-la-comunidad\/"]}]},{"@type":"BreadcrumbList","@id":"https:\/\/www.ull.es\/portal\/noticias\/2021\/un-programa-de-la-universidad-de-la-laguna-y-el-cabildo-fomenta-el-aprendizaje-realizando-un-servicio-a-la-comunidad\/#breadcrumb","itemListElement":[{"@type":"ListItem","position":1,"name":"Portada","item":"https:\/\/www.ull.es\/portal\/noticias\/"},{"@type":"ListItem","position":2,"name":"Un programa de la Universidad de La Laguna y el Cabildo fomenta el aprendizaje realizando un servicio a la comunidad"}]},{"@type":"WebSite","@id":"https:\/\/www.ull.es\/portal\/noticias\/#website","url":"https:\/\/www.ull.es\/portal\/noticias\/","name":"ULL - Noticias","description":"","potentialAction":[{"@type":"SearchAction","target":{"@type":"EntryPoint","urlTemplate":"https:\/\/www.ull.es\/portal\/noticias\/?s={search_term_string}"},"query-input":"required name=search_term_string"}],"inLanguage":"es"},{"@type":"Person","@id":"https:\/\/www.ull.es\/portal\/noticias\/#\/schema\/person\/b2b1a89d43ffa609e591f7df8ef3e817","name":"gaprsa","image":{"@type":"ImageObject","inLanguage":"es","@id":"https:\/\/www.ull.es\/portal\/noticias\/#\/schema\/person\/image\/","url":"https:\/\/secure.gravatar.com\/avatar\/443820550921091458b4823867723b3d?s=96&d=mm&r=g","contentUrl":"https:\/\/secure.gravatar.com\/avatar\/443820550921091458b4823867723b3d?s=96&d=mm&r=g","caption":"gaprsa"},"url":"https:\/\/www.ull.es\/portal\/noticias\/author\/gaprsa\/"}]}},"primary_category":{"id":345,"name":"Destacado","slug":"destacado","link":"https:\/\/www.ull.es\/portal\/noticias\/category\/destacado\/"},"featured_image_thumbnail_url":"https:\/\/www.ull.es\/portal\/noticias\/wp-content\/uploads\/sites\/13\/2021\/10\/BATLLE-300x200.jpg","_links":{"self":[{"href":"https:\/\/www.ull.es\/portal\/noticias\/wp-json\/wp\/v2\/posts\/59148"}],"collection":[{"href":"https:\/\/www.ull.es\/portal\/noticias\/wp-json\/wp\/v2\/posts"}],"about":[{"href":"https:\/\/www.ull.es\/portal\/noticias\/wp-json\/wp\/v2\/types\/post"}],"author":[{"embeddable":true,"href":"https:\/\/www.ull.es\/portal\/noticias\/wp-json\/wp\/v2\/users\/23"}],"replies":[{"embeddable":true,"href":"https:\/\/www.ull.es\/portal\/noticias\/wp-json\/wp\/v2\/comments?post=59148"}],"version-history":[{"count":1,"href":"https:\/\/www.ull.es\/portal\/noticias\/wp-json\/wp\/v2\/posts\/59148\/revisions"}],"predecessor-version":[{"id":59149,"href":"https:\/\/www.ull.es\/portal\/noticias\/wp-json\/wp\/v2\/posts\/59148\/revisions\/59149"}],"wp:featuredmedia":[{"embeddable":true,"href":"https:\/\/www.ull.es\/portal\/noticias\/wp-json\/wp\/v2\/media\/59152"}],"wp:attachment":[{"href":"https:\/\/www.ull.es\/portal\/noticias\/wp-json\/wp\/v2\/media?parent=59148"}],"wp:term":[{"taxonomy":"category","embeddable":true,"href":"https:\/\/www.ull.es\/portal\/noticias\/wp-json\/wp\/v2\/categories?post=59148"},{"taxonomy":"post_tag","embeddable":true,"href":"https:\/\/www.ull.es\/portal\/noticias\/wp-json\/wp\/v2\/tags?post=59148"}],"curies":[{"name":"wp","href":"https:\/\/api.w.org\/{rel}","templated":true}]}}