{"id":59160,"date":"2021-10-25T09:50:13","date_gmt":"2021-10-25T09:50:13","guid":{"rendered":"https:\/\/www.ull.es\/portal\/noticias\/?p=59160"},"modified":"2021-10-26T10:48:00","modified_gmt":"2021-10-26T10:48:00","slug":"syntagma-tori-ferrer-premio-musica","status":"publish","type":"post","link":"https:\/\/www.ull.es\/portal\/noticias\/2021\/syntagma-tori-ferrer-premio-musica\/","title":{"rendered":"Syntagma y Tori Ferrer ganan el XVI Premio de M\u00fasica de la Universidad de La Laguna"},"content":{"rendered":"<p><iframe loading=\"lazy\" title=\"ULL Rock 2021 - Premio de M\u00fasica de la Universidad de La Laguna\" width=\"750\" height=\"422\" src=\"https:\/\/www.youtube.com\/embed\/sM9DMBbjqv0?feature=oembed\" frameborder=\"0\" allow=\"accelerometer; autoplay; clipboard-write; encrypted-media; gyroscope; picture-in-picture\" allowfullscreen><\/iframe><\/p>\n<p>&nbsp;<\/p>\n<div id=\"attachment_59169\" style=\"width: 310px\" class=\"wp-caption alignright\"><a href=\"https:\/\/www.ull.es\/portal\/noticias\/wp-content\/uploads\/sites\/13\/2021\/10\/ULLROCK-2021-1o-PREMIO-07.jpg\" target=\"_blank\" rel=\"noopener\" target=\"_blank\" rel=\"noopener\"><img aria-describedby=\"caption-attachment-59169\" decoding=\"async\" loading=\"lazy\" class=\"wp-image-59169 size-medium\" src=\"https:\/\/www.ull.es\/portal\/noticias\/wp-content\/uploads\/sites\/13\/2021\/10\/ULLROCK-2021-1o-PREMIO-07-300x200.jpg\" alt=\"El grupo Syntagman, ganador del ULL Rock 2021.\" width=\"300\" height=\"200\" srcset=\"https:\/\/www.ull.es\/portal\/noticias\/wp-content\/uploads\/sites\/13\/2021\/10\/ULLROCK-2021-1o-PREMIO-07-300x200.jpg 300w, https:\/\/www.ull.es\/portal\/noticias\/wp-content\/uploads\/sites\/13\/2021\/10\/ULLROCK-2021-1o-PREMIO-07-768x512.jpg 768w, https:\/\/www.ull.es\/portal\/noticias\/wp-content\/uploads\/sites\/13\/2021\/10\/ULLROCK-2021-1o-PREMIO-07-375x250.jpg 375w, https:\/\/www.ull.es\/portal\/noticias\/wp-content\/uploads\/sites\/13\/2021\/10\/ULLROCK-2021-1o-PREMIO-07-750x500.jpg 750w, https:\/\/www.ull.es\/portal\/noticias\/wp-content\/uploads\/sites\/13\/2021\/10\/ULLROCK-2021-1o-PREMIO-07.jpg 1024w\" sizes=\"(max-width: 300px) 100vw, 300px\" \/><\/a><p id=\"caption-attachment-59169\" class=\"wp-caption-text\">El grupo Syntagma, ganador del ULL Rock 2021.<\/p>\n<div>Fotos JJ Press<\/div>\n<p><\/p><\/div>\n<p>Este fin de semana ha tenido lugar en la sala Aguere Cultural el festival ULL Rock, velada que sirve para elegir a los dos ganadores del <a href=\"https:\/\/www.ull.es\/portal\/convocatorias\/convocatoria\/xvi-premio-de-musica-de-la-universidad-de-la-laguna-2021\/\" target=\"_blank\" rel=\"noopener\" target=\"_blank\" rel=\"noopener\">Premio de M\u00fasica de la Universidad de La Laguna<\/a>, el cual en 2021 ha llegado a su d\u00e9cimo sexta edici\u00f3n. El grupo pop <a href=\"https:\/\/www.youtube.com\/channel\/UClIFFj5hH5twWytCfDK6WMw\/featured\" target=\"_blank\" rel=\"noopener\" target=\"_blank\" rel=\"noopener\">Syntagma<\/a> result\u00f3 ganador del primer premio, dotado con 1.400 euros, mientras que la cantaora <a href=\"https:\/\/linktr.ee\/toriferrer\" target=\"_blank\" rel=\"noopener\" target=\"_blank\" rel=\"noopener\">Tori Ferrer<\/a> se hizo con el segundo galard\u00f3n, valorado en 600 euros. En esta fase final tambi\u00e9n participaron <a href=\"https:\/\/www.youtube.com\/channel\/UCejmSHQBhFI6yaWtK6Iqbig\" target=\"_blank\" rel=\"noopener\" target=\"_blank\" rel=\"noopener\">Chema Madero y los Sospechosos Habituales<\/a>, <a href=\"https:\/\/claudiabasterramusic.com\/\" target=\"_blank\" rel=\"noopener\" target=\"_blank\" rel=\"noopener\">Claudia Basterra<\/a> y <a href=\"https:\/\/elodie.bandcamp.com\/?fbclid=IwAR1XqgMuiS4SGXKTChLtmwAW03LYfk1uXOQqHunIBFiqn0Z7poz3L4z9kG4\" target=\"_blank\" rel=\"noopener\" target=\"_blank\" rel=\"noopener\">Elodi\u00e8<\/a>, adem\u00e1s de <a href=\"https:\/\/www.facebook.com\/OnoFreeFadar\/\" target=\"_blank\" rel=\"noopener\" target=\"_blank\" rel=\"noopener\">OnoFreeFadar<\/a>, grupo que qued\u00f3 en segundo lugar en la edici\u00f3n pasada y que fue invitado para actuar durante la deliberaci\u00f3n del jurado.<\/p>\n<p style=\"text-align: center\"><a href=\"https:\/\/drive.google.com\/drive\/folders\/1VGgWyR45DhNb0XjIPAttuDaNU45M-_ZL?usp=sharing\" target=\"_blank\" rel=\"noopener\" target=\"_blank\" rel=\"noopener\"><strong>Galer\u00eda de im\u00e1genes<\/strong><\/a><\/p>\n<div id=\"attachment_59161\" style=\"width: 310px\" class=\"wp-caption alignleft\"><a href=\"https:\/\/www.ull.es\/portal\/noticias\/wp-content\/uploads\/sites\/13\/2021\/10\/ULLROCK-2021-PRESENTACION-07.jpg\" target=\"_blank\" rel=\"noopener\" target=\"_blank\" rel=\"noopener\"><img aria-describedby=\"caption-attachment-59161\" decoding=\"async\" loading=\"lazy\" class=\"wp-image-59161 size-medium\" src=\"https:\/\/www.ull.es\/portal\/noticias\/wp-content\/uploads\/sites\/13\/2021\/10\/ULLROCK-2021-PRESENTACION-07-300x200.jpg\" alt=\"La rectora durante su intervenci\u00f3n.\" width=\"300\" height=\"200\" srcset=\"https:\/\/www.ull.es\/portal\/noticias\/wp-content\/uploads\/sites\/13\/2021\/10\/ULLROCK-2021-PRESENTACION-07-300x200.jpg 300w, https:\/\/www.ull.es\/portal\/noticias\/wp-content\/uploads\/sites\/13\/2021\/10\/ULLROCK-2021-PRESENTACION-07-768x512.jpg 768w, https:\/\/www.ull.es\/portal\/noticias\/wp-content\/uploads\/sites\/13\/2021\/10\/ULLROCK-2021-PRESENTACION-07-375x250.jpg 375w, https:\/\/www.ull.es\/portal\/noticias\/wp-content\/uploads\/sites\/13\/2021\/10\/ULLROCK-2021-PRESENTACION-07-750x500.jpg 750w, https:\/\/www.ull.es\/portal\/noticias\/wp-content\/uploads\/sites\/13\/2021\/10\/ULLROCK-2021-PRESENTACION-07.jpg 1024w\" sizes=\"(max-width: 300px) 100vw, 300px\" \/><\/a><p id=\"caption-attachment-59161\" class=\"wp-caption-text\">La rectora durante su intervenci\u00f3n.<\/p><\/div>\n<p>La gala estuvo presentada por el periodista y m\u00fasico Daniel \u00c1lvarez, quien comenz\u00f3 dando paso a la rectora de la Universidad de La Laguna, Rosa Aguilar, y al vicerrector de Cultura y Participaci\u00f3n Social, Juan Albino M\u00e9ndez, quienes tuvieron un recuerdo para los vecinos de La Palma afectados por el volc\u00e1n y destacaron que ULL Rock estaba volviendo poco a poco a recobrar su formato presencial habitual. Ambos resaltaron la importancia de apoyar la programaci\u00f3n de los espacios culturales y recordaron que la m\u00fasica hab\u00eda sido una v\u00eda de escape muy importante durante los meses m\u00e1s complicados de la pandemia.<\/p>\n<div id=\"attachment_59162\" style=\"width: 310px\" class=\"wp-caption alignright\"><a href=\"https:\/\/www.ull.es\/portal\/noticias\/wp-content\/uploads\/sites\/13\/2021\/10\/ULLROCK-2021-CHEMA-MADERO-06.jpg\" target=\"_blank\" rel=\"noopener\" target=\"_blank\" rel=\"noopener\"><img aria-describedby=\"caption-attachment-59162\" decoding=\"async\" loading=\"lazy\" class=\"wp-image-59162 size-medium\" src=\"https:\/\/www.ull.es\/portal\/noticias\/wp-content\/uploads\/sites\/13\/2021\/10\/ULLROCK-2021-CHEMA-MADERO-06-300x200.jpg\" alt=\"Chema Madero\" width=\"300\" height=\"200\" srcset=\"https:\/\/www.ull.es\/portal\/noticias\/wp-content\/uploads\/sites\/13\/2021\/10\/ULLROCK-2021-CHEMA-MADERO-06-300x200.jpg 300w, https:\/\/www.ull.es\/portal\/noticias\/wp-content\/uploads\/sites\/13\/2021\/10\/ULLROCK-2021-CHEMA-MADERO-06-768x512.jpg 768w, https:\/\/www.ull.es\/portal\/noticias\/wp-content\/uploads\/sites\/13\/2021\/10\/ULLROCK-2021-CHEMA-MADERO-06-375x250.jpg 375w, https:\/\/www.ull.es\/portal\/noticias\/wp-content\/uploads\/sites\/13\/2021\/10\/ULLROCK-2021-CHEMA-MADERO-06-750x500.jpg 750w, https:\/\/www.ull.es\/portal\/noticias\/wp-content\/uploads\/sites\/13\/2021\/10\/ULLROCK-2021-CHEMA-MADERO-06.jpg 1024w\" sizes=\"(max-width: 300px) 100vw, 300px\" \/><\/a><p id=\"caption-attachment-59162\" class=\"wp-caption-text\">Chema Madero<\/p><\/div>\n<p>Chema Madero y los Sospechosos Habituales fueron los primeros en actuar, con una animada propuesta de rock y alg\u00fan toque blues que supo extraer los primeros aplausos c\u00f3mplices de la audiencia. El int\u00e9rprete mostr\u00f3 su seguridad en el escenario, pues no en vano ya ha sacado dos EP al mercado. En sus letras reivindic\u00f3 la huida de la vida rutinaria que impone la sociedad contempor\u00e1nea, as\u00ed como el disfrute de una dosis de hedonismo y erotismo c\u00f3mplice sin que importe \u201cel qu\u00e9 dir\u00e1n\u201d.<\/p>\n<div id=\"attachment_59163\" style=\"width: 310px\" class=\"wp-caption alignleft\"><a href=\"https:\/\/www.ull.es\/portal\/noticias\/wp-content\/uploads\/sites\/13\/2021\/10\/ULLROCK-2021-TORI-FERRER-18.jpg\" target=\"_blank\" rel=\"noopener\" target=\"_blank\" rel=\"noopener\"><img aria-describedby=\"caption-attachment-59163\" decoding=\"async\" loading=\"lazy\" class=\"wp-image-59163 size-medium\" src=\"https:\/\/www.ull.es\/portal\/noticias\/wp-content\/uploads\/sites\/13\/2021\/10\/ULLROCK-2021-TORI-FERRER-18-300x200.jpg\" alt=\"Tori Ferrer\" width=\"300\" height=\"200\" srcset=\"https:\/\/www.ull.es\/portal\/noticias\/wp-content\/uploads\/sites\/13\/2021\/10\/ULLROCK-2021-TORI-FERRER-18-300x200.jpg 300w, https:\/\/www.ull.es\/portal\/noticias\/wp-content\/uploads\/sites\/13\/2021\/10\/ULLROCK-2021-TORI-FERRER-18-768x512.jpg 768w, https:\/\/www.ull.es\/portal\/noticias\/wp-content\/uploads\/sites\/13\/2021\/10\/ULLROCK-2021-TORI-FERRER-18-375x250.jpg 375w, https:\/\/www.ull.es\/portal\/noticias\/wp-content\/uploads\/sites\/13\/2021\/10\/ULLROCK-2021-TORI-FERRER-18-750x500.jpg 750w, https:\/\/www.ull.es\/portal\/noticias\/wp-content\/uploads\/sites\/13\/2021\/10\/ULLROCK-2021-TORI-FERRER-18.jpg 1024w\" sizes=\"(max-width: 300px) 100vw, 300px\" \/><\/a><p id=\"caption-attachment-59163\" class=\"wp-caption-text\">Tori Ferrer<\/p><\/div>\n<p>La segunda intervenci\u00f3n de la noche fue la de la segunda clasificada, Tori Ferrer, quien ofreci\u00f3 la actuaci\u00f3n m\u00e1s intimista de la velada, pues sali\u00f3 al escenario sola con su guitarra ac\u00fastica, apoyada \u00fanicamente por la expresiva guitarra el\u00e9ctrica de Adri\u00e1n Arbelo. Ferrer es una m\u00fasica autodidacta que comenz\u00f3 su intervenci\u00f3n con unos versos que invitaban a compartir con ella un viaje introspectivo que supo llegar al p\u00fablico gracias a la sensibilidad de su interpretaci\u00f3n.<\/p>\n<div id=\"attachment_59165\" style=\"width: 310px\" class=\"wp-caption alignright\"><a href=\"https:\/\/www.ull.es\/portal\/noticias\/wp-content\/uploads\/sites\/13\/2021\/10\/ULLROCK-2021-CLAUDIA-BASTERRA-09.jpg\" target=\"_blank\" rel=\"noopener\" target=\"_blank\" rel=\"noopener\"><img aria-describedby=\"caption-attachment-59165\" decoding=\"async\" loading=\"lazy\" class=\"wp-image-59165 size-medium\" src=\"https:\/\/www.ull.es\/portal\/noticias\/wp-content\/uploads\/sites\/13\/2021\/10\/ULLROCK-2021-CLAUDIA-BASTERRA-09-300x200.jpg\" alt=\"Claudia Basterra\" width=\"300\" height=\"200\" srcset=\"https:\/\/www.ull.es\/portal\/noticias\/wp-content\/uploads\/sites\/13\/2021\/10\/ULLROCK-2021-CLAUDIA-BASTERRA-09-300x200.jpg 300w, https:\/\/www.ull.es\/portal\/noticias\/wp-content\/uploads\/sites\/13\/2021\/10\/ULLROCK-2021-CLAUDIA-BASTERRA-09-768x512.jpg 768w, https:\/\/www.ull.es\/portal\/noticias\/wp-content\/uploads\/sites\/13\/2021\/10\/ULLROCK-2021-CLAUDIA-BASTERRA-09-375x250.jpg 375w, https:\/\/www.ull.es\/portal\/noticias\/wp-content\/uploads\/sites\/13\/2021\/10\/ULLROCK-2021-CLAUDIA-BASTERRA-09-750x500.jpg 750w, https:\/\/www.ull.es\/portal\/noticias\/wp-content\/uploads\/sites\/13\/2021\/10\/ULLROCK-2021-CLAUDIA-BASTERRA-09.jpg 1024w\" sizes=\"(max-width: 300px) 100vw, 300px\" \/><\/a><p id=\"caption-attachment-59165\" class=\"wp-caption-text\">Claudia Basterra<\/p><\/div>\n<p>El tercer segmento de la noche lo protagoniz\u00f3 Claudia Basterra, compositora y cantante de s\u00f3lida formaci\u00f3n cl\u00e1sica combinada con muchas influencias de la m\u00fasica pop, que despleg\u00f3 sobre el escenario todo ese importante bagaje musical, ya que adem\u00e1s de una voz potente y de t\u00e9cnica intachable, tambi\u00e9n mostr\u00f3 sus dotes interpretativas con la flauta travesera y la guitarra. Adem\u00e1s, hizo gala de una cosmopolita producci\u00f3n, con letras en castellano, ingl\u00e9s y catal\u00e1n.<\/p>\n<div id=\"attachment_59166\" style=\"width: 310px\" class=\"wp-caption alignleft\"><a href=\"https:\/\/www.ull.es\/portal\/noticias\/wp-content\/uploads\/sites\/13\/2021\/10\/ULLROCK-2021-ELODIE-10.jpg\" target=\"_blank\" rel=\"noopener\" target=\"_blank\" rel=\"noopener\"><img aria-describedby=\"caption-attachment-59166\" decoding=\"async\" loading=\"lazy\" class=\"wp-image-59166 size-medium\" src=\"https:\/\/www.ull.es\/portal\/noticias\/wp-content\/uploads\/sites\/13\/2021\/10\/ULLROCK-2021-ELODIE-10-300x200.jpg\" alt=\"Elodi\u00e8\" width=\"300\" height=\"200\" srcset=\"https:\/\/www.ull.es\/portal\/noticias\/wp-content\/uploads\/sites\/13\/2021\/10\/ULLROCK-2021-ELODIE-10-300x200.jpg 300w, https:\/\/www.ull.es\/portal\/noticias\/wp-content\/uploads\/sites\/13\/2021\/10\/ULLROCK-2021-ELODIE-10-768x512.jpg 768w, https:\/\/www.ull.es\/portal\/noticias\/wp-content\/uploads\/sites\/13\/2021\/10\/ULLROCK-2021-ELODIE-10-375x250.jpg 375w, https:\/\/www.ull.es\/portal\/noticias\/wp-content\/uploads\/sites\/13\/2021\/10\/ULLROCK-2021-ELODIE-10-750x500.jpg 750w, https:\/\/www.ull.es\/portal\/noticias\/wp-content\/uploads\/sites\/13\/2021\/10\/ULLROCK-2021-ELODIE-10.jpg 1024w\" sizes=\"(max-width: 300px) 100vw, 300px\" \/><\/a><p id=\"caption-attachment-59166\" class=\"wp-caption-text\">Elodi\u00e8<\/p><\/div>\n<p>La propuesta m\u00e1s heterodoxa fue la del cuarto participante, Elodi\u00e8, m\u00fasico argentino afincado en Tenerife con quince a\u00f1os de carrera, que ofreci\u00f3 un show en el cual \u00e9l era el \u00fanico m\u00fasico en el escenario. Apoyado por fondos pregrabados, cant\u00f3 y toc\u00f3 su guitarra en un registro que no desde\u00f1\u00f3 las distorsiones ocasionales. Un sonido deliberadamente sucio complementado perfectamente por las proyecciones que lo acompa\u00f1aron, en VHS igualmente distorsionado.<\/p>\n<div id=\"attachment_59167\" style=\"width: 310px\" class=\"wp-caption alignright\"><a href=\"https:\/\/www.ull.es\/portal\/noticias\/wp-content\/uploads\/sites\/13\/2021\/10\/ULLROCK-2021-SYNTAGMA-05.jpg\" target=\"_blank\" rel=\"noopener\" target=\"_blank\" rel=\"noopener\"><img aria-describedby=\"caption-attachment-59167\" decoding=\"async\" loading=\"lazy\" class=\"wp-image-59167 size-medium\" src=\"https:\/\/www.ull.es\/portal\/noticias\/wp-content\/uploads\/sites\/13\/2021\/10\/ULLROCK-2021-SYNTAGMA-05-300x200.jpg\" alt=\"Syntagma\" width=\"300\" height=\"200\" srcset=\"https:\/\/www.ull.es\/portal\/noticias\/wp-content\/uploads\/sites\/13\/2021\/10\/ULLROCK-2021-SYNTAGMA-05-300x200.jpg 300w, https:\/\/www.ull.es\/portal\/noticias\/wp-content\/uploads\/sites\/13\/2021\/10\/ULLROCK-2021-SYNTAGMA-05-768x512.jpg 768w, https:\/\/www.ull.es\/portal\/noticias\/wp-content\/uploads\/sites\/13\/2021\/10\/ULLROCK-2021-SYNTAGMA-05-375x250.jpg 375w, https:\/\/www.ull.es\/portal\/noticias\/wp-content\/uploads\/sites\/13\/2021\/10\/ULLROCK-2021-SYNTAGMA-05-750x500.jpg 750w, https:\/\/www.ull.es\/portal\/noticias\/wp-content\/uploads\/sites\/13\/2021\/10\/ULLROCK-2021-SYNTAGMA-05.jpg 1024w\" sizes=\"(max-width: 300px) 100vw, 300px\" \/><\/a><p id=\"caption-attachment-59167\" class=\"wp-caption-text\">Syntagma<\/p><\/div>\n<p>El \u00faltimo grupo en actuar fue el que finalmente se llevar\u00eda el primer premio, Syntagma, agrupaci\u00f3n formada casi por casualidad en el marco de las clases de ingl\u00e9s de Bachillerato y que en pocos a\u00f1os se ha consolidado. Su sonido optimista cal\u00f3 pronto en el p\u00fablico y sus letras en ingl\u00e9s estuvieron perfectamente interpretadas por Sophie y Adriana, dueto que se complementaba muy bien y que en alg\u00fan momento hizo part\u00edcipe al p\u00fablico pidi\u00e9ndole que les acompa\u00f1ara con coros y palmas.<\/p>\n<p>Finalmente, OnoFreeFadar entretuvo al p\u00fablico durante la deliberaci\u00f3n del jurado con un directo potente de letras reivindicativas y una sugerente mezcla de estilos urbanos, desde el rock m\u00e1s puro hasta el ska, pasando por las el blues e incluso el rap, tamizados por la muy personal y expresiva voz de su solita, Jordi.<\/p>\n<div id=\"attachment_59168\" style=\"width: 310px\" class=\"wp-caption alignleft\"><a href=\"https:\/\/www.ull.es\/portal\/noticias\/wp-content\/uploads\/sites\/13\/2021\/10\/ULLROCK-2021-JURADO-02.jpg\" target=\"_blank\" rel=\"noopener\" target=\"_blank\" rel=\"noopener\"><img aria-describedby=\"caption-attachment-59168\" decoding=\"async\" loading=\"lazy\" class=\"wp-image-59168 size-medium\" src=\"https:\/\/www.ull.es\/portal\/noticias\/wp-content\/uploads\/sites\/13\/2021\/10\/ULLROCK-2021-JURADO-02-300x200.jpg\" alt=\"El jurado\" width=\"300\" height=\"200\" srcset=\"https:\/\/www.ull.es\/portal\/noticias\/wp-content\/uploads\/sites\/13\/2021\/10\/ULLROCK-2021-JURADO-02-300x200.jpg 300w, https:\/\/www.ull.es\/portal\/noticias\/wp-content\/uploads\/sites\/13\/2021\/10\/ULLROCK-2021-JURADO-02-768x512.jpg 768w, https:\/\/www.ull.es\/portal\/noticias\/wp-content\/uploads\/sites\/13\/2021\/10\/ULLROCK-2021-JURADO-02-375x250.jpg 375w, https:\/\/www.ull.es\/portal\/noticias\/wp-content\/uploads\/sites\/13\/2021\/10\/ULLROCK-2021-JURADO-02-750x500.jpg 750w, https:\/\/www.ull.es\/portal\/noticias\/wp-content\/uploads\/sites\/13\/2021\/10\/ULLROCK-2021-JURADO-02.jpg 1024w\" sizes=\"(max-width: 300px) 100vw, 300px\" \/><\/a><p id=\"caption-attachment-59168\" class=\"wp-caption-text\">El jurado<\/p><\/div>\n<p>El jurado estuvo presidido por David \u00c1lvarez (m\u00fasico y director de LaAgenda), acompa\u00f1ado por los vocales Rub\u00e9n Hern\u00e1ndez (artista multimedia) y Cristina Ruiz (cantante, productora y t\u00e9cnica de sonido), con la gestora cultural de la Universidad de La Laguna Beatriz Mart\u00edn como secretaria. Sus integrantes han valorado que ULL Rock es un concurso que, al admitir todos los estilos, resulta muy representativo de la diversidad musical actual. Tambi\u00e9n destacaron que con \u00e9l, la Universidad de La Laguna es part\u00edcipe de la cultura musical m\u00e1s urbana desde hace m\u00e1s de quince a\u00f1os, reivindicando la labor de las bandas locales y conectando con el p\u00fablico.<\/p>\n","protected":false},"excerpt":{"rendered":"<p>&nbsp; Este fin de semana ha tenido lugar en la sala Aguere Cultural el festival ULL Rock, velada que sirve&#8230;<\/p>\n","protected":false},"author":21,"featured_media":59169,"comment_status":"closed","ping_status":"closed","sticky":false,"template":"","format":"image","meta":{"inline_featured_image":false,"footnotes":""},"categories":[344,345,2765,352,5463],"tags":[7903,7904,7905,7918,2143,7906,7907,2532,7902],"acf":[],"yoast_head":"<!-- This site is optimized with the Yoast SEO plugin v21.3 - https:\/\/yoast.com\/wordpress\/plugins\/seo\/ -->\n<title>Syntagma y Tori Ferrer ganan el XVI Premio de M\u00fasica de la ULL<\/title>\n<meta name=\"description\" content=\"El festival fue la final del XVI Premio de M\u00fasica de la instituci\u00f3n. Los otros finalistas fueron Chema Madero, Claudia Basterra y Elodi\u00e8.\" \/>\n<meta name=\"robots\" content=\"index, follow, max-snippet:-1, max-image-preview:large, max-video-preview:-1\" \/>\n<link rel=\"canonical\" href=\"https:\/\/www.ull.es\/portal\/noticias\/2021\/syntagma-tori-ferrer-premio-musica\/\" \/>\n<meta property=\"og:locale\" content=\"es_ES\" \/>\n<meta property=\"og:type\" content=\"article\" \/>\n<meta property=\"og:title\" content=\"Syntagma y Tori Ferrer ganan el XVI Premio de M\u00fasica de la ULL\" \/>\n<meta property=\"og:description\" content=\"El festival fue la final del XVI Premio de M\u00fasica de la instituci\u00f3n. Los otros finalistas fueron Chema Madero, Claudia Basterra y Elodi\u00e8.\" \/>\n<meta property=\"og:url\" content=\"https:\/\/www.ull.es\/portal\/noticias\/2021\/syntagma-tori-ferrer-premio-musica\/\" \/>\n<meta property=\"og:site_name\" content=\"ULL - Noticias\" \/>\n<meta property=\"article:publisher\" content=\"https:\/\/www.facebook.com\/universidaddelalaguna\/\" \/>\n<meta property=\"article:published_time\" content=\"2021-10-25T09:50:13+00:00\" \/>\n<meta property=\"article:modified_time\" content=\"2021-10-26T10:48:00+00:00\" \/>\n<meta property=\"og:image\" content=\"https:\/\/www.ull.es\/portal\/noticias\/wp-content\/uploads\/sites\/13\/2021\/10\/ULLROCK-2021-1o-PREMIO-07.jpg\" \/>\n\t<meta property=\"og:image:width\" content=\"1024\" \/>\n\t<meta property=\"og:image:height\" content=\"683\" \/>\n\t<meta property=\"og:image:type\" content=\"image\/jpeg\" \/>\n<meta name=\"author\" content=\"prensa2\" \/>\n<meta name=\"twitter:card\" content=\"summary_large_image\" \/>\n<meta name=\"twitter:creator\" content=\"@CanalULL\" \/>\n<meta name=\"twitter:site\" content=\"@CanalULL\" \/>\n<meta name=\"twitter:label1\" content=\"Escrito por\" \/>\n\t<meta name=\"twitter:data1\" content=\"prensa2\" \/>\n\t<meta name=\"twitter:label2\" content=\"Tiempo de lectura\" \/>\n\t<meta name=\"twitter:data2\" content=\"6 minutos\" \/>\n<script type=\"application\/ld+json\" class=\"yoast-schema-graph\">{\"@context\":\"https:\/\/schema.org\",\"@graph\":[{\"@type\":\"WebPage\",\"@id\":\"https:\/\/www.ull.es\/portal\/noticias\/2021\/syntagma-tori-ferrer-premio-musica\/\",\"url\":\"https:\/\/www.ull.es\/portal\/noticias\/2021\/syntagma-tori-ferrer-premio-musica\/\",\"name\":\"Syntagma y Tori Ferrer ganan el XVI Premio de M\u00fasica de la ULL\",\"isPartOf\":{\"@id\":\"https:\/\/www.ull.es\/portal\/noticias\/#website\"},\"datePublished\":\"2021-10-25T09:50:13+00:00\",\"dateModified\":\"2021-10-26T10:48:00+00:00\",\"author\":{\"@id\":\"https:\/\/www.ull.es\/portal\/noticias\/#\/schema\/person\/c3b2aa857797592927a03740d6664376\"},\"description\":\"El festival fue la final del XVI Premio de M\u00fasica de la instituci\u00f3n. Los otros finalistas fueron Chema Madero, Claudia Basterra y Elodi\u00e8.\",\"breadcrumb\":{\"@id\":\"https:\/\/www.ull.es\/portal\/noticias\/2021\/syntagma-tori-ferrer-premio-musica\/#breadcrumb\"},\"inLanguage\":\"es\",\"potentialAction\":[{\"@type\":\"ReadAction\",\"target\":[\"https:\/\/www.ull.es\/portal\/noticias\/2021\/syntagma-tori-ferrer-premio-musica\/\"]}]},{\"@type\":\"BreadcrumbList\",\"@id\":\"https:\/\/www.ull.es\/portal\/noticias\/2021\/syntagma-tori-ferrer-premio-musica\/#breadcrumb\",\"itemListElement\":[{\"@type\":\"ListItem\",\"position\":1,\"name\":\"Portada\",\"item\":\"https:\/\/www.ull.es\/portal\/noticias\/\"},{\"@type\":\"ListItem\",\"position\":2,\"name\":\"Syntagma y Tori Ferrer ganan el XVI Premio de M\u00fasica de la Universidad de La Laguna\"}]},{\"@type\":\"WebSite\",\"@id\":\"https:\/\/www.ull.es\/portal\/noticias\/#website\",\"url\":\"https:\/\/www.ull.es\/portal\/noticias\/\",\"name\":\"ULL - Noticias\",\"description\":\"\",\"potentialAction\":[{\"@type\":\"SearchAction\",\"target\":{\"@type\":\"EntryPoint\",\"urlTemplate\":\"https:\/\/www.ull.es\/portal\/noticias\/?s={search_term_string}\"},\"query-input\":\"required name=search_term_string\"}],\"inLanguage\":\"es\"},{\"@type\":\"Person\",\"@id\":\"https:\/\/www.ull.es\/portal\/noticias\/#\/schema\/person\/c3b2aa857797592927a03740d6664376\",\"name\":\"prensa2\",\"image\":{\"@type\":\"ImageObject\",\"inLanguage\":\"es\",\"@id\":\"https:\/\/www.ull.es\/portal\/noticias\/#\/schema\/person\/image\/\",\"url\":\"https:\/\/secure.gravatar.com\/avatar\/b58f310a5de5feb33d1e026d2493f23c?s=96&d=mm&r=g\",\"contentUrl\":\"https:\/\/secure.gravatar.com\/avatar\/b58f310a5de5feb33d1e026d2493f23c?s=96&d=mm&r=g\",\"caption\":\"prensa2\"},\"url\":\"https:\/\/www.ull.es\/portal\/noticias\/author\/prensa2\/\"}]}<\/script>\n<!-- \/ Yoast SEO plugin. -->","yoast_head_json":{"title":"Syntagma y Tori Ferrer ganan el XVI Premio de M\u00fasica de la ULL","description":"El festival fue la final del XVI Premio de M\u00fasica de la instituci\u00f3n. Los otros finalistas fueron Chema Madero, Claudia Basterra y Elodi\u00e8.","robots":{"index":"index","follow":"follow","max-snippet":"max-snippet:-1","max-image-preview":"max-image-preview:large","max-video-preview":"max-video-preview:-1"},"canonical":"https:\/\/www.ull.es\/portal\/noticias\/2021\/syntagma-tori-ferrer-premio-musica\/","og_locale":"es_ES","og_type":"article","og_title":"Syntagma y Tori Ferrer ganan el XVI Premio de M\u00fasica de la ULL","og_description":"El festival fue la final del XVI Premio de M\u00fasica de la instituci\u00f3n. Los otros finalistas fueron Chema Madero, Claudia Basterra y Elodi\u00e8.","og_url":"https:\/\/www.ull.es\/portal\/noticias\/2021\/syntagma-tori-ferrer-premio-musica\/","og_site_name":"ULL - Noticias","article_publisher":"https:\/\/www.facebook.com\/universidaddelalaguna\/","article_published_time":"2021-10-25T09:50:13+00:00","article_modified_time":"2021-10-26T10:48:00+00:00","og_image":[{"width":1024,"height":683,"url":"https:\/\/www.ull.es\/portal\/noticias\/wp-content\/uploads\/sites\/13\/2021\/10\/ULLROCK-2021-1o-PREMIO-07.jpg","type":"image\/jpeg"}],"author":"prensa2","twitter_card":"summary_large_image","twitter_creator":"@CanalULL","twitter_site":"@CanalULL","twitter_misc":{"Escrito por":"prensa2","Tiempo de lectura":"6 minutos"},"schema":{"@context":"https:\/\/schema.org","@graph":[{"@type":"WebPage","@id":"https:\/\/www.ull.es\/portal\/noticias\/2021\/syntagma-tori-ferrer-premio-musica\/","url":"https:\/\/www.ull.es\/portal\/noticias\/2021\/syntagma-tori-ferrer-premio-musica\/","name":"Syntagma y Tori Ferrer ganan el XVI Premio de M\u00fasica de la ULL","isPartOf":{"@id":"https:\/\/www.ull.es\/portal\/noticias\/#website"},"datePublished":"2021-10-25T09:50:13+00:00","dateModified":"2021-10-26T10:48:00+00:00","author":{"@id":"https:\/\/www.ull.es\/portal\/noticias\/#\/schema\/person\/c3b2aa857797592927a03740d6664376"},"description":"El festival fue la final del XVI Premio de M\u00fasica de la instituci\u00f3n. Los otros finalistas fueron Chema Madero, Claudia Basterra y Elodi\u00e8.","breadcrumb":{"@id":"https:\/\/www.ull.es\/portal\/noticias\/2021\/syntagma-tori-ferrer-premio-musica\/#breadcrumb"},"inLanguage":"es","potentialAction":[{"@type":"ReadAction","target":["https:\/\/www.ull.es\/portal\/noticias\/2021\/syntagma-tori-ferrer-premio-musica\/"]}]},{"@type":"BreadcrumbList","@id":"https:\/\/www.ull.es\/portal\/noticias\/2021\/syntagma-tori-ferrer-premio-musica\/#breadcrumb","itemListElement":[{"@type":"ListItem","position":1,"name":"Portada","item":"https:\/\/www.ull.es\/portal\/noticias\/"},{"@type":"ListItem","position":2,"name":"Syntagma y Tori Ferrer ganan el XVI Premio de M\u00fasica de la Universidad de La Laguna"}]},{"@type":"WebSite","@id":"https:\/\/www.ull.es\/portal\/noticias\/#website","url":"https:\/\/www.ull.es\/portal\/noticias\/","name":"ULL - Noticias","description":"","potentialAction":[{"@type":"SearchAction","target":{"@type":"EntryPoint","urlTemplate":"https:\/\/www.ull.es\/portal\/noticias\/?s={search_term_string}"},"query-input":"required name=search_term_string"}],"inLanguage":"es"},{"@type":"Person","@id":"https:\/\/www.ull.es\/portal\/noticias\/#\/schema\/person\/c3b2aa857797592927a03740d6664376","name":"prensa2","image":{"@type":"ImageObject","inLanguage":"es","@id":"https:\/\/www.ull.es\/portal\/noticias\/#\/schema\/person\/image\/","url":"https:\/\/secure.gravatar.com\/avatar\/b58f310a5de5feb33d1e026d2493f23c?s=96&d=mm&r=g","contentUrl":"https:\/\/secure.gravatar.com\/avatar\/b58f310a5de5feb33d1e026d2493f23c?s=96&d=mm&r=g","caption":"prensa2"},"url":"https:\/\/www.ull.es\/portal\/noticias\/author\/prensa2\/"}]}},"primary_category":{"id":345,"name":"Destacado","slug":"destacado","link":"https:\/\/www.ull.es\/portal\/noticias\/category\/destacado\/"},"featured_image_thumbnail_url":"https:\/\/www.ull.es\/portal\/noticias\/wp-content\/uploads\/sites\/13\/2021\/10\/ULLROCK-2021-1o-PREMIO-07-300x200.jpg","_links":{"self":[{"href":"https:\/\/www.ull.es\/portal\/noticias\/wp-json\/wp\/v2\/posts\/59160"}],"collection":[{"href":"https:\/\/www.ull.es\/portal\/noticias\/wp-json\/wp\/v2\/posts"}],"about":[{"href":"https:\/\/www.ull.es\/portal\/noticias\/wp-json\/wp\/v2\/types\/post"}],"author":[{"embeddable":true,"href":"https:\/\/www.ull.es\/portal\/noticias\/wp-json\/wp\/v2\/users\/21"}],"replies":[{"embeddable":true,"href":"https:\/\/www.ull.es\/portal\/noticias\/wp-json\/wp\/v2\/comments?post=59160"}],"version-history":[{"count":8,"href":"https:\/\/www.ull.es\/portal\/noticias\/wp-json\/wp\/v2\/posts\/59160\/revisions"}],"predecessor-version":[{"id":59206,"href":"https:\/\/www.ull.es\/portal\/noticias\/wp-json\/wp\/v2\/posts\/59160\/revisions\/59206"}],"wp:featuredmedia":[{"embeddable":true,"href":"https:\/\/www.ull.es\/portal\/noticias\/wp-json\/wp\/v2\/media\/59169"}],"wp:attachment":[{"href":"https:\/\/www.ull.es\/portal\/noticias\/wp-json\/wp\/v2\/media?parent=59160"}],"wp:term":[{"taxonomy":"category","embeddable":true,"href":"https:\/\/www.ull.es\/portal\/noticias\/wp-json\/wp\/v2\/categories?post=59160"},{"taxonomy":"post_tag","embeddable":true,"href":"https:\/\/www.ull.es\/portal\/noticias\/wp-json\/wp\/v2\/tags?post=59160"}],"curies":[{"name":"wp","href":"https:\/\/api.w.org\/{rel}","templated":true}]}}