{"id":59171,"date":"2021-10-25T10:42:09","date_gmt":"2021-10-25T10:42:09","guid":{"rendered":"https:\/\/www.ull.es\/portal\/noticias\/?p=59171"},"modified":"2021-10-26T13:25:15","modified_gmt":"2021-10-26T13:25:15","slug":"marta-sanson-restauracion-macroalgas","status":"publish","type":"post","link":"https:\/\/www.ull.es\/portal\/noticias\/2021\/marta-sanson-restauracion-macroalgas\/","title":{"rendered":"La restauraci\u00f3n de las macroalgas"},"content":{"rendered":"<p>Desde los apartamentos Altagay hasta que se atisba el ya ic\u00f3nico, at\u00edpico y modern\u00edsimo faro de Punta del Hidalgo, en el nordeste de Tenerife, no solo hay playas (una detr\u00e1s de otra), piscinas naturales y charcos donde los ba\u00f1os, adem\u00e1s de frecuentes, son la mar de refrescantes. El paseo por esta parte de la costa lagunera esconde entre sus rocas resbaladizas y charcos de aguas transparentes algo que se escapa a la mayor\u00eda de la gente, pero no a Marta Sans\u00f3n Acedo.<\/p>\n<p style=\"text-align: center\"><a href=\"https:\/\/drive.google.com\/drive\/folders\/1ZhXB_RGG7HeP11i9IN0tO54OiibaxpQ4?usp=sharing\" target=\"_blank\" rel=\"noopener\" target=\"_blank\" rel=\"noopener\"><strong>Galer\u00eda de im\u00e1genes<\/strong><\/a><\/p>\n<p>Esta especialista en bot\u00e1nica marina, doctora en <a href=\"https:\/\/www.ull.es\/grados\/biologia\/\" target=\"_blank\" rel=\"noopener\" target=\"_blank\" rel=\"noopener\">Biolog\u00eda<\/a> y profesora del <a href=\"https:\/\/www.ull.es\/departamentos\/botanica-ecologia-y-fisiologia-vegetal\/personal\/\" target=\"_blank\" rel=\"noopener\" target=\"_blank\" rel=\"noopener\">Departamento de Bot\u00e1nica, Ecolog\u00eda y Fisiolog\u00eda Vegetal<\/a> de la Universidad de La Laguna sabe bien que en \u2018La Punta\u2019, adem\u00e1s de ese bendito olor a mar, del pescado fresco y de muchos de los mejores chapuzones de Tenerife, se encuentra uno de los \u00faltimos bastiones de la <em>Cystoseira Abies-Marina<\/em>, actualmente Gongolaria abies-marina, conocida popularmente en Canarias como \u2018mujo amarillo\u2019, el mujo de nuestras playas de toda la vida, una macroalga marina que se encamina a la extinci\u00f3n si no se act\u00faa de inmediato.<\/p>\n<p>Y eso es lo que est\u00e1 haciendo. Para velar por esta alga que agoniza, Marta Sans\u00f3n lleva m\u00e1s de un a\u00f1o desplaz\u00e1ndose a menudo a hasta esta parte del litoral tinerfe\u00f1o: \u201cEn toda esta zona de Punta del Hidalgo a\u00fan quedan restos de la <em>Cystoseira<\/em>, que todos conocemos como \u2018mujo amarillo\u2019. Porque a pesar de que han desaparecido todas las praderas que hab\u00eda en el fondo, las algas que quedan se est\u00e1n refugiando en la parte m\u00e1s alta, probablemente debido a la temperatura del agua\u201d.<\/p>\n<p>La raz\u00f3n de la pervivencia de este reducto, que salvaguarda los ejemplares que mejor se conservan actualmente, podr\u00eda estar en la batida constante del mar, ese vaiv\u00e9n de las olas que les asegura la renovaci\u00f3n de los nutrientes que necesitan y les procura una temperatura constante que las mantiene m\u00e1s refrescadas aqu\u00ed que en otros tramos de costa donde han ido extingui\u00e9ndose, tal y como ha sucedido en las plataformas rocosas del sur de Tenerife.<\/p>\n<div id=\"attachment_59175\" style=\"width: 235px\" class=\"wp-caption alignleft\"><a href=\"https:\/\/www.ull.es\/portal\/noticias\/wp-content\/uploads\/sites\/13\/2021\/10\/Foto-01.-Poblaciones-de-Gongolaria-abies-marina-parda-Gelidium-canariense-negra-y-Gelidium-arbuscula-roja-en-el-norte-de-Tenerife.jpg\" target=\"_blank\" rel=\"noopener\" target=\"_blank\" rel=\"noopener\"><img aria-describedby=\"caption-attachment-59175\" decoding=\"async\" loading=\"lazy\" class=\"wp-image-59175 size-medium\" src=\"https:\/\/www.ull.es\/portal\/noticias\/wp-content\/uploads\/sites\/13\/2021\/10\/Foto-01.-Poblaciones-de-Gongolaria-abies-marina-parda-Gelidium-canariense-negra-y-Gelidium-arbuscula-roja-en-el-norte-de-Tenerife-225x300.jpg\" alt=\"Poblaciones de Gongolaria abies-marina (parda), Gelidium canariense (negra) y Gelidium arbuscula (roja) en el norte de Tenerife. (Cedida por M. Sans\u00f3n).\" width=\"225\" height=\"300\" srcset=\"https:\/\/www.ull.es\/portal\/noticias\/wp-content\/uploads\/sites\/13\/2021\/10\/Foto-01.-Poblaciones-de-Gongolaria-abies-marina-parda-Gelidium-canariense-negra-y-Gelidium-arbuscula-roja-en-el-norte-de-Tenerife-225x300.jpg 225w, https:\/\/www.ull.es\/portal\/noticias\/wp-content\/uploads\/sites\/13\/2021\/10\/Foto-01.-Poblaciones-de-Gongolaria-abies-marina-parda-Gelidium-canariense-negra-y-Gelidium-arbuscula-roja-en-el-norte-de-Tenerife-375x500.jpg 375w, https:\/\/www.ull.es\/portal\/noticias\/wp-content\/uploads\/sites\/13\/2021\/10\/Foto-01.-Poblaciones-de-Gongolaria-abies-marina-parda-Gelidium-canariense-negra-y-Gelidium-arbuscula-roja-en-el-norte-de-Tenerife.jpg 683w\" sizes=\"(max-width: 225px) 100vw, 225px\" \/><\/a><p id=\"caption-attachment-59175\" class=\"wp-caption-text\">Poblaciones de Gongolaria abies-marina (parda), Gelidium canariense (negra) y Gelidium arbuscula (roja) en el norte de Tenerife. (Foto de M. Sans\u00f3n).<\/p><\/div>\n<p><strong>El esplendor del mujo amarillo<\/strong><\/p>\n<p>La abundancia de esta alga parda en la d\u00e9cada de los 80, \u00e9poca en la que reinaban en su m\u00e1ximo esplendor en los fondos rocosos marinos formando praderas a 15 metros de profundidad, pas\u00f3 a la historia. La triste realidad es que la reducci\u00f3n de sus ejemplares se cuantifica hoy en d\u00eda en un 90%, algo verdaderamente alarmante. Y no \u00fanicamente eso. Hace tan solo unos a\u00f1os, la largura del mujo amarillo alcanzaba el metro. Ahora, los escasos ejemplares que habitan a\u00fan en las islas no superan los 25 cent\u00edmetros de longitud.<\/p>\n<p>\u201cYa no se ven los montones en la orilla de las playas como pasaba hace unos a\u00f1os. Los arribazones que ve\u00edamos sobre la arena \u2012comenta la investigadora de la Universidad de La Laguna- eran plantas desprendidas que el mar de fondo arrastraba y sacaba a la superficie. Mucha gente recordar\u00e1, seguramente, los mont\u00edculos que se formaban en las playas de Puerto de la Cruz, Garachico, Bajamar o Tacoronte, cuando bajaba la marea\u201d.<\/p>\n<div id=\"attachment_59176\" style=\"width: 310px\" class=\"wp-caption alignright\"><a href=\"https:\/\/www.ull.es\/portal\/noticias\/wp-content\/uploads\/sites\/13\/2021\/10\/Foto-02.-Ejemplares-de-mujo-amarillo-Gongolaria-abies-marina.jpg\" target=\"_blank\" rel=\"noopener\" target=\"_blank\" rel=\"noopener\"><img aria-describedby=\"caption-attachment-59176\" decoding=\"async\" loading=\"lazy\" class=\"wp-image-59176 size-medium\" src=\"https:\/\/www.ull.es\/portal\/noticias\/wp-content\/uploads\/sites\/13\/2021\/10\/Foto-02.-Ejemplares-de-mujo-amarillo-Gongolaria-abies-marina-300x225.jpg\" alt=\"Ejemplares de mujo amarillo, Gongolaria abies-marina. \" width=\"300\" height=\"225\" srcset=\"https:\/\/www.ull.es\/portal\/noticias\/wp-content\/uploads\/sites\/13\/2021\/10\/Foto-02.-Ejemplares-de-mujo-amarillo-Gongolaria-abies-marina-300x225.jpg 300w, https:\/\/www.ull.es\/portal\/noticias\/wp-content\/uploads\/sites\/13\/2021\/10\/Foto-02.-Ejemplares-de-mujo-amarillo-Gongolaria-abies-marina-768x576.jpg 768w, https:\/\/www.ull.es\/portal\/noticias\/wp-content\/uploads\/sites\/13\/2021\/10\/Foto-02.-Ejemplares-de-mujo-amarillo-Gongolaria-abies-marina-375x281.jpg 375w, https:\/\/www.ull.es\/portal\/noticias\/wp-content\/uploads\/sites\/13\/2021\/10\/Foto-02.-Ejemplares-de-mujo-amarillo-Gongolaria-abies-marina-750x563.jpg 750w, https:\/\/www.ull.es\/portal\/noticias\/wp-content\/uploads\/sites\/13\/2021\/10\/Foto-02.-Ejemplares-de-mujo-amarillo-Gongolaria-abies-marina-108x81.jpg 108w, https:\/\/www.ull.es\/portal\/noticias\/wp-content\/uploads\/sites\/13\/2021\/10\/Foto-02.-Ejemplares-de-mujo-amarillo-Gongolaria-abies-marina.jpg 1024w\" sizes=\"(max-width: 300px) 100vw, 300px\" \/><\/a><p id=\"caption-attachment-59176\" class=\"wp-caption-text\">Ejemplares de mujo amarillo, Gongolaria abies-marina. (Foto de M. Sans\u00f3n).<\/p><\/div>\n<p>Es una imagen que sin duda est\u00e1 anclada a los recuerdos playeros de muchos canarios y canarias. Desde el \u00ab\u00a1Ay mami, que pincha!\u00bb en boca de los m\u00e1s peque\u00f1os al pisar los montones ya resecos por el sol, a las risas de los que se sub\u00edan sobre esas atalayas de algas amarronadas, \u2018autocoron\u00e1ndose\u2019 reyes del verano, hasta los que, con innegable ingenio y agudeza, las utilizaban como tupidas pelucas, a lo Tina Turner, en los carnavales.<\/p>\n<p>Pero no solo el mujo amarillo est\u00e1 en peligro. Hay otras dos algas marinas en Canarias que tambi\u00e9n est\u00e1n amenazadas y pueden correr la misma suerte que la <em>Cystoseira <\/em>si no se hace algo. Son los gelidios rojo y negro. Es decir, la <em>Gelidium arbuscula<\/em> (roja)\u00a0y <em>Gellidium canariense<\/em> (negra), que todav\u00eda pueden verse en zonas donde el oleaje del mar es muy intenso, como las costas de Puerto de la Cruz o Garachico. Al negro lo delata una franja oscura sobre las rocas cuando hay mareas muy vivas que lo dejan fuera del agua, a la vista de todos. El rojo, en Buenavista, a\u00fan se conserva en buen estado.<\/p>\n<p><strong>SOS gelidios rojo y negro<\/strong><\/p>\n<p>Tanto el gelidium negro como el rojo son macroalgas que \u00fanicamente crecen en las islas, sobre todo el negro, end\u00e9mico de Canarias, que prolifera en las costas del norte de La Palma, La Gomera, Tenerife y Gran Canaria, lugares donde tambi\u00e9n se est\u00e1 perdiendo. Porque lo cierto es que ninguna de las dos especies escapa a la mengua sufrida por la tambi\u00e9n conocida como seba amarilla.<\/p>\n<p><a href=\"https:\/\/www.ull.es\/portal\/noticias\/wp-content\/uploads\/sites\/13\/2021\/10\/Entrev-Marta-Sanson-08.jpg\" target=\"_blank\" rel=\"noopener\" target=\"_blank\" rel=\"noopener\"><img decoding=\"async\" loading=\"lazy\" class=\"alignleft wp-image-59177 size-medium\" src=\"https:\/\/www.ull.es\/portal\/noticias\/wp-content\/uploads\/sites\/13\/2021\/10\/Entrev-Marta-Sanson-08-300x200.jpg\" alt=\"Marta Sans\u00f3n\" width=\"300\" height=\"200\" srcset=\"https:\/\/www.ull.es\/portal\/noticias\/wp-content\/uploads\/sites\/13\/2021\/10\/Entrev-Marta-Sanson-08-300x200.jpg 300w, https:\/\/www.ull.es\/portal\/noticias\/wp-content\/uploads\/sites\/13\/2021\/10\/Entrev-Marta-Sanson-08-768x512.jpg 768w, https:\/\/www.ull.es\/portal\/noticias\/wp-content\/uploads\/sites\/13\/2021\/10\/Entrev-Marta-Sanson-08-375x250.jpg 375w, https:\/\/www.ull.es\/portal\/noticias\/wp-content\/uploads\/sites\/13\/2021\/10\/Entrev-Marta-Sanson-08-750x500.jpg 750w, https:\/\/www.ull.es\/portal\/noticias\/wp-content\/uploads\/sites\/13\/2021\/10\/Entrev-Marta-Sanson-08.jpg 1024w\" sizes=\"(max-width: 300px) 100vw, 300px\" \/><\/a>Para hacerse una idea, la desaparici\u00f3n de estas tres especies, \u201cingenieras de los ecosistemas y formadoras de h\u00e1bitat\u201d supondr\u00eda la p\u00e9rdida de una gran biodiversidad marina y del alimento de \u201cuna rica fauna marina\u201d, adem\u00e1s del refugio de numerosos peces, crust\u00e1ceos y otros animales del mar, apunta Sans\u00f3n. Raz\u00f3n de peso por la que las tres est\u00e1n incluidas en el Listado de Especies Silvestres en R\u00e9gimen de Protecci\u00f3n Especial y Cat\u00e1logo Espa\u00f1ol de Especies Amenazadas, bajo la categor\u00eda de \u00abvulnerable\u00bb.<\/p>\n<p>Una vulnerabilidad que las ha hecho <a href=\"https:\/\/www.facebook.com\/CystoseiraULL\/\" target=\"_blank\" rel=\"noopener\" target=\"_blank\" rel=\"noopener\">objeto de estudio e investigaci\u00f3n<\/a> durante dos a\u00f1os, auspiciados por un proyecto del Plan Nacional cofinanciado con 120.000 euros por la <a href=\"https:\/\/fundacion-biodiversidad.es\/\" target=\"_blank\" rel=\"noopener\" target=\"_blank\" rel=\"noopener\">Fundaci\u00f3n Biodiversidad<\/a> del <a href=\"https:\/\/www.miteco.gob.es\/es\/\" target=\"_blank\" rel=\"noopener\" target=\"_blank\" rel=\"noopener\">Ministerio para la Transici\u00f3n Ecol\u00f3gica y el Reto Demogr\u00e1fico<\/a> que bajo el nombre \u00abConservaci\u00f3n y restauraci\u00f3n de las poblaciones de tres macroalgas marinas amenazadas en las islas Canarias: <em>Cystoseira abies-marina<\/em>, <em>Gelidium arbuscula<\/em>\u00a0y <em>G. canariense<\/em>\u00bb trata de averiguar qu\u00e9 es lo que est\u00e1 trastocando el ciclo de vida de estas especies y de qu\u00e9 manera pueden recuperarse las poblaciones perdidas.<\/p>\n<p>Dos asuntos que hasta julio de 2022 ocupan de lleno a Marta Sans\u00f3n y al equipo formado por los investigadores del grupo BOTMAR-ULL\u00a0(Bot\u00e1nica Marina), as\u00ed como a una parte del personal docente e investigador del Departamento de Bot\u00e1nica, Ecolog\u00eda y Fisiolog\u00eda Vegetal de la Universidad de La Laguna. Todos trabajan y colaboran en una labor en la que la universidad tinerfe\u00f1a es pionera.<\/p>\n<p>\u201cSomos los primeros que estudiamos lo que est\u00e1 ocurriendo con estas especies. Se han hecho estudios de otras parecidas, pero de estas no. De hecho, tuvimos claro que ten\u00edamos que continuar en esta senda cuando evaluamos, en un proyecto desarrollado de 2017 a 2019, la reducci\u00f3n del mujo amarillo haciendo un recorrido por las costas de Tenerife, La Palma, La Gomera y El Hierro, cuyas conclusiones ya se notificaron al Gobierno de Canarias y se publicar\u00e1n en breve\u201d, explica la bot\u00e1nica.<\/p>\n<div id=\"attachment_59178\" style=\"width: 310px\" class=\"wp-caption alignright\"><a href=\"https:\/\/www.ull.es\/portal\/noticias\/wp-content\/uploads\/sites\/13\/2021\/10\/Foto-07.-Experimentos-de-germinacion-de-macroalgas-en-los-acuarios-del-laboratorio..jpg\" target=\"_blank\" rel=\"noopener\" target=\"_blank\" rel=\"noopener\"><img aria-describedby=\"caption-attachment-59178\" decoding=\"async\" loading=\"lazy\" class=\"wp-image-59178 size-medium\" src=\"https:\/\/www.ull.es\/portal\/noticias\/wp-content\/uploads\/sites\/13\/2021\/10\/Foto-07.-Experimentos-de-germinacion-de-macroalgas-en-los-acuarios-del-laboratorio.-300x225.jpg\" alt=\"Experimentos de germinaci\u00f3n de macroalgas en los acuarios del laboratorio.\" width=\"300\" height=\"225\" srcset=\"https:\/\/www.ull.es\/portal\/noticias\/wp-content\/uploads\/sites\/13\/2021\/10\/Foto-07.-Experimentos-de-germinacion-de-macroalgas-en-los-acuarios-del-laboratorio.-300x225.jpg 300w, https:\/\/www.ull.es\/portal\/noticias\/wp-content\/uploads\/sites\/13\/2021\/10\/Foto-07.-Experimentos-de-germinacion-de-macroalgas-en-los-acuarios-del-laboratorio.-768x576.jpg 768w, https:\/\/www.ull.es\/portal\/noticias\/wp-content\/uploads\/sites\/13\/2021\/10\/Foto-07.-Experimentos-de-germinacion-de-macroalgas-en-los-acuarios-del-laboratorio.-375x281.jpg 375w, https:\/\/www.ull.es\/portal\/noticias\/wp-content\/uploads\/sites\/13\/2021\/10\/Foto-07.-Experimentos-de-germinacion-de-macroalgas-en-los-acuarios-del-laboratorio.-750x563.jpg 750w, https:\/\/www.ull.es\/portal\/noticias\/wp-content\/uploads\/sites\/13\/2021\/10\/Foto-07.-Experimentos-de-germinacion-de-macroalgas-en-los-acuarios-del-laboratorio.-108x81.jpg 108w, https:\/\/www.ull.es\/portal\/noticias\/wp-content\/uploads\/sites\/13\/2021\/10\/Foto-07.-Experimentos-de-germinacion-de-macroalgas-en-los-acuarios-del-laboratorio..jpg 1024w\" sizes=\"(max-width: 300px) 100vw, 300px\" \/><\/a><p id=\"caption-attachment-59178\" class=\"wp-caption-text\">Experimentos de germinaci\u00f3n de macroalgas en los acuarios del laboratorio. (Foto de M. Sans\u00f3n).<\/p><\/div>\n<p><strong>Dos experimentos con un solo objetivo<\/strong><\/p>\n<p>Esa fue la base que puso el foco de atenci\u00f3n sobre lo que estaba pasando con estas poblaciones de algas, tan importantes en Canarias, y sobre la necesidad imperante de hacer algo al respecto. Por eso, el siguiente paso fue comenzar a experimentar de dos formas distintas: haciendo trasplantes de algas de unos fondos marinos a otros y reproduciendo las pl\u00e1ntulas (algas en sus primeras etapas de desarrollo) en las peceras del laboratorio.<\/p>\n<p>Estas dos f\u00f3rmulas utilizadas al un\u00edsono, a la par que se investiga qu\u00e9 puede estar produciendo su muerte, ya est\u00e1n dando sus primeros resultados. \u201cCon lo que estamos haciendo, algo aportaremos. De esas peque\u00f1as pl\u00e1ntulas extra\u00eddas del mar hasta llegar a las grandes se tardar\u00e1, y probablemente no se ver\u00e1n resultados definitivos cuando acabe el proyecto, pero al menos podremos saber que se mantienen, que sobreviven\u201d, explica la investigadora.<\/p>\n<p>El objetivo que persiguen no es f\u00e1cil de conseguir. No solo se trata de restaurar el h\u00e1bitat perdido. Hay que hacerlo contemplando varios factores. El hecho de que las tres algas hayan reducido sus poblaciones dr\u00e1sticamente conduce a cuestionarse si est\u00e1n proliferando sin problemas. \u201cLas estructuras reproductoras de estas algas son de lo m\u00e1s vulnerables, y si se pierden, la planta se muere. Por eso nos preguntamos qu\u00e9 les est\u00e1 pasando a esas semillas, porque puede ser que el problema est\u00e9 ah\u00ed, al ser una fase muy cr\u00edtica del ciclo de vida\u201d.<\/p>\n<p>En la b\u00fasqueda de culpables de la agon\u00eda del mujo amarillo y los gelidios hay que hablar de una amalgama de factores: el aumento de temperatura, que las obliga a irse a latitud norte buscando m\u00e1s humedad, o la irradiancia: las algas son fotosint\u00e9ticas y por tanto es vital la cantidad de luz solar que les llegue. Y no hay que olvidar los contaminantes. Todo va a parar al mar: los qu\u00edmicos, vertidos, combustibles\u2026 Frente a todo este panorama hostil que las agrede constantemente, su repliegue es inevitable.<\/p>\n<p>\u201cLos factores ambientales no act\u00faan por separado. Sin embargo, en los experimentos de laboratorio s\u00ed que se puede separar un factor ambiental e ir comprobando si realmente tiene efecto o no, y eso es lo que estamos haciendo nosotros. Jugamos con la temperatura de las peceras, que suele estar entre 17 y 19 grados, a ver si el escenario cambia, tambi\u00e9n con la luz\u2026 Son peque\u00f1os cambios que a simple vista pueden parecer poco importantes pero que resultan cruciales para las algas porque desordenan sus ciclos de vida\u201d.<\/p>\n<div id=\"attachment_59179\" style=\"width: 310px\" class=\"wp-caption alignleft\"><a href=\"https:\/\/www.ull.es\/portal\/noticias\/wp-content\/uploads\/sites\/13\/2021\/10\/Foto-08.-Plantulas-de-mujo-amarillo-originadas-en-los-acuarios-sobre-sustrato-rocoso..jpg\" target=\"_blank\" rel=\"noopener\" target=\"_blank\" rel=\"noopener\"><img aria-describedby=\"caption-attachment-59179\" decoding=\"async\" loading=\"lazy\" class=\"wp-image-59179 size-medium\" src=\"https:\/\/www.ull.es\/portal\/noticias\/wp-content\/uploads\/sites\/13\/2021\/10\/Foto-08.-Plantulas-de-mujo-amarillo-originadas-en-los-acuarios-sobre-sustrato-rocoso.-300x225.jpg\" alt=\"Pl\u00e1ntulas de mujo amarillo originadas en los acuarios sobre sustrato rocoso.\" width=\"300\" height=\"225\" srcset=\"https:\/\/www.ull.es\/portal\/noticias\/wp-content\/uploads\/sites\/13\/2021\/10\/Foto-08.-Plantulas-de-mujo-amarillo-originadas-en-los-acuarios-sobre-sustrato-rocoso.-300x225.jpg 300w, https:\/\/www.ull.es\/portal\/noticias\/wp-content\/uploads\/sites\/13\/2021\/10\/Foto-08.-Plantulas-de-mujo-amarillo-originadas-en-los-acuarios-sobre-sustrato-rocoso.-768x576.jpg 768w, https:\/\/www.ull.es\/portal\/noticias\/wp-content\/uploads\/sites\/13\/2021\/10\/Foto-08.-Plantulas-de-mujo-amarillo-originadas-en-los-acuarios-sobre-sustrato-rocoso.-375x281.jpg 375w, https:\/\/www.ull.es\/portal\/noticias\/wp-content\/uploads\/sites\/13\/2021\/10\/Foto-08.-Plantulas-de-mujo-amarillo-originadas-en-los-acuarios-sobre-sustrato-rocoso.-750x563.jpg 750w, https:\/\/www.ull.es\/portal\/noticias\/wp-content\/uploads\/sites\/13\/2021\/10\/Foto-08.-Plantulas-de-mujo-amarillo-originadas-en-los-acuarios-sobre-sustrato-rocoso.-108x81.jpg 108w, https:\/\/www.ull.es\/portal\/noticias\/wp-content\/uploads\/sites\/13\/2021\/10\/Foto-08.-Plantulas-de-mujo-amarillo-originadas-en-los-acuarios-sobre-sustrato-rocoso..jpg 1024w\" sizes=\"(max-width: 300px) 100vw, 300px\" \/><\/a><p id=\"caption-attachment-59179\" class=\"wp-caption-text\">Pl\u00e1ntulas de mujo amarillo originadas en los acuarios sobre sustrato rocoso. (Foto de\u00a0 M. Sans\u00f3n)<\/p><\/div>\n<p><strong>A merced de las mareas<\/strong><\/p>\n<p>La restauraci\u00f3n de las macroalgas, ya sea en peceras de laboratorio o mediante trasplantes de \u2018esquejes\u2019 desde los fondos marinos de unas zonas costeras a otras, implica, como no pod\u00eda ser de otra forma, meterse en el mar a conciencia. Y el escenario es amplio, aunque no tanto como inicialmente se contemplaba (islas de Tenerife y La Palma) porque la pandemia de COVID-19 oblig\u00f3 a limitar el campo de acci\u00f3n al litoral tinerfe\u00f1o.<\/p>\n<p>Desde Buenavista, pasando por Garachico, Puerto de la Cruz, Punta del Hidalgo (San Crist\u00f3bal de La Laguna) hasta llegar al sur, a Punta Prieta o La Caleta, en el municipio de G\u00fc\u00edmar, hay mar de sobra para ir en b\u00fasqueda de las ramitas f\u00e9rtiles de mujo amarillo o gelidios, que hay que seleccionar cuidadosamente y con mimo. Eso s\u00ed, el plan de trabajo lo marcan las mareas, y mejor si son vivas. Esas son las que interesan a Sans\u00f3n y a su grupo BOTMAR-ULL.<\/p>\n<p>Las salidas al mar tienen que coincidir con los periodos de marea baja. Por eso la tabla de mareas va siempre bajo el brazo, aunque a veces las lluvias o el estado de la mar truncan los planes. Hay que cuadrarlo todo para que el trabajo se haga durante el d\u00eda y que, por supuesto, el mar est\u00e9 bueno. Algo que tienen muy claro las ocho personas que suelen acercarse a \u2018La Punta\u2019, el \u201clugar fetiche\u201d donde mejor se conserva el mujo amarillo, y donde suelen agarrar las pl\u00e1ntulas que luego siguen creciendo sobre las piedras recogidas del fondo del mar, depositadas en las peceras.<\/p>\n<p>Esos d\u00edas de trabajo en el l\u00edmite de la marea (intermareal), todos tienen que ir bien equipados. A veces es necesario meterse en el agua y a veces no. Por eso no falta de nada. Trajes de buceo, aletas, gafas, lupas de campo, boyas, todo tipo de utensilios para sacar indemnes las ramitas, neveras para transportar los esquejes que luego se plantar\u00e1n en los fondos donde se vayan a restaurar\u2026 Y pegamento. S\u00ed, como suena. Un pegamento especial \u2018requetebuscado\u2019 y probado a conciencia por todo el equipo con el que logran que las algas trasplantadas no se despeguen. Y hasta ahora ha funcionado.<\/p>\n<p><strong>De la costa norte a la sur<\/strong><\/p>\n<p>Los trasplantes son directos, dice la profesora de la Universidad de La Laguna. \u201cLos cogemos en el norte y los llevamos al sur de la isla, sobre todo al sureste, en la zona de Punta Prieta, en G\u00fc\u00edmar. All\u00ed estamos haciendo los experimentos de trasplantes porque antes hab\u00eda macroalgas y ahora solo quedan restitos\u201d. Otra cosa a tener muy en cuenta en este proceso es que la subida de la marea hace necesario esperar al d\u00eda siguiente para trasplantar, manteniendo siempre los esquejes en neveras y en un ambiente oscuro que no fuerce su metabolismo.<\/p>\n<p>Una vez depositados en el fondo marino se marcan con un distintivo que solo el equipo de trabajo puede reconocer. Antes lo hac\u00edan con etiquetas amarillas pero la curiosidad de algunas personas echaba por tierra los avances de la investigaci\u00f3n. Ni siquiera se se\u00f1ala la zona con carteles. Si el proyecto puede pasar desapercibido, mejor que mejor.<\/p>\n<p>Como no puede haber cabos sueltos en la planificaci\u00f3n del programa de muestreo, todo debe hacerse de la forma m\u00e1s exhaustiva posible, y lo mismo en el mar que en el laboratorio, donde es m\u00e1s f\u00e1cil controlar las condiciones en las que germinan las \u2018semillitas\u2019 de las algas. Unos meses despu\u00e9s de haberlas depositado sobre las rocas extra\u00eddas del fondo del mar, comienzan a formarse peque\u00f1os c\u00e9spedes de filamentos diminutos y delicados que apenas miden dos o tres mil\u00edmetros de largo.<\/p>\n<p>Ya sean de <em>Cystoceira<\/em>, <em>Gongolaria abies-marina<\/em>\u00a0o de <em>Gelidium<\/em>, las ramitas f\u00e9rtiles de las peceras est\u00e1n sometidas a una vigilancia y cuidado constantes. Solo as\u00ed los cigotos consiguen fijarse al sustrato (la estructura rocosa) tras la fecundaci\u00f3n y convertirse en praderas en miniatura, en peque\u00f1os y hermosos mantos que tiempo despu\u00e9s, cuando se han desarrollado lo suficiente, son devueltos a su entorno natural: el mar.<\/p>\n<p><strong><a href=\"https:\/\/www.ull.es\/portal\/noticias\/wp-content\/uploads\/sites\/13\/2021\/10\/Entrev-Marta-Sanson-03.jpg\" target=\"_blank\" rel=\"noopener\" target=\"_blank\" rel=\"noopener\"><img decoding=\"async\" loading=\"lazy\" class=\"alignright wp-image-59180 size-medium\" src=\"https:\/\/www.ull.es\/portal\/noticias\/wp-content\/uploads\/sites\/13\/2021\/10\/Entrev-Marta-Sanson-03-300x200.jpg\" alt=\"Marta Sans\u00f3n\" width=\"300\" height=\"200\" srcset=\"https:\/\/www.ull.es\/portal\/noticias\/wp-content\/uploads\/sites\/13\/2021\/10\/Entrev-Marta-Sanson-03-300x200.jpg 300w, https:\/\/www.ull.es\/portal\/noticias\/wp-content\/uploads\/sites\/13\/2021\/10\/Entrev-Marta-Sanson-03-768x512.jpg 768w, https:\/\/www.ull.es\/portal\/noticias\/wp-content\/uploads\/sites\/13\/2021\/10\/Entrev-Marta-Sanson-03-375x250.jpg 375w, https:\/\/www.ull.es\/portal\/noticias\/wp-content\/uploads\/sites\/13\/2021\/10\/Entrev-Marta-Sanson-03-750x500.jpg 750w, https:\/\/www.ull.es\/portal\/noticias\/wp-content\/uploads\/sites\/13\/2021\/10\/Entrev-Marta-Sanson-03.jpg 1024w\" sizes=\"(max-width: 300px) 100vw, 300px\" \/><\/a>Los charcos no se tocan<\/strong><\/p>\n<p>La restauraci\u00f3n de estas tres macroalgas trae un poco de luz a un problema que no es local, sino mundial. El planeta est\u00e1 tocado por este mal y cada a\u00f1o se pierden miles de hect\u00e1reas de bosques submarinos. Solo hay que trasladarse al norte de Espa\u00f1a para comprobar <em>in situ<\/em> los da\u00f1os que est\u00e1n sufriendo los bosques de laminariales. Los denominados bosques de kelpos, poblados por unas algas gigantes, acusan un retroceso alarmante que preocupa, y mucho, a los expertos.<\/p>\n<p>\u201cLo que se est\u00e1n dando, sin lugar a dudas, en un aspecto general, es la p\u00e9rdida de los bosques marinos. Todo se est\u00e1 volviendo bastante m\u00e1s homog\u00e9neo y m\u00e1s peque\u00f1o. Todo se est\u00e1 miniaturizando, los h\u00e1bitat se est\u00e1n perdiendo y la biodiversidad disminuye a pasos agigantados\u201d. Y es que para Marta Sans\u00f3n, con una trayectoria de tres d\u00e9cadas dedicada al estudio de las algas en la Universidad de La Laguna, hay cosas que no son admisibles. Una de ellas, vulnerar los h\u00e1bitat marinos para atraer a m\u00e1s turistas.<\/p>\n<p>No se pone cemento y escaleras a los charcos naturales que sirven de refugio a las especies marinas, a las cr\u00edas de peces que se refugian en ellos para salir luego a mar abierto. Eso es lo que pasar\u00eda si hubiera prosperado la iniciativa del Gobierno de Canarias para dotar de accesibilidad a m\u00e1s de 100 charcos del archipi\u00e9lago que el ejecutivo auton\u00f3mico tuvo que guardar en el caj\u00f3n hace escasamente un mes. Hab\u00eda que alzar la voz.<\/p>\n<p>Marta Sans\u00f3n fue de las primeras en decir NO y unirse a Los charcos no se tocan, la iniciativa impulsada por el bi\u00f3logo marino Pablo Mart\u00edn a trav\u00e9s de la plataforma change.org que logr\u00f3 reunir casi 17.000 firmas y poner de acuerdo a algunos de los alcaldes de los municipios de Tenerife afectados. La gente dio una respuesta r\u00e1pida a lo que para muchos era un aut\u00e9ntico atentado contra la naturaleza, la biodiversidad, la vida.<\/p>\n<p>\u201cA veces no se pueden dejar esas cosas en el aire cuando nosotros somos los expertos, los primeros que tenemos que alzar la voz y llamar la atenci\u00f3n de la ciudadan\u00eda sobre la importancia de preservar los ecosistemas y proteger la biodiversidad\u201d, dice la experta. Una tarea de investigaci\u00f3n constante que desde hace un a\u00f1o vela por que vuelvan a verse los arribazones de mujo amarillo en las playas y por que los gelidium rojo y negro sigan agarrados a las rocas azotadas por el oleaje.<\/p>\n<p style=\"text-align: right\"><strong>Gabinete de Comunicaci\u00f3n<\/strong><\/p>\n<p>&nbsp;<\/p>\n<p>&nbsp;<\/p>\n","protected":false},"excerpt":{"rendered":"<p>Desde los apartamentos Altagay hasta que se atisba el ya ic\u00f3nico, at\u00edpico y modern\u00edsimo faro de Punta del Hidalgo, en&#8230;<\/p>\n","protected":false},"author":21,"featured_media":59174,"comment_status":"closed","ping_status":"closed","sticky":false,"template":"","format":"standard","meta":{"inline_featured_image":false,"footnotes":""},"categories":[3159,3785,3924,350,2750],"tags":[7922,7921,7920,7919],"acf":[],"yoast_head":"<!-- This site is optimized with the Yoast SEO plugin v21.3 - https:\/\/yoast.com\/wordpress\/plugins\/seo\/ -->\n<title>La restauraci\u00f3n de las macroalgas - ULL - Noticias<\/title>\n<meta name=\"robots\" content=\"index, follow, max-snippet:-1, max-image-preview:large, max-video-preview:-1\" \/>\n<link rel=\"canonical\" href=\"https:\/\/www.ull.es\/portal\/noticias\/2021\/marta-sanson-restauracion-macroalgas\/\" \/>\n<meta property=\"og:locale\" content=\"es_ES\" \/>\n<meta property=\"og:type\" content=\"article\" \/>\n<meta property=\"og:title\" content=\"La restauraci\u00f3n de las macroalgas - ULL - Noticias\" \/>\n<meta property=\"og:description\" content=\"Desde los apartamentos Altagay hasta que se atisba el ya ic\u00f3nico, at\u00edpico y modern\u00edsimo faro de Punta del Hidalgo, en...\" \/>\n<meta property=\"og:url\" content=\"https:\/\/www.ull.es\/portal\/noticias\/2021\/marta-sanson-restauracion-macroalgas\/\" \/>\n<meta property=\"og:site_name\" content=\"ULL - Noticias\" \/>\n<meta property=\"article:publisher\" content=\"https:\/\/www.facebook.com\/universidaddelalaguna\/\" \/>\n<meta property=\"article:published_time\" content=\"2021-10-25T10:42:09+00:00\" \/>\n<meta property=\"article:modified_time\" content=\"2021-10-26T13:25:15+00:00\" \/>\n<meta property=\"og:image\" content=\"https:\/\/www.ull.es\/portal\/noticias\/wp-content\/uploads\/sites\/13\/2021\/10\/Entrev-Marta-Sanson-01.jpg\" \/>\n\t<meta property=\"og:image:width\" content=\"1024\" \/>\n\t<meta property=\"og:image:height\" content=\"683\" \/>\n\t<meta property=\"og:image:type\" content=\"image\/jpeg\" \/>\n<meta name=\"author\" content=\"prensa2\" \/>\n<meta name=\"twitter:card\" content=\"summary_large_image\" \/>\n<meta name=\"twitter:creator\" content=\"@CanalULL\" \/>\n<meta name=\"twitter:site\" content=\"@CanalULL\" \/>\n<meta name=\"twitter:label1\" content=\"Escrito por\" \/>\n\t<meta name=\"twitter:data1\" content=\"prensa2\" \/>\n\t<meta name=\"twitter:label2\" content=\"Tiempo de lectura\" \/>\n\t<meta name=\"twitter:data2\" content=\"13 minutos\" \/>\n<script type=\"application\/ld+json\" class=\"yoast-schema-graph\">{\"@context\":\"https:\/\/schema.org\",\"@graph\":[{\"@type\":\"WebPage\",\"@id\":\"https:\/\/www.ull.es\/portal\/noticias\/2021\/marta-sanson-restauracion-macroalgas\/\",\"url\":\"https:\/\/www.ull.es\/portal\/noticias\/2021\/marta-sanson-restauracion-macroalgas\/\",\"name\":\"La restauraci\u00f3n de las macroalgas - ULL - Noticias\",\"isPartOf\":{\"@id\":\"https:\/\/www.ull.es\/portal\/noticias\/#website\"},\"datePublished\":\"2021-10-25T10:42:09+00:00\",\"dateModified\":\"2021-10-26T13:25:15+00:00\",\"author\":{\"@id\":\"https:\/\/www.ull.es\/portal\/noticias\/#\/schema\/person\/c3b2aa857797592927a03740d6664376\"},\"breadcrumb\":{\"@id\":\"https:\/\/www.ull.es\/portal\/noticias\/2021\/marta-sanson-restauracion-macroalgas\/#breadcrumb\"},\"inLanguage\":\"es\",\"potentialAction\":[{\"@type\":\"ReadAction\",\"target\":[\"https:\/\/www.ull.es\/portal\/noticias\/2021\/marta-sanson-restauracion-macroalgas\/\"]}]},{\"@type\":\"BreadcrumbList\",\"@id\":\"https:\/\/www.ull.es\/portal\/noticias\/2021\/marta-sanson-restauracion-macroalgas\/#breadcrumb\",\"itemListElement\":[{\"@type\":\"ListItem\",\"position\":1,\"name\":\"Portada\",\"item\":\"https:\/\/www.ull.es\/portal\/noticias\/\"},{\"@type\":\"ListItem\",\"position\":2,\"name\":\"La restauraci\u00f3n de las macroalgas\"}]},{\"@type\":\"WebSite\",\"@id\":\"https:\/\/www.ull.es\/portal\/noticias\/#website\",\"url\":\"https:\/\/www.ull.es\/portal\/noticias\/\",\"name\":\"ULL - Noticias\",\"description\":\"\",\"potentialAction\":[{\"@type\":\"SearchAction\",\"target\":{\"@type\":\"EntryPoint\",\"urlTemplate\":\"https:\/\/www.ull.es\/portal\/noticias\/?s={search_term_string}\"},\"query-input\":\"required name=search_term_string\"}],\"inLanguage\":\"es\"},{\"@type\":\"Person\",\"@id\":\"https:\/\/www.ull.es\/portal\/noticias\/#\/schema\/person\/c3b2aa857797592927a03740d6664376\",\"name\":\"prensa2\",\"image\":{\"@type\":\"ImageObject\",\"inLanguage\":\"es\",\"@id\":\"https:\/\/www.ull.es\/portal\/noticias\/#\/schema\/person\/image\/\",\"url\":\"https:\/\/secure.gravatar.com\/avatar\/b58f310a5de5feb33d1e026d2493f23c?s=96&d=mm&r=g\",\"contentUrl\":\"https:\/\/secure.gravatar.com\/avatar\/b58f310a5de5feb33d1e026d2493f23c?s=96&d=mm&r=g\",\"caption\":\"prensa2\"},\"url\":\"https:\/\/www.ull.es\/portal\/noticias\/author\/prensa2\/\"}]}<\/script>\n<!-- \/ Yoast SEO plugin. -->","yoast_head_json":{"title":"La restauraci\u00f3n de las macroalgas - ULL - Noticias","robots":{"index":"index","follow":"follow","max-snippet":"max-snippet:-1","max-image-preview":"max-image-preview:large","max-video-preview":"max-video-preview:-1"},"canonical":"https:\/\/www.ull.es\/portal\/noticias\/2021\/marta-sanson-restauracion-macroalgas\/","og_locale":"es_ES","og_type":"article","og_title":"La restauraci\u00f3n de las macroalgas - ULL - Noticias","og_description":"Desde los apartamentos Altagay hasta que se atisba el ya ic\u00f3nico, at\u00edpico y modern\u00edsimo faro de Punta del Hidalgo, en...","og_url":"https:\/\/www.ull.es\/portal\/noticias\/2021\/marta-sanson-restauracion-macroalgas\/","og_site_name":"ULL - Noticias","article_publisher":"https:\/\/www.facebook.com\/universidaddelalaguna\/","article_published_time":"2021-10-25T10:42:09+00:00","article_modified_time":"2021-10-26T13:25:15+00:00","og_image":[{"width":1024,"height":683,"url":"https:\/\/www.ull.es\/portal\/noticias\/wp-content\/uploads\/sites\/13\/2021\/10\/Entrev-Marta-Sanson-01.jpg","type":"image\/jpeg"}],"author":"prensa2","twitter_card":"summary_large_image","twitter_creator":"@CanalULL","twitter_site":"@CanalULL","twitter_misc":{"Escrito por":"prensa2","Tiempo de lectura":"13 minutos"},"schema":{"@context":"https:\/\/schema.org","@graph":[{"@type":"WebPage","@id":"https:\/\/www.ull.es\/portal\/noticias\/2021\/marta-sanson-restauracion-macroalgas\/","url":"https:\/\/www.ull.es\/portal\/noticias\/2021\/marta-sanson-restauracion-macroalgas\/","name":"La restauraci\u00f3n de las macroalgas - ULL - Noticias","isPartOf":{"@id":"https:\/\/www.ull.es\/portal\/noticias\/#website"},"datePublished":"2021-10-25T10:42:09+00:00","dateModified":"2021-10-26T13:25:15+00:00","author":{"@id":"https:\/\/www.ull.es\/portal\/noticias\/#\/schema\/person\/c3b2aa857797592927a03740d6664376"},"breadcrumb":{"@id":"https:\/\/www.ull.es\/portal\/noticias\/2021\/marta-sanson-restauracion-macroalgas\/#breadcrumb"},"inLanguage":"es","potentialAction":[{"@type":"ReadAction","target":["https:\/\/www.ull.es\/portal\/noticias\/2021\/marta-sanson-restauracion-macroalgas\/"]}]},{"@type":"BreadcrumbList","@id":"https:\/\/www.ull.es\/portal\/noticias\/2021\/marta-sanson-restauracion-macroalgas\/#breadcrumb","itemListElement":[{"@type":"ListItem","position":1,"name":"Portada","item":"https:\/\/www.ull.es\/portal\/noticias\/"},{"@type":"ListItem","position":2,"name":"La restauraci\u00f3n de las macroalgas"}]},{"@type":"WebSite","@id":"https:\/\/www.ull.es\/portal\/noticias\/#website","url":"https:\/\/www.ull.es\/portal\/noticias\/","name":"ULL - Noticias","description":"","potentialAction":[{"@type":"SearchAction","target":{"@type":"EntryPoint","urlTemplate":"https:\/\/www.ull.es\/portal\/noticias\/?s={search_term_string}"},"query-input":"required name=search_term_string"}],"inLanguage":"es"},{"@type":"Person","@id":"https:\/\/www.ull.es\/portal\/noticias\/#\/schema\/person\/c3b2aa857797592927a03740d6664376","name":"prensa2","image":{"@type":"ImageObject","inLanguage":"es","@id":"https:\/\/www.ull.es\/portal\/noticias\/#\/schema\/person\/image\/","url":"https:\/\/secure.gravatar.com\/avatar\/b58f310a5de5feb33d1e026d2493f23c?s=96&d=mm&r=g","contentUrl":"https:\/\/secure.gravatar.com\/avatar\/b58f310a5de5feb33d1e026d2493f23c?s=96&d=mm&r=g","caption":"prensa2"},"url":"https:\/\/www.ull.es\/portal\/noticias\/author\/prensa2\/"}]}},"primary_category":{"id":350,"name":"Investigaci\u00f3n","slug":"investigacion","link":"https:\/\/www.ull.es\/portal\/noticias\/category\/investigacion\/"},"featured_image_thumbnail_url":"https:\/\/www.ull.es\/portal\/noticias\/wp-content\/uploads\/sites\/13\/2021\/10\/Entrev-Marta-Sanson-01-300x200.jpg","_links":{"self":[{"href":"https:\/\/www.ull.es\/portal\/noticias\/wp-json\/wp\/v2\/posts\/59171"}],"collection":[{"href":"https:\/\/www.ull.es\/portal\/noticias\/wp-json\/wp\/v2\/posts"}],"about":[{"href":"https:\/\/www.ull.es\/portal\/noticias\/wp-json\/wp\/v2\/types\/post"}],"author":[{"embeddable":true,"href":"https:\/\/www.ull.es\/portal\/noticias\/wp-json\/wp\/v2\/users\/21"}],"replies":[{"embeddable":true,"href":"https:\/\/www.ull.es\/portal\/noticias\/wp-json\/wp\/v2\/comments?post=59171"}],"version-history":[{"count":5,"href":"https:\/\/www.ull.es\/portal\/noticias\/wp-json\/wp\/v2\/posts\/59171\/revisions"}],"predecessor-version":[{"id":59217,"href":"https:\/\/www.ull.es\/portal\/noticias\/wp-json\/wp\/v2\/posts\/59171\/revisions\/59217"}],"wp:featuredmedia":[{"embeddable":true,"href":"https:\/\/www.ull.es\/portal\/noticias\/wp-json\/wp\/v2\/media\/59174"}],"wp:attachment":[{"href":"https:\/\/www.ull.es\/portal\/noticias\/wp-json\/wp\/v2\/media?parent=59171"}],"wp:term":[{"taxonomy":"category","embeddable":true,"href":"https:\/\/www.ull.es\/portal\/noticias\/wp-json\/wp\/v2\/categories?post=59171"},{"taxonomy":"post_tag","embeddable":true,"href":"https:\/\/www.ull.es\/portal\/noticias\/wp-json\/wp\/v2\/tags?post=59171"}],"curies":[{"name":"wp","href":"https:\/\/api.w.org\/{rel}","templated":true}]}}