{"id":59226,"date":"2021-10-27T11:07:48","date_gmt":"2021-10-27T11:07:48","guid":{"rendered":"https:\/\/www.ull.es\/portal\/noticias\/?p=59226"},"modified":"2021-10-27T11:07:48","modified_gmt":"2021-10-27T11:07:48","slug":"aguere-ensemble-lleva-al-paraninfo-obras-de-schumann-brahms-y-debussy-en-formato-de-clarinete-y-piano","status":"publish","type":"post","link":"https:\/\/www.ull.es\/portal\/noticias\/2021\/aguere-ensemble-lleva-al-paraninfo-obras-de-schumann-brahms-y-debussy-en-formato-de-clarinete-y-piano\/","title":{"rendered":"Aguere Ensemble lleva al Paraninfo obras de Schumann, Brahms y Debussy en formato de clarinete y piano"},"content":{"rendered":"<p>El clarinetista Daniel Molina D\u00edaz y el pianista Luis L\u00f3pez Ramos crean el proyecto de m\u00fasica de c\u00e1mara Aguere Ensemble, formaci\u00f3n creada hace poco m\u00e1s de un a\u00f1o por estos j\u00f3venes tinerfe\u00f1os con proyecci\u00f3n internacional. Se subir\u00e1n ma\u00f1ana jueves 28 de octubre al escenario del Paraninfo de la Universidad de La Laguna a las 20 horas para interpretar piezas de Schumann, Brahms, Debussy y Saint-S\u00e4ens. La venta de entradas est\u00e1 disponible en el <a href=\"https:\/\/www.tomaticket.es\/\" target=\"_blank\" rel=\"noopener\">siguiente enlace<\/a>, con una taquilla general de diez euros, y de ocho para los estudiantes.<\/p>\n<p>Daniel Molina es miembro de la Joven Orquesta de Canarias, ha cursado el Programa Superior en Direcci\u00f3n de Orquesta ofrecido por el Conservatorio Superior de M\u00fasica Katarina Gurska en Madrid y colabora ocasionalmente con la Orquesta Filarm\u00f3nica de Gran Canaria. Ha trabajado con directores como George Pehlivanian, Miquel Rodrigo, Isabel Rubio, Beatriz Fern\u00e1ndez, Crist\u00f3bal Soler o Borja Quintas, entre otros, as\u00ed como con el pianista y compositor Gustavo D\u00edaz-Jerez en el estreno de la \u00d3pera \u201cLa Casa imaginaria\u201d, en el Auditorio de Le\u00f3n.<\/p>\n<p>Por su parte, Luis L\u00f3pez acaba de finalizar un m\u00e1ster en interpretaci\u00f3n en la Academia de M\u00fasica Ignacy Jan Paderewski de Poznan (Polonia) junto con el profesor Piotr Szychowski, terminando sus estudios con Distinci\u00f3n. En 2020 recibi\u00f3 el primer premio en el Concurso Internacional de M\u00fasica de Belgrado en la especialidad de m\u00fasica de c\u00e1mara, junto a la violinista Julia Nikoliszak y el clarinetista Patryk Kusz. En enero fue acreedor del primer premio en el I Concurso Internacional de M\u00fasica de Kioto (Jap\u00f3n), as\u00ed como de una Menci\u00f3n de Honor en el Concurso Internacional de Interpretaci\u00f3n Instrumental en \u0141\u00f3d\u017a, Polonia. Recientemente, ha ganado el tercer premio en el Concurso Internacional de M\u00fasica OPUS 2021 de Cracovia, as\u00ed como el primer premio en el VIII Concurso Internacional de M\u00fasica de Roma. Sus nuevos proyectos incluyen varios conciertos en Espa\u00f1a, Italia y Jap\u00f3n.<\/p>\n<p>El programa previsto para la sesi\u00f3n de ma\u00f1ana jueves 28 se compone de las siguientes piezas:<\/p>\n<p>Camille Saint-Sa\u00ebns (1835-1921). <em>Sonata para clarinete y piano.Allegretto- Allegro animato \u2013 Lento- Molto allegro.<\/em><\/p>\n<p>Clara Schumann (1829-1926). <em>Tres romances para clarinete y piano Op. 22 Andante \u2013 molto Allegretto-\u00a0 Leidenschaftlich schnell.<\/em><\/p>\n<p>Johannes Brahms (1833-1897). <em>Intermezzo op 118. No 2. e Intermezzo op 117, No 2.<\/em><\/p>\n<p>Claude Debussy (1862-1918). <em>La Premi\u00e8re rhapsodie.<\/em><\/p>\n","protected":false},"excerpt":{"rendered":"<p>El clarinetista Daniel Molina D\u00edaz y el pianista Luis L\u00f3pez Ramos crean el proyecto de m\u00fasica de c\u00e1mara Aguere Ensemble,&#8230;<\/p>\n","protected":false},"author":23,"featured_media":59228,"comment_status":"closed","ping_status":"closed","sticky":false,"template":"","format":"standard","meta":{"inline_featured_image":false,"footnotes":""},"categories":[344,345,2765],"tags":[7926,7356,2047],"acf":[],"yoast_head":"<!-- This site is optimized with the Yoast SEO plugin v21.3 - https:\/\/yoast.com\/wordpress\/plugins\/seo\/ -->\n<title>Aguere Ensemble lleva al Paraninfo obras de Schumann, Brahms y Debussy en formato de clarinete y piano - ULL - Noticias<\/title>\n<meta name=\"robots\" content=\"index, follow, max-snippet:-1, max-image-preview:large, max-video-preview:-1\" \/>\n<link rel=\"canonical\" href=\"https:\/\/www.ull.es\/portal\/noticias\/2021\/aguere-ensemble-lleva-al-paraninfo-obras-de-schumann-brahms-y-debussy-en-formato-de-clarinete-y-piano\/\" \/>\n<meta property=\"og:locale\" content=\"es_ES\" \/>\n<meta property=\"og:type\" content=\"article\" \/>\n<meta property=\"og:title\" content=\"Aguere Ensemble lleva al Paraninfo obras de Schumann, Brahms y Debussy en formato de clarinete y piano - ULL - Noticias\" \/>\n<meta property=\"og:description\" content=\"El clarinetista Daniel Molina D\u00edaz y el pianista Luis L\u00f3pez Ramos crean el proyecto de m\u00fasica de c\u00e1mara Aguere Ensemble,...\" \/>\n<meta property=\"og:url\" content=\"https:\/\/www.ull.es\/portal\/noticias\/2021\/aguere-ensemble-lleva-al-paraninfo-obras-de-schumann-brahms-y-debussy-en-formato-de-clarinete-y-piano\/\" \/>\n<meta property=\"og:site_name\" content=\"ULL - Noticias\" \/>\n<meta property=\"article:publisher\" content=\"https:\/\/www.facebook.com\/universidaddelalaguna\/\" \/>\n<meta property=\"article:published_time\" content=\"2021-10-27T11:07:48+00:00\" \/>\n<meta property=\"og:image\" content=\"https:\/\/www.ull.es\/portal\/noticias\/wp-content\/uploads\/sites\/13\/2021\/10\/aguere-ensemble.jpg\" \/>\n\t<meta property=\"og:image:width\" content=\"700\" \/>\n\t<meta property=\"og:image:height\" content=\"350\" \/>\n\t<meta property=\"og:image:type\" content=\"image\/jpeg\" \/>\n<meta name=\"author\" content=\"gaprsa\" \/>\n<meta name=\"twitter:card\" content=\"summary_large_image\" \/>\n<meta name=\"twitter:creator\" content=\"@CanalULL\" \/>\n<meta name=\"twitter:site\" content=\"@CanalULL\" \/>\n<meta name=\"twitter:label1\" content=\"Escrito por\" \/>\n\t<meta name=\"twitter:data1\" content=\"gaprsa\" \/>\n\t<meta name=\"twitter:label2\" content=\"Tiempo de lectura\" \/>\n\t<meta name=\"twitter:data2\" content=\"2 minutos\" \/>\n<script type=\"application\/ld+json\" class=\"yoast-schema-graph\">{\"@context\":\"https:\/\/schema.org\",\"@graph\":[{\"@type\":\"WebPage\",\"@id\":\"https:\/\/www.ull.es\/portal\/noticias\/2021\/aguere-ensemble-lleva-al-paraninfo-obras-de-schumann-brahms-y-debussy-en-formato-de-clarinete-y-piano\/\",\"url\":\"https:\/\/www.ull.es\/portal\/noticias\/2021\/aguere-ensemble-lleva-al-paraninfo-obras-de-schumann-brahms-y-debussy-en-formato-de-clarinete-y-piano\/\",\"name\":\"Aguere Ensemble lleva al Paraninfo obras de Schumann, Brahms y Debussy en formato de clarinete y piano - ULL - Noticias\",\"isPartOf\":{\"@id\":\"https:\/\/www.ull.es\/portal\/noticias\/#website\"},\"datePublished\":\"2021-10-27T11:07:48+00:00\",\"dateModified\":\"2021-10-27T11:07:48+00:00\",\"author\":{\"@id\":\"https:\/\/www.ull.es\/portal\/noticias\/#\/schema\/person\/b2b1a89d43ffa609e591f7df8ef3e817\"},\"breadcrumb\":{\"@id\":\"https:\/\/www.ull.es\/portal\/noticias\/2021\/aguere-ensemble-lleva-al-paraninfo-obras-de-schumann-brahms-y-debussy-en-formato-de-clarinete-y-piano\/#breadcrumb\"},\"inLanguage\":\"es\",\"potentialAction\":[{\"@type\":\"ReadAction\",\"target\":[\"https:\/\/www.ull.es\/portal\/noticias\/2021\/aguere-ensemble-lleva-al-paraninfo-obras-de-schumann-brahms-y-debussy-en-formato-de-clarinete-y-piano\/\"]}]},{\"@type\":\"BreadcrumbList\",\"@id\":\"https:\/\/www.ull.es\/portal\/noticias\/2021\/aguere-ensemble-lleva-al-paraninfo-obras-de-schumann-brahms-y-debussy-en-formato-de-clarinete-y-piano\/#breadcrumb\",\"itemListElement\":[{\"@type\":\"ListItem\",\"position\":1,\"name\":\"Portada\",\"item\":\"https:\/\/www.ull.es\/portal\/noticias\/\"},{\"@type\":\"ListItem\",\"position\":2,\"name\":\"Aguere Ensemble lleva al Paraninfo obras de Schumann, Brahms y Debussy en formato de clarinete y piano\"}]},{\"@type\":\"WebSite\",\"@id\":\"https:\/\/www.ull.es\/portal\/noticias\/#website\",\"url\":\"https:\/\/www.ull.es\/portal\/noticias\/\",\"name\":\"ULL - Noticias\",\"description\":\"\",\"potentialAction\":[{\"@type\":\"SearchAction\",\"target\":{\"@type\":\"EntryPoint\",\"urlTemplate\":\"https:\/\/www.ull.es\/portal\/noticias\/?s={search_term_string}\"},\"query-input\":\"required name=search_term_string\"}],\"inLanguage\":\"es\"},{\"@type\":\"Person\",\"@id\":\"https:\/\/www.ull.es\/portal\/noticias\/#\/schema\/person\/b2b1a89d43ffa609e591f7df8ef3e817\",\"name\":\"gaprsa\",\"image\":{\"@type\":\"ImageObject\",\"inLanguage\":\"es\",\"@id\":\"https:\/\/www.ull.es\/portal\/noticias\/#\/schema\/person\/image\/\",\"url\":\"https:\/\/secure.gravatar.com\/avatar\/443820550921091458b4823867723b3d?s=96&d=mm&r=g\",\"contentUrl\":\"https:\/\/secure.gravatar.com\/avatar\/443820550921091458b4823867723b3d?s=96&d=mm&r=g\",\"caption\":\"gaprsa\"},\"url\":\"https:\/\/www.ull.es\/portal\/noticias\/author\/gaprsa\/\"}]}<\/script>\n<!-- \/ Yoast SEO plugin. -->","yoast_head_json":{"title":"Aguere Ensemble lleva al Paraninfo obras de Schumann, Brahms y Debussy en formato de clarinete y piano - ULL - Noticias","robots":{"index":"index","follow":"follow","max-snippet":"max-snippet:-1","max-image-preview":"max-image-preview:large","max-video-preview":"max-video-preview:-1"},"canonical":"https:\/\/www.ull.es\/portal\/noticias\/2021\/aguere-ensemble-lleva-al-paraninfo-obras-de-schumann-brahms-y-debussy-en-formato-de-clarinete-y-piano\/","og_locale":"es_ES","og_type":"article","og_title":"Aguere Ensemble lleva al Paraninfo obras de Schumann, Brahms y Debussy en formato de clarinete y piano - ULL - Noticias","og_description":"El clarinetista Daniel Molina D\u00edaz y el pianista Luis L\u00f3pez Ramos crean el proyecto de m\u00fasica de c\u00e1mara Aguere Ensemble,...","og_url":"https:\/\/www.ull.es\/portal\/noticias\/2021\/aguere-ensemble-lleva-al-paraninfo-obras-de-schumann-brahms-y-debussy-en-formato-de-clarinete-y-piano\/","og_site_name":"ULL - Noticias","article_publisher":"https:\/\/www.facebook.com\/universidaddelalaguna\/","article_published_time":"2021-10-27T11:07:48+00:00","og_image":[{"width":700,"height":350,"url":"https:\/\/www.ull.es\/portal\/noticias\/wp-content\/uploads\/sites\/13\/2021\/10\/aguere-ensemble.jpg","type":"image\/jpeg"}],"author":"gaprsa","twitter_card":"summary_large_image","twitter_creator":"@CanalULL","twitter_site":"@CanalULL","twitter_misc":{"Escrito por":"gaprsa","Tiempo de lectura":"2 minutos"},"schema":{"@context":"https:\/\/schema.org","@graph":[{"@type":"WebPage","@id":"https:\/\/www.ull.es\/portal\/noticias\/2021\/aguere-ensemble-lleva-al-paraninfo-obras-de-schumann-brahms-y-debussy-en-formato-de-clarinete-y-piano\/","url":"https:\/\/www.ull.es\/portal\/noticias\/2021\/aguere-ensemble-lleva-al-paraninfo-obras-de-schumann-brahms-y-debussy-en-formato-de-clarinete-y-piano\/","name":"Aguere Ensemble lleva al Paraninfo obras de Schumann, Brahms y Debussy en formato de clarinete y piano - ULL - Noticias","isPartOf":{"@id":"https:\/\/www.ull.es\/portal\/noticias\/#website"},"datePublished":"2021-10-27T11:07:48+00:00","dateModified":"2021-10-27T11:07:48+00:00","author":{"@id":"https:\/\/www.ull.es\/portal\/noticias\/#\/schema\/person\/b2b1a89d43ffa609e591f7df8ef3e817"},"breadcrumb":{"@id":"https:\/\/www.ull.es\/portal\/noticias\/2021\/aguere-ensemble-lleva-al-paraninfo-obras-de-schumann-brahms-y-debussy-en-formato-de-clarinete-y-piano\/#breadcrumb"},"inLanguage":"es","potentialAction":[{"@type":"ReadAction","target":["https:\/\/www.ull.es\/portal\/noticias\/2021\/aguere-ensemble-lleva-al-paraninfo-obras-de-schumann-brahms-y-debussy-en-formato-de-clarinete-y-piano\/"]}]},{"@type":"BreadcrumbList","@id":"https:\/\/www.ull.es\/portal\/noticias\/2021\/aguere-ensemble-lleva-al-paraninfo-obras-de-schumann-brahms-y-debussy-en-formato-de-clarinete-y-piano\/#breadcrumb","itemListElement":[{"@type":"ListItem","position":1,"name":"Portada","item":"https:\/\/www.ull.es\/portal\/noticias\/"},{"@type":"ListItem","position":2,"name":"Aguere Ensemble lleva al Paraninfo obras de Schumann, Brahms y Debussy en formato de clarinete y piano"}]},{"@type":"WebSite","@id":"https:\/\/www.ull.es\/portal\/noticias\/#website","url":"https:\/\/www.ull.es\/portal\/noticias\/","name":"ULL - Noticias","description":"","potentialAction":[{"@type":"SearchAction","target":{"@type":"EntryPoint","urlTemplate":"https:\/\/www.ull.es\/portal\/noticias\/?s={search_term_string}"},"query-input":"required name=search_term_string"}],"inLanguage":"es"},{"@type":"Person","@id":"https:\/\/www.ull.es\/portal\/noticias\/#\/schema\/person\/b2b1a89d43ffa609e591f7df8ef3e817","name":"gaprsa","image":{"@type":"ImageObject","inLanguage":"es","@id":"https:\/\/www.ull.es\/portal\/noticias\/#\/schema\/person\/image\/","url":"https:\/\/secure.gravatar.com\/avatar\/443820550921091458b4823867723b3d?s=96&d=mm&r=g","contentUrl":"https:\/\/secure.gravatar.com\/avatar\/443820550921091458b4823867723b3d?s=96&d=mm&r=g","caption":"gaprsa"},"url":"https:\/\/www.ull.es\/portal\/noticias\/author\/gaprsa\/"}]}},"primary_category":{"id":345,"name":"Destacado","slug":"destacado","link":"https:\/\/www.ull.es\/portal\/noticias\/category\/destacado\/"},"featured_image_thumbnail_url":"https:\/\/www.ull.es\/portal\/noticias\/wp-content\/uploads\/sites\/13\/2021\/10\/aguere-ensemble-300x150.jpg","_links":{"self":[{"href":"https:\/\/www.ull.es\/portal\/noticias\/wp-json\/wp\/v2\/posts\/59226"}],"collection":[{"href":"https:\/\/www.ull.es\/portal\/noticias\/wp-json\/wp\/v2\/posts"}],"about":[{"href":"https:\/\/www.ull.es\/portal\/noticias\/wp-json\/wp\/v2\/types\/post"}],"author":[{"embeddable":true,"href":"https:\/\/www.ull.es\/portal\/noticias\/wp-json\/wp\/v2\/users\/23"}],"replies":[{"embeddable":true,"href":"https:\/\/www.ull.es\/portal\/noticias\/wp-json\/wp\/v2\/comments?post=59226"}],"version-history":[{"count":2,"href":"https:\/\/www.ull.es\/portal\/noticias\/wp-json\/wp\/v2\/posts\/59226\/revisions"}],"predecessor-version":[{"id":59229,"href":"https:\/\/www.ull.es\/portal\/noticias\/wp-json\/wp\/v2\/posts\/59226\/revisions\/59229"}],"wp:featuredmedia":[{"embeddable":true,"href":"https:\/\/www.ull.es\/portal\/noticias\/wp-json\/wp\/v2\/media\/59228"}],"wp:attachment":[{"href":"https:\/\/www.ull.es\/portal\/noticias\/wp-json\/wp\/v2\/media?parent=59226"}],"wp:term":[{"taxonomy":"category","embeddable":true,"href":"https:\/\/www.ull.es\/portal\/noticias\/wp-json\/wp\/v2\/categories?post=59226"},{"taxonomy":"post_tag","embeddable":true,"href":"https:\/\/www.ull.es\/portal\/noticias\/wp-json\/wp\/v2\/tags?post=59226"}],"curies":[{"name":"wp","href":"https:\/\/api.w.org\/{rel}","templated":true}]}}