{"id":59244,"date":"2021-10-28T11:21:37","date_gmt":"2021-10-28T11:21:37","guid":{"rendered":"https:\/\/www.ull.es\/portal\/noticias\/?p=59244"},"modified":"2021-10-28T11:21:37","modified_gmt":"2021-10-28T11:21:37","slug":"alrededor-de-60-titulados-universitarios-tienen-ya-su-primera-oportunidad-laboral-con-el-programa-cataliza","status":"publish","type":"post","link":"https:\/\/www.ull.es\/portal\/noticias\/2021\/alrededor-de-60-titulados-universitarios-tienen-ya-su-primera-oportunidad-laboral-con-el-programa-cataliza\/","title":{"rendered":"Alrededor de 60 titulados universitarios tienen ya su primera oportunidad laboral con el programa Cataliza"},"content":{"rendered":"<p>El programa de pr\u00e1cticas no laborales en empresas <a href=\"https:\/\/fg.ull.es\/empleo\/cataliza-canarias\/\" target=\"_blank\" rel=\"noopener\">Cataliza<\/a> ha cubierto, en los primeros cuatro meses de vida de su quinta edici\u00f3n. Han sido cincuenta y ocho las personas j\u00f3venes desempleadas y con titulaci\u00f3n, pero con escasa experiencia laboral, las que han conseguido sus pr\u00e1cticas laborales durante seis meses en empresas de la isla, al tiempo que se les acompa\u00f1a con una estructura de apoyo guiada y se les proporciona una formaci\u00f3n singularizada complementaria.<\/p>\n<p>Pertenecen a \u00e1mbitos tan dispares como administraci\u00f3n y finanzas, derecho, ingenier\u00eda civil, geograf\u00eda y ordenaci\u00f3n del territorio, historia, marketing y publicidad, turismo, publicidad, psicolog\u00eda, formaci\u00f3n profesional, periodismo, varias ingenier\u00edas, industrial y autom\u00e1tica, traducci\u00f3n e interpretaci\u00f3n, ciencias ambientales, educaci\u00f3n infantil, mantenimiento electr\u00f3nico, relaciones laborales, transporte y log\u00edstica, asistencia a la direcci\u00f3n, ingenier\u00eda mec\u00e1nica, fisioterapia, biolog\u00eda, lengua y literatura, dise\u00f1o industrial y desarrollo de productos o dise\u00f1o gr\u00e1fico.<\/p>\n<p>Cataliza es un proyecto desarrollado por la Agencia Universitaria de Empleo de la Fundaci\u00f3n General de la Universidad de La Laguna y enmarcado dentro del Programa Operativo de Empleo Juvenil, financiado por el Fondo Social Europeo y capital privado. Esta nueva edici\u00f3n se inici\u00f3 en el mes de julio y finalizar\u00e1 en septiembre de 2022 y el objetivo es otorgar, y por tanto insertar, mediante una formaci\u00f3n pr\u00e1ctica de una duraci\u00f3n m\u00e1xima de seis meses a 250 personas. La bolsa de ayuda que percibe la persona en pr\u00e1cticas es de 677,88 euros brutos mensuales, y el coste para la empresa es de 455,14 euros.<\/p>\n<p>Para acceder a este programa, las personas tienen que estar desempleadas e inscritas en el Servicio Canario de Empleo; el rango de edad se mueve entre los 18 y 29 a\u00f1os, ambos inclusive; y deben poseer una titulaci\u00f3n oficial universitaria, titulaci\u00f3n de formaci\u00f3n profesional de grado superior; o bien un certificado de profesionalidad de nivel III, cursado en cualquier centro p\u00fablico o privado del territorio nacional o que, en su defecto, hayan homologado su t\u00edtulo al sistema educativo espa\u00f1ol.<\/p>\n<p>Este programa se enmarca dentro del Programa Operativo de Empleo Juvenil, cofinanciado con un porcentaje del 91,89% por el Fondo Social Europeo y por la Iniciativa de empleo juvenil para el periodo (2014-2020), m\u00e1s concretamente en el Eje 5 \u00abIntegraci\u00f3n sostenible en el mercado de trabajo de las personas j\u00f3venes que no se encuentran empleadas ni participan en los sistemas de educaci\u00f3n, ni formaci\u00f3n, en particular en el contexto de garant\u00eda juvenil\u00bb y Eje \u00a0\u00abFomento del empleo sostenible y de calidad y de la movilidad laboral\u201d, con \u00a0el objetivo espec\u00edfico de \u201cReforzar la empleabilidad y competencias profesionales de personas j\u00f3venes no ocupadas y no integradas en los sistemas de educaci\u00f3n o formaci\u00f3n\u201d, medida \u00abPr\u00e1cticas no laborales en empresas\u00bb.<\/p>\n","protected":false},"excerpt":{"rendered":"<p>El programa de pr\u00e1cticas no laborales en empresas Cataliza ha cubierto, en los primeros cuatro meses de vida de su&#8230;<\/p>\n","protected":false},"author":23,"featured_media":59245,"comment_status":"closed","ping_status":"closed","sticky":false,"template":"","format":"standard","meta":{"inline_featured_image":false,"footnotes":""},"categories":[343,345,348,2765],"tags":[4033,3903,1330],"acf":[],"yoast_head":"<!-- This site is optimized with the Yoast SEO plugin v21.3 - https:\/\/yoast.com\/wordpress\/plugins\/seo\/ -->\n<title>Alrededor de 60 titulados universitarios tienen ya su primera oportunidad laboral con el programa Cataliza - ULL - Noticias<\/title>\n<meta name=\"robots\" content=\"index, follow, max-snippet:-1, max-image-preview:large, max-video-preview:-1\" \/>\n<link rel=\"canonical\" href=\"https:\/\/www.ull.es\/portal\/noticias\/2021\/alrededor-de-60-titulados-universitarios-tienen-ya-su-primera-oportunidad-laboral-con-el-programa-cataliza\/\" \/>\n<meta property=\"og:locale\" content=\"es_ES\" \/>\n<meta property=\"og:type\" content=\"article\" \/>\n<meta property=\"og:title\" content=\"Alrededor de 60 titulados universitarios tienen ya su primera oportunidad laboral con el programa Cataliza - ULL - Noticias\" \/>\n<meta property=\"og:description\" content=\"El programa de pr\u00e1cticas no laborales en empresas Cataliza ha cubierto, en los primeros cuatro meses de vida de su...\" \/>\n<meta property=\"og:url\" content=\"https:\/\/www.ull.es\/portal\/noticias\/2021\/alrededor-de-60-titulados-universitarios-tienen-ya-su-primera-oportunidad-laboral-con-el-programa-cataliza\/\" \/>\n<meta property=\"og:site_name\" content=\"ULL - Noticias\" \/>\n<meta property=\"article:publisher\" content=\"https:\/\/www.facebook.com\/universidaddelalaguna\/\" \/>\n<meta property=\"article:published_time\" content=\"2021-10-28T11:21:37+00:00\" \/>\n<meta property=\"og:image\" content=\"https:\/\/www.ull.es\/portal\/noticias\/wp-content\/uploads\/sites\/13\/2021\/10\/cataliza-archivo.jpg\" \/>\n\t<meta property=\"og:image:width\" content=\"1200\" \/>\n\t<meta property=\"og:image:height\" content=\"615\" \/>\n\t<meta property=\"og:image:type\" content=\"image\/jpeg\" \/>\n<meta name=\"author\" content=\"gaprsa\" \/>\n<meta name=\"twitter:card\" content=\"summary_large_image\" \/>\n<meta name=\"twitter:creator\" content=\"@CanalULL\" \/>\n<meta name=\"twitter:site\" content=\"@CanalULL\" \/>\n<meta name=\"twitter:label1\" content=\"Escrito por\" \/>\n\t<meta name=\"twitter:data1\" content=\"gaprsa\" \/>\n\t<meta name=\"twitter:label2\" content=\"Tiempo de lectura\" \/>\n\t<meta name=\"twitter:data2\" content=\"2 minutos\" \/>\n<script type=\"application\/ld+json\" class=\"yoast-schema-graph\">{\"@context\":\"https:\/\/schema.org\",\"@graph\":[{\"@type\":\"WebPage\",\"@id\":\"https:\/\/www.ull.es\/portal\/noticias\/2021\/alrededor-de-60-titulados-universitarios-tienen-ya-su-primera-oportunidad-laboral-con-el-programa-cataliza\/\",\"url\":\"https:\/\/www.ull.es\/portal\/noticias\/2021\/alrededor-de-60-titulados-universitarios-tienen-ya-su-primera-oportunidad-laboral-con-el-programa-cataliza\/\",\"name\":\"Alrededor de 60 titulados universitarios tienen ya su primera oportunidad laboral con el programa Cataliza - ULL - Noticias\",\"isPartOf\":{\"@id\":\"https:\/\/www.ull.es\/portal\/noticias\/#website\"},\"datePublished\":\"2021-10-28T11:21:37+00:00\",\"dateModified\":\"2021-10-28T11:21:37+00:00\",\"author\":{\"@id\":\"https:\/\/www.ull.es\/portal\/noticias\/#\/schema\/person\/b2b1a89d43ffa609e591f7df8ef3e817\"},\"breadcrumb\":{\"@id\":\"https:\/\/www.ull.es\/portal\/noticias\/2021\/alrededor-de-60-titulados-universitarios-tienen-ya-su-primera-oportunidad-laboral-con-el-programa-cataliza\/#breadcrumb\"},\"inLanguage\":\"es\",\"potentialAction\":[{\"@type\":\"ReadAction\",\"target\":[\"https:\/\/www.ull.es\/portal\/noticias\/2021\/alrededor-de-60-titulados-universitarios-tienen-ya-su-primera-oportunidad-laboral-con-el-programa-cataliza\/\"]}]},{\"@type\":\"BreadcrumbList\",\"@id\":\"https:\/\/www.ull.es\/portal\/noticias\/2021\/alrededor-de-60-titulados-universitarios-tienen-ya-su-primera-oportunidad-laboral-con-el-programa-cataliza\/#breadcrumb\",\"itemListElement\":[{\"@type\":\"ListItem\",\"position\":1,\"name\":\"Portada\",\"item\":\"https:\/\/www.ull.es\/portal\/noticias\/\"},{\"@type\":\"ListItem\",\"position\":2,\"name\":\"Alrededor de 60 titulados universitarios tienen ya su primera oportunidad laboral con el programa Cataliza\"}]},{\"@type\":\"WebSite\",\"@id\":\"https:\/\/www.ull.es\/portal\/noticias\/#website\",\"url\":\"https:\/\/www.ull.es\/portal\/noticias\/\",\"name\":\"ULL - Noticias\",\"description\":\"\",\"potentialAction\":[{\"@type\":\"SearchAction\",\"target\":{\"@type\":\"EntryPoint\",\"urlTemplate\":\"https:\/\/www.ull.es\/portal\/noticias\/?s={search_term_string}\"},\"query-input\":\"required name=search_term_string\"}],\"inLanguage\":\"es\"},{\"@type\":\"Person\",\"@id\":\"https:\/\/www.ull.es\/portal\/noticias\/#\/schema\/person\/b2b1a89d43ffa609e591f7df8ef3e817\",\"name\":\"gaprsa\",\"image\":{\"@type\":\"ImageObject\",\"inLanguage\":\"es\",\"@id\":\"https:\/\/www.ull.es\/portal\/noticias\/#\/schema\/person\/image\/\",\"url\":\"https:\/\/secure.gravatar.com\/avatar\/443820550921091458b4823867723b3d?s=96&d=mm&r=g\",\"contentUrl\":\"https:\/\/secure.gravatar.com\/avatar\/443820550921091458b4823867723b3d?s=96&d=mm&r=g\",\"caption\":\"gaprsa\"},\"url\":\"https:\/\/www.ull.es\/portal\/noticias\/author\/gaprsa\/\"}]}<\/script>\n<!-- \/ Yoast SEO plugin. -->","yoast_head_json":{"title":"Alrededor de 60 titulados universitarios tienen ya su primera oportunidad laboral con el programa Cataliza - ULL - Noticias","robots":{"index":"index","follow":"follow","max-snippet":"max-snippet:-1","max-image-preview":"max-image-preview:large","max-video-preview":"max-video-preview:-1"},"canonical":"https:\/\/www.ull.es\/portal\/noticias\/2021\/alrededor-de-60-titulados-universitarios-tienen-ya-su-primera-oportunidad-laboral-con-el-programa-cataliza\/","og_locale":"es_ES","og_type":"article","og_title":"Alrededor de 60 titulados universitarios tienen ya su primera oportunidad laboral con el programa Cataliza - ULL - Noticias","og_description":"El programa de pr\u00e1cticas no laborales en empresas Cataliza ha cubierto, en los primeros cuatro meses de vida de su...","og_url":"https:\/\/www.ull.es\/portal\/noticias\/2021\/alrededor-de-60-titulados-universitarios-tienen-ya-su-primera-oportunidad-laboral-con-el-programa-cataliza\/","og_site_name":"ULL - Noticias","article_publisher":"https:\/\/www.facebook.com\/universidaddelalaguna\/","article_published_time":"2021-10-28T11:21:37+00:00","og_image":[{"width":1200,"height":615,"url":"https:\/\/www.ull.es\/portal\/noticias\/wp-content\/uploads\/sites\/13\/2021\/10\/cataliza-archivo.jpg","type":"image\/jpeg"}],"author":"gaprsa","twitter_card":"summary_large_image","twitter_creator":"@CanalULL","twitter_site":"@CanalULL","twitter_misc":{"Escrito por":"gaprsa","Tiempo de lectura":"2 minutos"},"schema":{"@context":"https:\/\/schema.org","@graph":[{"@type":"WebPage","@id":"https:\/\/www.ull.es\/portal\/noticias\/2021\/alrededor-de-60-titulados-universitarios-tienen-ya-su-primera-oportunidad-laboral-con-el-programa-cataliza\/","url":"https:\/\/www.ull.es\/portal\/noticias\/2021\/alrededor-de-60-titulados-universitarios-tienen-ya-su-primera-oportunidad-laboral-con-el-programa-cataliza\/","name":"Alrededor de 60 titulados universitarios tienen ya su primera oportunidad laboral con el programa Cataliza - ULL - Noticias","isPartOf":{"@id":"https:\/\/www.ull.es\/portal\/noticias\/#website"},"datePublished":"2021-10-28T11:21:37+00:00","dateModified":"2021-10-28T11:21:37+00:00","author":{"@id":"https:\/\/www.ull.es\/portal\/noticias\/#\/schema\/person\/b2b1a89d43ffa609e591f7df8ef3e817"},"breadcrumb":{"@id":"https:\/\/www.ull.es\/portal\/noticias\/2021\/alrededor-de-60-titulados-universitarios-tienen-ya-su-primera-oportunidad-laboral-con-el-programa-cataliza\/#breadcrumb"},"inLanguage":"es","potentialAction":[{"@type":"ReadAction","target":["https:\/\/www.ull.es\/portal\/noticias\/2021\/alrededor-de-60-titulados-universitarios-tienen-ya-su-primera-oportunidad-laboral-con-el-programa-cataliza\/"]}]},{"@type":"BreadcrumbList","@id":"https:\/\/www.ull.es\/portal\/noticias\/2021\/alrededor-de-60-titulados-universitarios-tienen-ya-su-primera-oportunidad-laboral-con-el-programa-cataliza\/#breadcrumb","itemListElement":[{"@type":"ListItem","position":1,"name":"Portada","item":"https:\/\/www.ull.es\/portal\/noticias\/"},{"@type":"ListItem","position":2,"name":"Alrededor de 60 titulados universitarios tienen ya su primera oportunidad laboral con el programa Cataliza"}]},{"@type":"WebSite","@id":"https:\/\/www.ull.es\/portal\/noticias\/#website","url":"https:\/\/www.ull.es\/portal\/noticias\/","name":"ULL - Noticias","description":"","potentialAction":[{"@type":"SearchAction","target":{"@type":"EntryPoint","urlTemplate":"https:\/\/www.ull.es\/portal\/noticias\/?s={search_term_string}"},"query-input":"required name=search_term_string"}],"inLanguage":"es"},{"@type":"Person","@id":"https:\/\/www.ull.es\/portal\/noticias\/#\/schema\/person\/b2b1a89d43ffa609e591f7df8ef3e817","name":"gaprsa","image":{"@type":"ImageObject","inLanguage":"es","@id":"https:\/\/www.ull.es\/portal\/noticias\/#\/schema\/person\/image\/","url":"https:\/\/secure.gravatar.com\/avatar\/443820550921091458b4823867723b3d?s=96&d=mm&r=g","contentUrl":"https:\/\/secure.gravatar.com\/avatar\/443820550921091458b4823867723b3d?s=96&d=mm&r=g","caption":"gaprsa"},"url":"https:\/\/www.ull.es\/portal\/noticias\/author\/gaprsa\/"}]}},"primary_category":{"id":345,"name":"Destacado","slug":"destacado","link":"https:\/\/www.ull.es\/portal\/noticias\/category\/destacado\/"},"featured_image_thumbnail_url":"https:\/\/www.ull.es\/portal\/noticias\/wp-content\/uploads\/sites\/13\/2021\/10\/cataliza-archivo-300x154.jpg","_links":{"self":[{"href":"https:\/\/www.ull.es\/portal\/noticias\/wp-json\/wp\/v2\/posts\/59244"}],"collection":[{"href":"https:\/\/www.ull.es\/portal\/noticias\/wp-json\/wp\/v2\/posts"}],"about":[{"href":"https:\/\/www.ull.es\/portal\/noticias\/wp-json\/wp\/v2\/types\/post"}],"author":[{"embeddable":true,"href":"https:\/\/www.ull.es\/portal\/noticias\/wp-json\/wp\/v2\/users\/23"}],"replies":[{"embeddable":true,"href":"https:\/\/www.ull.es\/portal\/noticias\/wp-json\/wp\/v2\/comments?post=59244"}],"version-history":[{"count":1,"href":"https:\/\/www.ull.es\/portal\/noticias\/wp-json\/wp\/v2\/posts\/59244\/revisions"}],"predecessor-version":[{"id":59246,"href":"https:\/\/www.ull.es\/portal\/noticias\/wp-json\/wp\/v2\/posts\/59244\/revisions\/59246"}],"wp:featuredmedia":[{"embeddable":true,"href":"https:\/\/www.ull.es\/portal\/noticias\/wp-json\/wp\/v2\/media\/59245"}],"wp:attachment":[{"href":"https:\/\/www.ull.es\/portal\/noticias\/wp-json\/wp\/v2\/media?parent=59244"}],"wp:term":[{"taxonomy":"category","embeddable":true,"href":"https:\/\/www.ull.es\/portal\/noticias\/wp-json\/wp\/v2\/categories?post=59244"},{"taxonomy":"post_tag","embeddable":true,"href":"https:\/\/www.ull.es\/portal\/noticias\/wp-json\/wp\/v2\/tags?post=59244"}],"curies":[{"name":"wp","href":"https:\/\/api.w.org\/{rel}","templated":true}]}}