{"id":59271,"date":"2021-10-29T10:17:09","date_gmt":"2021-10-29T10:17:09","guid":{"rendered":"https:\/\/www.ull.es\/portal\/noticias\/?p=59271"},"modified":"2021-10-29T10:17:09","modified_gmt":"2021-10-29T10:17:09","slug":"la-universidad-de-la-laguna-desarrolla-un-estudio-pionero-para-recuperar-el-mujo-amarillo","status":"publish","type":"post","link":"https:\/\/www.ull.es\/portal\/noticias\/2021\/la-universidad-de-la-laguna-desarrolla-un-estudio-pionero-para-recuperar-el-mujo-amarillo\/","title":{"rendered":"La Universidad de La Laguna desarrolla un estudio pionero para recuperar el mujo amarillo"},"content":{"rendered":"<p>Un equipo de investigadores de la Universidad de La Laguna encabezado por la doctora en Biolog\u00eda Marta Sans\u00f3n Acedo trabaja desde el pasado a\u00f1o en la restauraci\u00f3n de la macroalga <em>Cystoseira Abies-Marina<\/em>, actualmente Gongolaria abies-marina, conocida como mujo amarillo y caracter\u00edstica del litoral canario, cuyas poblaciones, que son fundamentales para los ecosistemas marinos del archipi\u00e9lago, se han reducido en un 90% en las cuatro \u00faltimas d\u00e9cadas.<\/p>\n<p>La desaparici\u00f3n de esta macroalga, que formaba grandes praderas a 15 metros de profundidad en los bosques del fondo del mar, supondr\u00eda la p\u00e9rdida de una gran biodiversidad y del alimento de la rica fauna marina de Canarias, adem\u00e1s de un serio menoscabo para los refugios de numerosos peces, crust\u00e1ceos y otros animales del oc\u00e9ano, seg\u00fan \u00a0explica la investigadora principal del proyecto y coordinadora del grupo de investigaci\u00f3n BOTMAR (Bot\u00e1nica Marina), Marta Sans\u00f3n.<\/p>\n<p>Junto a la <em>Cystoseira<\/em> o mujo amarillo, la investigaci\u00f3n contempla tambi\u00e9n la restauraci\u00f3n de otras dos especies de macroalgas que \u00fanicamente crecen en las islas: los gelidios rojo (Gelidium arbuscula) y negro (Gellidium canariense). Este \u00faltimo, end\u00e9mico de Canarias, crece en las costas del norte de La Palma, La Gomera, Tenerife y Gran Canaria, donde tambi\u00e9n se est\u00e1 perdiendo.<\/p>\n<p>La preservaci\u00f3n de estas tres algas, incluidas en el\u00a0Listado de Especies Silvestres en R\u00e9gimen de Protecci\u00f3n Especial y Cat\u00e1logo Espa\u00f1ol de Especies Amenazadas, bajo la categor\u00eda de \u00abvulnerables\u00bb, se enmarca en una experiencia pionera emprendida por la Universidad de La Laguna. Su recuperaci\u00f3n se est\u00e1 llevando a cabo mediante trasplantes de esquejes de algas de unos fondos marinos a otros y por medio de la reproducci\u00f3n de ejemplares en peceras controladas en el\u00a0 laboratorio.<\/p>\n<p><strong>Extracci\u00f3n y trasplante de ejemplares <\/strong><\/p>\n<p>El lugar del que se extraen los ejemplares de mujo amarillo que luego se trasplantan es La Punta del Hidalgo (San Crist\u00f3bal de La Laguna), una zona costera en la que, a pesar de haber desaparecido todas las praderas que hab\u00eda en el fondo marino, quedan algunas que est\u00e1n refugi\u00e1ndose en la parte m\u00e1s alta de la zona intermareal, \u201cprobablemente debido a la temperatura del agua y al oleaje, que las mantienen refrescadas y les aseguran los nutrientes que necesitan\u201d, indica la experta.<\/p>\n<p>Con las ramas f\u00e9rtiles de <em>Cystoseira<\/em> recolectadas en \u2018La Punta\u2019 se realizan trasplantes en los fondos marinos del sur de Tenerife \u2012en el municipio de G\u00fc\u00edmar, donde la especie ha desaparecido completamente\u2012 y se colocan en rocas extra\u00eddas del fondo del mar que se introducen en las peceras para comprobar de qu\u00e9 manera afectan factores como la luz o la temperatura del agua a su desarrollo. La recolecci\u00f3n de pl\u00e1ntulas de los gelidios se hace en las costas del norte de Tenerife.<\/p>\n<p>Tras un a\u00f1o de investigaci\u00f3n han podido comprobarse los primeros resultados, tanto en los trasplantes como en la fecundaci\u00f3n y desarrollo de los cigotos en peceras que posteriormente vuelven a depositarse en el fondo marino. \u201cDe esas peque\u00f1as pl\u00e1ntulas extra\u00eddas del mar hasta llegar a las grandes se tardar\u00e1, y probablemente no se ver\u00e1n resultados definitivos cuando acabe el proyecto, pero lo que s\u00ed podremos saber es que se mantienen, que sobreviven\u201d, explica Sans\u00f3n.<\/p>\n<p>Paralelamente a la restauraci\u00f3n del h\u00e1bitat perdido se estudian otros factores que podr\u00edan estar influyendo en la desaparici\u00f3n de estas algas marinas. \u201cLas estructuras reproductoras de estas algas son de lo m\u00e1s vulnerables, y si se pierden \u2012explica la bi\u00f3loga\u2012 la planta se muere. Por eso nos preguntamos qu\u00e9 les est\u00e1 pasando a esas semillas, porque puede ser que el problema est\u00e9 en esta fase cr\u00edtica del ciclo de vida\u201d.<\/p>\n<p>En esta iniciativa novedosa que comenz\u00f3 en 2020 y finaliza en julio de 2022 trabaja un equipo de expertos integrado en el grupo de investigaci\u00f3n BOTMAR-ULL\u00a0(Bot\u00e1nica Marina) que coordina Marta Sans\u00f3n, as\u00ed como una parte del personal docente e investigador del Departamento de Bot\u00e1nica, Ecolog\u00eda y Fisiolog\u00eda Vegetal de la Universidad de La Laguna.<\/p>\n<p>La investigaci\u00f3n est\u00e1 auspiciada por el Plan Nacional con un coste que alcanza los 120.000 euros. Financiado, en gran parte por la <a href=\"https:\/\/fundacion-biodiversidad.es\/\" target=\"_blank\" rel=\"noopener\">Fundaci\u00f3n Biodiversidad<\/a> del <a href=\"https:\/\/www.miteco.gob.es\/es\/\" target=\"_blank\" rel=\"noopener\">Ministerio para la Transici\u00f3n Ecol\u00f3gica y el Reto Demogr\u00e1fico<\/a>, y denominado \u00abConservaci\u00f3n y restauraci\u00f3n de las poblaciones de tres macroalgas marinas amenazadas en las islas Canarias: Cystoseira abies-marina, Gelidium arbuscula y G. canariense\u00bb, el proyecto tiene como precedente un primer estudio de la Universidad de LaLaguna sobre la reducci\u00f3n de ejemplares del mujo amarillo en Canarias, cuyas conclusiones se publicar\u00e1n en breve.<\/p>\n<p>&nbsp;<\/p>\n<p>&nbsp;<\/p>\n","protected":false},"excerpt":{"rendered":"<p>Un equipo de investigadores de la Universidad de La Laguna encabezado por la doctora en Biolog\u00eda Marta Sans\u00f3n Acedo trabaja&#8230;<\/p>\n","protected":false},"author":23,"featured_media":59176,"comment_status":"closed","ping_status":"closed","sticky":false,"template":"","format":"standard","meta":{"inline_featured_image":false,"footnotes":""},"categories":[3159,3785,345,350,2765],"tags":[7939,7938,7919,7937],"acf":[],"yoast_head":"<!-- This site is optimized with the Yoast SEO plugin v21.3 - https:\/\/yoast.com\/wordpress\/plugins\/seo\/ -->\n<title>La Universidad de La Laguna desarrolla un estudio pionero para recuperar el mujo amarillo - ULL - Noticias<\/title>\n<meta name=\"robots\" content=\"index, follow, max-snippet:-1, max-image-preview:large, max-video-preview:-1\" \/>\n<link rel=\"canonical\" href=\"https:\/\/www.ull.es\/portal\/noticias\/2021\/la-universidad-de-la-laguna-desarrolla-un-estudio-pionero-para-recuperar-el-mujo-amarillo\/\" \/>\n<meta property=\"og:locale\" content=\"es_ES\" \/>\n<meta property=\"og:type\" content=\"article\" \/>\n<meta property=\"og:title\" content=\"La Universidad de La Laguna desarrolla un estudio pionero para recuperar el mujo amarillo - ULL - Noticias\" \/>\n<meta property=\"og:description\" content=\"Un equipo de investigadores de la Universidad de La Laguna encabezado por la doctora en Biolog\u00eda Marta Sans\u00f3n Acedo trabaja...\" \/>\n<meta property=\"og:url\" content=\"https:\/\/www.ull.es\/portal\/noticias\/2021\/la-universidad-de-la-laguna-desarrolla-un-estudio-pionero-para-recuperar-el-mujo-amarillo\/\" \/>\n<meta property=\"og:site_name\" content=\"ULL - Noticias\" \/>\n<meta property=\"article:publisher\" content=\"https:\/\/www.facebook.com\/universidaddelalaguna\/\" \/>\n<meta property=\"article:published_time\" content=\"2021-10-29T10:17:09+00:00\" \/>\n<meta property=\"og:image\" content=\"https:\/\/www.ull.es\/portal\/noticias\/wp-content\/uploads\/sites\/13\/2021\/10\/Foto-02.-Ejemplares-de-mujo-amarillo-Gongolaria-abies-marina.jpg\" \/>\n\t<meta property=\"og:image:width\" content=\"1024\" \/>\n\t<meta property=\"og:image:height\" content=\"768\" \/>\n\t<meta property=\"og:image:type\" content=\"image\/jpeg\" \/>\n<meta name=\"author\" content=\"gaprsa\" \/>\n<meta name=\"twitter:card\" content=\"summary_large_image\" \/>\n<meta name=\"twitter:creator\" content=\"@CanalULL\" \/>\n<meta name=\"twitter:site\" content=\"@CanalULL\" \/>\n<meta name=\"twitter:label1\" content=\"Escrito por\" \/>\n\t<meta name=\"twitter:data1\" content=\"gaprsa\" \/>\n\t<meta name=\"twitter:label2\" content=\"Tiempo de lectura\" \/>\n\t<meta name=\"twitter:data2\" content=\"4 minutos\" \/>\n<script type=\"application\/ld+json\" class=\"yoast-schema-graph\">{\"@context\":\"https:\/\/schema.org\",\"@graph\":[{\"@type\":\"WebPage\",\"@id\":\"https:\/\/www.ull.es\/portal\/noticias\/2021\/la-universidad-de-la-laguna-desarrolla-un-estudio-pionero-para-recuperar-el-mujo-amarillo\/\",\"url\":\"https:\/\/www.ull.es\/portal\/noticias\/2021\/la-universidad-de-la-laguna-desarrolla-un-estudio-pionero-para-recuperar-el-mujo-amarillo\/\",\"name\":\"La Universidad de La Laguna desarrolla un estudio pionero para recuperar el mujo amarillo - ULL - Noticias\",\"isPartOf\":{\"@id\":\"https:\/\/www.ull.es\/portal\/noticias\/#website\"},\"datePublished\":\"2021-10-29T10:17:09+00:00\",\"dateModified\":\"2021-10-29T10:17:09+00:00\",\"author\":{\"@id\":\"https:\/\/www.ull.es\/portal\/noticias\/#\/schema\/person\/b2b1a89d43ffa609e591f7df8ef3e817\"},\"breadcrumb\":{\"@id\":\"https:\/\/www.ull.es\/portal\/noticias\/2021\/la-universidad-de-la-laguna-desarrolla-un-estudio-pionero-para-recuperar-el-mujo-amarillo\/#breadcrumb\"},\"inLanguage\":\"es\",\"potentialAction\":[{\"@type\":\"ReadAction\",\"target\":[\"https:\/\/www.ull.es\/portal\/noticias\/2021\/la-universidad-de-la-laguna-desarrolla-un-estudio-pionero-para-recuperar-el-mujo-amarillo\/\"]}]},{\"@type\":\"BreadcrumbList\",\"@id\":\"https:\/\/www.ull.es\/portal\/noticias\/2021\/la-universidad-de-la-laguna-desarrolla-un-estudio-pionero-para-recuperar-el-mujo-amarillo\/#breadcrumb\",\"itemListElement\":[{\"@type\":\"ListItem\",\"position\":1,\"name\":\"Portada\",\"item\":\"https:\/\/www.ull.es\/portal\/noticias\/\"},{\"@type\":\"ListItem\",\"position\":2,\"name\":\"La Universidad de La Laguna desarrolla un estudio pionero para recuperar el mujo amarillo\"}]},{\"@type\":\"WebSite\",\"@id\":\"https:\/\/www.ull.es\/portal\/noticias\/#website\",\"url\":\"https:\/\/www.ull.es\/portal\/noticias\/\",\"name\":\"ULL - Noticias\",\"description\":\"\",\"potentialAction\":[{\"@type\":\"SearchAction\",\"target\":{\"@type\":\"EntryPoint\",\"urlTemplate\":\"https:\/\/www.ull.es\/portal\/noticias\/?s={search_term_string}\"},\"query-input\":\"required name=search_term_string\"}],\"inLanguage\":\"es\"},{\"@type\":\"Person\",\"@id\":\"https:\/\/www.ull.es\/portal\/noticias\/#\/schema\/person\/b2b1a89d43ffa609e591f7df8ef3e817\",\"name\":\"gaprsa\",\"image\":{\"@type\":\"ImageObject\",\"inLanguage\":\"es\",\"@id\":\"https:\/\/www.ull.es\/portal\/noticias\/#\/schema\/person\/image\/\",\"url\":\"https:\/\/secure.gravatar.com\/avatar\/443820550921091458b4823867723b3d?s=96&d=mm&r=g\",\"contentUrl\":\"https:\/\/secure.gravatar.com\/avatar\/443820550921091458b4823867723b3d?s=96&d=mm&r=g\",\"caption\":\"gaprsa\"},\"url\":\"https:\/\/www.ull.es\/portal\/noticias\/author\/gaprsa\/\"}]}<\/script>\n<!-- \/ Yoast SEO plugin. -->","yoast_head_json":{"title":"La Universidad de La Laguna desarrolla un estudio pionero para recuperar el mujo amarillo - ULL - Noticias","robots":{"index":"index","follow":"follow","max-snippet":"max-snippet:-1","max-image-preview":"max-image-preview:large","max-video-preview":"max-video-preview:-1"},"canonical":"https:\/\/www.ull.es\/portal\/noticias\/2021\/la-universidad-de-la-laguna-desarrolla-un-estudio-pionero-para-recuperar-el-mujo-amarillo\/","og_locale":"es_ES","og_type":"article","og_title":"La Universidad de La Laguna desarrolla un estudio pionero para recuperar el mujo amarillo - ULL - Noticias","og_description":"Un equipo de investigadores de la Universidad de La Laguna encabezado por la doctora en Biolog\u00eda Marta Sans\u00f3n Acedo trabaja...","og_url":"https:\/\/www.ull.es\/portal\/noticias\/2021\/la-universidad-de-la-laguna-desarrolla-un-estudio-pionero-para-recuperar-el-mujo-amarillo\/","og_site_name":"ULL - Noticias","article_publisher":"https:\/\/www.facebook.com\/universidaddelalaguna\/","article_published_time":"2021-10-29T10:17:09+00:00","og_image":[{"width":1024,"height":768,"url":"https:\/\/www.ull.es\/portal\/noticias\/wp-content\/uploads\/sites\/13\/2021\/10\/Foto-02.-Ejemplares-de-mujo-amarillo-Gongolaria-abies-marina.jpg","type":"image\/jpeg"}],"author":"gaprsa","twitter_card":"summary_large_image","twitter_creator":"@CanalULL","twitter_site":"@CanalULL","twitter_misc":{"Escrito por":"gaprsa","Tiempo de lectura":"4 minutos"},"schema":{"@context":"https:\/\/schema.org","@graph":[{"@type":"WebPage","@id":"https:\/\/www.ull.es\/portal\/noticias\/2021\/la-universidad-de-la-laguna-desarrolla-un-estudio-pionero-para-recuperar-el-mujo-amarillo\/","url":"https:\/\/www.ull.es\/portal\/noticias\/2021\/la-universidad-de-la-laguna-desarrolla-un-estudio-pionero-para-recuperar-el-mujo-amarillo\/","name":"La Universidad de La Laguna desarrolla un estudio pionero para recuperar el mujo amarillo - ULL - Noticias","isPartOf":{"@id":"https:\/\/www.ull.es\/portal\/noticias\/#website"},"datePublished":"2021-10-29T10:17:09+00:00","dateModified":"2021-10-29T10:17:09+00:00","author":{"@id":"https:\/\/www.ull.es\/portal\/noticias\/#\/schema\/person\/b2b1a89d43ffa609e591f7df8ef3e817"},"breadcrumb":{"@id":"https:\/\/www.ull.es\/portal\/noticias\/2021\/la-universidad-de-la-laguna-desarrolla-un-estudio-pionero-para-recuperar-el-mujo-amarillo\/#breadcrumb"},"inLanguage":"es","potentialAction":[{"@type":"ReadAction","target":["https:\/\/www.ull.es\/portal\/noticias\/2021\/la-universidad-de-la-laguna-desarrolla-un-estudio-pionero-para-recuperar-el-mujo-amarillo\/"]}]},{"@type":"BreadcrumbList","@id":"https:\/\/www.ull.es\/portal\/noticias\/2021\/la-universidad-de-la-laguna-desarrolla-un-estudio-pionero-para-recuperar-el-mujo-amarillo\/#breadcrumb","itemListElement":[{"@type":"ListItem","position":1,"name":"Portada","item":"https:\/\/www.ull.es\/portal\/noticias\/"},{"@type":"ListItem","position":2,"name":"La Universidad de La Laguna desarrolla un estudio pionero para recuperar el mujo amarillo"}]},{"@type":"WebSite","@id":"https:\/\/www.ull.es\/portal\/noticias\/#website","url":"https:\/\/www.ull.es\/portal\/noticias\/","name":"ULL - Noticias","description":"","potentialAction":[{"@type":"SearchAction","target":{"@type":"EntryPoint","urlTemplate":"https:\/\/www.ull.es\/portal\/noticias\/?s={search_term_string}"},"query-input":"required name=search_term_string"}],"inLanguage":"es"},{"@type":"Person","@id":"https:\/\/www.ull.es\/portal\/noticias\/#\/schema\/person\/b2b1a89d43ffa609e591f7df8ef3e817","name":"gaprsa","image":{"@type":"ImageObject","inLanguage":"es","@id":"https:\/\/www.ull.es\/portal\/noticias\/#\/schema\/person\/image\/","url":"https:\/\/secure.gravatar.com\/avatar\/443820550921091458b4823867723b3d?s=96&d=mm&r=g","contentUrl":"https:\/\/secure.gravatar.com\/avatar\/443820550921091458b4823867723b3d?s=96&d=mm&r=g","caption":"gaprsa"},"url":"https:\/\/www.ull.es\/portal\/noticias\/author\/gaprsa\/"}]}},"primary_category":{"id":345,"name":"Destacado","slug":"destacado","link":"https:\/\/www.ull.es\/portal\/noticias\/category\/destacado\/"},"featured_image_thumbnail_url":"https:\/\/www.ull.es\/portal\/noticias\/wp-content\/uploads\/sites\/13\/2021\/10\/Foto-02.-Ejemplares-de-mujo-amarillo-Gongolaria-abies-marina-300x225.jpg","_links":{"self":[{"href":"https:\/\/www.ull.es\/portal\/noticias\/wp-json\/wp\/v2\/posts\/59271"}],"collection":[{"href":"https:\/\/www.ull.es\/portal\/noticias\/wp-json\/wp\/v2\/posts"}],"about":[{"href":"https:\/\/www.ull.es\/portal\/noticias\/wp-json\/wp\/v2\/types\/post"}],"author":[{"embeddable":true,"href":"https:\/\/www.ull.es\/portal\/noticias\/wp-json\/wp\/v2\/users\/23"}],"replies":[{"embeddable":true,"href":"https:\/\/www.ull.es\/portal\/noticias\/wp-json\/wp\/v2\/comments?post=59271"}],"version-history":[{"count":2,"href":"https:\/\/www.ull.es\/portal\/noticias\/wp-json\/wp\/v2\/posts\/59271\/revisions"}],"predecessor-version":[{"id":59273,"href":"https:\/\/www.ull.es\/portal\/noticias\/wp-json\/wp\/v2\/posts\/59271\/revisions\/59273"}],"wp:featuredmedia":[{"embeddable":true,"href":"https:\/\/www.ull.es\/portal\/noticias\/wp-json\/wp\/v2\/media\/59176"}],"wp:attachment":[{"href":"https:\/\/www.ull.es\/portal\/noticias\/wp-json\/wp\/v2\/media?parent=59271"}],"wp:term":[{"taxonomy":"category","embeddable":true,"href":"https:\/\/www.ull.es\/portal\/noticias\/wp-json\/wp\/v2\/categories?post=59271"},{"taxonomy":"post_tag","embeddable":true,"href":"https:\/\/www.ull.es\/portal\/noticias\/wp-json\/wp\/v2\/tags?post=59271"}],"curies":[{"name":"wp","href":"https:\/\/api.w.org\/{rel}","templated":true}]}}